{"id":73701,"date":"2019-04-06T11:52:33","date_gmt":"2019-04-06T14:52:33","guid":{"rendered":"https:\/\/www.jornalja.com.br\/?p=73701"},"modified":"2021-11-16T09:48:22","modified_gmt":"2021-11-16T12:48:22","slug":"campanha-busca-arrecadar-pares-de-tenis-para-criancas-e-adolescentes","status":"publish","type":"post","link":"https:\/\/www.jornalja.com.br\/geral\/campanha-busca-arrecadar-pares-de-tenis-para-criancas-e-adolescentes\/","title":{"rendered":"Campanha busca arrecadar pares de t\u00eanis para crian\u00e7as e adolescentes"},"content":{"rendered":"<p>Neste s\u00e1bado, 6, das 14h \u00e0s 17h, na Pra\u00e7a da Encol ocorre uma a\u00e7\u00e3o da campanha #desafiodot\u00eanispoa, que busca mobilizar as pessoas para doarem pares de t\u00eanis em bom estado, que ser\u00e3o utilizados por crian\u00e7as e adolescentes atendidos pelos projetos sociais da prefeitura.<br \/>\nVolunt\u00e1rios recolher\u00e3o doa\u00e7\u00f5es na pra\u00e7a e nas sinaleiras da r\u00f3tula Nilo Pe\u00e7anha com Carazinho e Carlos Trein Filho.<br \/>\nEm caso de chuva o evento ser\u00e1 adiado.<br \/>\nLan\u00e7ada em 11 de mar\u00e7o pela Secretaria Municipal de Desenvolvimento Social e Esporte (SMDSE), em parceria com a Associa\u00e7\u00e3o dos Moradores da Bela Vista, Mont Serrat e Boa Vista (Amobela) e com o Circuito Ga\u00facho de Futev\u00f4lei,\u00a0o #desafiodot\u00eanispoa tem como meta arrecadar 1,5 mil pares em um m\u00eas &#8211; a campanha encerra dia 11 de abril. \u00c9 uma a\u00e7\u00e3o realizada dentro do programa Banco do T\u00eanis, criado em 2005. A doa\u00e7\u00e3o de t\u00eanis viabiliza a pr\u00e1tica esportiva das crian\u00e7as em suas comunidades e a participa\u00e7\u00e3o nas demais atividades.<br \/>\nA campanha incentiva que os doadores gravem e publiquem um v\u00eddeo em suas redes sociais falando da doa\u00e7\u00e3o e incentivando um amigo a doar e passar a corrente adiante.<br \/>\nO #desafiodot\u00eanispoa tem a parceria da Associa\u00e7\u00e3o dos Jovens Empres\u00e1rios (AJE), C\u00e2mara de Dirigentes Lojistas (CDL) Jovem POA, Associa\u00e7\u00e3o Ga\u00facha de Supermercados (Agas) Jovem, Sindilojas e Brasil 200.<br \/>\nAs doa\u00e7\u00f5es podem ser feitas em diversos pontos de coleta. A lista completa pode ser acessada\u00a0<u><strong><a href=\"http:\/\/www2.portoalegre.rs.gov.br\/sme\/default.php?p_secao=170\" data-saferedirecturl=\"http:\/\/www.google.com\/url?q=http:\/\/www2.portoalegre.rs.gov.br\/sme\/default.php?p_secao%3D170&amp;source=gmail&amp;ust=1554647725202000&amp;usg=AFQjCNHuKFQh9PSPBvB5LxVr6op0EWtSsA\">neste link<\/a><\/strong><\/u>.<\/p>\n","protected":false},"excerpt":{"rendered":"<p>Neste s\u00e1bado, 6, das 14h \u00e0s 17h, na Pra\u00e7a da Encol ocorre uma a\u00e7\u00e3o da campanha #desafiodot\u00eanispoa, que busca mobilizar as pessoas para doarem pares de t\u00eanis em bom estado, que ser\u00e3o utilizados por crian\u00e7as e adolescentes atendidos pelos projetos sociais da prefeitura. Volunt\u00e1rios recolher\u00e3o doa\u00e7\u00f5es na pra\u00e7a e nas sinaleiras da r\u00f3tula Nilo Pe\u00e7anha [&hellip;]<\/p>\n","protected":false},"author":4,"featured_media":73702,"comment_status":"open","ping_status":"closed","sticky":false,"template":"","format":"standard","meta":{"jetpack_post_was_ever_published":false,"_jetpack_newsletter_access":"","_jetpack_dont_email_post_to_subs":false,"_jetpack_newsletter_tier_id":0,"_jetpack_memberships_contains_paywalled_content":false,"_jetpack_memberships_contains_paid_content":false,"footnotes":"","jetpack_publicize_message":"","jetpack_publicize_feature_enabled":true,"jetpack_social_post_already_shared":true,"jetpack_social_options":{"image_generator_settings":{"template":"highway","default_image_id":0,"font":"","enabled":false},"version":2}},"categories":[2],"tags":[165,166,167,168,169,170,171,172,173],"class_list":["post-73701","post","type-post","status-publish","format-standard","has-post-thumbnail","hentry","category-geral","tag-amobela","tag-cdl","tag-desafiodotenispoa","tag-doacoes","tag-encol","tag-pmpa","tag-sindilojas","tag-smdse","tag-tenis"],"aioseo_notices":[],"jetpack_publicize_connections":[],"jetpack_featured_media_url":"","jetpack_shortlink":"https:\/\/wp.me\/pbKhrD-jaJ","jetpack-related-posts":[{"id":86642,"url":"https:\/\/www.jornalja.com.br\/geral\/caetano-e-paula-lavigne-doaram-200-mil-para-a-campanha-de-manuela-davila\/","url_meta":{"origin":73701,"position":0},"title":"Elei\u00e7\u00f5es 2020: Caetano e Paula Lavigne doaram 200 mil para a campanha de Manuela","author":"da Reda\u00e7\u00e3o","date":"26 de novembro de 2020","format":false,"excerpt":"A campanha de Manuela D\u2019\u00c1vila \u00e0 prefeitura de Porto Alegre j\u00e1 arrecadou R$ 5.038.897,13, segundo a Justi\u00e7a Eleitoral. Sendo R$ 358.510,13 de doa\u00e7\u00f5es de pessoas f\u00edsicas (7,11%) e R$ 48.959,00 de financiamento coletivo (0,97%). Os maiores doadores da campanha s\u00e3o o casal Caetano Veloso e Paula Lavigne, que juntos doaram\u2026","rel":"","context":"Em &quot;Geral-ELEI\u00c7\u00d5ES2020&quot;","block_context":{"text":"Geral-ELEI\u00c7\u00d5ES2020","link":"https:\/\/www.jornalja.com.br\/geral\/category\/eleicoes2020\/"},"img":{"alt_text":"","src":"https:\/\/i0.wp.com\/www.jornalja.com.br\/geral\/wp-content\/uploads\/sites\/4\/2020\/11\/manuela-davila-candidata.jpg?resize=350%2C200&ssl=1","width":350,"height":200,"srcset":"https:\/\/i0.wp.com\/www.jornalja.com.br\/geral\/wp-content\/uploads\/sites\/4\/2020\/11\/manuela-davila-candidata.jpg?resize=350%2C200&ssl=1 1x, https:\/\/i0.wp.com\/www.jornalja.com.br\/geral\/wp-content\/uploads\/sites\/4\/2020\/11\/manuela-davila-candidata.jpg?resize=525%2C300&ssl=1 1.5x"},"classes":[]},{"id":85692,"url":"https:\/\/www.jornalja.com.br\/geral\/a-fome-nao-espera-campanha-arrecada-doacoes-para-distribuir-cestas-basicas\/","url_meta":{"origin":73701,"position":1},"title":"A fome n\u00e3o espera: campanha arrecada doa\u00e7\u00f5es para distribuir cestas b\u00e1sicas","author":"da Reda\u00e7\u00e3o","date":"16 de setembro de 2020","format":false,"excerpt":"O Comit\u00ea em Defesa da Democracia e do Estado Democr\u00e1tico de Direito\u00a0 est\u00e1 realizando a campanha A fome n\u00e3o espera, para adquirir cestas b\u00e1sicas a serem destinadas a comunidades em situa\u00e7\u00e3o social prec\u00e1ria durante a pandemia do coronav\u00edrus. Desde mar\u00e7o, cestas b\u00e1sicas v\u00eam sendo entregues mensalmente a diferentes comunidades. Foram\u2026","rel":"","context":"Em &quot;Geral-MAT\u00c9RIA&quot;","block_context":{"text":"Geral-MAT\u00c9RIA","link":"https:\/\/www.jornalja.com.br\/geral\/category\/geral\/"},"img":{"alt_text":"","src":"https:\/\/i0.wp.com\/www.jornalja.com.br\/geral\/wp-content\/uploads\/sites\/4\/2020\/09\/fome-comite.jpg?resize=350%2C200&ssl=1","width":350,"height":200,"srcset":"https:\/\/i0.wp.com\/www.jornalja.com.br\/geral\/wp-content\/uploads\/sites\/4\/2020\/09\/fome-comite.jpg?resize=350%2C200&ssl=1 1x, https:\/\/i0.wp.com\/www.jornalja.com.br\/geral\/wp-content\/uploads\/sites\/4\/2020\/09\/fome-comite.jpg?resize=525%2C300&ssl=1 1.5x"},"classes":[]},{"id":83496,"url":"https:\/\/www.jornalja.com.br\/geral\/mobilizacao-da-campanha-do-agasalho-ocorre-nesta-quarta-feira-no-largo-glenio-peres\/","url_meta":{"origin":73701,"position":2},"title":"Mobiliza\u00e7\u00e3o da Campanha do Agasalho ocorre nesta quarta-feira, no Largo Gl\u00eanio Peres","author":"da Reda\u00e7\u00e3o","date":"13 de maio de 2020","format":false,"excerpt":"A prefeitura de Porto Alegre realiza nesta quarta-feira, 13, das 11h \u00e0s 16h, na avenida Borges de Medeiros, na cal\u00e7ada do Largo Gl\u00eanio Peres, o segundo drive thru para arrecadar doa\u00e7\u00f5es para a Campanha do Agasalho. Em caso de chuva, o evento ser\u00e1 cancelado. A iniciativa ocorrer\u00e1\u00a0todas as quartas-feiras, no\u2026","rel":"","context":"Em &quot;Geral-MAT\u00c9RIA&quot;","block_context":{"text":"Geral-MAT\u00c9RIA","link":"https:\/\/www.jornalja.com.br\/geral\/category\/geral\/"},"img":{"alt_text":"","src":"https:\/\/i0.wp.com\/www.jornalja.com.br\/geral\/wp-content\/uploads\/sites\/4\/2020\/05\/Campanha-do-agasalho_Jefferson-Bernardes_PMPA-scaled.jpg?resize=350%2C200&ssl=1","width":350,"height":200,"srcset":"https:\/\/i0.wp.com\/www.jornalja.com.br\/geral\/wp-content\/uploads\/sites\/4\/2020\/05\/Campanha-do-agasalho_Jefferson-Bernardes_PMPA-scaled.jpg?resize=350%2C200&ssl=1 1x, https:\/\/i0.wp.com\/www.jornalja.com.br\/geral\/wp-content\/uploads\/sites\/4\/2020\/05\/Campanha-do-agasalho_Jefferson-Bernardes_PMPA-scaled.jpg?resize=525%2C300&ssl=1 1.5x, https:\/\/i0.wp.com\/www.jornalja.com.br\/geral\/wp-content\/uploads\/sites\/4\/2020\/05\/Campanha-do-agasalho_Jefferson-Bernardes_PMPA-scaled.jpg?resize=700%2C400&ssl=1 2x"},"classes":[]},{"id":86635,"url":"https:\/\/www.jornalja.com.br\/geral\/empresario-da-construcao-civil-dono-de-shopping-e-importadores-chineses-suinos-sao-os-maiores-doadores-individuais-da-campanha-de-sebastiao-melo\/","url_meta":{"origin":73701,"position":3},"title":"Elei\u00e7\u00f5es 2020: grandes empres\u00e1rios s\u00e3o os financiadores da candidatura Melo","author":"da Reda\u00e7\u00e3o","date":"26 de novembro de 2020","format":false,"excerpt":"A candidatura de Sebasti\u00e3o Mello ao cargo de prefeito de Porto Alegre arrecadou exatos R$ 1.482.681,99. Valores informados \u00e0 Justi\u00e7a Eleitoral. Do total, R$ 478.800,21 s\u00e3o doa\u00e7\u00f5es de pessoas f\u00edsicas, o que representa 32,29% do total arrecado (R$ 1.482.681,99). Os dados est\u00e3o dispon\u00edveis no site do TSE. Os sete maiores\u2026","rel":"","context":"Em &quot;Geral-MAT\u00c9RIA&quot;","block_context":{"text":"Geral-MAT\u00c9RIA","link":"https:\/\/www.jornalja.com.br\/geral\/category\/geral\/"},"img":{"alt_text":"","src":"https:\/\/i0.wp.com\/www.jornalja.com.br\/geral\/wp-content\/uploads\/sites\/4\/2020\/11\/reproucao-melo-redes-sociais.jpg?resize=350%2C200&ssl=1","width":350,"height":200,"srcset":"https:\/\/i0.wp.com\/www.jornalja.com.br\/geral\/wp-content\/uploads\/sites\/4\/2020\/11\/reproucao-melo-redes-sociais.jpg?resize=350%2C200&ssl=1 1x, https:\/\/i0.wp.com\/www.jornalja.com.br\/geral\/wp-content\/uploads\/sites\/4\/2020\/11\/reproucao-melo-redes-sociais.jpg?resize=525%2C300&ssl=1 1.5x, https:\/\/i0.wp.com\/www.jornalja.com.br\/geral\/wp-content\/uploads\/sites\/4\/2020\/11\/reproucao-melo-redes-sociais.jpg?resize=700%2C400&ssl=1 2x, https:\/\/i0.wp.com\/www.jornalja.com.br\/geral\/wp-content\/uploads\/sites\/4\/2020\/11\/reproucao-melo-redes-sociais.jpg?resize=1050%2C600&ssl=1 3x"},"classes":[]},{"id":100459,"url":"https:\/\/www.jornalja.com.br\/geral\/100459-2\/","url_meta":{"origin":73701,"position":4},"title":"Congresso captura mais de R$ 70 bilh\u00f5es no or\u00e7amento para campanha de 2026","author":"da Reda\u00e7\u00e3o","date":"29 de dezembro de 2025","format":false,"excerpt":"Ano de elei\u00e7\u00f5es gerais -presidente, governadores, deputados estaduais\/federais e senadores \u2013 2026 ter\u00e1 os neg\u00f3cios turbinados pelas campanhas eleitorais. No or\u00e7amento, aprovado na \u00faltima sess\u00e3o conjunta de C\u00e2mara e Senado em 19 de dezembro de 2025, os arranjos parlamentares\u00a0 destinaram mais de 70 bilh\u00f5es para financiar o jogo pol\u00edtico ao\u2026","rel":"","context":"Em &quot;Geral-MAT\u00c9RIA&quot;","block_context":{"text":"Geral-MAT\u00c9RIA","link":"https:\/\/www.jornalja.com.br\/geral\/category\/geral\/"},"img":{"alt_text":"","src":"https:\/\/i0.wp.com\/www.jornalja.com.br\/geral\/wp-content\/uploads\/sites\/4\/2025\/12\/orcamento-2026-votacao.jpeg?resize=350%2C200&ssl=1","width":350,"height":200,"srcset":"https:\/\/i0.wp.com\/www.jornalja.com.br\/geral\/wp-content\/uploads\/sites\/4\/2025\/12\/orcamento-2026-votacao.jpeg?resize=350%2C200&ssl=1 1x, https:\/\/i0.wp.com\/www.jornalja.com.br\/geral\/wp-content\/uploads\/sites\/4\/2025\/12\/orcamento-2026-votacao.jpeg?resize=525%2C300&ssl=1 1.5x, https:\/\/i0.wp.com\/www.jornalja.com.br\/geral\/wp-content\/uploads\/sites\/4\/2025\/12\/orcamento-2026-votacao.jpeg?resize=700%2C400&ssl=1 2x"},"classes":[]},{"id":82631,"url":"https:\/\/www.jornalja.com.br\/geral\/banco-de-alimentos-lanca-campanha-por-doacoes-virtuais\/","url_meta":{"origin":73701,"position":5},"title":"Banco de Alimentos lan\u00e7a campanha por doa\u00e7\u00f5es virtuais","author":"da Reda\u00e7\u00e3o","date":"9 de abril de 2020","format":false,"excerpt":"O Banco de Alimentos enfrenta um novo e grande desafio: ajudar quem mais precisa durante a pandemia do coronav\u00edrus. Para arregimentar for\u00e7as, lan\u00e7ou a campanha por doa\u00e7\u00f5es virtuais.\u00a0As doa\u00e7\u00f5es realizadas no site www.doealimentos.com.br refor\u00e7ar\u00e3o os estoques do Banco de Alimentos para atender a grande demanda de alimentos e materiais de\u2026","rel":"","context":"Em &quot;Geral-NOTAS&quot;","block_context":{"text":"Geral-NOTAS","link":"https:\/\/www.jornalja.com.br\/geral\/category\/geral-notas\/"},"img":{"alt_text":"","src":"","width":0,"height":0},"classes":[]}],"jetpack_sharing_enabled":true,"_links":{"self":[{"href":"https:\/\/www.jornalja.com.br\/geral\/wp-json\/wp\/v2\/posts\/73701","targetHints":{"allow":["GET"]}}],"collection":[{"href":"https:\/\/www.jornalja.com.br\/geral\/wp-json\/wp\/v2\/posts"}],"about":[{"href":"https:\/\/www.jornalja.com.br\/geral\/wp-json\/wp\/v2\/types\/post"}],"author":[{"embeddable":true,"href":"https:\/\/www.jornalja.com.br\/geral\/wp-json\/wp\/v2\/users\/4"}],"replies":[{"embeddable":true,"href":"https:\/\/www.jornalja.com.br\/geral\/wp-json\/wp\/v2\/comments?post=73701"}],"version-history":[{"count":1,"href":"https:\/\/www.jornalja.com.br\/geral\/wp-json\/wp\/v2\/posts\/73701\/revisions"}],"predecessor-version":[{"id":90933,"href":"https:\/\/www.jornalja.com.br\/geral\/wp-json\/wp\/v2\/posts\/73701\/revisions\/90933"}],"wp:featuredmedia":[{"embeddable":true,"href":"https:\/\/www.jornalja.com.br\/geral\/wp-json\/"}],"wp:attachment":[{"href":"https:\/\/www.jornalja.com.br\/geral\/wp-json\/wp\/v2\/media?parent=73701"}],"wp:term":[{"taxonomy":"category","embeddable":true,"href":"https:\/\/www.jornalja.com.br\/geral\/wp-json\/wp\/v2\/categories?post=73701"},{"taxonomy":"post_tag","embeddable":true,"href":"https:\/\/www.jornalja.com.br\/geral\/wp-json\/wp\/v2\/tags?post=73701"}],"curies":[{"name":"wp","href":"https:\/\/api.w.org\/{rel}","templated":true}]}}