{"id":73764,"date":"2019-04-08T15:01:47","date_gmt":"2019-04-08T18:01:47","guid":{"rendered":"https:\/\/www.jornalja.com.br\/?p=73764"},"modified":"2019-04-08T15:01:47","modified_gmt":"2019-04-08T18:01:47","slug":"mercado-publico-apos-vistoria-dos-bombeiros-permissionarios-poderao-retomar-projetos","status":"publish","type":"post","link":"https:\/\/www.jornalja.com.br\/geral\/mercado-publico-apos-vistoria-dos-bombeiros-permissionarios-poderao-retomar-projetos\/","title":{"rendered":"Mercado P\u00fablico: ap\u00f3s vistoria dos Bombeiros permission\u00e1rios poder\u00e3o retomar projetos"},"content":{"rendered":"<p>Ap\u00f3s o pedido da Associa\u00e7\u00e3o do Com\u00e9rcio do Mercado P\u00fablico Central (Ascomepc), o Corpo de Bombeiros confirmou a realiza\u00e7\u00e3o de vistoria para quinta-feira, 11 de abril.<span style=\"font-weight: 400\"> O valor para a execu\u00e7\u00e3o do projeto foi pago pelos permission\u00e1rios por meio de uma linha de cr\u00e9dito individual.\u00a0Ap\u00f3s a vistoria, os permission\u00e1rios que desativaram lojas do segundo andar ap\u00f3s o inc\u00eandio, poder\u00e3o apresentar projetos para retomada dos espa\u00e7os.<\/span><br \/>\n<span style=\"font-weight: 400\">\u201cFicamos muito felizes com mais este passo para a utiliza\u00e7\u00e3o de todo espa\u00e7o que o Mercado P\u00fablico disp\u00f5e. Os permission\u00e1rios est\u00e3o se mobilizando de forma muito contundente e estamos confiantes no resultado positivo\u201d, destaca a primeira secret\u00e1ria da Ascomepc, Adriana Kauer.<\/span><br \/>\n<figure id=\"attachment_73766\" aria-describedby=\"caption-attachment-73766\" style=\"width: 400px\" class=\"wp-caption alignnone\"><img decoding=\"async\" class=\"size-full wp-image-73766\" src=\"https:\/\/www.jornalja.com.br\/wp-content\/uploads\/2019\/04\/mercado-interna9.jpg\" alt=\"\" width=\"400\" height=\"300\" \/><figcaption id=\"caption-attachment-73766\" class=\"wp-caption-text\">(Foto: divulga\u00e7\u00e3o\/PMPA)<\/figcaption><\/figure><br \/>\nAs obras feitas pela associa\u00e7\u00e3o para a execu\u00e7\u00e3o do plano de preven\u00e7\u00e3o e prote\u00e7\u00e3o contra inc\u00eandios (PPCI) contemplam a adequa\u00e7\u00e3o de duas escadas met\u00e1licas e a compra de mais de 200 extintores, que est\u00e3o espalhados pelo Mercado, inclusive nas lojas de modo individual.Os associados tamb\u00e9m garantiram a coloca\u00e7\u00e3o de placas de sinaliza\u00e7\u00e3o das sa\u00eddas principais e secund\u00e1rias, para casos de emerg\u00eancia, e desobstru\u00e7\u00e3o dos corredores do pr\u00e9dio.<br \/>\n&nbsp;<\/p>\n","protected":false},"excerpt":{"rendered":"<p>Ap\u00f3s o pedido da Associa\u00e7\u00e3o do Com\u00e9rcio do Mercado P\u00fablico Central (Ascomepc), o Corpo de Bombeiros confirmou a realiza\u00e7\u00e3o de vistoria para quinta-feira, 11 de abril. O valor para a execu\u00e7\u00e3o do projeto foi pago pelos permission\u00e1rios por meio de uma linha de cr\u00e9dito individual.\u00a0Ap\u00f3s a vistoria, os permission\u00e1rios que desativaram lojas do segundo andar [&hellip;]<\/p>\n","protected":false},"author":4,"featured_media":73765,"comment_status":"open","ping_status":"closed","sticky":false,"template":"","format":"standard","meta":{"jetpack_post_was_ever_published":false,"_jetpack_newsletter_access":"","_jetpack_dont_email_post_to_subs":false,"_jetpack_newsletter_tier_id":0,"_jetpack_memberships_contains_paywalled_content":false,"_jetpack_memberships_contains_paid_content":false,"footnotes":"","jetpack_publicize_message":"","jetpack_publicize_feature_enabled":true,"jetpack_social_post_already_shared":true,"jetpack_social_options":{"image_generator_settings":{"template":"highway","default_image_id":0,"font":"","enabled":false},"version":2}},"categories":[2],"tags":[131,132,179,135],"class_list":["post-73764","post","type-post","status-publish","format-standard","has-post-thumbnail","hentry","category-geral","tag-mercado-publico","tag-porto-alegre","tag-reformas","tag-segundo-andar"],"aioseo_notices":[],"jetpack_publicize_connections":[],"jetpack_featured_media_url":"","jetpack_shortlink":"https:\/\/wp.me\/pbKhrD-jbK","jetpack-related-posts":[{"id":73869,"url":"https:\/\/www.jornalja.com.br\/geral\/mercado-publico-permissionarios-do-segundo-andar-poderao-retomar-projetos\/","url_meta":{"origin":73764,"position":0},"title":"Mercado P\u00fablico: permission\u00e1rios do segundo andar poder\u00e3o retomar projetos","author":"da Reda\u00e7\u00e3o","date":"11 de abril de 2019","format":false,"excerpt":"Na final da tarde desta quinta-feira o Corpo de Bombeiros liberou o alvar\u00e1 de inc\u00eandio provis\u00f3rio para o Mercado P\u00fablico de Porto Alegre. A vistoria ocorreu nesta manh\u00e3. Com o documento, que tem validade de um ano, os permission\u00e1rios\u00a0poder\u00e3o reabrir o segundo andar, fechado desde julho de 2013, quando o\u2026","rel":"","context":"Em &quot;Geral-MAT\u00c9RIA&quot;","block_context":{"text":"Geral-MAT\u00c9RIA","link":"https:\/\/www.jornalja.com.br\/geral\/category\/geral\/"},"img":{"alt_text":"","src":"","width":0,"height":0},"classes":[]},{"id":78390,"url":"https:\/\/www.jornalja.com.br\/geral\/mercado-publico-permissionarios-nao-se-manifestam-e-exigem-nova-audiencia-para-discutir-o-projeto-de-marchezan\/","url_meta":{"origin":73764,"position":1},"title":"Mercado P\u00fablico: permission\u00e1rios n\u00e3o se manifestam e nova audi\u00eancia vai discutir o projeto de concess\u00e3o","author":"da Reda\u00e7\u00e3o","date":"18 de outubro de 2019","format":false,"excerpt":"A representante dos permission\u00e1rios do Mercado P\u00fablico de Porto Alegre, Adriana Kauer, explicou ao J\u00c1 a posi\u00e7\u00e3o que adotou, de n\u00e3o se manifestar na audi\u00eancia p\u00fablica desta quinta-feira, 17. \"Como discutir um novo projeto para o Mercado num audit\u00f3rio de 80 lugares,\u00a0 se os permission\u00e1rios s\u00e3o 106 e os empregados\u2026","rel":"","context":"Em &quot;Geral-MAT\u00c9RIA&quot;","block_context":{"text":"Geral-MAT\u00c9RIA","link":"https:\/\/www.jornalja.com.br\/geral\/category\/geral\/"},"img":{"alt_text":"","src":"","width":0,"height":0},"classes":[]},{"id":78605,"url":"https:\/\/www.jornalja.com.br\/geral\/concessao-do-mercado-publico-passa-por-ultima-audiencia-publica\/","url_meta":{"origin":73764,"position":2},"title":"Concess\u00e3o do Mercado P\u00fablico passa por \u00faltima audi\u00eancia p\u00fablica","author":"da Reda\u00e7\u00e3o","date":"24 de outubro de 2019","format":false,"excerpt":"Nenhuma voz foi ouvida em defesa do projeto da Prefeitura para concess\u00e3o do Mercado P\u00fablico, na audi\u00eancia p\u00fablica que ocorreu no audit\u00f3rio Ara\u00fajo Vianna, na manh\u00e3 desta quarta-feira. Todas as manifesta\u00e7\u00f5es foram de preocupa\u00e7\u00e3o com a rela\u00e7\u00e3o com os atuais permission\u00e1rios - muitos com contrato por vencer em 20121 -\u2026","rel":"","context":"Em &quot;Geral-MAT\u00c9RIA&quot;","block_context":{"text":"Geral-MAT\u00c9RIA","link":"https:\/\/www.jornalja.com.br\/geral\/category\/geral\/"},"img":{"alt_text":"","src":"","width":0,"height":0},"classes":[]},{"id":78405,"url":"https:\/\/www.jornalja.com.br\/geral\/concessao-do-mercado-tera-segunda-audiencia\/","url_meta":{"origin":73764,"position":3},"title":"&quot;Concess\u00e3o do mercado ter\u00e1 segunda audi\u00eancia&quot;","author":"da Reda\u00e7\u00e3o","date":"18 de outubro de 2019","format":false,"excerpt":"A Assessoria de Imprensa distribuiu a seguinte nota sobre a audi\u00eancia p\u00fablica para discutir o projeto de concess\u00e3o do Mercado P\u00fablico de Porto Alegre: \"A audi\u00eancia p\u00fablica para tratar do projeto de concess\u00e3o do Mercado P\u00fablico de Porto Alegre lotou o audit\u00f3rio da Secretaria Municipal de Planejamento nesta quinta-feira, 17.\u2026","rel":"","context":"Em &quot;Geral-MAT\u00c9RIA&quot;","block_context":{"text":"Geral-MAT\u00c9RIA","link":"https:\/\/www.jornalja.com.br\/geral\/category\/geral\/"},"img":{"alt_text":"","src":"","width":0,"height":0},"classes":[]},{"id":77568,"url":"https:\/\/www.jornalja.com.br\/geral\/mercado-publico-de-porto-alegre-chega-aos-150-anos-cercado-de-incertezas\/","url_meta":{"origin":73764,"position":4},"title":"Permission\u00e1rios dizem que n\u00e3o foram ouvidos sobre concess\u00e3o do Mercado P\u00fablico","author":"da Reda\u00e7\u00e3o","date":"19 de setembro de 2019","format":false,"excerpt":"O prefeito Nelson Marchezan apresentou nesta quinta-feira, 18, o projeto para concess\u00e3o do\u00a0 Mercado P\u00fablico de Porto Alegre a um gestor privado. Ser\u00e1 um contrato por 25 anos, prevendo R$ 85 milh\u00f5es de investimentos - metade numa reforma do pr\u00e9dio nos primeiros tr\u00eas anos, metade no custo operacional ao longo\u2026","rel":"","context":"Em &quot;Geral-MAT\u00c9RIA&quot;","block_context":{"text":"Geral-MAT\u00c9RIA","link":"https:\/\/www.jornalja.com.br\/geral\/category\/geral\/"},"img":{"alt_text":"","src":"https:\/\/i0.wp.com\/www.jornalja.com.br\/wp-content\/uploads\/2019\/09\/Mercado-Publico-Marchezan-450x338.jpg?resize=350%2C200&ssl=1","width":350,"height":200},"classes":[]},{"id":90518,"url":"https:\/\/www.jornalja.com.br\/geral\/porto-alegre-250-anos-mercado-publico-estara-pronto-para-a-festa\/","url_meta":{"origin":73764,"position":5},"title":"Porto Alegre 250 Anos: Mercado P\u00fablico estar\u00e1 pronto para a festa?","author":"da Reda\u00e7\u00e3o","date":"13 de outubro de 2021","format":false,"excerpt":"Em audi\u00eancia p\u00fablica na Assembl\u00e9ia Legislativa,\u00a0 permission\u00e1rios, consumidores e gestores p\u00fablicos reunidos para discutir a situa\u00e7\u00e3o do Mercado P\u00fablico Central de Porto Alegre chegaram a um preocupante consenso: \u00e0 v\u00e9spera dos 250 anos da cidade n\u00e3o h\u00e1 um plano para recuperar o pr\u00e9dio centen\u00e1rio, que \u00e9 tombado pelo patrim\u00f4nio hist\u00f3rico\u2026","rel":"","context":"Em &quot;Geral-MAT\u00c9RIA&quot;","block_context":{"text":"Geral-MAT\u00c9RIA","link":"https:\/\/www.jornalja.com.br\/geral\/category\/geral\/"},"img":{"alt_text":"","src":"https:\/\/i0.wp.com\/www.jornalja.com.br\/geral\/wp-content\/uploads\/sites\/4\/2021\/10\/mercado-publico-de-porto-alegre-atual2.jpg?resize=350%2C200&ssl=1","width":350,"height":200,"srcset":"https:\/\/i0.wp.com\/www.jornalja.com.br\/geral\/wp-content\/uploads\/sites\/4\/2021\/10\/mercado-publico-de-porto-alegre-atual2.jpg?resize=350%2C200&ssl=1 1x, https:\/\/i0.wp.com\/www.jornalja.com.br\/geral\/wp-content\/uploads\/sites\/4\/2021\/10\/mercado-publico-de-porto-alegre-atual2.jpg?resize=525%2C300&ssl=1 1.5x, https:\/\/i0.wp.com\/www.jornalja.com.br\/geral\/wp-content\/uploads\/sites\/4\/2021\/10\/mercado-publico-de-porto-alegre-atual2.jpg?resize=700%2C400&ssl=1 2x"},"classes":[]}],"jetpack_sharing_enabled":true,"_links":{"self":[{"href":"https:\/\/www.jornalja.com.br\/geral\/wp-json\/wp\/v2\/posts\/73764","targetHints":{"allow":["GET"]}}],"collection":[{"href":"https:\/\/www.jornalja.com.br\/geral\/wp-json\/wp\/v2\/posts"}],"about":[{"href":"https:\/\/www.jornalja.com.br\/geral\/wp-json\/wp\/v2\/types\/post"}],"author":[{"embeddable":true,"href":"https:\/\/www.jornalja.com.br\/geral\/wp-json\/wp\/v2\/users\/4"}],"replies":[{"embeddable":true,"href":"https:\/\/www.jornalja.com.br\/geral\/wp-json\/wp\/v2\/comments?post=73764"}],"version-history":[{"count":0,"href":"https:\/\/www.jornalja.com.br\/geral\/wp-json\/wp\/v2\/posts\/73764\/revisions"}],"wp:featuredmedia":[{"embeddable":true,"href":"https:\/\/www.jornalja.com.br\/geral\/wp-json\/"}],"wp:attachment":[{"href":"https:\/\/www.jornalja.com.br\/geral\/wp-json\/wp\/v2\/media?parent=73764"}],"wp:term":[{"taxonomy":"category","embeddable":true,"href":"https:\/\/www.jornalja.com.br\/geral\/wp-json\/wp\/v2\/categories?post=73764"},{"taxonomy":"post_tag","embeddable":true,"href":"https:\/\/www.jornalja.com.br\/geral\/wp-json\/wp\/v2\/tags?post=73764"}],"curies":[{"name":"wp","href":"https:\/\/api.w.org\/{rel}","templated":true}]}}