{"id":73869,"date":"2019-04-11T18:45:24","date_gmt":"2019-04-11T21:45:24","guid":{"rendered":"https:\/\/www.jornalja.com.br\/?p=73869"},"modified":"2019-04-11T18:45:24","modified_gmt":"2019-04-11T21:45:24","slug":"mercado-publico-permissionarios-do-segundo-andar-poderao-retomar-projetos","status":"publish","type":"post","link":"https:\/\/www.jornalja.com.br\/geral\/mercado-publico-permissionarios-do-segundo-andar-poderao-retomar-projetos\/","title":{"rendered":"Mercado P\u00fablico: permission\u00e1rios do segundo andar poder\u00e3o retomar projetos"},"content":{"rendered":"<p>Na final da tarde desta quinta-feira o Corpo de Bombeiros liberou o alvar\u00e1 de inc\u00eandio provis\u00f3rio para o Mercado P\u00fablico de Porto Alegre. A vistoria ocorreu nesta manh\u00e3.<br \/>\nCom o documento, que tem validade de um ano, os permission\u00e1rios\u00a0poder\u00e3o reabrir o segundo andar, fechado desde julho de 2013, quando o edif\u00edcio pegou fogo.<br \/>\n\u201cEst\u00e1vamos confiantes que tudo ia dar certo com a vistoria do Corpo de Bombeiros\u201d, afirma Adriana Kauer, primeira secretaria da Associa\u00e7\u00e3o do Com\u00e9rcio do Mercado P\u00fablico Central (Ascomepc).<br \/>\nA partir de agora a Ascomepc\u00a0seguir\u00e1 com as adequa\u00e7\u00f5es faltantes para obter o alvar\u00e1 definitivo.<\/p>\n","protected":false},"excerpt":{"rendered":"<p>Na final da tarde desta quinta-feira o Corpo de Bombeiros liberou o alvar\u00e1 de inc\u00eandio provis\u00f3rio para o Mercado P\u00fablico de Porto Alegre. A vistoria ocorreu nesta manh\u00e3. Com o documento, que tem validade de um ano, os permission\u00e1rios\u00a0poder\u00e3o reabrir o segundo andar, fechado desde julho de 2013, quando o edif\u00edcio pegou fogo. \u201cEst\u00e1vamos confiantes [&hellip;]<\/p>\n","protected":false},"author":4,"featured_media":73870,"comment_status":"open","ping_status":"closed","sticky":false,"template":"","format":"standard","meta":{"jetpack_post_was_ever_published":false,"_jetpack_newsletter_access":"","_jetpack_dont_email_post_to_subs":false,"_jetpack_newsletter_tier_id":0,"_jetpack_memberships_contains_paywalled_content":false,"_jetpack_memberships_contains_paid_content":false,"footnotes":"","jetpack_publicize_message":"","jetpack_publicize_feature_enabled":true,"jetpack_social_post_already_shared":true,"jetpack_social_options":{"image_generator_settings":{"template":"highway","default_image_id":0,"font":"","enabled":false},"version":2}},"categories":[2],"tags":[129,130,131,132,133,134,135],"class_list":["post-73869","post","type-post","status-publish","format-standard","has-post-thumbnail","hentry","category-geral","tag-alvara","tag-corpo-de-bombeiros","tag-mercado-publico","tag-porto-alegre","tag-ppci","tag-reabertura","tag-segundo-andar"],"aioseo_notices":[],"jetpack_publicize_connections":[],"jetpack_featured_media_url":"","jetpack_shortlink":"https:\/\/wp.me\/pbKhrD-jdr","jetpack-related-posts":[{"id":73764,"url":"https:\/\/www.jornalja.com.br\/geral\/mercado-publico-apos-vistoria-dos-bombeiros-permissionarios-poderao-retomar-projetos\/","url_meta":{"origin":73869,"position":0},"title":"Mercado P\u00fablico: ap\u00f3s vistoria dos Bombeiros permission\u00e1rios poder\u00e3o retomar projetos","author":"da Reda\u00e7\u00e3o","date":"8 de abril de 2019","format":false,"excerpt":"Ap\u00f3s o pedido da Associa\u00e7\u00e3o do Com\u00e9rcio do Mercado P\u00fablico Central (Ascomepc), o Corpo de Bombeiros confirmou a realiza\u00e7\u00e3o de vistoria para quinta-feira, 11 de abril. O valor para a execu\u00e7\u00e3o do projeto foi pago pelos permission\u00e1rios por meio de uma linha de cr\u00e9dito individual.\u00a0Ap\u00f3s a vistoria, os permission\u00e1rios que\u2026","rel":"","context":"Em &quot;Geral-MAT\u00c9RIA&quot;","block_context":{"text":"Geral-MAT\u00c9RIA","link":"https:\/\/www.jornalja.com.br\/geral\/category\/geral\/"},"img":{"alt_text":"","src":"https:\/\/i0.wp.com\/www.jornalja.com.br\/wp-content\/uploads\/2019\/04\/mercado-interna9.jpg?resize=350%2C200&ssl=1","width":350,"height":200},"classes":[]},{"id":78390,"url":"https:\/\/www.jornalja.com.br\/geral\/mercado-publico-permissionarios-nao-se-manifestam-e-exigem-nova-audiencia-para-discutir-o-projeto-de-marchezan\/","url_meta":{"origin":73869,"position":1},"title":"Mercado P\u00fablico: permission\u00e1rios n\u00e3o se manifestam e nova audi\u00eancia vai discutir o projeto de concess\u00e3o","author":"da Reda\u00e7\u00e3o","date":"18 de outubro de 2019","format":false,"excerpt":"A representante dos permission\u00e1rios do Mercado P\u00fablico de Porto Alegre, Adriana Kauer, explicou ao J\u00c1 a posi\u00e7\u00e3o que adotou, de n\u00e3o se manifestar na audi\u00eancia p\u00fablica desta quinta-feira, 17. \"Como discutir um novo projeto para o Mercado num audit\u00f3rio de 80 lugares,\u00a0 se os permission\u00e1rios s\u00e3o 106 e os empregados\u2026","rel":"","context":"Em &quot;Geral-MAT\u00c9RIA&quot;","block_context":{"text":"Geral-MAT\u00c9RIA","link":"https:\/\/www.jornalja.com.br\/geral\/category\/geral\/"},"img":{"alt_text":"","src":"","width":0,"height":0},"classes":[]},{"id":90518,"url":"https:\/\/www.jornalja.com.br\/geral\/porto-alegre-250-anos-mercado-publico-estara-pronto-para-a-festa\/","url_meta":{"origin":73869,"position":2},"title":"Porto Alegre 250 Anos: Mercado P\u00fablico estar\u00e1 pronto para a festa?","author":"da Reda\u00e7\u00e3o","date":"13 de outubro de 2021","format":false,"excerpt":"Em audi\u00eancia p\u00fablica na Assembl\u00e9ia Legislativa,\u00a0 permission\u00e1rios, consumidores e gestores p\u00fablicos reunidos para discutir a situa\u00e7\u00e3o do Mercado P\u00fablico Central de Porto Alegre chegaram a um preocupante consenso: \u00e0 v\u00e9spera dos 250 anos da cidade n\u00e3o h\u00e1 um plano para recuperar o pr\u00e9dio centen\u00e1rio, que \u00e9 tombado pelo patrim\u00f4nio hist\u00f3rico\u2026","rel":"","context":"Em &quot;Geral-MAT\u00c9RIA&quot;","block_context":{"text":"Geral-MAT\u00c9RIA","link":"https:\/\/www.jornalja.com.br\/geral\/category\/geral\/"},"img":{"alt_text":"","src":"https:\/\/i0.wp.com\/www.jornalja.com.br\/geral\/wp-content\/uploads\/sites\/4\/2021\/10\/mercado-publico-de-porto-alegre-atual2.jpg?resize=350%2C200&ssl=1","width":350,"height":200,"srcset":"https:\/\/i0.wp.com\/www.jornalja.com.br\/geral\/wp-content\/uploads\/sites\/4\/2021\/10\/mercado-publico-de-porto-alegre-atual2.jpg?resize=350%2C200&ssl=1 1x, https:\/\/i0.wp.com\/www.jornalja.com.br\/geral\/wp-content\/uploads\/sites\/4\/2021\/10\/mercado-publico-de-porto-alegre-atual2.jpg?resize=525%2C300&ssl=1 1.5x, https:\/\/i0.wp.com\/www.jornalja.com.br\/geral\/wp-content\/uploads\/sites\/4\/2021\/10\/mercado-publico-de-porto-alegre-atual2.jpg?resize=700%2C400&ssl=1 2x"},"classes":[]},{"id":89590,"url":"https:\/\/www.jornalja.com.br\/geral\/guarda-municipal-restringe-acesso-ao-esqueletao-moradores-recebem-ultimato\/","url_meta":{"origin":73869,"position":3},"title":"Guarda Municipal restringe acesso ao &#8220;Esquelet\u00e3o&#8221;; moradores recebem ultimato","author":"Ramiro Sanchez","date":"27 de agosto de 2021","format":false,"excerpt":"O edif\u00edcio Galeria XV de Novembro ter\u00e1 acesso restrito a partir desta segunda-feira, 30 de agosto. Uma dupla de agentes da Guarda Municipal s\u00f3 permitir\u00e1 a entrada dos moradores j\u00e1 cadastrados na Fasc. \"\u00c9 pra impedir novas ocupa\u00e7\u00f5es\", informou um dos guardas que faziam uma vistoria no local na tarde\u2026","rel":"","context":"Em &quot;Geral-MAT\u00c9RIA&quot;","block_context":{"text":"Geral-MAT\u00c9RIA","link":"https:\/\/www.jornalja.com.br\/geral\/category\/geral\/"},"img":{"alt_text":"","src":"https:\/\/i0.wp.com\/www.jornalja.com.br\/geral\/wp-content\/uploads\/sites\/4\/2021\/08\/62cc3d6b-6b42-481e-920b-77c25888b233-scaled.jpeg?resize=350%2C200&ssl=1","width":350,"height":200,"srcset":"https:\/\/i0.wp.com\/www.jornalja.com.br\/geral\/wp-content\/uploads\/sites\/4\/2021\/08\/62cc3d6b-6b42-481e-920b-77c25888b233-scaled.jpeg?resize=350%2C200&ssl=1 1x, https:\/\/i0.wp.com\/www.jornalja.com.br\/geral\/wp-content\/uploads\/sites\/4\/2021\/08\/62cc3d6b-6b42-481e-920b-77c25888b233-scaled.jpeg?resize=525%2C300&ssl=1 1.5x, https:\/\/i0.wp.com\/www.jornalja.com.br\/geral\/wp-content\/uploads\/sites\/4\/2021\/08\/62cc3d6b-6b42-481e-920b-77c25888b233-scaled.jpeg?resize=700%2C400&ssl=1 2x, https:\/\/i0.wp.com\/www.jornalja.com.br\/geral\/wp-content\/uploads\/sites\/4\/2021\/08\/62cc3d6b-6b42-481e-920b-77c25888b233-scaled.jpeg?resize=1050%2C600&ssl=1 3x, https:\/\/i0.wp.com\/www.jornalja.com.br\/geral\/wp-content\/uploads\/sites\/4\/2021\/08\/62cc3d6b-6b42-481e-920b-77c25888b233-scaled.jpeg?resize=1400%2C800&ssl=1 4x"},"classes":[]},{"id":89348,"url":"https:\/\/www.jornalja.com.br\/geral\/melo-pede-r-115-milhoes-ao-ministro-do-turismo-para-recuperar-mercado-publico\/","url_meta":{"origin":73869,"position":4},"title":"Melo pede R$ 11,5 milh\u00f5es ao ministro do Turismo para recuperar Mercado P\u00fablico","author":"da Reda\u00e7\u00e3o","date":"16 de agosto de 2021","format":false,"excerpt":"O prefeito Sebasti\u00e3o Melo aproveitou a passagem do ministro do Turismo,\u00a0 Gilson Neto, para encaminhar um pedido de R$ 11,5 milh\u00f5es que faltam para recuperar o Mercado P\u00fablico de Porto Alegre. O ministro chegou \u00e0 capital ga\u00facha na sexta-feira 13, e no mesmo dia seguiu para uma agenda de inaugura\u00e7\u00f5es\u2026","rel":"","context":"Em &quot;Geral-MAT\u00c9RIA&quot;","block_context":{"text":"Geral-MAT\u00c9RIA","link":"https:\/\/www.jornalja.com.br\/geral\/category\/geral\/"},"img":{"alt_text":"","src":"https:\/\/i0.wp.com\/www.jornalja.com.br\/geral\/wp-content\/uploads\/sites\/4\/2021\/08\/13ago2021-ar-gp-minist-turismo-3.jpg?resize=350%2C200&ssl=1","width":350,"height":200},"classes":[]},{"id":72554,"url":"https:\/\/www.jornalja.com.br\/geral\/ceara-atentado-interrompe-tregua-que-nao-completou-uma-semana\/","url_meta":{"origin":73869,"position":5},"title":"Cear\u00e1: atentado interrompe tr\u00e9gua que n\u00e3o completou uma semana","author":"da Reda\u00e7\u00e3o","date":"4 de fevereiro de 2019","format":false,"excerpt":"Um caminh\u00e3o com mercadorias foi incendiado na madrugada desta segunda-feira, 4, no bairro \u00c1lvaro Weyne, em Fortaleza. O ve\u00edculo, que carregava trigo, estava estacionado na rua Teodomiro de Castro. O atentado interrompeu a tr\u00e9gua, que n\u00e3o chegou a completar uma semana, na guerra que o governo estadual deflagrou para reduzir\u2026","rel":"","context":"Em &quot;Geral-MAT\u00c9RIA&quot;","block_context":{"text":"Geral-MAT\u00c9RIA","link":"https:\/\/www.jornalja.com.br\/geral\/category\/geral\/"},"img":{"alt_text":"","src":"","width":0,"height":0},"classes":[]}],"jetpack_sharing_enabled":true,"_links":{"self":[{"href":"https:\/\/www.jornalja.com.br\/geral\/wp-json\/wp\/v2\/posts\/73869","targetHints":{"allow":["GET"]}}],"collection":[{"href":"https:\/\/www.jornalja.com.br\/geral\/wp-json\/wp\/v2\/posts"}],"about":[{"href":"https:\/\/www.jornalja.com.br\/geral\/wp-json\/wp\/v2\/types\/post"}],"author":[{"embeddable":true,"href":"https:\/\/www.jornalja.com.br\/geral\/wp-json\/wp\/v2\/users\/4"}],"replies":[{"embeddable":true,"href":"https:\/\/www.jornalja.com.br\/geral\/wp-json\/wp\/v2\/comments?post=73869"}],"version-history":[{"count":0,"href":"https:\/\/www.jornalja.com.br\/geral\/wp-json\/wp\/v2\/posts\/73869\/revisions"}],"wp:featuredmedia":[{"embeddable":true,"href":"https:\/\/www.jornalja.com.br\/geral\/wp-json\/"}],"wp:attachment":[{"href":"https:\/\/www.jornalja.com.br\/geral\/wp-json\/wp\/v2\/media?parent=73869"}],"wp:term":[{"taxonomy":"category","embeddable":true,"href":"https:\/\/www.jornalja.com.br\/geral\/wp-json\/wp\/v2\/categories?post=73869"},{"taxonomy":"post_tag","embeddable":true,"href":"https:\/\/www.jornalja.com.br\/geral\/wp-json\/wp\/v2\/tags?post=73869"}],"curies":[{"name":"wp","href":"https:\/\/api.w.org\/{rel}","templated":true}]}}