{"id":73903,"date":"2019-04-12T14:52:01","date_gmt":"2019-04-12T17:52:01","guid":{"rendered":"https:\/\/www.jornalja.com.br\/?p=73903"},"modified":"2019-04-12T14:52:01","modified_gmt":"2019-04-12T17:52:01","slug":"inadimplencia-com-iptu-gera-prejuizo-de-r-65-milhoes-aos-cofres-da-cidade","status":"publish","type":"post","link":"https:\/\/www.jornalja.com.br\/geral\/inadimplencia-com-iptu-gera-prejuizo-de-r-65-milhoes-aos-cofres-da-cidade\/","title":{"rendered":"Inadimpl\u00eancia com IPTU gera preju\u00edzo de R$ 65 milh\u00f5es aos cofres da cidade"},"content":{"rendered":"<p style=\"font-weight: 400\">A Secretaria Municipal da Fazenda (SMF), por meio da Receita Municipal, est\u00e1 intensificando a cobran\u00e7a aos contribuintes inadimplentes. Al\u00e9m da negativa\u00e7\u00e3o, h\u00e1 valores sendo encaminhados para os tabelionatos de protesto. Hoje o n\u00famero de devedores chega a 26 mil contribuintes, correspondendo a R$ 65 milh\u00f5es. A estimativa \u00e9 arrecadar R$ 20 milh\u00f5es ainda no m\u00eas de abril.<\/p>\n<p style=\"font-weight: 400\">Todos os contribuintes que deixaram de pagar o IPTU de 2019 ser\u00e3o cobrados, podendo ser objeto de negativa\u00e7\u00e3o e protesto tanto em abril, como nos pr\u00f3ximos meses.<\/p>\n<p style=\"font-weight: 400\">Para evitar o transtorno, a Receita orienta os devedores a buscarem parcelamento dos d\u00e9bitos existentes.\u00a0O valor devido pode ser parcelado em at\u00e9 36 parcelas, respeitado o valor m\u00ednimo de R$ 30 para pessoa f\u00edsica e R$ 80 para pessoa jur\u00eddica, pelo WhatsApp da Receita Municipal (51 99348-9424).<\/p>\n<p style=\"font-weight: 400\">Contudo, comparecendo \u00e0 Loja de Atendimento da Secretaria Municipal da Fazenda, na Travessa M\u00e1rio Cinco Paus, s\/n\u00ba, o prazo ainda pode ser estendido para at\u00e9 72 parcelas, onde tamb\u00e9m ser\u00e1 poss\u00edvel solicitar a cobran\u00e7a de d\u00e9bito em conta corrente, evitando assim novos esquecimentos. O hor\u00e1rio de atendimento \u00e9 das 9h \u00e0s 16h.<\/p>\n","protected":false},"excerpt":{"rendered":"<p>A Secretaria Municipal da Fazenda (SMF), por meio da Receita Municipal, est\u00e1 intensificando a cobran\u00e7a aos contribuintes inadimplentes. Al\u00e9m da negativa\u00e7\u00e3o, h\u00e1 valores sendo encaminhados para os tabelionatos de protesto. Hoje o n\u00famero de devedores chega a 26 mil contribuintes, correspondendo a R$ 65 milh\u00f5es. A estimativa \u00e9 arrecadar R$ 20 milh\u00f5es ainda no m\u00eas [&hellip;]<\/p>\n","protected":false},"author":4,"featured_media":73904,"comment_status":"open","ping_status":"closed","sticky":false,"template":"","format":"standard","meta":{"jetpack_post_was_ever_published":false,"_jetpack_newsletter_access":"","_jetpack_dont_email_post_to_subs":false,"_jetpack_newsletter_tier_id":0,"_jetpack_memberships_contains_paywalled_content":false,"_jetpack_memberships_contains_paid_content":false,"footnotes":"","jetpack_publicize_message":"Inadimpl\u00eancia com IPTU gera preju\u00edzo de R$ 65 milh\u00f5es aos cofres da cidade","jetpack_publicize_feature_enabled":true,"jetpack_social_post_already_shared":true,"jetpack_social_options":{"image_generator_settings":{"template":"highway","default_image_id":0,"font":"","enabled":false},"version":2}},"categories":[2],"tags":[150,151,132,152,153,154,155],"class_list":["post-73903","post","type-post","status-publish","format-standard","has-post-thumbnail","hentry","category-geral","tag-inadimplencia","tag-iptu","tag-porto-alegre","tag-prejuizo","tag-receita-municipal","tag-secretaria-municipal-da-fazenda","tag-smf"],"aioseo_notices":[],"jetpack_publicize_connections":[],"jetpack_featured_media_url":"","jetpack_shortlink":"https:\/\/wp.me\/pbKhrD-jdZ","jetpack-related-posts":[{"id":87633,"url":"https:\/\/www.jornalja.com.br\/geral\/programa-preve-parcelamento-e-descontos-para-quem-deve-impostos-em-porto-alegre\/","url_meta":{"origin":73903,"position":0},"title":"Programa prev\u00ea parcelamento e descontos para quem deve impostos em Porto Alegre","author":"da Reda\u00e7\u00e3o","date":"13 de abril de 2021","format":false,"excerpt":"O prefeito Sebasti\u00e3o Melo encaminhou \u00e0 C\u00e2mara de Vereadores, na tarde desta ter\u00e7a-feira, 13,\u00a0 projeto de lei que institui o Programa de Recupera\u00e7\u00e3o Fiscal - RecuperaPOA, para estimular o pagamento de d\u00edvidas e impostos municipais. \u201cSe aprovado, os contribuintes da Capital ter\u00e3o uma boa oportunidade para regularizarem sua situa\u00e7\u00e3o perante\u2026","rel":"","context":"Em &quot;Geral-NOTAS&quot;","block_context":{"text":"Geral-NOTAS","link":"https:\/\/www.jornalja.com.br\/geral\/category\/geral-notas\/"},"img":{"alt_text":"","src":"","width":0,"height":0},"classes":[]},{"id":89955,"url":"https:\/\/www.jornalja.com.br\/geral\/prefeitura-ja-atingiu-20-previsto-em-arrecadacao-com-recuperapoa\/","url_meta":{"origin":73903,"position":1},"title":"Prefeitura j\u00e1 atingiu 20%  previsto em arrecada\u00e7\u00e3o com RecuperaPOA","author":"Felipe Uhr","date":"13 de setembro de 2021","format":false,"excerpt":"Treze dias ap\u00f3s lan\u00e7ado, o RecuperaPOA j\u00e1 tem contabilizados R$32 milh\u00f5es em pedidos de ades\u00e3o. A informa\u00e7\u00e3o \u00e9 da assessoria da Secretaria da Fazenda. O programa que d\u00e1 desconto em d\u00edvidas e multas de Imposto Sobre Servi\u00e7os (ISS), Imposto de Transmiss\u00e3o de Bens Im\u00f3veis (ITBI), Taxa da Fiscaliza\u00e7\u00e3o da Localiza\u00e7\u00e3o\u2026","rel":"","context":"Em &quot;Geral-MAT\u00c9RIA&quot;","block_context":{"text":"Geral-MAT\u00c9RIA","link":"https:\/\/www.jornalja.com.br\/geral\/category\/geral\/"},"img":{"alt_text":"","src":"https:\/\/i0.wp.com\/www.jornalja.com.br\/geral\/wp-content\/uploads\/sites\/4\/2021\/09\/19ago2021-alexrocha-gp-sancao-recuperapoa-10.jpg?resize=350%2C200&ssl=1","width":350,"height":200,"srcset":"https:\/\/i0.wp.com\/www.jornalja.com.br\/geral\/wp-content\/uploads\/sites\/4\/2021\/09\/19ago2021-alexrocha-gp-sancao-recuperapoa-10.jpg?resize=350%2C200&ssl=1 1x, https:\/\/i0.wp.com\/www.jornalja.com.br\/geral\/wp-content\/uploads\/sites\/4\/2021\/09\/19ago2021-alexrocha-gp-sancao-recuperapoa-10.jpg?resize=525%2C300&ssl=1 1.5x, https:\/\/i0.wp.com\/www.jornalja.com.br\/geral\/wp-content\/uploads\/sites\/4\/2021\/09\/19ago2021-alexrocha-gp-sancao-recuperapoa-10.jpg?resize=700%2C400&ssl=1 2x"},"classes":[]},{"id":80745,"url":"https:\/\/www.jornalja.com.br\/geral\/prazo-para-contestar-iptu\/","url_meta":{"origin":73903,"position":2},"title":"Prazo para contestar IPTU","author":"da Reda\u00e7\u00e3o","date":"28 de janeiro de 2020","format":false,"excerpt":"O prazo para o contribuinte ingressar com processo de impugna\u00e7\u00e3o do IPTU 2020 vai at\u00e9 3 de fevereiro. A contesta\u00e7\u00e3o pode ser feita pelo site\u00a0http:\/\/prefeitura.poa.br\/iptu. O servi\u00e7o j\u00e1 est\u00e1 dispon\u00edvel e facilita o andamento do pedido, sem que o contribuinte tenha que se deslocar at\u00e9 a Loja de Atendimento da\u2026","rel":"","context":"Em &quot;Geral-NOTAS&quot;","block_context":{"text":"Geral-NOTAS","link":"https:\/\/www.jornalja.com.br\/geral\/category\/geral-notas\/"},"img":{"alt_text":"","src":"","width":0,"height":0},"classes":[]},{"id":90296,"url":"https:\/\/www.jornalja.com.br\/geral\/programa-de-recuperacao-fiscal-de-porto-alegre-ja-tem-r-100-milhoes-em-pedidos-de-adesao\/","url_meta":{"origin":73903,"position":3},"title":"Programa de recupera\u00e7\u00e3o fiscal de Porto Alegre j\u00e1 tem R$ 100 milh\u00f5es em pedidos de ades\u00e3o","author":"da Reda\u00e7\u00e3o","date":"30 de setembro de 2021","format":false,"excerpt":"Em seu primeiro m\u00eas de funcionamento, o RecuperaPOA, programa de recupera\u00e7\u00e3o fiscal que busca estimular o pagamento de d\u00edvidas de impostos e taxas municipais na Capital, atingiu a marca de R$ 101,6 milh\u00f5es em pedidos de ades\u00e3o. O valor supera supera expectativas da prefeitura. O balan\u00e7o foi apresentado nesta quinta-feira,\u2026","rel":"","context":"Em &quot;Geral-MAT\u00c9RIA&quot;","block_context":{"text":"Geral-MAT\u00c9RIA","link":"https:\/\/www.jornalja.com.br\/geral\/category\/geral\/"},"img":{"alt_text":"","src":"https:\/\/i0.wp.com\/www.jornalja.com.br\/geral\/wp-content\/uploads\/sites\/4\/2021\/09\/19ago2021-alexrocha-gp-sancao-recuperapoa-10-1.jpg?resize=350%2C200&ssl=1","width":350,"height":200,"srcset":"https:\/\/i0.wp.com\/www.jornalja.com.br\/geral\/wp-content\/uploads\/sites\/4\/2021\/09\/19ago2021-alexrocha-gp-sancao-recuperapoa-10-1.jpg?resize=350%2C200&ssl=1 1x, https:\/\/i0.wp.com\/www.jornalja.com.br\/geral\/wp-content\/uploads\/sites\/4\/2021\/09\/19ago2021-alexrocha-gp-sancao-recuperapoa-10-1.jpg?resize=525%2C300&ssl=1 1.5x, https:\/\/i0.wp.com\/www.jornalja.com.br\/geral\/wp-content\/uploads\/sites\/4\/2021\/09\/19ago2021-alexrocha-gp-sancao-recuperapoa-10-1.jpg?resize=700%2C400&ssl=1 2x"},"classes":[]},{"id":90883,"url":"https:\/\/www.jornalja.com.br\/geral\/programa-de-recuperacao-fiscal-ja-negociou-r-300-mais-de-milhoes-e-foi-prorrogado\/","url_meta":{"origin":73903,"position":4},"title":"Programa de recupera\u00e7\u00e3o fiscal j\u00e1 negociou R$ 300 mais de milh\u00f5es e foi prorrogado","author":"Elmar Bones","date":"10 de novembro de 2021","format":false,"excerpt":"As ades\u00f5es ao RecuperaPoA, que d\u00e1 descontos e isen\u00e7\u00e3o de juros para pagamento de d\u00edvidas de impostos e taxas municipais em Porto Alegre, j\u00e1 contabilizaram R$ 313,64 milh\u00f5es, com o ingresso efetivo em caixa de R$ 92,7 milh\u00f5es, at\u00e9 o momento. O valor total ingressar\u00e1 no decorrer do prazo das\u2026","rel":"","context":"Em &quot;Geral-NOTAS&quot;","block_context":{"text":"Geral-NOTAS","link":"https:\/\/www.jornalja.com.br\/geral\/category\/geral-notas\/"},"img":{"alt_text":"","src":"","width":0,"height":0},"classes":[]},{"id":78875,"url":"https:\/\/www.jornalja.com.br\/geral\/governo-gaucho-negocia-com-devedores-e-antecipa-ipva-para-fazer-caixa\/","url_meta":{"origin":73903,"position":5},"title":"Governo ga\u00facho negocia com devedores e antecipa IPVA para fazer caixa","author":"da Reda\u00e7\u00e3o","date":"4 de novembro de 2019","format":false,"excerpt":"O governo do Estado anunciou duas novas medidas que auxiliar\u00e3o no equil\u00edbrio fiscal: um novo Programa Especial de Quita\u00e7\u00e3o e Parcelamento de ICMS (Refaz) e altera\u00e7\u00f5es no Imposto sobre Propriedade de Ve\u00edculos Automotores (IPVA) de 2020. As iniciativas foram apresentadas em entrevista coletiva de imprensa nesta segunda-feira (4\/11), na Secretaria\u2026","rel":"","context":"Em &quot;Geral-MAT\u00c9RIA&quot;","block_context":{"text":"Geral-MAT\u00c9RIA","link":"https:\/\/www.jornalja.com.br\/geral\/category\/geral\/"},"img":{"alt_text":"","src":"","width":0,"height":0},"classes":[]}],"jetpack_sharing_enabled":true,"_links":{"self":[{"href":"https:\/\/www.jornalja.com.br\/geral\/wp-json\/wp\/v2\/posts\/73903","targetHints":{"allow":["GET"]}}],"collection":[{"href":"https:\/\/www.jornalja.com.br\/geral\/wp-json\/wp\/v2\/posts"}],"about":[{"href":"https:\/\/www.jornalja.com.br\/geral\/wp-json\/wp\/v2\/types\/post"}],"author":[{"embeddable":true,"href":"https:\/\/www.jornalja.com.br\/geral\/wp-json\/wp\/v2\/users\/4"}],"replies":[{"embeddable":true,"href":"https:\/\/www.jornalja.com.br\/geral\/wp-json\/wp\/v2\/comments?post=73903"}],"version-history":[{"count":0,"href":"https:\/\/www.jornalja.com.br\/geral\/wp-json\/wp\/v2\/posts\/73903\/revisions"}],"wp:featuredmedia":[{"embeddable":true,"href":"https:\/\/www.jornalja.com.br\/geral\/wp-json\/"}],"wp:attachment":[{"href":"https:\/\/www.jornalja.com.br\/geral\/wp-json\/wp\/v2\/media?parent=73903"}],"wp:term":[{"taxonomy":"category","embeddable":true,"href":"https:\/\/www.jornalja.com.br\/geral\/wp-json\/wp\/v2\/categories?post=73903"},{"taxonomy":"post_tag","embeddable":true,"href":"https:\/\/www.jornalja.com.br\/geral\/wp-json\/wp\/v2\/tags?post=73903"}],"curies":[{"name":"wp","href":"https:\/\/api.w.org\/{rel}","templated":true}]}}