{"id":74264,"date":"2019-04-25T21:31:29","date_gmt":"2019-04-26T00:31:29","guid":{"rendered":"https:\/\/www.jornalja.com.br\/?p=74264"},"modified":"2019-04-25T21:31:29","modified_gmt":"2019-04-26T00:31:29","slug":"comercial-da-rbs-foca-no-digital-para-atrair-clientes-nacionais","status":"publish","type":"post","link":"https:\/\/www.jornalja.com.br\/geral\/comercial-da-rbs-foca-no-digital-para-atrair-clientes-nacionais\/","title":{"rendered":"Comercial da RBS foca no digital para atrair &quot;clientes nacionais&quot;"},"content":{"rendered":"<p>O Grupo RBS est\u00e1 reformulando sua estrat\u00e9gia de marketing, para &#8221; dar ainda mais foco no digital&#8221;\u00a0 e ampliar suas opera\u00e7\u00f5es comerciais para fora das fronteiras do Rio Grande do Sul.<br \/>\n&#8220;Nossa frente no mercado nacional tem o objetivo de gerar mais oportunidades a grandes anunciantes que desejam se conectar com os ga\u00fachos&#8221;, declarou Marcelo Pacheco, <em>head<\/em> da estrutura comercial do grupo.<br \/>\nSegundo ele, o foco em m\u00eddia digital \u00e9 para dar mais velocidade aos neg\u00f3cios com clientes nacionais.<br \/>\nAs mudan\u00e7as come\u00e7aram em Porto Alegre. Renato Mesquita, que atendia as Contas Estrat\u00e9gicas,\u00a0 &#8220;deixa a empresa \u00e0 qual dedicou os \u00faltimos 20 anos&#8221;.<br \/>\nGerente de Marketing, gerente-executivo Comercial e diretor Comercial dos jornais por 13 anos, Mesquita tamb\u00e9m liderou o Comercial da RBS TV e, desde a virada comercial (para o digital), h\u00e1 dois anos, estava \u00e0 frente do segmento de Contas Estrat\u00e9gicas.<br \/>\nAs mudan\u00e7as na \u00e1rea comercial do grupo chegam a S\u00e3o Paulo, uma vez que o digital est\u00e1 sendo priorizado como um caminho para ampliar a opera\u00e7\u00e3o comercial no mercado nacional.<br \/>\nRenan Blanco &#8220;deixa de ser executivo de vendas na Diretoria de Comercializa\u00e7\u00e3o Nacional (DCN) para assumir o cargo rec\u00e9m-criado de gerente comercial para mercado nacional&#8221;.<br \/>\nSandra Schilardi assumir\u00e1 as Contas Estrat\u00e9gicas, agregando a &#8220;fun\u00e7\u00e3o ao que j\u00e1 fazia, que era atender ao Governo&#8221;. .<br \/>\nEst\u00e1 nos planos &#8220;um <em>hub<\/em> especializado em m\u00eddia digital, cuja miss\u00e3o ser\u00e1 dar velocidade \u00e0 dissemina\u00e7\u00e3o desta cultura entre todos os segmentos da organiza\u00e7\u00e3o&#8221;.<br \/>\nA promo\u00e7\u00e3o de Renan Blanco em S\u00e3o Paulo representa &#8220;um refor\u00e7o na opera\u00e7\u00e3o no mercado nacional&#8221;.<br \/>\nAl\u00e9m da expertise comercial, Blanco tem experi\u00eancia em marketing digital e, desde o ano passado, atende a clientes como Walmart, FCA e Bradesco. &#8220;Renan vai liderar a implementa\u00e7\u00e3o do novo modelo de atua\u00e7\u00e3o comercial, adotado no Estado, no mercado nacional.<br \/>\nCom informa\u00e7\u00f5es do <a href=\"http:\/\/coletiva.net\/comunicacao\/grupo-rbs-reestrutura-time-comercial-em-porto-alegre-e-em-sao-paulo,297987.jhtml\">Coletiva Net<\/a><\/p>\n","protected":false},"excerpt":{"rendered":"<p>O Grupo RBS est\u00e1 reformulando sua estrat\u00e9gia de marketing, para &#8221; dar ainda mais foco no digital&#8221;\u00a0 e ampliar suas opera\u00e7\u00f5es comerciais para fora das fronteiras do Rio Grande do Sul. &#8220;Nossa frente no mercado nacional tem o objetivo de gerar mais oportunidades a grandes anunciantes que desejam se conectar com os ga\u00fachos&#8221;, declarou Marcelo [&hellip;]<\/p>\n","protected":false},"author":4,"featured_media":74277,"comment_status":"open","ping_status":"closed","sticky":false,"template":"","format":"standard","meta":{"jetpack_post_was_ever_published":false,"_jetpack_newsletter_access":"","_jetpack_dont_email_post_to_subs":false,"_jetpack_newsletter_tier_id":0,"_jetpack_memberships_contains_paywalled_content":false,"_jetpack_memberships_contains_paid_content":false,"footnotes":"","jetpack_publicize_message":"","jetpack_publicize_feature_enabled":true,"jetpack_social_post_already_shared":true,"jetpack_social_options":{"image_generator_settings":{"template":"highway","default_image_id":0,"font":"","enabled":false},"version":2}},"categories":[2],"tags":[93,94,95],"class_list":["post-74264","post","type-post","status-publish","format-standard","has-post-thumbnail","hentry","category-geral","tag-comercial","tag-rbs","tag-sp"],"aioseo_notices":[],"jetpack_publicize_connections":[],"jetpack_featured_media_url":"","jetpack_shortlink":"https:\/\/wp.me\/pbKhrD-jjO","jetpack-related-posts":[{"id":92875,"url":"https:\/\/www.jornalja.com.br\/geral\/a-rbs-foi-vendida-comunicado-da-empresa-nao-esclarece\/","url_meta":{"origin":74264,"position":0},"title":"A RBS foi vendida? Comunicado da empresa n\u00e3o esclarece","author":"da Reda\u00e7\u00e3o","date":"21 de junho de 2022","format":false,"excerpt":"A manchete desta segunda-feira, 20, foi a \"reorganiza\u00e7\u00e3o societ\u00e1ria\" anunciada pela RBS, o maior grupo de comunica\u00e7\u00e3o do Sul do Brasil, que \"se abre para novos investidores\". A nota que a empresa distribuiu\u00a0 n\u00e3o \u00e9 esclarecedora quanto a n\u00fameros ou percentuais societ\u00e1rios negociados. O que transparece do comunicado amb\u00edguo \u00e9\u2026","rel":"","context":"Em &quot;Geral-MAT\u00c9RIA&quot;","block_context":{"text":"Geral-MAT\u00c9RIA","link":"https:\/\/www.jornalja.com.br\/geral\/category\/geral\/"},"img":{"alt_text":"","src":"https:\/\/i0.wp.com\/www.jornalja.com.br\/geral\/wp-content\/uploads\/sites\/4\/2022\/06\/rbs-nelson-mauricio-neto-e-jaime.jpg?resize=350%2C200&ssl=1","width":350,"height":200,"srcset":"https:\/\/i0.wp.com\/www.jornalja.com.br\/geral\/wp-content\/uploads\/sites\/4\/2022\/06\/rbs-nelson-mauricio-neto-e-jaime.jpg?resize=350%2C200&ssl=1 1x, https:\/\/i0.wp.com\/www.jornalja.com.br\/geral\/wp-content\/uploads\/sites\/4\/2022\/06\/rbs-nelson-mauricio-neto-e-jaime.jpg?resize=525%2C300&ssl=1 1.5x"},"classes":[]},{"id":76894,"url":"https:\/\/www.jornalja.com.br\/geral\/rbs-teria-pago-propina-por-perdao-de-multa-com-a-receita\/","url_meta":{"origin":74264,"position":1},"title":"RBS teria pago propina por perd\u00e3o de multa com a Receita","author":"Carlos Matsubara","date":"30 de agosto de 2019","format":false,"excerpt":"Em mais um trecho vazado da sua dela\u00e7\u00e3o premiada, o ex-ministro de governos petistas Antonio Palocci afirma que atuou para que o Conselho Administrativo de Recursos Fiscais (Carf) beneficiasse a RBS, afiliada da Rede Globo no Rio Grande do Sul. Segundo Palocci, teriam sido pagas propinas a conselheiros do Carf\u2026","rel":"","context":"Em &quot;Geral-MAT\u00c9RIA&quot;","block_context":{"text":"Geral-MAT\u00c9RIA","link":"https:\/\/www.jornalja.com.br\/geral\/category\/geral\/"},"img":{"alt_text":"","src":"","width":0,"height":0},"classes":[]},{"id":83006,"url":"https:\/\/www.jornalja.com.br\/geral\/grupo-rbs-demite-31-jornalistas-da-teve-radio-e-jornais\/","url_meta":{"origin":74264,"position":2},"title":"Grupo RBS demite 31 jornalistas da tev\u00ea, r\u00e1dio e jornais","author":"da Reda\u00e7\u00e3o","date":"24 de abril de 2020","format":false,"excerpt":"Esta sexta-feira, 24, foi marcada por uma s\u00e9rie de movimenta\u00e7\u00f5es no Grupo RBS.\u00a0Coletiva.net apurou que 20 colaboradores do grupo midi\u00e1tico foram demitidos, entre profissionais com v\u00e1rios anos de casa e de destaque em suas \u00e1reas da RBS TV, da r\u00e1dio Ga\u00facha e de Zero Hora e do Pioneiro. Mas a\u2026","rel":"","context":"Em &quot;Geral-MAT\u00c9RIA&quot;","block_context":{"text":"Geral-MAT\u00c9RIA","link":"https:\/\/www.jornalja.com.br\/geral\/category\/geral\/"},"img":{"alt_text":"","src":"https:\/\/i0.wp.com\/www.jornalja.com.br\/geral\/wp-content\/uploads\/sites\/4\/2020\/04\/Captura-de-Tela-2020-04-24-a%CC%80s-14.02.24-scaled.jpg?resize=350%2C200&ssl=1","width":350,"height":200,"srcset":"https:\/\/i0.wp.com\/www.jornalja.com.br\/geral\/wp-content\/uploads\/sites\/4\/2020\/04\/Captura-de-Tela-2020-04-24-a%CC%80s-14.02.24-scaled.jpg?resize=350%2C200&ssl=1 1x, https:\/\/i0.wp.com\/www.jornalja.com.br\/geral\/wp-content\/uploads\/sites\/4\/2020\/04\/Captura-de-Tela-2020-04-24-a%CC%80s-14.02.24-scaled.jpg?resize=525%2C300&ssl=1 1.5x, https:\/\/i0.wp.com\/www.jornalja.com.br\/geral\/wp-content\/uploads\/sites\/4\/2020\/04\/Captura-de-Tela-2020-04-24-a%CC%80s-14.02.24-scaled.jpg?resize=700%2C400&ssl=1 2x"},"classes":[]},{"id":94805,"url":"https:\/\/www.jornalja.com.br\/geral\/relacoes-entre-brasil-e-china-sao-modelo-para-paises-em-desenvolvimento-diz-xi-jinping\/","url_meta":{"origin":74264,"position":3},"title":"Rela\u00e7\u00f5es entre Brasil e China s\u00e3o modelo para pa\u00edses em desenvolvimento, diz Xi-Jinping","author":"da Reda\u00e7\u00e3o","date":"3 de janeiro de 2023","format":false,"excerpt":"Mereceu pouca aten\u00e7\u00e3o a carta que o presidente chin\u00eas, Xi Jinping, enviou cumprimentando Lula por sua posse como presidente da Rep\u00fablica. Xi destaca que China e Brasil \"s\u00e3o grandes pa\u00edses em desenvolvimento com influ\u00eancia global e importantes mercados emergentes\". \"Os dois pa\u00edses s\u00e3o parceiros estrat\u00e9gicos abrangentes que compartilham amplos interesses\u2026","rel":"","context":"Em &quot;Geral-MAT\u00c9RIA&quot;","block_context":{"text":"Geral-MAT\u00c9RIA","link":"https:\/\/www.jornalja.com.br\/geral\/category\/geral\/"},"img":{"alt_text":"","src":"https:\/\/i0.wp.com\/www.jornalja.com.br\/geral\/wp-content\/uploads\/sites\/4\/2023\/01\/lula-recebe-carta-do-presidente-chines.png?resize=350%2C200&ssl=1","width":350,"height":200},"classes":[]},{"id":100773,"url":"https:\/\/www.jornalja.com.br\/geral\/cais-maua-dois-anos-depois-da-concessao-e-incerto-futuro-do-projeto\/","url_meta":{"origin":74264,"position":4},"title":"Cais Mau\u00e1: dois anos depois da concess\u00e3o, \u00e9 incerto futuro do projeto","author":"Elmar Bones","date":"18 de fevereiro de 2026","format":false,"excerpt":"Dois anos depois da concess\u00e3o do Cais Mau\u00e1 a um cons\u00f3rcio privado, \u00e9 incerto o futuro do projeto para devolver \u00e0 popula\u00e7\u00e3o aquela \u00e1rea simb\u00f3lica de Porto Alegre, abandonada h\u00e1 mais de 30 anos. Come\u00e7a que o contrato que formaliza a concess\u00e3o ainda n\u00e3o foi assinado. Em entrevista ao Jornal\u2026","rel":"","context":"Em &quot;Geral-MAT\u00c9RIA&quot;","block_context":{"text":"Geral-MAT\u00c9RIA","link":"https:\/\/www.jornalja.com.br\/geral\/category\/geral\/"},"img":{"alt_text":"","src":"https:\/\/i0.wp.com\/www.jornalja.com.br\/geral\/wp-content\/uploads\/sites\/4\/2026\/02\/cais-armazens2-scaled-1.jpeg?resize=350%2C200&ssl=1","width":350,"height":200,"srcset":"https:\/\/i0.wp.com\/www.jornalja.com.br\/geral\/wp-content\/uploads\/sites\/4\/2026\/02\/cais-armazens2-scaled-1.jpeg?resize=350%2C200&ssl=1 1x, https:\/\/i0.wp.com\/www.jornalja.com.br\/geral\/wp-content\/uploads\/sites\/4\/2026\/02\/cais-armazens2-scaled-1.jpeg?resize=525%2C300&ssl=1 1.5x, https:\/\/i0.wp.com\/www.jornalja.com.br\/geral\/wp-content\/uploads\/sites\/4\/2026\/02\/cais-armazens2-scaled-1.jpeg?resize=700%2C400&ssl=1 2x"},"classes":[]},{"id":76947,"url":"https:\/\/www.jornalja.com.br\/geral\/clubes-rejeitam-plano-para-faturar-grenais-antes-da-hora\/","url_meta":{"origin":74264,"position":5},"title":"Clubes rejeitam plano para faturar grenais antes da hora","author":"da Reda\u00e7\u00e3o","date":"2 de setembro de 2019","format":false,"excerpt":"A diretoria de Marketing do Grupo RBS procurou as diretorias de Gr\u00eamio e Inter para apresentar um grande projeto de badala\u00e7\u00e3o de dois hipot\u00e9ticos grenais que poder\u00e3o ocorrer na Copa do Brasil. Sem vaga assegurada \u00e0 final, pois dependem de jogos que realizar\u00e3o nesta quarta-feira, os dirigentes da dupla foram\u2026","rel":"","context":"Em &quot;Geral-MAT\u00c9RIA&quot;","block_context":{"text":"Geral-MAT\u00c9RIA","link":"https:\/\/www.jornalja.com.br\/geral\/category\/geral\/"},"img":{"alt_text":"","src":"","width":0,"height":0},"classes":[]}],"jetpack_sharing_enabled":true,"_links":{"self":[{"href":"https:\/\/www.jornalja.com.br\/geral\/wp-json\/wp\/v2\/posts\/74264","targetHints":{"allow":["GET"]}}],"collection":[{"href":"https:\/\/www.jornalja.com.br\/geral\/wp-json\/wp\/v2\/posts"}],"about":[{"href":"https:\/\/www.jornalja.com.br\/geral\/wp-json\/wp\/v2\/types\/post"}],"author":[{"embeddable":true,"href":"https:\/\/www.jornalja.com.br\/geral\/wp-json\/wp\/v2\/users\/4"}],"replies":[{"embeddable":true,"href":"https:\/\/www.jornalja.com.br\/geral\/wp-json\/wp\/v2\/comments?post=74264"}],"version-history":[{"count":0,"href":"https:\/\/www.jornalja.com.br\/geral\/wp-json\/wp\/v2\/posts\/74264\/revisions"}],"wp:featuredmedia":[{"embeddable":true,"href":"https:\/\/www.jornalja.com.br\/geral\/wp-json\/"}],"wp:attachment":[{"href":"https:\/\/www.jornalja.com.br\/geral\/wp-json\/wp\/v2\/media?parent=74264"}],"wp:term":[{"taxonomy":"category","embeddable":true,"href":"https:\/\/www.jornalja.com.br\/geral\/wp-json\/wp\/v2\/categories?post=74264"},{"taxonomy":"post_tag","embeddable":true,"href":"https:\/\/www.jornalja.com.br\/geral\/wp-json\/wp\/v2\/tags?post=74264"}],"curies":[{"name":"wp","href":"https:\/\/api.w.org\/{rel}","templated":true}]}}