{"id":75049,"date":"2019-06-24T20:44:38","date_gmt":"2019-06-24T23:44:38","guid":{"rendered":"https:\/\/www.jornalja.com.br\/?p=75049"},"modified":"2019-06-24T20:44:38","modified_gmt":"2019-06-24T23:44:38","slug":"prisoes-em-sao-paulo-poem-em-alerta-movimentos-populares","status":"publish","type":"post","link":"https:\/\/www.jornalja.com.br\/geral\/prisoes-em-sao-paulo-poem-em-alerta-movimentos-populares\/","title":{"rendered":"Pris\u00f5es em S\u00e3o Paulo p\u00f5em movimentos populares em alerta"},"content":{"rendered":"<p>A pris\u00e3o de quatro l\u00edderes de movimentos por moradia na manh\u00e3 desta segunda-feira (24), em S\u00e3o Paulo, ganhou contornos pol\u00edticos ao longo do dia.<br \/>\nAs pris\u00f5es decorrem de um inqu\u00e9rito que investiga a ocupa\u00e7\u00e3o do edif\u00edcio Wilton Paes de Almeida. O pr\u00e9dio no Centro de S\u00e3o Paulo desabou ap\u00f3s ser atingido por um inc\u00eandio em maio de 2018.<br \/>\nEntre os presos est\u00e1 Preta Ferreira, profissional \u00a0de comunica\u00e7\u00e3o, que apresenta o Boletim Lula Livre, filha da l\u00edder do\u00a0 Movimento Sem Teto do Centro.<br \/>\nMovimentos de sem teto e de direitos humanos afirmam que a a\u00e7\u00e3o &#8220;\u00e9 ilegal e criminaliza luta por moradia&#8221;.<br \/>\nOs presos s\u00e3o acusados de extorquir moradores de ocupa\u00e7\u00f5es, al\u00e9m de associa\u00e7\u00e3o criminosa. Segundo os investigadores, as pris\u00f5es ocorreram para evitar que os o grupo pudesse interferir nas investiga\u00e7\u00f5es.<br \/>\nOutras cinco pessoas tiveram a pris\u00e3o autorizada pela Justi\u00e7a, mas n\u00e3o foram localizadas. Os policiais cumpriram ainda 17 mandados de busca e apreens\u00e3o.<br \/>\nA opera\u00e7\u00e3o do Departamento Estadual de Investiga\u00e7\u00f5es Criminais (Deic) pediu a pris\u00e3o de 17 pessoas, mas o juiz Marco Ant\u00f4nio Martins Vargas autorizou a execu\u00e7\u00e3o de apenas 9 pris\u00f5es tempor\u00e1rias. Dentre os 9 acusados, apenas 4 foram localizados e detidos hoje:<br \/>\nEdinalva Silva Pereira, do movimento Moradia Para Todos;<br \/>\nSidney Ferreira da Silva, do Movimento dos Sem Teto do Centro;<br \/>\nJanice &#8220;Preta&#8221; Ferreira da Silva, do Movimento dos Sem Teto do Centro;<br \/>\nAng\u00e9lica dos Santos Lima, Movimento de Moradia Para Todos.<br \/>\nCinco acusados n\u00e3o foram localizados pela Pol\u00edcia Civil nesta manh\u00e3.<br \/>\nSegundo Andr\u00e9 Figueiredo, delegado respons\u00e1vel pelo caso, o inqu\u00e9rito se baseia em den\u00fancias de extors\u00e3o feitas em carta an\u00f4nimas por moradores do edif\u00edcio que desabou. O delegado diz que tem 13 testemunhas e intercepta\u00e7\u00f5es telef\u00f4nicas que confirmam as den\u00fancias.<br \/>\nOs advogados dos presos n\u00e3o encontraram nenhum motivo ou prova para essa opera\u00e7\u00e3o, &#8220;que se fundamenta em declara\u00e7\u00f5es fr\u00e1geis&#8221;.<br \/>\n&#8220;Repudiamos mais esse epis\u00f3dio de criminaliza\u00e7\u00e3o da luta popular e exigimos a imediata liberta\u00e7\u00e3o dos presos pol\u00edticos dos movimentos populares. Estamos articulando um comit\u00ea em defesa dos presos pol\u00edticos. Junte-se a n\u00f3s contra a criminaliza\u00e7\u00e3o dos movimentos sociais. Quem ocupa n\u00e3o tem culpa&#8221;, diz nota da Central de Movimentos Populares (CMP), Frente de Luta por Moradia (FLM) e Uni\u00e3o dos Movimentos de Moradia (UMM)<br \/>\nAcusados<br \/>\nEntre os detidos est\u00e1 Janice &#8220;Preta&#8221; Ferreira da Silva, publicit\u00e1ria e filha de Carmen Silva, que \u00e9 l\u00edder do Movimento Sem Teto do Centro (MSTC).<br \/>\nSegundo os advogados de Preta, as pris\u00f5es tempor\u00e1rias s\u00e3o arbitr\u00e1rias porque as lideran\u00e7as detidas n\u00e3o est\u00e3o envolvidas com o pr\u00e9dio que desabou, que n\u00e3o teria nenhum movimento organizado e reconhecido em sua gest\u00e3o.<br \/>\nEm fevereiro deste ano, a m\u00e3e de Preta Ferreira, Carmem da Silva Ferreira, coordenadora da ocupa\u00e7\u00e3o do Hotel Cambridge, foi absolvida pela Justi\u00e7a de S\u00e3o Paulo. Ela tamb\u00e9m era acusada de extorquir dinheiro de moradores da ocupa\u00e7\u00e3o. A decis\u00e3o foi proferida pelo juiz Marcos Vieira de Morais, da 26\u00aa Vara Criminal de S\u00e3o Paulo.<br \/>\nNa decis\u00e3o, o juiz considerou que as provas contra Carmen eram conflitantes e insuficientes. Segundo a defesa de Carmen e Preta, a farta apresenta\u00e7\u00e3o de notas fiscais e atas que a lideran\u00e7a do movimento dos sem-teto encaminhou ao processo teria comprovado a correta presta\u00e7\u00e3o de contas e contribu\u00eddo para a absolvi\u00e7\u00e3o.<br \/>\n\u201cA defesa anexou aos autos notas fiscais e atas de assembleias demonstrando a destina\u00e7\u00e3o das contribui\u00e7\u00f5es individuais que cada fam\u00edlia deveria pagar para suportar as despesas mensais do edif\u00edcio&#8221;, explicou.<br \/>\nEm nota conjunta, a Central de Movimentos Populares (CMP), Frente de Luta por Moradia (FLM) e Uni\u00e3o dos Movimentos de Moradia (UMM) informam que uma opera\u00e7\u00e3o do DEIC da Pol\u00edcia Civil, por ordem do juiz Marco Ant\u00f4nio Martins Vargas, cumpriu determina\u00e7\u00e3o de pris\u00e3o tempor\u00e1ria de nove lideran\u00e7as do movimento Sem-teto, de diversas ocupa\u00e7\u00f5es do centro de S\u00e3o Paulo.<br \/>\n&#8220;Al\u00e9m da pris\u00e3o tempor\u00e1ria, foram tamb\u00e9m determinadas 17 buscas e apreens\u00f5es de lideran\u00e7as das ocupa\u00e7\u00f5es. Os advogados n\u00e3o encontraram nenhum motivo ou prova para essa opera\u00e7\u00e3o&#8221;, diz o texto.<br \/>\nLeia, abaixo, a nota na \u00edntegra:<br \/>\n<b>ALERTA! Pris\u00f5es abusivas de lideran\u00e7as dos movimentos populares<\/b><br \/>\nNa manh\u00e3 desta segunda-feira, fomos surpreendidos com mais um grave epis\u00f3dio de criminaliza\u00e7\u00e3o dos movimentos sociais e da luta do povo. Uma opera\u00e7\u00e3o do DEIC da Pol\u00edcia Civil, por ordem do juiz Marco Ant\u00f4nio Martins Vargas, cumpriu determina\u00e7\u00e3o de pris\u00e3o tempor\u00e1ria de nove lideran\u00e7as do movimento Sem-teto, de diversas ocupa\u00e7\u00f5es do centro de S\u00e3o Paulo.<br \/>\nAl\u00e9m da pris\u00e3o tempor\u00e1ria, foram tamb\u00e9m determinadas 17 buscas e apreens\u00f5es de lideran\u00e7as das ocupa\u00e7\u00f5es. Os advogados n\u00e3o encontraram nenhum motivo ou prova para essa opera\u00e7\u00e3o, tendo em vista que se fundamenta em declara\u00e7\u00f5es fr\u00e1geis para as referidas pris\u00f5es e condu\u00e7\u00f5es coercitivas. Repudiamos mais esse epis\u00f3dio de criminaliza\u00e7\u00e3o da luta popular e exigimos a imediata liberta\u00e7\u00e3o dos presos pol\u00edticos dos movimentos populares. Estamos articulando um comit\u00ea em defesa dos presos pol\u00edticos.<br \/>\nJunte-se a n\u00f3s contra a criminaliza\u00e7\u00e3o dos movimentos sociais. Quem ocupa n\u00e3o tem culpa.<br \/>\nCentral de Movimentos Populares (CMP)<br \/>\nFrente de Luta por Moradia (FLM)<br \/>\nUni\u00e3o dos Movimentos de Moradia (UMM)<\/p>\n<p style=\"color: #333333;font-style: normal\">(<strong>Com informa\u00e7\u00f5es do G1 e do 247)<\/strong><\/p>\n<p><span style=\"color: #333333;font-style: normal;font-weight: 300\">Confira o \u00faltimo Boletim Lula Livre apre<\/span><span style=\"font-weight: 300\">sentado por Preta antes de sua pris\u00e3o:<\/span><\/p>\n<div class=\"embed-block\">\n<div>\n<div><\/div>\n<\/div>\n<\/div>\n","protected":false},"excerpt":{"rendered":"<p>A pris\u00e3o de quatro l\u00edderes de movimentos por moradia na manh\u00e3 desta segunda-feira (24), em S\u00e3o Paulo, ganhou contornos pol\u00edticos ao longo do dia. As pris\u00f5es decorrem de um inqu\u00e9rito que investiga a ocupa\u00e7\u00e3o do edif\u00edcio Wilton Paes de Almeida. O pr\u00e9dio no Centro de S\u00e3o Paulo desabou ap\u00f3s ser atingido por um inc\u00eandio em [&hellip;]<\/p>\n","protected":false},"author":4,"featured_media":75052,"comment_status":"open","ping_status":"closed","sticky":false,"template":"","format":"standard","meta":{"jetpack_post_was_ever_published":false,"_jetpack_newsletter_access":"","_jetpack_dont_email_post_to_subs":false,"_jetpack_newsletter_tier_id":0,"_jetpack_memberships_contains_paywalled_content":false,"_jetpack_memberships_contains_paid_content":false,"footnotes":"","jetpack_publicize_message":"","jetpack_publicize_feature_enabled":true,"jetpack_social_post_already_shared":true,"jetpack_social_options":{"image_generator_settings":{"template":"highway","default_image_id":0,"font":"","enabled":false},"version":2}},"categories":[2],"tags":[],"class_list":["post-75049","post","type-post","status-publish","format-standard","has-post-thumbnail","hentry","category-geral"],"aioseo_notices":[],"jetpack_publicize_connections":[],"jetpack_featured_media_url":"","jetpack_shortlink":"https:\/\/wp.me\/pbKhrD-jwt","jetpack-related-posts":[{"id":75082,"url":"https:\/\/www.jornalja.com.br\/geral\/militantes-do-movimento-sem-teto-mantem-vigilia-pela-liberdade-de-liderancas\/","url_meta":{"origin":75049,"position":0},"title":"Militantes do movimento sem teto mant\u00e9m vig\u00edlia pela liberdade de lideran\u00e7as","author":"da Reda\u00e7\u00e3o","date":"25 de junho de 2019","format":false,"excerpt":"Militantes de movimentos sociais iniciaram uma vig\u00edlia em frente ao 89\u00ba Departamento de Pol\u00edcia (DP), exigindo a liberta\u00e7\u00e3o dos quatro l\u00edderes sem-teto presos na segunda-feira, 25, em a\u00e7\u00e3o da Pol\u00edcia Civil. No local est\u00e3o detidas Ang\u00e9lica dos Santos Lima, Janice Ferreira Silva (a Preta Ferreira) e Ednalva Silva Franco. Sidney\u2026","rel":"","context":"Em &quot;Geral-MAT\u00c9RIA&quot;","block_context":{"text":"Geral-MAT\u00c9RIA","link":"https:\/\/www.jornalja.com.br\/geral\/category\/geral\/"},"img":{"alt_text":"","src":"","width":0,"height":0},"classes":[]},{"id":75583,"url":"https:\/\/www.jornalja.com.br\/geral\/cerco-ao-intercept-primeiro-preso-a-depor-confirmou-a-versao-ja-esperada\/","url_meta":{"origin":75049,"position":1},"title":"Cerco ao Intercept: primeiro preso a depor confirma a vers\u00e3o j\u00e1 esperada","author":"Elmar Bones","date":"24 de julho de 2019","format":false,"excerpt":"Walter Delgatti Neto, considerado o l\u00edder do grupo preso na ter\u00e7a-feira, confirmou \u00e0 Pol\u00edcia Federal ter sido respons\u00e1vel pela invas\u00e3o dos celulares de Sergio Moro, Deltan Dallagnol e outras centenas de autoridades dos tr\u00eas poderes. Ele, sua mulher Suelen Priscila e outros dois foram presos na ter\u00e7a-feira por uma opera\u00e7\u00e3o\u2026","rel":"","context":"Em &quot;Geral-MAT\u00c9RIA&quot;","block_context":{"text":"Geral-MAT\u00c9RIA","link":"https:\/\/www.jornalja.com.br\/geral\/category\/geral\/"},"img":{"alt_text":"","src":"","width":0,"height":0},"classes":[]},{"id":95074,"url":"https:\/\/www.jornalja.com.br\/geral\/guilherme-simoes-periferia-tem-que-ir-para-o-centro-da-politica-urbana\/","url_meta":{"origin":75049,"position":2},"title":"Guilherme Sim\u00f5es: &#8220;Periferia tem que ir para o centro da pol\u00edtica urbana&#8221;","author":"da Reda\u00e7\u00e3o","date":"6 de fevereiro de 2023","format":false,"excerpt":"A Ag\u00eancia Brasil publica extensa entrevista com Guilherme Sim\u00f5es,\u00a0 que assumiu a rec\u00e9m criada Secretaria Nacional para Territ\u00f3rios Perif\u00e9ricos, uma das cinco secretarias que comp\u00f5em o Minist\u00e9rio das Cidades, extinta durante o governo Bolsonaro. Militante do Movimento dos Trabalhadores Sem Teto (MTST) desde 2005, Guilherme Sim\u00f5es\u00a0 v\u00ea na secretaria \"uma\u2026","rel":"","context":"Em &quot;Geral-MAT\u00c9RIA&quot;","block_context":{"text":"Geral-MAT\u00c9RIA","link":"https:\/\/www.jornalja.com.br\/geral\/category\/geral\/"},"img":{"alt_text":"","src":"https:\/\/i0.wp.com\/www.jornalja.com.br\/geral\/wp-content\/uploads\/sites\/4\/2023\/02\/guilherme-simoes.jpg?resize=350%2C200&ssl=1","width":350,"height":200,"srcset":"https:\/\/i0.wp.com\/www.jornalja.com.br\/geral\/wp-content\/uploads\/sites\/4\/2023\/02\/guilherme-simoes.jpg?resize=350%2C200&ssl=1 1x, https:\/\/i0.wp.com\/www.jornalja.com.br\/geral\/wp-content\/uploads\/sites\/4\/2023\/02\/guilherme-simoes.jpg?resize=525%2C300&ssl=1 1.5x, https:\/\/i0.wp.com\/www.jornalja.com.br\/geral\/wp-content\/uploads\/sites\/4\/2023\/02\/guilherme-simoes.jpg?resize=700%2C400&ssl=1 2x, https:\/\/i0.wp.com\/www.jornalja.com.br\/geral\/wp-content\/uploads\/sites\/4\/2023\/02\/guilherme-simoes.jpg?resize=1050%2C600&ssl=1 3x"},"classes":[]},{"id":100431,"url":"https:\/\/www.jornalja.com.br\/geral\/movimentacoes-suspeitas-envolvendo-deputados-do-pl-somam-r-286-milhoes-segundo-a-pf\/","url_meta":{"origin":75049,"position":3},"title":"Movimenta\u00e7\u00f5es suspeitas envolvendo deputados do PL somam R$ 28,6 milh\u00f5es, segundo a PF","author":"Elmar Bones","date":"19 de dezembro de 2025","format":false,"excerpt":"A Pol\u00edcia Federal (PF) apontou ao Supremo Tribunal Federal a exist\u00eancia de R$ 28,638 milh\u00f5es em movimenta\u00e7\u00f5es suspeitas, sem justificativa plaus\u00edvel, em contas de assessores dos gabinetes dos deputados S\u00f3stenes Cavalcante (PL-RJ) e Carlos Jordy (PL-RJ), bem como funcion\u00e1rios do partido, entre outras pessoas pr\u00f3ximas aos parlamentares. As informa\u00e7\u00f5es constam\u2026","rel":"","context":"Em &quot;Geral-MAT\u00c9RIA&quot;","block_context":{"text":"Geral-MAT\u00c9RIA","link":"https:\/\/www.jornalja.com.br\/geral\/category\/geral\/"},"img":{"alt_text":"","src":"https:\/\/i0.wp.com\/www.jornalja.com.br\/geral\/wp-content\/uploads\/sites\/4\/2025\/12\/flavio-dino.png?resize=350%2C200&ssl=1","width":350,"height":200,"srcset":"https:\/\/i0.wp.com\/www.jornalja.com.br\/geral\/wp-content\/uploads\/sites\/4\/2025\/12\/flavio-dino.png?resize=350%2C200&ssl=1 1x, https:\/\/i0.wp.com\/www.jornalja.com.br\/geral\/wp-content\/uploads\/sites\/4\/2025\/12\/flavio-dino.png?resize=525%2C300&ssl=1 1.5x"},"classes":[]},{"id":99203,"url":"https:\/\/www.jornalja.com.br\/geral\/fraudes-no-inss-pf-faz-novas-prisoes-no-nordeste-congresso-cria-cpi-em-brasilia\/","url_meta":{"origin":75049,"position":4},"title":"Elei\u00e7\u00f5es 2026: CPMI do INSS ser\u00e1 primeiro grande embate da campanha","author":"da Reda\u00e7\u00e3o","date":"18 de junho de 2025","format":false,"excerpt":"A for\u00e7a-tarefa da Pol\u00edcia Federal que investiga as fraudes contra aposentados e pensionistas do INSS fez mais duas pris\u00f5es, nesta ter\u00e7a-feira (17), em Sergipe. Um dos investigados foi detido em Aracaju. O outro, em Umba\u00faba, a cerca de 100 quil\u00f4metros da capital sergipana. Como a investiga\u00e7\u00e3o est\u00e1 em segredo de\u2026","rel":"","context":"Em &quot;Geral-MAT\u00c9RIA&quot;","block_context":{"text":"Geral-MAT\u00c9RIA","link":"https:\/\/www.jornalja.com.br\/geral\/category\/geral\/"},"img":{"alt_text":"","src":"https:\/\/i0.wp.com\/www.jornalja.com.br\/geral\/wp-content\/uploads\/sites\/4\/2025\/06\/fraudes-no-inss-criada-cpi.jpeg?resize=350%2C200&ssl=1","width":350,"height":200,"srcset":"https:\/\/i0.wp.com\/www.jornalja.com.br\/geral\/wp-content\/uploads\/sites\/4\/2025\/06\/fraudes-no-inss-criada-cpi.jpeg?resize=350%2C200&ssl=1 1x, https:\/\/i0.wp.com\/www.jornalja.com.br\/geral\/wp-content\/uploads\/sites\/4\/2025\/06\/fraudes-no-inss-criada-cpi.jpeg?resize=525%2C300&ssl=1 1.5x, https:\/\/i0.wp.com\/www.jornalja.com.br\/geral\/wp-content\/uploads\/sites\/4\/2025\/06\/fraudes-no-inss-criada-cpi.jpeg?resize=700%2C400&ssl=1 2x"},"classes":[]},{"id":96578,"url":"https:\/\/www.jornalja.com.br\/geral\/policia-civil-prende-sete-liderancas-de-grupos-neonazistas-e-extremistas\/","url_meta":{"origin":75049,"position":5},"title":"Pol\u00edcia Civil prende sete lideran\u00e7as de grupos neonazistas e extremistas","author":"Cleber Dioni Tentardini","date":"14 de novembro de 2023","format":false,"excerpt":"Cerca de 100 policiais civis participaram da a\u00e7\u00e3o, que decorre de sete meses de investiga\u00e7\u00e3o. Sete indiv\u00edduos foram presos pelos crimes de apologia ao nazismo e associa\u00e7\u00e3o criminosa. Foram tamb\u00e9m apreendidos materiais e simbologias de apologia ao nazismo, fardamento inspirado na SS (ex\u00e9rcito nazista), armas brancas, simulacros de arma de\u2026","rel":"","context":"Em &quot;Geral-MAT\u00c9RIA&quot;","block_context":{"text":"Geral-MAT\u00c9RIA","link":"https:\/\/www.jornalja.com.br\/geral\/category\/geral\/"},"img":{"alt_text":"","src":"https:\/\/i0.wp.com\/www.jornalja.com.br\/geral\/wp-content\/uploads\/sites\/4\/2023\/11\/14095352-478629-gd.jpg?resize=350%2C200&ssl=1","width":350,"height":200,"srcset":"https:\/\/i0.wp.com\/www.jornalja.com.br\/geral\/wp-content\/uploads\/sites\/4\/2023\/11\/14095352-478629-gd.jpg?resize=350%2C200&ssl=1 1x, https:\/\/i0.wp.com\/www.jornalja.com.br\/geral\/wp-content\/uploads\/sites\/4\/2023\/11\/14095352-478629-gd.jpg?resize=525%2C300&ssl=1 1.5x, https:\/\/i0.wp.com\/www.jornalja.com.br\/geral\/wp-content\/uploads\/sites\/4\/2023\/11\/14095352-478629-gd.jpg?resize=700%2C400&ssl=1 2x"},"classes":[]}],"jetpack_sharing_enabled":true,"_links":{"self":[{"href":"https:\/\/www.jornalja.com.br\/geral\/wp-json\/wp\/v2\/posts\/75049","targetHints":{"allow":["GET"]}}],"collection":[{"href":"https:\/\/www.jornalja.com.br\/geral\/wp-json\/wp\/v2\/posts"}],"about":[{"href":"https:\/\/www.jornalja.com.br\/geral\/wp-json\/wp\/v2\/types\/post"}],"author":[{"embeddable":true,"href":"https:\/\/www.jornalja.com.br\/geral\/wp-json\/wp\/v2\/users\/4"}],"replies":[{"embeddable":true,"href":"https:\/\/www.jornalja.com.br\/geral\/wp-json\/wp\/v2\/comments?post=75049"}],"version-history":[{"count":0,"href":"https:\/\/www.jornalja.com.br\/geral\/wp-json\/wp\/v2\/posts\/75049\/revisions"}],"wp:featuredmedia":[{"embeddable":true,"href":"https:\/\/www.jornalja.com.br\/geral\/wp-json\/"}],"wp:attachment":[{"href":"https:\/\/www.jornalja.com.br\/geral\/wp-json\/wp\/v2\/media?parent=75049"}],"wp:term":[{"taxonomy":"category","embeddable":true,"href":"https:\/\/www.jornalja.com.br\/geral\/wp-json\/wp\/v2\/categories?post=75049"},{"taxonomy":"post_tag","embeddable":true,"href":"https:\/\/www.jornalja.com.br\/geral\/wp-json\/wp\/v2\/tags?post=75049"}],"curies":[{"name":"wp","href":"https:\/\/api.w.org\/{rel}","templated":true}]}}