{"id":75082,"date":"2019-06-25T19:51:46","date_gmt":"2019-06-25T22:51:46","guid":{"rendered":"https:\/\/www.jornalja.com.br\/?p=75082"},"modified":"2019-06-25T19:51:46","modified_gmt":"2019-06-25T22:51:46","slug":"militantes-do-movimento-sem-teto-mantem-vigilia-pela-liberdade-de-liderancas","status":"publish","type":"post","link":"https:\/\/www.jornalja.com.br\/geral\/militantes-do-movimento-sem-teto-mantem-vigilia-pela-liberdade-de-liderancas\/","title":{"rendered":"Militantes do movimento sem teto mant\u00e9m vig\u00edlia pela liberdade de lideran\u00e7as"},"content":{"rendered":"<p>Militantes de movimentos sociais iniciaram uma vig\u00edlia em frente ao 89\u00ba Departamento de Pol\u00edcia (DP), exigindo a liberta\u00e7\u00e3o dos quatro l\u00edderes sem-teto presos na segunda-feira, 25, em a\u00e7\u00e3o da Pol\u00edcia Civil.<br \/>\nNo local est\u00e3o detidas Ang\u00e9lica dos Santos Lima, Janice Ferreira Silva (a Preta Ferreira) e Ednalva Silva Franco. Sidney Ferreira Silva foi encaminhado ao 2\u00ba DP, no Bom Retiro.<br \/>\nOs movimentos tamb\u00e9m preparam uma manifesta\u00e7\u00e3o em frente ao Tribunal de Justi\u00e7a de S\u00e3o Paulo,\u00a0\u00e0s 13h, de onde partiu a ordem de pris\u00e3o.<br \/>\nPara Raimundo Bonfim, advogado e coordenador da Central de Movimentos Populares (CMP), as pris\u00f5es s\u00e3o pol\u00edticas e representam mais um passo na criminaliza\u00e7\u00e3o dos movimentos sociais.<br \/>\n\u201cMesmo processo da Lava Jato. N\u00e3o tem nenhum cabimento, embasamento jur\u00eddico\u201d, afirmou. \u201cPessoas p\u00fablicas, com endere\u00e7o, trabalho, poderiam ter sido intimadas e compareceriam. A pris\u00e3o preventiva ou condu\u00e7\u00e3o coercitiva s\u00f3 cabe se o acusado se nega a depor. N\u00e3o precisa nem estudar direito para saber\u201d, completou.<br \/>\nA Pol\u00edcia Civil cumpriu 17 mandados de busca e apreens\u00e3o, al\u00e9m de nove mandados de pris\u00e3o tempor\u00e1ria, sendo quatro efetivados.<br \/>\nA Defensoria P\u00fablica e os advogados ingressaram com pedidos de liberdade na tarde de hoje. A pris\u00e3o tempor\u00e1ria \u00e9 de cinco dias. As ordens foram expedidas pelo juiz Marco Ant\u00f4nio Martins Vargas.<br \/>\nO processo teve origem no inqu\u00e9rito que apurou as causas do inc\u00eandio e desmoronamento do edif\u00edcio ocupado\u00a0Wilton Paes de Almeida, no Largo do Paissandu, em maio de 2018.<br \/>\nSegundo o advogado, todas as presta\u00e7\u00f5es de contas e notas fiscais dos gastos realizados em ocupa\u00e7\u00f5es do movimento sem-teto foram apresentadas \u00e0 pol\u00edcia. A ocupa\u00e7\u00e3o n\u00e3o era coordenada por movimentos de moradia que atuam na regi\u00e3o central.<br \/>\nO delegado Andr\u00e9 Figueiredo disse que as pris\u00f5es est\u00e3o baseadas em depoimentos de 13 testemunhas e grampos telef\u00f4nicos que teriam apontado a pr\u00e1tica de extors\u00e3o e desvio de dinheiro nos movimentos. \u201cAs testemunhas dizem que pagavam R$ 200 a R$ 400 e esse valor n\u00e3o era usado em melhorias. Aqueles que n\u00e3o pagavam eram amea\u00e7ados e agredidos. N\u00e3o estamos acusando os movimentos, mas pessoas que atuavam nos movimentos\u201d, afirmou.<br \/>\nSegundo o delegado, entre os investigados est\u00e1 Carmen Silva, coordenadora do\u00a0Movimento Sem-Teto do Centro(MSTC), que foi\u00a0inocentada no in\u00edcio deste ano\u00a0em outro processo baseado nas mesmas acusa\u00e7\u00f5es, por falta de provas e de fundamentos \u00e0 acusa\u00e7\u00e3o. Os dois filhos dela, Sidney e Preta, foram presos. \u201cN\u00e3o tenho conhecimento do outro processo dela (Carmen). Podem ser testemunhas diferentes\u201d, afirmou Figueiredo \u2013 depois de questionado sobre a semelhan\u00e7a entre as atuais acusa\u00e7\u00f5es e as que levaram \u00e0 pris\u00e3o arbitr\u00e1ria de Carmen.<br \/>\nO MSTC nasceu no ano de 2000, ap\u00f3s tr\u00eas anos de ocupa\u00e7\u00e3o de um edif\u00edcio abandonado desde 1970, na rua \u00c1lvaro de Carvalho, no centro de S\u00e3o Paulo.<br \/>\nAtualmente, o movimento coordena seis ocupa\u00e7\u00f5es e um empreendimento Minha Casa Minha Vida, o Residencial\u00a0Cambridge. \u00c9 formado por mais de 500 fam\u00edlias, resultando num grupo de mais de duas mil pessoas sem-teto. O MSTC n\u00e3o participou da ocupa\u00e7\u00e3o do edif\u00edcio Wilton Paes de Almeida.<br \/>\nSegundo relat\u00f3rio do Programa da ONU para Assentamentos Humanos, 33 milh\u00f5es de pessoas n\u00e3o t\u00eam onde morar no Brasil. Segundo levantamento do Minist\u00e9rio P\u00fablico e da Associa\u00e7\u00e3o Brasileira de Incorpora\u00e7\u00f5es Imobili\u00e1rias (Abrainc), em parceria com a Funda\u00e7\u00e3o Get\u00falio Vargas, entre 2007 a 2017, essa popula\u00e7\u00e3o cresceu 7% e s\u00f3 na cidade de S\u00e3o Paulo faltam cerca de 500 mil unidades habitacionais.<\/p>\n","protected":false},"excerpt":{"rendered":"<p>Militantes de movimentos sociais iniciaram uma vig\u00edlia em frente ao 89\u00ba Departamento de Pol\u00edcia (DP), exigindo a liberta\u00e7\u00e3o dos quatro l\u00edderes sem-teto presos na segunda-feira, 25, em a\u00e7\u00e3o da Pol\u00edcia Civil. No local est\u00e3o detidas Ang\u00e9lica dos Santos Lima, Janice Ferreira Silva (a Preta Ferreira) e Ednalva Silva Franco. Sidney Ferreira Silva foi encaminhado ao [&hellip;]<\/p>\n","protected":false},"author":4,"featured_media":75086,"comment_status":"open","ping_status":"closed","sticky":false,"template":"","format":"standard","meta":{"jetpack_post_was_ever_published":false,"_jetpack_newsletter_access":"","_jetpack_dont_email_post_to_subs":false,"_jetpack_newsletter_tier_id":0,"_jetpack_memberships_contains_paywalled_content":false,"_jetpack_memberships_contains_paid_content":false,"footnotes":"","jetpack_publicize_message":"","jetpack_publicize_feature_enabled":true,"jetpack_social_post_already_shared":true,"jetpack_social_options":{"image_generator_settings":{"template":"highway","default_image_id":0,"font":"","enabled":false},"version":2}},"categories":[2],"tags":[],"class_list":["post-75082","post","type-post","status-publish","format-standard","has-post-thumbnail","hentry","category-geral"],"aioseo_notices":[],"jetpack_publicize_connections":[],"jetpack_featured_media_url":"","jetpack_shortlink":"https:\/\/wp.me\/pbKhrD-jx0","jetpack-related-posts":[{"id":75049,"url":"https:\/\/www.jornalja.com.br\/geral\/prisoes-em-sao-paulo-poem-em-alerta-movimentos-populares\/","url_meta":{"origin":75082,"position":0},"title":"Pris\u00f5es em S\u00e3o Paulo p\u00f5em movimentos populares em alerta","author":"da Reda\u00e7\u00e3o","date":"24 de junho de 2019","format":false,"excerpt":"A pris\u00e3o de quatro l\u00edderes de movimentos por moradia na manh\u00e3 desta segunda-feira (24), em S\u00e3o Paulo, ganhou contornos pol\u00edticos ao longo do dia. As pris\u00f5es decorrem de um inqu\u00e9rito que investiga a ocupa\u00e7\u00e3o do edif\u00edcio Wilton Paes de Almeida. O pr\u00e9dio no Centro de S\u00e3o Paulo desabou ap\u00f3s ser\u2026","rel":"","context":"Em &quot;Geral-MAT\u00c9RIA&quot;","block_context":{"text":"Geral-MAT\u00c9RIA","link":"https:\/\/www.jornalja.com.br\/geral\/category\/geral\/"},"img":{"alt_text":"","src":"","width":0,"height":0},"classes":[]},{"id":100843,"url":"https:\/\/www.jornalja.com.br\/geral\/policia-civil-indicia-34-pessoas-por-suspeitas-de-fraudes-milionarias-na-educacao-em-porto-alegre\/","url_meta":{"origin":75082,"position":1},"title":"Pol\u00edcia Civil indicia 34 pessoas por suspeitas de fraudes milion\u00e1rias na Educa\u00e7\u00e3o em Porto Alegre","author":"da Reda\u00e7\u00e3o","date":"19 de fevereiro de 2026","format":false,"excerpt":"Nesta quinta-feira, 19 de fevereiro de 2026, a Pol\u00edcia Civil ga\u00facha finalizou o conjunto de inqu\u00e9ritos da Opera\u00e7\u00e3o Capa Dura, no total foram 34 pessoas indiciadas. O esquema pode ter movimentado mais de R$ 58 milh\u00f5es e funcionou dentro da Secretaria Municipal de Educa\u00e7\u00e3o de Porto Alegre (Smed) entre 2021\u2026","rel":"","context":"Em &quot;Geral-MAT\u00c9RIA&quot;","block_context":{"text":"Geral-MAT\u00c9RIA","link":"https:\/\/www.jornalja.com.br\/geral\/category\/geral\/"},"img":{"alt_text":"","src":"https:\/\/i0.wp.com\/www.jornalja.com.br\/geral\/wp-content\/uploads\/sites\/4\/2026\/02\/12100524-515394-gdo.jpeg?resize=350%2C200&ssl=1","width":350,"height":200,"srcset":"https:\/\/i0.wp.com\/www.jornalja.com.br\/geral\/wp-content\/uploads\/sites\/4\/2026\/02\/12100524-515394-gdo.jpeg?resize=350%2C200&ssl=1 1x, https:\/\/i0.wp.com\/www.jornalja.com.br\/geral\/wp-content\/uploads\/sites\/4\/2026\/02\/12100524-515394-gdo.jpeg?resize=525%2C300&ssl=1 1.5x, https:\/\/i0.wp.com\/www.jornalja.com.br\/geral\/wp-content\/uploads\/sites\/4\/2026\/02\/12100524-515394-gdo.jpeg?resize=700%2C400&ssl=1 2x"},"classes":[]},{"id":79885,"url":"https:\/\/www.jornalja.com.br\/geral\/policiais-civis-iniciam-vigilia-e-anunciam-greve-para-segunda-feira\/","url_meta":{"origin":75082,"position":2},"title":"Policiais civis iniciam vig\u00edlia e anunciam greve a partir de segunda-feira","author":"da Reda\u00e7\u00e3o","date":"11 de dezembro de 2019","format":false,"excerpt":"Em assembleia nesta ter\u00e7a-feira, 10, os policiais civis do Rio Grande do Sul decidiram entrar e greve a partir da pr\u00f3xima segunda-feira, 16. Depois da assembleia, no Pal\u00e1cio da Pol\u00edcia, os policiais sa\u00edram em marcha, cruzando avenidas de Porto Alegre em dire\u00e7\u00e3o ao Centro Hist\u00f3rico da Capital, para incorporar-se \u00e0\u2026","rel":"","context":"Em &quot;Geral-MAT\u00c9RIA&quot;","block_context":{"text":"Geral-MAT\u00c9RIA","link":"https:\/\/www.jornalja.com.br\/geral\/category\/geral\/"},"img":{"alt_text":"","src":"https:\/\/i0.wp.com\/www.jornalja.com.br\/wp-content\/uploads\/2019\/12\/Rio-Grande-do-Sul-Policia-Civil-cerca-pal%C3%A1cio-450x298.jpg?resize=350%2C200&ssl=1","width":350,"height":200},"classes":[]},{"id":90558,"url":"https:\/\/www.jornalja.com.br\/geral\/cozinha-solidaria-do-mtst-seguira-em-casa-cedida-no-bairro-azenha\/","url_meta":{"origin":75082,"position":3},"title":"Cozinha Solid\u00e1ria do MTST seguir\u00e1 em casa cedida no bairro Azenha","author":"Ramiro Sanchez","date":"13 de outubro de 2021","format":false,"excerpt":"Rua Marc\u00edlio Dias 1463. Ainda bairro Azenha. O Movimento dos Trabalhadores Sem Teto (MTST) recebeu ajuda na vizinhan\u00e7a e uma casa foi cedida para que a Cozinha Solid\u00e1ria da Azenha seja instalada temporariamente. A mudan\u00e7a de local foi feita em meio \u00e0 vig\u00edlia do despejo, entre a noite do feriado\u2026","rel":"","context":"Em &quot;Geral-MAT\u00c9RIA&quot;","block_context":{"text":"Geral-MAT\u00c9RIA","link":"https:\/\/www.jornalja.com.br\/geral\/category\/geral\/"},"img":{"alt_text":"","src":"https:\/\/i0.wp.com\/www.jornalja.com.br\/geral\/wp-content\/uploads\/sites\/4\/2021\/10\/6dabb4cd-8256-4e44-8cd2-45871e2521ad-scaled.jpeg?resize=350%2C200&ssl=1","width":350,"height":200,"srcset":"https:\/\/i0.wp.com\/www.jornalja.com.br\/geral\/wp-content\/uploads\/sites\/4\/2021\/10\/6dabb4cd-8256-4e44-8cd2-45871e2521ad-scaled.jpeg?resize=350%2C200&ssl=1 1x, https:\/\/i0.wp.com\/www.jornalja.com.br\/geral\/wp-content\/uploads\/sites\/4\/2021\/10\/6dabb4cd-8256-4e44-8cd2-45871e2521ad-scaled.jpeg?resize=525%2C300&ssl=1 1.5x, https:\/\/i0.wp.com\/www.jornalja.com.br\/geral\/wp-content\/uploads\/sites\/4\/2021\/10\/6dabb4cd-8256-4e44-8cd2-45871e2521ad-scaled.jpeg?resize=700%2C400&ssl=1 2x, https:\/\/i0.wp.com\/www.jornalja.com.br\/geral\/wp-content\/uploads\/sites\/4\/2021\/10\/6dabb4cd-8256-4e44-8cd2-45871e2521ad-scaled.jpeg?resize=1050%2C600&ssl=1 3x, https:\/\/i0.wp.com\/www.jornalja.com.br\/geral\/wp-content\/uploads\/sites\/4\/2021\/10\/6dabb4cd-8256-4e44-8cd2-45871e2521ad-scaled.jpeg?resize=1400%2C800&ssl=1 4x"},"classes":[]},{"id":95074,"url":"https:\/\/www.jornalja.com.br\/geral\/guilherme-simoes-periferia-tem-que-ir-para-o-centro-da-politica-urbana\/","url_meta":{"origin":75082,"position":4},"title":"Guilherme Sim\u00f5es: &#8220;Periferia tem que ir para o centro da pol\u00edtica urbana&#8221;","author":"da Reda\u00e7\u00e3o","date":"6 de fevereiro de 2023","format":false,"excerpt":"A Ag\u00eancia Brasil publica extensa entrevista com Guilherme Sim\u00f5es,\u00a0 que assumiu a rec\u00e9m criada Secretaria Nacional para Territ\u00f3rios Perif\u00e9ricos, uma das cinco secretarias que comp\u00f5em o Minist\u00e9rio das Cidades, extinta durante o governo Bolsonaro. Militante do Movimento dos Trabalhadores Sem Teto (MTST) desde 2005, Guilherme Sim\u00f5es\u00a0 v\u00ea na secretaria \"uma\u2026","rel":"","context":"Em &quot;Geral-MAT\u00c9RIA&quot;","block_context":{"text":"Geral-MAT\u00c9RIA","link":"https:\/\/www.jornalja.com.br\/geral\/category\/geral\/"},"img":{"alt_text":"","src":"https:\/\/i0.wp.com\/www.jornalja.com.br\/geral\/wp-content\/uploads\/sites\/4\/2023\/02\/guilherme-simoes.jpg?resize=350%2C200&ssl=1","width":350,"height":200,"srcset":"https:\/\/i0.wp.com\/www.jornalja.com.br\/geral\/wp-content\/uploads\/sites\/4\/2023\/02\/guilherme-simoes.jpg?resize=350%2C200&ssl=1 1x, https:\/\/i0.wp.com\/www.jornalja.com.br\/geral\/wp-content\/uploads\/sites\/4\/2023\/02\/guilherme-simoes.jpg?resize=525%2C300&ssl=1 1.5x, https:\/\/i0.wp.com\/www.jornalja.com.br\/geral\/wp-content\/uploads\/sites\/4\/2023\/02\/guilherme-simoes.jpg?resize=700%2C400&ssl=1 2x, https:\/\/i0.wp.com\/www.jornalja.com.br\/geral\/wp-content\/uploads\/sites\/4\/2023\/02\/guilherme-simoes.jpg?resize=1050%2C600&ssl=1 3x"},"classes":[]},{"id":100702,"url":"https:\/\/www.jornalja.com.br\/geral\/frei-sergio-1956-2026-o-missionario-dos-assentados\/","url_meta":{"origin":75082,"position":5},"title":"Frei Sergio (1956-2026), o mission\u00e1rio dos assentados","author":"Elmar Bones","date":"4 de fevereiro de 2026","format":false,"excerpt":"Geraldo Hasse Conheci Frei S\u00e9rgio em pessoa na feira do livro de Porto Alegre, onde ele lan\u00e7ou em 2017 \u201cTrincheiras da Resist\u00eancia Camponesa\u201d, um catatau de 616 p\u00e1ginas editado pelo Instituto Cultural Padre Josimo, que d\u00e1 suporte ao Movimento dos Pequenos Agricultores (MPA). Depois do aut\u00f3grafo \u2013 \u201cNa luta, sempre\u201d\u2026","rel":"","context":"Em &quot;Geral-MAT\u00c9RIA&quot;","block_context":{"text":"Geral-MAT\u00c9RIA","link":"https:\/\/www.jornalja.com.br\/geral\/category\/geral\/"},"img":{"alt_text":"","src":"https:\/\/i0.wp.com\/www.jornalja.com.br\/geral\/wp-content\/uploads\/sites\/4\/2026\/02\/frei-sergio-gorgen.png?resize=350%2C200&ssl=1","width":350,"height":200},"classes":[]}],"jetpack_sharing_enabled":true,"_links":{"self":[{"href":"https:\/\/www.jornalja.com.br\/geral\/wp-json\/wp\/v2\/posts\/75082","targetHints":{"allow":["GET"]}}],"collection":[{"href":"https:\/\/www.jornalja.com.br\/geral\/wp-json\/wp\/v2\/posts"}],"about":[{"href":"https:\/\/www.jornalja.com.br\/geral\/wp-json\/wp\/v2\/types\/post"}],"author":[{"embeddable":true,"href":"https:\/\/www.jornalja.com.br\/geral\/wp-json\/wp\/v2\/users\/4"}],"replies":[{"embeddable":true,"href":"https:\/\/www.jornalja.com.br\/geral\/wp-json\/wp\/v2\/comments?post=75082"}],"version-history":[{"count":0,"href":"https:\/\/www.jornalja.com.br\/geral\/wp-json\/wp\/v2\/posts\/75082\/revisions"}],"wp:featuredmedia":[{"embeddable":true,"href":"https:\/\/www.jornalja.com.br\/geral\/wp-json\/"}],"wp:attachment":[{"href":"https:\/\/www.jornalja.com.br\/geral\/wp-json\/wp\/v2\/media?parent=75082"}],"wp:term":[{"taxonomy":"category","embeddable":true,"href":"https:\/\/www.jornalja.com.br\/geral\/wp-json\/wp\/v2\/categories?post=75082"},{"taxonomy":"post_tag","embeddable":true,"href":"https:\/\/www.jornalja.com.br\/geral\/wp-json\/wp\/v2\/tags?post=75082"}],"curies":[{"name":"wp","href":"https:\/\/api.w.org\/{rel}","templated":true}]}}