{"id":75097,"date":"2019-06-26T17:59:18","date_gmt":"2019-06-26T20:59:18","guid":{"rendered":"https:\/\/www.jornalja.com.br\/?p=75097"},"modified":"2019-06-26T17:59:18","modified_gmt":"2019-06-26T20:59:18","slug":"prefeitura-faz-acordo-para-implantar-reconhecimento-facial-em-porto-alegre","status":"publish","type":"post","link":"https:\/\/www.jornalja.com.br\/geral\/prefeitura-faz-acordo-para-implantar-reconhecimento-facial-em-porto-alegre\/","title":{"rendered":"Prefeitura faz acordo para implantar reconhecimento facial em Porto Alegre"},"content":{"rendered":"<p>A Prefeitura de Porto Alegre assina nesta quinta-feira, 27, \u00e0s 11h, termo de coopera\u00e7\u00e3o com Estado do Rio Grande do Sul, Tribunal de Justi\u00e7a e Minist\u00e9rio P\u00fablico para acesso rec\u00edproco a informa\u00e7\u00f5es de seguran\u00e7a e compartilhamento de dados.<br \/>\nO termo prev\u00ea ced\u00eancia de equipamentos e uso do sistema de reconhecimento facial com o acesso a base de dados de indiv\u00edduos procurados, foragidos do sistema prisional ou com restri\u00e7\u00e3o de acesso a est\u00e1dios de futebol.<br \/>\nO ato acontece no no Sal\u00e3o Nobre do Pa\u00e7o Municipal (Pra\u00e7a Montevid\u00e9o, 10).<\/p>\n<p style=\"font-weight: 400\">&#8230;<\/p>\n","protected":false},"excerpt":{"rendered":"<p>A Prefeitura de Porto Alegre assina nesta quinta-feira, 27, \u00e0s 11h, termo de coopera\u00e7\u00e3o com Estado do Rio Grande do Sul, Tribunal de Justi\u00e7a e Minist\u00e9rio P\u00fablico para acesso rec\u00edproco a informa\u00e7\u00f5es de seguran\u00e7a e compartilhamento de dados. O termo prev\u00ea ced\u00eancia de equipamentos e uso do sistema de reconhecimento facial com o acesso a [&hellip;]<\/p>\n","protected":false},"author":4,"featured_media":75098,"comment_status":"open","ping_status":"closed","sticky":false,"template":"","format":"standard","meta":{"jetpack_post_was_ever_published":false,"_jetpack_newsletter_access":"","_jetpack_dont_email_post_to_subs":false,"_jetpack_newsletter_tier_id":0,"_jetpack_memberships_contains_paywalled_content":false,"_jetpack_memberships_contains_paid_content":false,"footnotes":"","jetpack_publicize_message":"","jetpack_publicize_feature_enabled":true,"jetpack_social_post_already_shared":true,"jetpack_social_options":{"image_generator_settings":{"template":"highway","default_image_id":0,"font":"","enabled":false},"version":2}},"categories":[2],"tags":[],"class_list":["post-75097","post","type-post","status-publish","format-standard","has-post-thumbnail","hentry","category-geral"],"aioseo_notices":[],"jetpack_publicize_connections":[],"jetpack_featured_media_url":"","jetpack_shortlink":"https:\/\/wp.me\/pbKhrD-jxf","jetpack-related-posts":[{"id":100646,"url":"https:\/\/www.jornalja.com.br\/geral\/corrida-aos-consignados-causa-colapso-no-sistema-do-meu-inss-em-porto-alegre-houve-tumulto\/","url_meta":{"origin":75097,"position":0},"title":"Corrida aos consignados causa colapso no sistema do INSS; em Porto Alegre houve tumulto","author":"Elmar Bones","date":"26 de janeiro de 2026","format":false,"excerpt":"\u00c0 v\u00e9spera de uma paralisa\u00e7\u00e3o programada para atualiza\u00e7\u00e3o do sistema, o INSS foi surpreendido com uma avalanche de acessos em busca de empr\u00e9stimos consignados. O presidente do INSS, Gilberto Waller,\u00a0 disse em entrevista \u00e0 Ga\u00facha que o aplicativo Meu INSS colapsou diante de uma demanda seis vezes maior nos \u00faltimos\u2026","rel":"","context":"Em &quot;MANCHETE do Site&quot;","block_context":{"text":"MANCHETE do Site","link":"https:\/\/www.jornalja.com.br\/geral\/category\/manchete-do-site\/"},"img":{"alt_text":"","src":"https:\/\/i0.wp.com\/www.jornalja.com.br\/geral\/wp-content\/uploads\/sites\/4\/2026\/01\/inss-consignados-demanda.png?resize=350%2C200&ssl=1","width":350,"height":200},"classes":[]},{"id":76366,"url":"https:\/\/www.jornalja.com.br\/geral\/sorria-voce-esta-cercado-de-cameras\/","url_meta":{"origin":75097,"position":1},"title":"Sorria, voc\u00ea est\u00e1 cercado de c\u00e2meras","author":"da Reda\u00e7\u00e3o","date":"15 de agosto de 2019","format":false,"excerpt":"A Prefeitura de Porto Alegre assina nesta quinta-feira, 15, \u00e0s 9h30, em solenidade no Pa\u00e7o Municipal, contrato com empresa vencedora de licita\u00e7\u00e3o para aquisi\u00e7\u00e3o de kits do cercamento eletr\u00f4nico. S\u00e3o 93 kits para monitoramento de ve\u00edculos que v\u00e3o controlar 186 pistas, contemplando 100% das entradas e sa\u00eddas do munic\u00edpio e\u2026","rel":"","context":"Em &quot;Geral-MAT\u00c9RIA&quot;","block_context":{"text":"Geral-MAT\u00c9RIA","link":"https:\/\/www.jornalja.com.br\/geral\/category\/geral\/"},"img":{"alt_text":"","src":"","width":0,"height":0},"classes":[]},{"id":100257,"url":"https:\/\/www.jornalja.com.br\/geral\/reforma-interminavel-100-de-atraso-e-40-de-aumento-no-custo-das-obras-do-viaduto\/","url_meta":{"origin":75097,"position":2},"title":"Reforma intermin\u00e1vel: 100% de atraso e 40% de aumento no custo nas obras do Viaduto","author":"da Reda\u00e7\u00e3o","date":"24 de novembro de 2025","format":false,"excerpt":"Dados divulgados pelo vereador Pedro Ruas na semana passada e n\u00e3o contestados questionam o andamento da reforma do Viaduto Ot\u00e1vio Rocha, em Porto Alegre. L\u00edder do PSOL e decano da C\u00e2mara Municipal, Ruas diz que \"houve cinco termos aditivos sucessivos para a obra do Viaduto Ot\u00e1vio Rocha, na avenida Borges\u2026","rel":"","context":"Em &quot;Geral-MAT\u00c9RIA&quot;","block_context":{"text":"Geral-MAT\u00c9RIA","link":"https:\/\/www.jornalja.com.br\/geral\/category\/geral\/"},"img":{"alt_text":"","src":"https:\/\/i0.wp.com\/www.jornalja.com.br\/geral\/wp-content\/uploads\/sites\/4\/2025\/11\/viaduto-homens-do-sirex-scaled.jpg?resize=350%2C200&ssl=1","width":350,"height":200,"srcset":"https:\/\/i0.wp.com\/www.jornalja.com.br\/geral\/wp-content\/uploads\/sites\/4\/2025\/11\/viaduto-homens-do-sirex-scaled.jpg?resize=350%2C200&ssl=1 1x, https:\/\/i0.wp.com\/www.jornalja.com.br\/geral\/wp-content\/uploads\/sites\/4\/2025\/11\/viaduto-homens-do-sirex-scaled.jpg?resize=525%2C300&ssl=1 1.5x, https:\/\/i0.wp.com\/www.jornalja.com.br\/geral\/wp-content\/uploads\/sites\/4\/2025\/11\/viaduto-homens-do-sirex-scaled.jpg?resize=700%2C400&ssl=1 2x, https:\/\/i0.wp.com\/www.jornalja.com.br\/geral\/wp-content\/uploads\/sites\/4\/2025\/11\/viaduto-homens-do-sirex-scaled.jpg?resize=1050%2C600&ssl=1 3x, https:\/\/i0.wp.com\/www.jornalja.com.br\/geral\/wp-content\/uploads\/sites\/4\/2025\/11\/viaduto-homens-do-sirex-scaled.jpg?resize=1400%2C800&ssl=1 4x"},"classes":[]},{"id":100243,"url":"https:\/\/www.jornalja.com.br\/geral\/governo-federal-financia-compra-de-100-onibus-eletricos-para-porto-alegre\/","url_meta":{"origin":75097,"position":3},"title":"Governo federal financia compra de 100 \u00f4nibus el\u00e9tricos para Porto Alegre","author":"Elmar Bones","date":"18 de novembro de 2025","format":false,"excerpt":"O Banco Nacional de Desenvolvimento Econ\u00f4mico vai financiar a compra de 100 \u00f4nibus el\u00e9tricos para o transporte coletivo de Porto Alegre. A C\u00e2mara Municipal autorizou nesta segunda-feira o prefeito Sebasti\u00e3o Melo a contratar o financiamento no valor de R$ 447 milh\u00f5es com o banco estatal. O financiamento integra o programa\u2026","rel":"","context":"Em &quot;Geral-MAT\u00c9RIA&quot;","block_context":{"text":"Geral-MAT\u00c9RIA","link":"https:\/\/www.jornalja.com.br\/geral\/category\/geral\/"},"img":{"alt_text":"","src":"","width":0,"height":0},"classes":[]},{"id":98997,"url":"https:\/\/www.jornalja.com.br\/geral\/aumento-de-doencas-respiratorias-prefeitura-decreta-emergencia-em-porto-alegre\/","url_meta":{"origin":75097,"position":4},"title":"Aumento de doen\u00e7as respirat\u00f3rias: Prefeitura decreta emerg\u00eancia em Porto Alegre","author":"da Reda\u00e7\u00e3o","date":"18 de maio de 2025","format":false,"excerpt":"Diante do avan\u00e7o da sazonalidade de v\u00edrus respirat\u00f3rios e da alta nas interna\u00e7\u00f5es por S\u00edndrome Respirat\u00f3ria Aguda Grave (Srag), a Prefeitura de Porto Alegre declarou emerg\u00eancia em sa\u00fade p\u00fablica no munic\u00edpio. O decreto est\u00e1 publicado no Di\u00e1rio Oficial de Porto Alegre (Dopa) desta sexta-feira, 16. A medida tem como objetivo\u2026","rel":"","context":"Em &quot;Geral-MAT\u00c9RIA&quot;","block_context":{"text":"Geral-MAT\u00c9RIA","link":"https:\/\/www.jornalja.com.br\/geral\/category\/geral\/"},"img":{"alt_text":"","src":"https:\/\/i0.wp.com\/www.jornalja.com.br\/geral\/wp-content\/uploads\/sites\/4\/2025\/05\/saude-emergencia-do-clinicas-foto-clovis-prates-hcpa.png?resize=350%2C200&ssl=1","width":350,"height":200,"srcset":"https:\/\/i0.wp.com\/www.jornalja.com.br\/geral\/wp-content\/uploads\/sites\/4\/2025\/05\/saude-emergencia-do-clinicas-foto-clovis-prates-hcpa.png?resize=350%2C200&ssl=1 1x, https:\/\/i0.wp.com\/www.jornalja.com.br\/geral\/wp-content\/uploads\/sites\/4\/2025\/05\/saude-emergencia-do-clinicas-foto-clovis-prates-hcpa.png?resize=525%2C300&ssl=1 1.5x"},"classes":[]},{"id":91910,"url":"https:\/\/www.jornalja.com.br\/geral\/prefeitura-de-porto-alegre-vai-credenciar-empresa-para-servico-de-compartilhamento-de-bicicletas\/","url_meta":{"origin":75097,"position":5},"title":"Prefeitura de Porto Alegre vai credenciar empresa para servi\u00e7o de compartilhamento de bicicletas","author":"da Reda\u00e7\u00e3o","date":"21 de mar\u00e7o de 2022","format":false,"excerpt":"A Prefeitura, atrav\u00e9s da Secretaria Municipal de Mobilidade Urbana e da\u00a0 Empresa P\u00fablica de Transporte e Circula\u00e7\u00e3o (EPTC), est\u00e1 com chamamento p\u00fablico aberto para o credenciamento de empresas para explora\u00e7\u00e3o, instala\u00e7\u00e3o, manuten\u00e7\u00e3o e opera\u00e7\u00e3o do servi\u00e7o de compartilhamento de bicicletas. A primeira chamada acontece at\u00e9 as 18h do dia 14\u2026","rel":"","context":"Em &quot;Geral-MAT\u00c9RIA&quot;","block_context":{"text":"Geral-MAT\u00c9RIA","link":"https:\/\/www.jornalja.com.br\/geral\/category\/geral\/"},"img":{"alt_text":"","src":"https:\/\/i0.wp.com\/www.jornalja.com.br\/geral\/wp-content\/uploads\/sites\/4\/2022\/03\/hipoa-museu-ibere.jpg?resize=350%2C200&ssl=1","width":350,"height":200},"classes":[]}],"jetpack_sharing_enabled":true,"_links":{"self":[{"href":"https:\/\/www.jornalja.com.br\/geral\/wp-json\/wp\/v2\/posts\/75097","targetHints":{"allow":["GET"]}}],"collection":[{"href":"https:\/\/www.jornalja.com.br\/geral\/wp-json\/wp\/v2\/posts"}],"about":[{"href":"https:\/\/www.jornalja.com.br\/geral\/wp-json\/wp\/v2\/types\/post"}],"author":[{"embeddable":true,"href":"https:\/\/www.jornalja.com.br\/geral\/wp-json\/wp\/v2\/users\/4"}],"replies":[{"embeddable":true,"href":"https:\/\/www.jornalja.com.br\/geral\/wp-json\/wp\/v2\/comments?post=75097"}],"version-history":[{"count":0,"href":"https:\/\/www.jornalja.com.br\/geral\/wp-json\/wp\/v2\/posts\/75097\/revisions"}],"wp:featuredmedia":[{"embeddable":true,"href":"https:\/\/www.jornalja.com.br\/geral\/wp-json\/"}],"wp:attachment":[{"href":"https:\/\/www.jornalja.com.br\/geral\/wp-json\/wp\/v2\/media?parent=75097"}],"wp:term":[{"taxonomy":"category","embeddable":true,"href":"https:\/\/www.jornalja.com.br\/geral\/wp-json\/wp\/v2\/categories?post=75097"},{"taxonomy":"post_tag","embeddable":true,"href":"https:\/\/www.jornalja.com.br\/geral\/wp-json\/wp\/v2\/tags?post=75097"}],"curies":[{"name":"wp","href":"https:\/\/api.w.org\/{rel}","templated":true}]}}