{"id":75180,"date":"2019-07-02T15:06:12","date_gmt":"2019-07-02T18:06:12","guid":{"rendered":"https:\/\/www.jornalja.com.br\/?p=75180"},"modified":"2019-07-02T15:06:12","modified_gmt":"2019-07-02T18:06:12","slug":"oposicao-entrou-derrotada-na-sessao-que-vota-a-privatizacao-da-ceee-sulgas-e-crm","status":"publish","type":"post","link":"https:\/\/www.jornalja.com.br\/geral\/oposicao-entrou-derrotada-na-sessao-que-vota-a-privatizacao-da-ceee-sulgas-e-crm\/","title":{"rendered":"Oposi\u00e7\u00e3o entrou derrotada na sess\u00e3o que vota a privatiza\u00e7\u00e3o da CEEE, Sulgas e CRM"},"content":{"rendered":"<p>&#8220;Vamos lutar como nunca&#8230;e perder como sempre&#8221;.<br \/>\nA frase jocosa era ouvida em gabinetes oposi\u00e7\u00e3o da Assembl\u00e9ia Legislativa j\u00e1 na v\u00e9spera da vota\u00e7\u00e3o dos projetos que autorizam o governo ga\u00facho a vender tr\u00eas empresas estatais.<br \/>\nCom os \u00faltimos mapas das inten\u00e7\u00f5es de voto na\u00a0 m\u00e3o, os assessores das bancadas de oposi\u00e7\u00e3o n\u00e3o tinham mais d\u00favidas: o governo teria no m\u00ednimo 40 votos entre os 55 parlamentares.<br \/>\nOs votos garantidos contra os tr\u00eas projetos de privatiza\u00e7\u00e3o n\u00e3o iam al\u00e9m de dez: 8 do Partido dos Trabalhadores, 1 do PSOl e 1 do PDT.<br \/>\nEsta avalia\u00e7\u00e3o realista se refletiu no \u00e2nimo das entidades de servidores que resistem \u00e0 privatiza\u00e7\u00e3o pretendida desde o governo passado: apesar do aparato militar, com grades bloqueando a entrada da Assembl\u00e9ia e um pelot\u00e3o do choque, armado de bombas e g\u00e1s de pimenta estacionado na garagem, na hora da vota\u00e7\u00e3o, nesta ter\u00e7a-feira, n\u00e3o houve as manifesta\u00e7\u00f5es esperadas.<br \/>\nAs manifesta\u00e7\u00f5es se concentraram nas galerias lotadas por funcion\u00e1rios das empresas a serem privatizadas.<br \/>\nVeja a sess\u00e3o em andamento:<br \/>\n<iframe title=\"TV Assembleia RS - Assista agora\" width=\"500\" height=\"375\" src=\"https:\/\/www.youtube.com\/embed\/CPy2HiYOjgg?feature=oembed\" frameborder=\"0\" allow=\"accelerometer; autoplay; clipboard-write; encrypted-media; gyroscope; picture-in-picture; web-share\" referrerpolicy=\"strict-origin-when-cross-origin\" allowfullscreen><\/iframe><\/p>\n","protected":false},"excerpt":{"rendered":"<p>&#8220;Vamos lutar como nunca&#8230;e perder como sempre&#8221;. A frase jocosa era ouvida em gabinetes oposi\u00e7\u00e3o da Assembl\u00e9ia Legislativa j\u00e1 na v\u00e9spera da vota\u00e7\u00e3o dos projetos que autorizam o governo ga\u00facho a vender tr\u00eas empresas estatais. Com os \u00faltimos mapas das inten\u00e7\u00f5es de voto na\u00a0 m\u00e3o, os assessores das bancadas de oposi\u00e7\u00e3o n\u00e3o tinham mais d\u00favidas: [&hellip;]<\/p>\n","protected":false},"author":4,"featured_media":75188,"comment_status":"open","ping_status":"closed","sticky":false,"template":"","format":"standard","meta":{"jetpack_post_was_ever_published":false,"_jetpack_newsletter_access":"","_jetpack_dont_email_post_to_subs":false,"_jetpack_newsletter_tier_id":0,"_jetpack_memberships_contains_paywalled_content":false,"_jetpack_memberships_contains_paid_content":false,"footnotes":"","jetpack_publicize_message":"","jetpack_publicize_feature_enabled":true,"jetpack_social_post_already_shared":true,"jetpack_social_options":{"image_generator_settings":{"template":"highway","default_image_id":0,"font":"","enabled":false},"version":2}},"categories":[2],"tags":[],"class_list":["post-75180","post","type-post","status-publish","format-standard","has-post-thumbnail","hentry","category-geral"],"aioseo_notices":[],"jetpack_publicize_connections":[],"jetpack_featured_media_url":"","jetpack_shortlink":"https:\/\/wp.me\/pbKhrD-jyA","jetpack-related-posts":[{"id":100041,"url":"https:\/\/www.jornalja.com.br\/geral\/frente-convoca-nova-manifestacao-contra-a-privatizacao-do-dmae\/","url_meta":{"origin":75180,"position":0},"title":"Frente convoca nova manifesta\u00e7\u00e3o contra a privatiza\u00e7\u00e3o do DMAE","author":"da Reda\u00e7\u00e3o","date":"19 de outubro de 2025","format":false,"excerpt":"A concentra\u00e7\u00e3o come\u00e7a a partir das 11h de quarta-feira, na C\u00e2mara de Vereadores de Porto Alegre. A \"Frente em Defesa da \u00c1gua e do DMAE P\u00fablico e Estatal\" decidiu intensificar a mobiliza\u00e7\u00e3o contra o Projeto de Lei 028\/2025, que deve ser votado na C\u00e2mara de Vereadores na pr\u00f3xima quarta-feira (22\/10).\u2026","rel":"","context":"Em &quot;Geral-MAT\u00c9RIA&quot;","block_context":{"text":"Geral-MAT\u00c9RIA","link":"https:\/\/www.jornalja.com.br\/geral\/category\/geral\/"},"img":{"alt_text":"","src":"https:\/\/i0.wp.com\/www.jornalja.com.br\/geral\/wp-content\/uploads\/sites\/4\/2025\/10\/dmae-guarda-municipal-reprimiu-protesto.jpeg?resize=350%2C200&ssl=1","width":350,"height":200,"srcset":"https:\/\/i0.wp.com\/www.jornalja.com.br\/geral\/wp-content\/uploads\/sites\/4\/2025\/10\/dmae-guarda-municipal-reprimiu-protesto.jpeg?resize=350%2C200&ssl=1 1x, https:\/\/i0.wp.com\/www.jornalja.com.br\/geral\/wp-content\/uploads\/sites\/4\/2025\/10\/dmae-guarda-municipal-reprimiu-protesto.jpeg?resize=525%2C300&ssl=1 1.5x, https:\/\/i0.wp.com\/www.jornalja.com.br\/geral\/wp-content\/uploads\/sites\/4\/2025\/10\/dmae-guarda-municipal-reprimiu-protesto.jpeg?resize=700%2C400&ssl=1 2x"},"classes":[]},{"id":100064,"url":"https:\/\/www.jornalja.com.br\/geral\/camara-cercada-com-barreiras-metalicas-e-acesso-restrito-para-votar-privatizacao-do-dmae\/","url_meta":{"origin":75180,"position":1},"title":"C\u00e2mara cercada com barreiras met\u00e1licas e acesso restrito para votar privatiza\u00e7\u00e3o do DMAE","author":"da Reda\u00e7\u00e3o","date":"22 de outubro de 2025","format":false,"excerpt":"Quando chegaram os primeiros manifestantes, por volta das dez horas da manh\u00e3, a C\u00e2mara Municipal de Porto Alegre j\u00e1 estava cercada com barreiras met\u00e1licas que impediam a entrada de ve\u00edculos e pessoas. Um r\u00edgido protocolo de seguran\u00e7a foi distribu\u00eddo logo cedo para todos os gabinetes, limitando o acesso ao plen\u00e1rio,\u2026","rel":"","context":"Em &quot;Geral-MAT\u00c9RIA&quot;","block_context":{"text":"Geral-MAT\u00c9RIA","link":"https:\/\/www.jornalja.com.br\/geral\/category\/geral\/"},"img":{"alt_text":"","src":"https:\/\/i0.wp.com\/www.jornalja.com.br\/geral\/wp-content\/uploads\/sites\/4\/2025\/10\/privatizaao-do-dmae-camara-bloqueada.jpg?resize=350%2C200&ssl=1","width":350,"height":200,"srcset":"https:\/\/i0.wp.com\/www.jornalja.com.br\/geral\/wp-content\/uploads\/sites\/4\/2025\/10\/privatizaao-do-dmae-camara-bloqueada.jpg?resize=350%2C200&ssl=1 1x, https:\/\/i0.wp.com\/www.jornalja.com.br\/geral\/wp-content\/uploads\/sites\/4\/2025\/10\/privatizaao-do-dmae-camara-bloqueada.jpg?resize=525%2C300&ssl=1 1.5x, https:\/\/i0.wp.com\/www.jornalja.com.br\/geral\/wp-content\/uploads\/sites\/4\/2025\/10\/privatizaao-do-dmae-camara-bloqueada.jpg?resize=700%2C400&ssl=1 2x, https:\/\/i0.wp.com\/www.jornalja.com.br\/geral\/wp-content\/uploads\/sites\/4\/2025\/10\/privatizaao-do-dmae-camara-bloqueada.jpg?resize=1050%2C600&ssl=1 3x, https:\/\/i0.wp.com\/www.jornalja.com.br\/geral\/wp-content\/uploads\/sites\/4\/2025\/10\/privatizaao-do-dmae-camara-bloqueada.jpg?resize=1400%2C800&ssl=1 4x"},"classes":[]},{"id":100371,"url":"https:\/\/www.jornalja.com.br\/geral\/plano-diretor-decisao-fica-para-2026-oposicao-aposta-na-mobilizacao-das-comunidades-para-alterar-o-projeto\/","url_meta":{"origin":75180,"position":2},"title":"Plano Diretor: decis\u00e3o fica para 2026; oposi\u00e7\u00e3o aposta na mobiliza\u00e7\u00e3o das comunidades para alterar o projeto","author":"da Reda\u00e7\u00e3o","date":"11 de dezembro de 2025","format":false,"excerpt":"N\u00e3o houve surpresa. A Comiss\u00e3o Especial da C\u00e2mara Municipal aprovou seu relat\u00f3rio final sobre o novo Plano Diretor de Porto Alegre e as novas regras de uso do solo,\u00a0 nesta quarta-feira 10\/12. Foram nove votos favor\u00e1veis e cinco contr\u00e1rios. Na pr\u00f3xima semana, o texto entra em discuss\u00e3o para ser votado\u2026","rel":"","context":"Em &quot;Geral-MAT\u00c9RIA&quot;","block_context":{"text":"Geral-MAT\u00c9RIA","link":"https:\/\/www.jornalja.com.br\/geral\/category\/geral\/"},"img":{"alt_text":"","src":"https:\/\/i0.wp.com\/www.jornalja.com.br\/geral\/wp-content\/uploads\/sites\/4\/2025\/12\/plano-diretor-essa.jpg?resize=350%2C200&ssl=1","width":350,"height":200,"srcset":"https:\/\/i0.wp.com\/www.jornalja.com.br\/geral\/wp-content\/uploads\/sites\/4\/2025\/12\/plano-diretor-essa.jpg?resize=350%2C200&ssl=1 1x, https:\/\/i0.wp.com\/www.jornalja.com.br\/geral\/wp-content\/uploads\/sites\/4\/2025\/12\/plano-diretor-essa.jpg?resize=525%2C300&ssl=1 1.5x"},"classes":[]},{"id":100072,"url":"https:\/\/www.jornalja.com.br\/geral\/camara-autoriza-concessao-do-dmae-oposicao-diz-que-e-cheque-em-branco\/","url_meta":{"origin":75180,"position":3},"title":"Camara autoriza concess\u00e3o do DMAE; oposi\u00e7\u00e3o diz que \u00e9 cheque em branco","author":"da Reda\u00e7\u00e3o","date":"23 de outubro de 2025","format":false,"excerpt":"Durou onze horas e meia a sess\u00e3o da Camara Municipal de Porto Alegre que aprovou o projeto de concess\u00e3o parcial do Departamento Municipal de \u00c1guas e Esgotos, o DMAE, uma institui\u00e7\u00e3o da cidade com mais de 60 anos de servi\u00e7os prestados. A vota\u00e7\u00e3o foi tensa. Desde a manh\u00e3, foram colocados\u2026","rel":"","context":"Em &quot;Geral-MAT\u00c9RIA&quot;","block_context":{"text":"Geral-MAT\u00c9RIA","link":"https:\/\/www.jornalja.com.br\/geral\/category\/geral\/"},"img":{"alt_text":"","src":"https:\/\/i0.wp.com\/www.jornalja.com.br\/geral\/wp-content\/uploads\/sites\/4\/2025\/10\/dmae-plenario.jpg?resize=350%2C200&ssl=1","width":350,"height":200,"srcset":"https:\/\/i0.wp.com\/www.jornalja.com.br\/geral\/wp-content\/uploads\/sites\/4\/2025\/10\/dmae-plenario.jpg?resize=350%2C200&ssl=1 1x, https:\/\/i0.wp.com\/www.jornalja.com.br\/geral\/wp-content\/uploads\/sites\/4\/2025\/10\/dmae-plenario.jpg?resize=525%2C300&ssl=1 1.5x"},"classes":[]},{"id":89862,"url":"https:\/\/www.jornalja.com.br\/geral\/projeto-que-autoriza-privatizacao-da-carris-e-aprovado-na-camara-de-vereadores\/","url_meta":{"origin":75180,"position":4},"title":"Projeto que autoriza privatiza\u00e7\u00e3o da Carris \u00e9 aprovado","author":"Felipe Uhr","date":"8 de setembro de 2021","format":false,"excerpt":"Foi aprovado na noite desta quarta-feira, por 23 votos a favor e 13 contra, o projeto que autoriza a desestatiza\u00e7\u00e3o da estatal do transporte p\u00fablico, a centen\u00e1ria Carris Porto Alegrense. O PLE 13\/21 \u00e9 o segundo projeto de um pacote de medidas enviadas pelo prefeito Sebasti\u00e3o Melo\u00a0 \u00e0 C\u00e2mara Municipal\u2026","rel":"","context":"Em &quot;Geral-MAT\u00c9RIA&quot;","block_context":{"text":"Geral-MAT\u00c9RIA","link":"https:\/\/www.jornalja.com.br\/geral\/category\/geral\/"},"img":{"alt_text":"","src":"https:\/\/i0.wp.com\/www.jornalja.com.br\/geral\/wp-content\/uploads\/sites\/4\/2021\/09\/1e683ccc-d321-408f-8d1f-f26b8bfb1847.jpg?resize=350%2C200&ssl=1","width":350,"height":200,"srcset":"https:\/\/i0.wp.com\/www.jornalja.com.br\/geral\/wp-content\/uploads\/sites\/4\/2021\/09\/1e683ccc-d321-408f-8d1f-f26b8bfb1847.jpg?resize=350%2C200&ssl=1 1x, https:\/\/i0.wp.com\/www.jornalja.com.br\/geral\/wp-content\/uploads\/sites\/4\/2021\/09\/1e683ccc-d321-408f-8d1f-f26b8bfb1847.jpg?resize=525%2C300&ssl=1 1.5x, https:\/\/i0.wp.com\/www.jornalja.com.br\/geral\/wp-content\/uploads\/sites\/4\/2021\/09\/1e683ccc-d321-408f-8d1f-f26b8bfb1847.jpg?resize=700%2C400&ssl=1 2x, https:\/\/i0.wp.com\/www.jornalja.com.br\/geral\/wp-content\/uploads\/sites\/4\/2021\/09\/1e683ccc-d321-408f-8d1f-f26b8bfb1847.jpg?resize=1050%2C600&ssl=1 3x, https:\/\/i0.wp.com\/www.jornalja.com.br\/geral\/wp-content\/uploads\/sites\/4\/2021\/09\/1e683ccc-d321-408f-8d1f-f26b8bfb1847.jpg?resize=1400%2C800&ssl=1 4x"},"classes":[]},{"id":100366,"url":"https:\/\/www.jornalja.com.br\/geral\/camara-comeca-a-votar-o-novo-plano-diretor-de-porto-alegre-vai-destruir-os-nossos-bairros\/","url_meta":{"origin":75180,"position":5},"title":"C\u00e2mara come\u00e7a  a votar o novo Plano Diretor de Porto Alegre: &#8220;Vai destruir os nossos bairros&#8221;","author":"Elmar Bones","date":"9 de dezembro de 2025","format":false,"excerpt":"A C\u00e2mara de Vereadores vota nesta quarta-feira, 10\/12 o relat\u00f3rio da Comiss\u00e3o Especial que analisou o projeto de revis\u00e3o do Plano Diretor de Porto Alegre. \u00c9 o primeiro passo para a valida\u00e7\u00e3o do plano, que o prefeito Sebasti\u00e3o Melo quer ver aprovado\u00a0 ainda este ano. Na verdade, n\u00e3o \u00e9 uma\u2026","rel":"","context":"Em &quot;Geral-MAT\u00c9RIA&quot;","block_context":{"text":"Geral-MAT\u00c9RIA","link":"https:\/\/www.jornalja.com.br\/geral\/category\/geral\/"},"img":{"alt_text":"","src":"","width":0,"height":0},"classes":[]}],"jetpack_sharing_enabled":true,"_links":{"self":[{"href":"https:\/\/www.jornalja.com.br\/geral\/wp-json\/wp\/v2\/posts\/75180","targetHints":{"allow":["GET"]}}],"collection":[{"href":"https:\/\/www.jornalja.com.br\/geral\/wp-json\/wp\/v2\/posts"}],"about":[{"href":"https:\/\/www.jornalja.com.br\/geral\/wp-json\/wp\/v2\/types\/post"}],"author":[{"embeddable":true,"href":"https:\/\/www.jornalja.com.br\/geral\/wp-json\/wp\/v2\/users\/4"}],"replies":[{"embeddable":true,"href":"https:\/\/www.jornalja.com.br\/geral\/wp-json\/wp\/v2\/comments?post=75180"}],"version-history":[{"count":0,"href":"https:\/\/www.jornalja.com.br\/geral\/wp-json\/wp\/v2\/posts\/75180\/revisions"}],"wp:featuredmedia":[{"embeddable":true,"href":"https:\/\/www.jornalja.com.br\/geral\/wp-json\/"}],"wp:attachment":[{"href":"https:\/\/www.jornalja.com.br\/geral\/wp-json\/wp\/v2\/media?parent=75180"}],"wp:term":[{"taxonomy":"category","embeddable":true,"href":"https:\/\/www.jornalja.com.br\/geral\/wp-json\/wp\/v2\/categories?post=75180"},{"taxonomy":"post_tag","embeddable":true,"href":"https:\/\/www.jornalja.com.br\/geral\/wp-json\/wp\/v2\/tags?post=75180"}],"curies":[{"name":"wp","href":"https:\/\/api.w.org\/{rel}","templated":true}]}}