{"id":75275,"date":"2019-07-08T21:48:05","date_gmt":"2019-07-09T00:48:05","guid":{"rendered":"https:\/\/www.jornalja.com.br\/?p=75275"},"modified":"2019-07-08T21:48:05","modified_gmt":"2019-07-09T00:48:05","slug":"justica-italiana-condena-24-a-prisao-perpetua-por-envolvimento-com-a-operacao-condor","status":"publish","type":"post","link":"https:\/\/www.jornalja.com.br\/geral\/justica-italiana-condena-24-a-prisao-perpetua-por-envolvimento-com-a-operacao-condor\/","title":{"rendered":"Justi\u00e7a italiana condena 24 \u00e0 pris\u00e3o perp\u00e9tua por envolvimento com a opera\u00e7\u00e3o Condor"},"content":{"rendered":"<p>A Justi\u00e7a italiana condenou hoje (8) \u00e0 pris\u00e3o perp\u00e9tua 24 envolvidos na Opera\u00e7\u00e3o Condor.<br \/>\n<span style=\"font-weight: 300\">Entre os condenados est\u00e3o ex-chefes de Estado e expoentes dos servi\u00e7os militares e de seguran\u00e7a da Bol\u00edvia, Chile, Peru e Uruguai, acusados de sequestrar e assassinar 23 cidad\u00e3os de origem italiana que viviam em pa\u00edses sul-americanos durante as d\u00e9cadas de 1970 e 1980.<\/span><br \/>\nA chamada Opera\u00e7\u00e3o Condor foi uma estrat\u00e9gia pol\u00edtico-militar conjunta de ditaduras do Cone Sul para exterminar advers\u00e1rios. O Brasil foi s\u00f3cio ativo desse clube sinistro, mas por enquanto nenhum brasileiro entrou na lista do tribunal italiano.<br \/>\nCom a decis\u00e3o de hoje, o Tribunal de Apela\u00e7\u00e3o de Roma alterou a senten\u00e7a de primeira inst\u00e2ncia, proferida em 2017, que estabelecia oito pris\u00f5es perp\u00e9tuas e 19 absolvi\u00e7\u00f5es por delitos prescritos.<br \/>\nO processo come\u00e7ou h\u00e1 20 anos, em 1999, com a den\u00fancia na It\u00e1lia, de familiares de desaparecidos. Inicialmente, a investiga\u00e7\u00e3o inclu\u00eda 140 pessoas, incluindo 11 brasileiros, mas problemas burocr\u00e1ticos ligados \u00e0 morte de muitos dos suspeitos reduziram o n\u00famero de r\u00e9us.<br \/>\nO ex-militar uruguaio Jorge N\u00e9stor Troccoli \u00e9 um dos condenados e foi o \u00fanico a comparecer ao julgamento, pois tem cidadania italiana e reside no pa\u00eds desde 2007, quando fugiu do Uruguai ap\u00f3s ter confessado participar de torturas. Troccoli era considerado um membro da intelig\u00eancia uruguaia ligada \u00e0 ent\u00e3o ditadura de seu pa\u00eds.<br \/>\nEm abril deste ano, o governo uruguaio enviou \u00e0 Justi\u00e7a italiana informa\u00e7\u00f5es de que Troccoli teria atuado na organiza\u00e7\u00e3o de um voo que resultou no desaparecimento de 22 uruguaios.<br \/>\nTamb\u00e9m foram condenados o ex-presidente boliviano Luis Garcia Meza Tejada, falecido no ano passado; Luis Arce Gomez, ex-ministro do Interior da Bol\u00edvia; Juan Carlos Blanco, ex-ministro das Rela\u00e7\u00f5es Exteriores do Uruguai; o chileno Jeronimo Hern\u00e1n Ramirez Ramirez e o ex-presidente peruano Francisco Rafael Cerruti Bermudez<\/p>\n","protected":false},"excerpt":{"rendered":"<p>A Justi\u00e7a italiana condenou hoje (8) \u00e0 pris\u00e3o perp\u00e9tua 24 envolvidos na Opera\u00e7\u00e3o Condor. Entre os condenados est\u00e3o ex-chefes de Estado e expoentes dos servi\u00e7os militares e de seguran\u00e7a da Bol\u00edvia, Chile, Peru e Uruguai, acusados de sequestrar e assassinar 23 cidad\u00e3os de origem italiana que viviam em pa\u00edses sul-americanos durante as d\u00e9cadas de 1970 [&hellip;]<\/p>\n","protected":false},"author":4,"featured_media":75285,"comment_status":"open","ping_status":"closed","sticky":false,"template":"","format":"standard","meta":{"jetpack_post_was_ever_published":false,"_jetpack_newsletter_access":"","_jetpack_dont_email_post_to_subs":false,"_jetpack_newsletter_tier_id":0,"_jetpack_memberships_contains_paywalled_content":false,"_jetpack_memberships_contains_paid_content":false,"footnotes":"","jetpack_publicize_message":"","jetpack_publicize_feature_enabled":true,"jetpack_social_post_already_shared":true,"jetpack_social_options":{"image_generator_settings":{"template":"highway","default_image_id":0,"font":"","enabled":false},"version":2}},"categories":[2],"tags":[],"class_list":["post-75275","post","type-post","status-publish","format-standard","has-post-thumbnail","hentry","category-geral"],"aioseo_notices":[],"jetpack_publicize_connections":[],"jetpack_featured_media_url":"","jetpack_shortlink":"https:\/\/wp.me\/pbKhrD-jA7","jetpack-related-posts":[{"id":72224,"url":"https:\/\/www.jornalja.com.br\/geral\/caso-battisti-extradicao-ainda-tem-que-passar-pelo-brasil\/","url_meta":{"origin":75275,"position":0},"title":"Pol\u00edcia italiana levou 26 anos para capturar Cesare Battisti","author":"da Reda\u00e7\u00e3o","date":"13 de janeiro de 2019","format":false,"excerpt":"Uma equipe da Interpol formada por agentes italianos e brasileiros capturou Cesare Battisti, condenado \u00e0 pris\u00e3o perp\u00e9tua na It\u00e1lia por quatro assassinatos. Mais de 40 anos se passaram desde os crimes atribu\u00eddos a ele (que se diz inocente) at\u00e9 este s\u00e1bado, 12, quando foi abordado pelos policiais numa rua\u00a0de Santa\u2026","rel":"","context":"Em &quot;Geral-MAT\u00c9RIA&quot;","block_context":{"text":"Geral-MAT\u00c9RIA","link":"https:\/\/www.jornalja.com.br\/geral\/category\/geral\/"},"img":{"alt_text":"","src":"","width":0,"height":0},"classes":[]},{"id":100159,"url":"https:\/\/www.jornalja.com.br\/geral\/empresario-condenado-a-indenizar-lula-por-danos-morais\/","url_meta":{"origin":75275,"position":1},"title":"Empres\u00e1rio condenado a indenizar Lula por danos morais","author":"da Reda\u00e7\u00e3o","date":"3 de novembro de 2025","format":false,"excerpt":"Luciano Hang, o \"v\u00e9io da Havan\", foi condenado a pagar\u00a0 33 mil reais ao presidente Lula, por danos morais. No ver\u00e3o de 2020, o empres\u00e1rio fez avi\u00f5es sobrevoarem as praias de Santa Catarina com faixas ofensivas: \u201cLula cachaceiro, devolva meu dinheiro\u201d. \u201cLula na cadeia, eu com o p\u00e9 na areia\u201d,\u2026","rel":"","context":"Em &quot;Geral-MAT\u00c9RIA&quot;","block_context":{"text":"Geral-MAT\u00c9RIA","link":"https:\/\/www.jornalja.com.br\/geral\/category\/geral\/"},"img":{"alt_text":"","src":"https:\/\/i0.wp.com\/www.jornalja.com.br\/geral\/wp-content\/uploads\/sites\/4\/2021\/06\/bolsonaro-luciano-da-havan.jpg?resize=350%2C200&ssl=1","width":350,"height":200,"srcset":"https:\/\/i0.wp.com\/www.jornalja.com.br\/geral\/wp-content\/uploads\/sites\/4\/2021\/06\/bolsonaro-luciano-da-havan.jpg?resize=350%2C200&ssl=1 1x, https:\/\/i0.wp.com\/www.jornalja.com.br\/geral\/wp-content\/uploads\/sites\/4\/2021\/06\/bolsonaro-luciano-da-havan.jpg?resize=525%2C300&ssl=1 1.5x, https:\/\/i0.wp.com\/www.jornalja.com.br\/geral\/wp-content\/uploads\/sites\/4\/2021\/06\/bolsonaro-luciano-da-havan.jpg?resize=700%2C400&ssl=1 2x"},"classes":[]},{"id":100744,"url":"https:\/\/www.jornalja.com.br\/geral\/afastamento-de-dias-toffoli-do-caso-master-sela-a-mais-grave-crise-do-judiciario-desde-o-imperio\/","url_meta":{"origin":75275,"position":2},"title":"Afastamento de Dias Toffoli do caso Master sela a mais grave crise do judici\u00e1rio desde o Imp\u00e9rio","author":"Elmar Bones","date":"16 de fevereiro de 2026","format":false,"excerpt":"A sa\u00edda do ministro Dias Toffoli da relatoria do caso Master, que se deu ap\u00f3s a Pol\u00edcia Federal encontrar no celular de Daniel Vorcaro, dono do Master, men\u00e7\u00f5es ao ministro da Suprema Corte, culmina em uma crise sem precedentes na hist\u00f3ria do judici\u00e1rio brasileiro. H\u00e1 juristas e historiadores que consideram\u2026","rel":"","context":"Em &quot;Geral-MAT\u00c9RIA&quot;","block_context":{"text":"Geral-MAT\u00c9RIA","link":"https:\/\/www.jornalja.com.br\/geral\/category\/geral\/"},"img":{"alt_text":"","src":"https:\/\/i0.wp.com\/www.jornalja.com.br\/geral\/wp-content\/uploads\/sites\/4\/2026\/02\/0d9a7589-1-4.jpg?resize=350%2C200&ssl=1","width":350,"height":200,"srcset":"https:\/\/i0.wp.com\/www.jornalja.com.br\/geral\/wp-content\/uploads\/sites\/4\/2026\/02\/0d9a7589-1-4.jpg?resize=350%2C200&ssl=1 1x, https:\/\/i0.wp.com\/www.jornalja.com.br\/geral\/wp-content\/uploads\/sites\/4\/2026\/02\/0d9a7589-1-4.jpg?resize=525%2C300&ssl=1 1.5x, https:\/\/i0.wp.com\/www.jornalja.com.br\/geral\/wp-content\/uploads\/sites\/4\/2026\/02\/0d9a7589-1-4.jpg?resize=700%2C400&ssl=1 2x"},"classes":[]},{"id":100289,"url":"https:\/\/www.jornalja.com.br\/geral\/stf-encerra-julgamento-de-bolsonaro-27-anos-e-seis-meses-de-prisao\/","url_meta":{"origin":75275,"position":3},"title":"STF encerra julgamento de Bolsonaro: 27 anos e tr\u00eas meses de pris\u00e3o","author":"da Reda\u00e7\u00e3o","date":"25 de novembro de 2025","format":false,"excerpt":"O Supremo Tribunal Federal (STF) considerou que o processo do ex-presidente Jair Bolsonaro por golpe de Estado transitou em julgado. Ou seja: n\u00e3o cabem mais recursos. A decis\u00e3o foi anunciada no in\u00edcio da tarde desta ter\u00e7a-feira, 25 de novembro Al\u00e9m de Bolsonaro,\u00a0 foi concluso tamb\u00e9m julgamento de Alexandre Ramagem (PL-RJ),\u2026","rel":"","context":"Em &quot;Geral-MAT\u00c9RIA&quot;","block_context":{"text":"Geral-MAT\u00c9RIA","link":"https:\/\/www.jornalja.com.br\/geral\/category\/geral\/"},"img":{"alt_text":"","src":"https:\/\/i0.wp.com\/www.jornalja.com.br\/geral\/wp-content\/uploads\/sites\/4\/2025\/11\/bolsonaro-preso-2.png?resize=350%2C200&ssl=1","width":350,"height":200,"srcset":"https:\/\/i0.wp.com\/www.jornalja.com.br\/geral\/wp-content\/uploads\/sites\/4\/2025\/11\/bolsonaro-preso-2.png?resize=350%2C200&ssl=1 1x, https:\/\/i0.wp.com\/www.jornalja.com.br\/geral\/wp-content\/uploads\/sites\/4\/2025\/11\/bolsonaro-preso-2.png?resize=525%2C300&ssl=1 1.5x"},"classes":[]},{"id":100261,"url":"https:\/\/www.jornalja.com.br\/geral\/elevado-risco-de-fuga-diz-alexandre-de-moraes-ao-decretar-a-prisao-de-bolsonaro\/","url_meta":{"origin":75275,"position":4},"title":"&#8220;Elevado risco de fuga&#8221;, diz Alexandre de Moraes ao decretar a pris\u00e3o de Bolsonaro","author":"da Reda\u00e7\u00e3o","date":"22 de novembro de 2025","format":false,"excerpt":"O ex-presidente Jair Bolsonaro foi preso por volta das seis horas da manh\u00e3 deste s\u00e1bado (22). Em nota, a Pol\u00edcia Federal informou que cumpriu um mandado de pris\u00e3o preventiva expedido pelo Supremo Tribunal Federal (STF). Na sexta-feira (21) o senador Fl\u00e1vio Bolsonaro (PL) convocou, pelas redes sociais uma vig\u00edlia de\u2026","rel":"","context":"Em &quot;Geral-MAT\u00c9RIA&quot;","block_context":{"text":"Geral-MAT\u00c9RIA","link":"https:\/\/www.jornalja.com.br\/geral\/category\/geral\/"},"img":{"alt_text":"","src":"https:\/\/i0.wp.com\/www.jornalja.com.br\/geral\/wp-content\/uploads\/sites\/4\/2025\/11\/bolsonaro-preso-2.png?resize=350%2C200&ssl=1","width":350,"height":200,"srcset":"https:\/\/i0.wp.com\/www.jornalja.com.br\/geral\/wp-content\/uploads\/sites\/4\/2025\/11\/bolsonaro-preso-2.png?resize=350%2C200&ssl=1 1x, https:\/\/i0.wp.com\/www.jornalja.com.br\/geral\/wp-content\/uploads\/sites\/4\/2025\/11\/bolsonaro-preso-2.png?resize=525%2C300&ssl=1 1.5x"},"classes":[]},{"id":100233,"url":"https:\/\/www.jornalja.com.br\/geral\/100233-2\/","url_meta":{"origin":75275,"position":5},"title":"STF publica ac\u00f3rd\u00e3o do julgamento que manteve condena\u00e7\u00e3o; Bolsonaro ainda tem cinco dias para recorrer","author":"da Reda\u00e7\u00e3o","date":"17 de novembro de 2025","format":false,"excerpt":"Est\u00e1 publicado no \"Di\u00e1rio de Justi\u00e7a Eletr\u00f4nico\" desta ter\u00e7a-feira, 18,\u00a0 o ac\u00f3rd\u00e3o do julgamento em que o STF rejeitou os recursos do ex-presidente Jair Bolsonaro e mais seis r\u00e9us condenados pela tentativa de golpe de Estados. Com a publica\u00e7\u00e3o do ac\u00f3rd\u00e3o (o resultado do julgamento), correm os prazos para a\u2026","rel":"","context":"Em &quot;Geral-MAT\u00c9RIA&quot;","block_context":{"text":"Geral-MAT\u00c9RIA","link":"https:\/\/www.jornalja.com.br\/geral\/category\/geral\/"},"img":{"alt_text":"","src":"https:\/\/i0.wp.com\/www.jornalja.com.br\/geral\/wp-content\/uploads\/sites\/4\/2025\/09\/bolsonaro-julgameto.png?resize=350%2C200&ssl=1","width":350,"height":200},"classes":[]}],"jetpack_sharing_enabled":true,"_links":{"self":[{"href":"https:\/\/www.jornalja.com.br\/geral\/wp-json\/wp\/v2\/posts\/75275","targetHints":{"allow":["GET"]}}],"collection":[{"href":"https:\/\/www.jornalja.com.br\/geral\/wp-json\/wp\/v2\/posts"}],"about":[{"href":"https:\/\/www.jornalja.com.br\/geral\/wp-json\/wp\/v2\/types\/post"}],"author":[{"embeddable":true,"href":"https:\/\/www.jornalja.com.br\/geral\/wp-json\/wp\/v2\/users\/4"}],"replies":[{"embeddable":true,"href":"https:\/\/www.jornalja.com.br\/geral\/wp-json\/wp\/v2\/comments?post=75275"}],"version-history":[{"count":0,"href":"https:\/\/www.jornalja.com.br\/geral\/wp-json\/wp\/v2\/posts\/75275\/revisions"}],"wp:featuredmedia":[{"embeddable":true,"href":"https:\/\/www.jornalja.com.br\/geral\/wp-json\/"}],"wp:attachment":[{"href":"https:\/\/www.jornalja.com.br\/geral\/wp-json\/wp\/v2\/media?parent=75275"}],"wp:term":[{"taxonomy":"category","embeddable":true,"href":"https:\/\/www.jornalja.com.br\/geral\/wp-json\/wp\/v2\/categories?post=75275"},{"taxonomy":"post_tag","embeddable":true,"href":"https:\/\/www.jornalja.com.br\/geral\/wp-json\/wp\/v2\/tags?post=75275"}],"curies":[{"name":"wp","href":"https:\/\/api.w.org\/{rel}","templated":true}]}}