{"id":75336,"date":"2019-07-13T22:08:18","date_gmt":"2019-07-14T01:08:18","guid":{"rendered":"https:\/\/www.jornalja.com.br\/?p=75336"},"modified":"2019-07-13T22:08:18","modified_gmt":"2019-07-14T01:08:18","slug":"porto-alegre-inovadora-em-busca-de-identidade","status":"publish","type":"post","link":"https:\/\/www.jornalja.com.br\/geral\/porto-alegre-inovadora-em-busca-de-identidade\/","title":{"rendered":"Porto Alegre inovadora em busca de identidade"},"content":{"rendered":"<p>Criar uma identidade visual como ponto de partida para inspirar projetos inovadores em Porto Alegre.<br \/>\nCom este intuito, o workshop Insights sobre Porto Alegre coletou, nesta sexta-feira, 12, no campus da Unisinos, as ideias que refletem as percep\u00e7\u00f5es dos mais diversos segmentos sociais da Capital.<br \/>\nO evento \u00e9 uma a\u00e7\u00e3o paralela do Pacto Alegre, alian\u00e7a do poder p\u00fablico e sociedade civil organizada que pretende transformar a cidade em refer\u00eancia de inova\u00e7\u00e3o e qualidade de vida.<br \/>\nPromovido pela Associa\u00e7\u00e3o Brasileira das Empresas de Design do RS (Abedesign-RS), o workshop reuniu mais de 120 volunt\u00e1rios vindos de \u00e1reas perif\u00e9ricas e regi\u00f5es centrais do munic\u00edpio.<br \/>\nAs experi\u00eancias compartilhadas voluntariamente no encontro ser\u00e3o usadas como guia para construir o posicionamento de uma marca para Porto Alegre, a exemplo de cidades como Nova York (Estados Unidos) e Melbourne (Austr\u00e1lia).<br \/>\nO secret\u00e1rio de Comunica\u00e7\u00e3o, Orestes de Andrade Jr., explica que o objetivo \u00e9 criar uma identidade a v\u00e1rias m\u00e3os.<br \/>\n\u201cVamos analisar o passado e o presente junto da popula\u00e7\u00e3o para projetar o futuro. <span style=\"font-weight: 300\">Algo que simbolize o que realmente a cidade representa tanto para n\u00f3s, quanto para o estado, o Brasil e, sobretudo, o mundo\u201d, esclarece.<\/span><br \/>\nPara o diretor de Inova\u00e7\u00e3o da Secretaria Municipal de Desenvolvimento Econ\u00f4mico (SMDE), Paulo Ardenghi, a melhor forma de avan\u00e7ar \u00e9 atrav\u00e9s da constru\u00e7\u00e3o coletiva.<br \/>\n\u201cEssa \u00e9 a grande import\u00e2ncia do Pacto Alegre, onde as pessoas s\u00e3o chamadas a sentar para dialogar e pensar, tendo a Prefeitura como um part\u00edcipe, e n\u00e3o como respons\u00e1vel \u00fanica\u201d, enfatiza.<br \/>\nSegundo \u00c1tila Franco, diretor regional da Abedesign-RS, a inten\u00e7\u00e3o \u00e9 dar um novo olhar que represente toda a diversidade da Capital. \u201cA gente sabe que existem muitos gargalos, como em toda grande cidade, mas existem muitas coisas que n\u00f3s mesmos conseguimos resolver se tivermos vis\u00f5es positivas de futuro\u201d, afirma.<br \/>\n\u201cEntender as diversas facetas \u00e9tnicas, culturais e de g\u00eanero s\u00e3o o caminho para uma Porto Alegre mais moderna\u201d, acrescenta Kdoo Guerreiro, do Kilombo da Arte, um dos movimentos convidados para a a\u00e7\u00e3o.<br \/>\nOs volunt\u00e1rios foram divididos em dez grupos din\u00e2micos e dialogaram sobre \u201ca Porto Alegre que deve ser reconhecida por n\u00f3s ou pelo mundo\u201d.<br \/>\nEm quatro rodadas de 30 minutos, eles responderam a quest\u00f5es sobre o que era bom no passado, o que seria incr\u00edvel no futuro, pontos positivos atuais, qual frase define a cidade e o que isso representa para avan\u00e7ar.<br \/>\nAs ideias foram agrupadas para que seja definida nos pr\u00f3ximos encontros a vis\u00e3o coletiva da Capital. A apresenta\u00e7\u00e3o final sera feita no in\u00edcio de dezembro.<br \/>\n(Com informa\u00e7\u00f5es da Assessoria de Imprensa)<\/p>\n","protected":false},"excerpt":{"rendered":"<p>Criar uma identidade visual como ponto de partida para inspirar projetos inovadores em Porto Alegre. Com este intuito, o workshop Insights sobre Porto Alegre coletou, nesta sexta-feira, 12, no campus da Unisinos, as ideias que refletem as percep\u00e7\u00f5es dos mais diversos segmentos sociais da Capital. O evento \u00e9 uma a\u00e7\u00e3o paralela do Pacto Alegre, alian\u00e7a [&hellip;]<\/p>\n","protected":false},"author":4,"featured_media":75365,"comment_status":"open","ping_status":"closed","sticky":false,"template":"","format":"standard","meta":{"jetpack_post_was_ever_published":false,"_jetpack_newsletter_access":"","_jetpack_dont_email_post_to_subs":false,"_jetpack_newsletter_tier_id":0,"_jetpack_memberships_contains_paywalled_content":false,"_jetpack_memberships_contains_paid_content":false,"footnotes":"","jetpack_publicize_message":"","jetpack_publicize_feature_enabled":true,"jetpack_social_post_already_shared":true,"jetpack_social_options":{"image_generator_settings":{"template":"highway","default_image_id":0,"font":"","enabled":false},"version":2}},"categories":[2],"tags":[],"class_list":["post-75336","post","type-post","status-publish","format-standard","has-post-thumbnail","hentry","category-geral"],"aioseo_notices":[],"jetpack_publicize_connections":[],"jetpack_featured_media_url":"","jetpack_shortlink":"https:\/\/wp.me\/pbKhrD-jB6","jetpack-related-posts":[{"id":101113,"url":"https:\/\/www.jornalja.com.br\/geral\/chefe-do-mp-rs-plano-diretor-de-porto-alegre-e-mais-voltado-para-construcao-que-para-prevenir-enchentes\/","url_meta":{"origin":75336,"position":0},"title":"Chefe do MP-RS: \u201cPlano Diretor de Porto Alegre \u00e9 mais voltado para constru\u00e7\u00e3o que para prevenir enchentes&#8221;","author":"da Reda\u00e7\u00e3o","date":"21 de abril de 2026","format":false,"excerpt":"O projeto do novo Plano Diretor de Porto Alegre, que tramita h\u00e1 mais de ano e est\u00e1 em fase final de vota\u00e7\u00e3o na C\u00e2mara Municipal, tem indicativos de aprova\u00e7\u00e3o, pela for\u00e7a da maioria que o prefeito Sebasti\u00e3o Melo tem no legislativo. J\u00e1, estudos do Minist\u00e9rio P\u00fablico apontam \"falhas jur\u00eddicas\" no\u2026","rel":"","context":"Em &quot;Geral-MAT\u00c9RIA&quot;","block_context":{"text":"Geral-MAT\u00c9RIA","link":"https:\/\/www.jornalja.com.br\/geral\/category\/geral\/"},"img":{"alt_text":"","src":"https:\/\/i0.wp.com\/www.jornalja.com.br\/geral\/wp-content\/uploads\/sites\/4\/2026\/04\/whatsapp-image-2026-04-01-at-164602-1536x1023-1.jpeg?resize=350%2C200&ssl=1","width":350,"height":200,"srcset":"https:\/\/i0.wp.com\/www.jornalja.com.br\/geral\/wp-content\/uploads\/sites\/4\/2026\/04\/whatsapp-image-2026-04-01-at-164602-1536x1023-1.jpeg?resize=350%2C200&ssl=1 1x, https:\/\/i0.wp.com\/www.jornalja.com.br\/geral\/wp-content\/uploads\/sites\/4\/2026\/04\/whatsapp-image-2026-04-01-at-164602-1536x1023-1.jpeg?resize=525%2C300&ssl=1 1.5x, https:\/\/i0.wp.com\/www.jornalja.com.br\/geral\/wp-content\/uploads\/sites\/4\/2026\/04\/whatsapp-image-2026-04-01-at-164602-1536x1023-1.jpeg?resize=700%2C400&ssl=1 2x, https:\/\/i0.wp.com\/www.jornalja.com.br\/geral\/wp-content\/uploads\/sites\/4\/2026\/04\/whatsapp-image-2026-04-01-at-164602-1536x1023-1.jpeg?resize=1050%2C600&ssl=1 3x, https:\/\/i0.wp.com\/www.jornalja.com.br\/geral\/wp-content\/uploads\/sites\/4\/2026\/04\/whatsapp-image-2026-04-01-at-164602-1536x1023-1.jpeg?resize=1400%2C800&ssl=1 4x"},"classes":[]},{"id":100965,"url":"https:\/\/www.jornalja.com.br\/geral\/debate-o-novo-plano-diretor-respeita-o-direito-a-cidade\/","url_meta":{"origin":75336,"position":1},"title":"Debate: &#8220;O Novo Plano Diretor Respeita o Direito \u00e0 Cidade?&#8221;","author":"da Reda\u00e7\u00e3o","date":"30 de mar\u00e7o de 2026","format":false,"excerpt":"Sul21, Brasil de Fato e IAB-RS promovem um debate sobre o Plano Diretor de Porto Alegre, no dia 30 de mar\u00e7o. O evento \u201cO Novo Plano Diretor Respeita o Direito \u00e0 Cidade?\u201d ser\u00e1 realizado a partir das 19h30, no solar do IAB, que fica na Rua General Canabarro, n\u00ba 363,\u2026","rel":"","context":"Em &quot;Geral-MAT\u00c9RIA&quot;","block_context":{"text":"Geral-MAT\u00c9RIA","link":"https:\/\/www.jornalja.com.br\/geral\/category\/geral\/"},"img":{"alt_text":"","src":"https:\/\/i0.wp.com\/www.jornalja.com.br\/geral\/wp-content\/uploads\/sites\/4\/2026\/03\/ede-8942.jpg?resize=350%2C200&ssl=1","width":350,"height":200,"srcset":"https:\/\/i0.wp.com\/www.jornalja.com.br\/geral\/wp-content\/uploads\/sites\/4\/2026\/03\/ede-8942.jpg?resize=350%2C200&ssl=1 1x, https:\/\/i0.wp.com\/www.jornalja.com.br\/geral\/wp-content\/uploads\/sites\/4\/2026\/03\/ede-8942.jpg?resize=525%2C300&ssl=1 1.5x, https:\/\/i0.wp.com\/www.jornalja.com.br\/geral\/wp-content\/uploads\/sites\/4\/2026\/03\/ede-8942.jpg?resize=700%2C400&ssl=1 2x, https:\/\/i0.wp.com\/www.jornalja.com.br\/geral\/wp-content\/uploads\/sites\/4\/2026\/03\/ede-8942.jpg?resize=1050%2C600&ssl=1 3x, https:\/\/i0.wp.com\/www.jornalja.com.br\/geral\/wp-content\/uploads\/sites\/4\/2026\/03\/ede-8942.jpg?resize=1400%2C800&ssl=1 4x"},"classes":[]},{"id":100251,"url":"https:\/\/www.jornalja.com.br\/geral\/evento-na-redencao-marca-os-30-anos-do-samu-em-porto-alegre\/","url_meta":{"origin":75336,"position":2},"title":"Evento na Reden\u00e7\u00e3o marca os 30  anos do SAMU em Porto Alegre","author":"Elmar Bones","date":"20 de novembro de 2025","format":false,"excerpt":"O Servi\u00e7o de Atendimento M\u00f3vel de Urg\u00eancia (Samu) de Porto Alegre \u00e9 pioneiro no pa\u00eds e refer\u00eancia nacional h\u00e1 30 anos. O anivers\u00e1rio foi marcado esta semana por um Simp\u00f3sio sobre Atendimento Pr\u00e9-Hospitalar, com mesas-redondas, palestras e pain\u00e9is, no anfiteatro do Hospital de Cl\u00ednicas de Porto Alegre. Participaram profissionais de\u2026","rel":"","context":"Em &quot;Geral-MAT\u00c9RIA&quot;","block_context":{"text":"Geral-MAT\u00c9RIA","link":"https:\/\/www.jornalja.com.br\/geral\/category\/geral\/"},"img":{"alt_text":"","src":"https:\/\/i0.wp.com\/www.jornalja.com.br\/geral\/wp-content\/uploads\/sites\/4\/2025\/11\/samu.jpg?resize=350%2C200&ssl=1","width":350,"height":200,"srcset":"https:\/\/i0.wp.com\/www.jornalja.com.br\/geral\/wp-content\/uploads\/sites\/4\/2025\/11\/samu.jpg?resize=350%2C200&ssl=1 1x, https:\/\/i0.wp.com\/www.jornalja.com.br\/geral\/wp-content\/uploads\/sites\/4\/2025\/11\/samu.jpg?resize=525%2C300&ssl=1 1.5x, https:\/\/i0.wp.com\/www.jornalja.com.br\/geral\/wp-content\/uploads\/sites\/4\/2025\/11\/samu.jpg?resize=700%2C400&ssl=1 2x"},"classes":[]},{"id":100898,"url":"https:\/\/www.jornalja.com.br\/geral\/porto-alegre-grupo-de-santa-catarina-arremata-por-r-10-mil-o-que-resta-do-porto\/","url_meta":{"origin":75336,"position":3},"title":"Porto Alegre: grupo de Santa Catarina arremata por R$ 10 mil o que resta do porto","author":"Elmar Bones","date":"1 de mar\u00e7o de 2026","format":false,"excerpt":"O Cais Navegantes, o \u00faltimo dos terminais portu\u00e1rios de Porto Alegre capaz de receber embarca\u00e7\u00f5es de grande porte, foi arrematado em leil\u00e3o na Bolsa de Valores de S\u00e3o Paulo, nesta sexta-feira, 27 de fevereiro de 2026. Com um lance de R$ 10 mil, o\u00a0Cons\u00f3rcio Portos do Sul, de Santa Catarina,\u2026","rel":"","context":"Em &quot;Geral-MAT\u00c9RIA&quot;","block_context":{"text":"Geral-MAT\u00c9RIA","link":"https:\/\/www.jornalja.com.br\/geral\/category\/geral\/"},"img":{"alt_text":"","src":"https:\/\/i0.wp.com\/www.jornalja.com.br\/geral\/wp-content\/uploads\/sites\/4\/2026\/03\/porto-porto-alegre.jpeg?resize=350%2C200&ssl=1","width":350,"height":200,"srcset":"https:\/\/i0.wp.com\/www.jornalja.com.br\/geral\/wp-content\/uploads\/sites\/4\/2026\/03\/porto-porto-alegre.jpeg?resize=350%2C200&ssl=1 1x, https:\/\/i0.wp.com\/www.jornalja.com.br\/geral\/wp-content\/uploads\/sites\/4\/2026\/03\/porto-porto-alegre.jpeg?resize=525%2C300&ssl=1 1.5x, https:\/\/i0.wp.com\/www.jornalja.com.br\/geral\/wp-content\/uploads\/sites\/4\/2026\/03\/porto-porto-alegre.jpeg?resize=700%2C400&ssl=1 2x"},"classes":[]},{"id":101014,"url":"https:\/\/www.jornalja.com.br\/geral\/porto-alegre-avanca-na-votacao-do-plano-diretor-sob-criticas-de-fatiamento-e-riscos-climaticos\/","url_meta":{"origin":75336,"position":4},"title":"Porto Alegre avan\u00e7a na vota\u00e7\u00e3o do Plano Diretor sob cr\u00edticas de \u201cfatiamento\u201d e riscos clim\u00e1ticos","author":"da Reda\u00e7\u00e3o","date":"5 de abril de 2026","format":false,"excerpt":"A C\u00e2mara Municipal de Porto Alegre entrou na fase final da revis\u00e3o do Plano Diretor. Ap\u00f3s meses de impasse, um acordo entre a base do prefeito Sebasti\u00e3o Melo (MDB) e a oposi\u00e7\u00e3o acelerou a vota\u00e7\u00e3o de mais de 200 emendas. A expectativa \u00e9 que o texto final seja apreciado ainda\u2026","rel":"","context":"Em &quot;Geral-MAT\u00c9RIA&quot;","block_context":{"text":"Geral-MAT\u00c9RIA","link":"https:\/\/www.jornalja.com.br\/geral\/category\/geral\/"},"img":{"alt_text":"","src":"https:\/\/i0.wp.com\/www.jornalja.com.br\/geral\/wp-content\/uploads\/sites\/4\/2026\/04\/ede-5907-foto-ederson-nunescmpa.jpg?resize=350%2C200&ssl=1","width":350,"height":200,"srcset":"https:\/\/i0.wp.com\/www.jornalja.com.br\/geral\/wp-content\/uploads\/sites\/4\/2026\/04\/ede-5907-foto-ederson-nunescmpa.jpg?resize=350%2C200&ssl=1 1x, https:\/\/i0.wp.com\/www.jornalja.com.br\/geral\/wp-content\/uploads\/sites\/4\/2026\/04\/ede-5907-foto-ederson-nunescmpa.jpg?resize=525%2C300&ssl=1 1.5x, https:\/\/i0.wp.com\/www.jornalja.com.br\/geral\/wp-content\/uploads\/sites\/4\/2026\/04\/ede-5907-foto-ederson-nunescmpa.jpg?resize=700%2C400&ssl=1 2x, https:\/\/i0.wp.com\/www.jornalja.com.br\/geral\/wp-content\/uploads\/sites\/4\/2026\/04\/ede-5907-foto-ederson-nunescmpa.jpg?resize=1050%2C600&ssl=1 3x, https:\/\/i0.wp.com\/www.jornalja.com.br\/geral\/wp-content\/uploads\/sites\/4\/2026\/04\/ede-5907-foto-ederson-nunescmpa.jpg?resize=1400%2C800&ssl=1 4x"},"classes":[]},{"id":100981,"url":"https:\/\/www.jornalja.com.br\/geral\/carta-de-porto-alegre-propoe-frente-global-em-defesa-da-democracia\/","url_meta":{"origin":75336,"position":5},"title":"&#8220;Carta de Porto Alegre&#8221; prop\u00f5e frente global em defesa da democracia","author":"da Reda\u00e7\u00e3o","date":"31 de mar\u00e7o de 2026","format":false,"excerpt":"Na quinta-feira, Ol\u00edvio Dutra foi o primeiro a falar. Disse que a luta contra o fascismo \u00e9, essencialmente, uma luta contra governos que n\u00e3o colocam a vida humana como prioridade central das pol\u00edticas p\u00fablicas. \u201cA democracia deve ser social e participativa, e n\u00e3o um instrumento controlado por minorias ou pelo\u2026","rel":"","context":"Em &quot;Geral-MAT\u00c9RIA&quot;","block_context":{"text":"Geral-MAT\u00c9RIA","link":"https:\/\/www.jornalja.com.br\/geral\/category\/geral\/"},"img":{"alt_text":"","src":"https:\/\/i0.wp.com\/www.jornalja.com.br\/geral\/wp-content\/uploads\/sites\/4\/2026\/03\/systemuploadsnews36af8a82acdf9331cdd-700x460xfit-0aec1.jpg?resize=350%2C200&ssl=1","width":350,"height":200,"srcset":"https:\/\/i0.wp.com\/www.jornalja.com.br\/geral\/wp-content\/uploads\/sites\/4\/2026\/03\/systemuploadsnews36af8a82acdf9331cdd-700x460xfit-0aec1.jpg?resize=350%2C200&ssl=1 1x, https:\/\/i0.wp.com\/www.jornalja.com.br\/geral\/wp-content\/uploads\/sites\/4\/2026\/03\/systemuploadsnews36af8a82acdf9331cdd-700x460xfit-0aec1.jpg?resize=525%2C300&ssl=1 1.5x, https:\/\/i0.wp.com\/www.jornalja.com.br\/geral\/wp-content\/uploads\/sites\/4\/2026\/03\/systemuploadsnews36af8a82acdf9331cdd-700x460xfit-0aec1.jpg?resize=700%2C400&ssl=1 2x"},"classes":[]}],"jetpack_sharing_enabled":true,"_links":{"self":[{"href":"https:\/\/www.jornalja.com.br\/geral\/wp-json\/wp\/v2\/posts\/75336","targetHints":{"allow":["GET"]}}],"collection":[{"href":"https:\/\/www.jornalja.com.br\/geral\/wp-json\/wp\/v2\/posts"}],"about":[{"href":"https:\/\/www.jornalja.com.br\/geral\/wp-json\/wp\/v2\/types\/post"}],"author":[{"embeddable":true,"href":"https:\/\/www.jornalja.com.br\/geral\/wp-json\/wp\/v2\/users\/4"}],"replies":[{"embeddable":true,"href":"https:\/\/www.jornalja.com.br\/geral\/wp-json\/wp\/v2\/comments?post=75336"}],"version-history":[{"count":0,"href":"https:\/\/www.jornalja.com.br\/geral\/wp-json\/wp\/v2\/posts\/75336\/revisions"}],"wp:featuredmedia":[{"embeddable":true,"href":"https:\/\/www.jornalja.com.br\/geral\/wp-json\/"}],"wp:attachment":[{"href":"https:\/\/www.jornalja.com.br\/geral\/wp-json\/wp\/v2\/media?parent=75336"}],"wp:term":[{"taxonomy":"category","embeddable":true,"href":"https:\/\/www.jornalja.com.br\/geral\/wp-json\/wp\/v2\/categories?post=75336"},{"taxonomy":"post_tag","embeddable":true,"href":"https:\/\/www.jornalja.com.br\/geral\/wp-json\/wp\/v2\/tags?post=75336"}],"curies":[{"name":"wp","href":"https:\/\/api.w.org\/{rel}","templated":true}]}}