{"id":75619,"date":"2019-07-24T21:46:01","date_gmt":"2019-07-25T00:46:01","guid":{"rendered":"https:\/\/www.jornalja.com.br\/?p=75619"},"modified":"2019-07-24T21:46:01","modified_gmt":"2019-07-25T00:46:01","slug":"novo-bafometro-detecta-na-respiracao-a-presenca-de-alcool","status":"publish","type":"post","link":"https:\/\/www.jornalja.com.br\/geral\/novo-bafometro-detecta-na-respiracao-a-presenca-de-alcool\/","title":{"rendered":"Novo baf\u00f4metro detecta na respira\u00e7\u00e3o a presen\u00e7a de \u00e0lcool"},"content":{"rendered":"<p>A Pol\u00edcia Rodovi\u00e1ria do Rio come\u00e7ou a utilizar nesta quarta-feira um novo equipamento que vai auxiliar e dar agilidade na abordagem de motoristas com suspeita de consumo de \u00e1lcool .<br \/>\nTrata-se de um &#8220;baf\u00f4metro passivo&#8221;, chamado assim, porque ao contr\u00e1rio do etil\u00f4metro tradicional, n\u00e3o precisa assoprado.<br \/>\nSeu nome t\u00e9cnico \u00e9 Alcolizer e basta aproxim\u00e1-lo poucos cent\u00edmetros para detectar no ar, pela respira\u00e7\u00e3o, se a pessoa est\u00e1 sob efeito de \u00e1lcool ou n\u00e3o.<br \/>\n&#8211; Isso agiliza o trabalho dos agentes, principalmente durante as operac\u00f5es grandes, porque (pelo outro m\u00e9todo) precisamos convidar o motorista para descer do ve\u00edculo para fazer o teste e isso leva tempo -explicou o porta-voz da PRF.<br \/>\nNa verdade, o novo baf\u00f4metro n\u00e3o dispensa o uso do etil\u00f4metro tradicional, utilizado h\u00e1 cerca de dez anos nas opera\u00e7\u00f5es. O equipamento \u00e9 de apoio e sua principal fun\u00e7\u00e3o \u00e9 fazer uma esp\u00e9cie de triagem pr\u00e9via, at\u00e9 porque ele n\u00e3o aponta o teor de \u00e1lcool no indiv\u00edduo, mas apenas se ele bebeu ou n\u00e3o.<br \/>\nTamb\u00e9m, quando apontado para dentro da cabine do ve\u00edculo, ele apontar\u00e1 que um ocupante consumiu \u00e1lcool e n\u00e3o necessariamente o motorista.<br \/>\nDurante as abordagens, o equipamento mostrar\u00e1 escrito na tela &#8220;Aprovado,\u00a0 \u00e1lcool n\u00e3o detectado&#8221; se a pessoa n\u00e3o tiver ingerido bebida alco\u00f3lica. Se o motorista tiver bebido, a mensagem ser\u00e1 &#8220;Alerta, \u00e1lcool detectado&#8221;. No segundo caso, a pessoa ser\u00e1 convidada a assoprar o baf\u00f4metro tradicional.<br \/>\nSegundo o porta-voz da PRF no estado, Jos\u00e9 H\u00e9lio Macedo, o \u00f3rg\u00e3o vai receber 18 aparelhos para agilizar a fiscaliza\u00e7\u00e3o nas estradas.<br \/>\nMacedo cita tamb\u00e9m a economia proporcionada pelo novo modelo, j\u00e1 que o baf\u00f4metro tradicional requer o uso de um bocal que custa em torno de R$ 2 a unidade.<br \/>\n\u201cEm uma fiscaliza\u00e7\u00e3o de alcoolemia voc\u00ea gastava diversos bocais e \u00e0s vezes sem necessidade porque o condutor n\u00e3o estava embriagado. \u00c9 uma melhoria at\u00e9 mesmo para quem est\u00e1 sendo fiscalizado, porque se n\u00e3o tiver nada de errado, ela vai embora mais r\u00e1pido\u201d.<br \/>\nO policial destaca que o baf\u00f4metro passivo apenas indica o consumo de \u00e1lcool, mas n\u00e3o mede a quantidade no organismo da pessoa, o que \u00e9 necess\u00e1rio para a aplica\u00e7\u00e3o da multa. Por isso, em caso de positivo, ser\u00e1 preciso fazer o teste \u00e0 moda antiga.<br \/>\n\u201cEsse \u00e9 bom, porque tem gente que se recusa a fazer [o teste], n\u00e9? Assim o policial j\u00e1 vai abordar quem tem quase certeza que fez uso de bebida. Melhora o servi\u00e7o da pol\u00edcia\u201d.<br \/>\n(Com informa\u00e7\u00f5es da EBC)<\/p>\n","protected":false},"excerpt":{"rendered":"<p>A Pol\u00edcia Rodovi\u00e1ria do Rio come\u00e7ou a utilizar nesta quarta-feira um novo equipamento que vai auxiliar e dar agilidade na abordagem de motoristas com suspeita de consumo de \u00e1lcool . Trata-se de um &#8220;baf\u00f4metro passivo&#8221;, chamado assim, porque ao contr\u00e1rio do etil\u00f4metro tradicional, n\u00e3o precisa assoprado. Seu nome t\u00e9cnico \u00e9 Alcolizer e basta aproxim\u00e1-lo poucos [&hellip;]<\/p>\n","protected":false},"author":4,"featured_media":75621,"comment_status":"open","ping_status":"closed","sticky":false,"template":"","format":"standard","meta":{"jetpack_post_was_ever_published":false,"_jetpack_newsletter_access":"","_jetpack_dont_email_post_to_subs":false,"_jetpack_newsletter_tier_id":0,"_jetpack_memberships_contains_paywalled_content":false,"_jetpack_memberships_contains_paid_content":false,"footnotes":"","jetpack_publicize_message":"","jetpack_publicize_feature_enabled":true,"jetpack_social_post_already_shared":true,"jetpack_social_options":{"image_generator_settings":{"template":"highway","default_image_id":0,"font":"","enabled":false},"version":2}},"categories":[2],"tags":[],"class_list":["post-75619","post","type-post","status-publish","format-standard","has-post-thumbnail","hentry","category-geral"],"aioseo_notices":[],"jetpack_publicize_connections":[],"jetpack_featured_media_url":"","jetpack_shortlink":"https:\/\/wp.me\/pbKhrD-jFF","jetpack-related-posts":[{"id":87618,"url":"https:\/\/www.jornalja.com.br\/geral\/novas-regras-de-transito-entram-em-rigor-carteira-agora-vale-por-dez-anos\/","url_meta":{"origin":75619,"position":0},"title":"Novas regras de tr\u00e2nsito entram em rigor: carteira agora vale por dez anos","author":"da Reda\u00e7\u00e3o","date":"12 de abril de 2021","format":false,"excerpt":"Entram em vigor hoje (12) as altera\u00e7\u00f5es no C\u00f3digo Brasileiro de Tr\u00e2nsito. A principal novidade \u00e9 amplia\u00e7\u00e3o do prazo de validade da Carteira Nacional de Habilita\u00e7\u00e3o (CNH) para dez anos no caso de condutores de at\u00e9 50 anos. As mudan\u00e7as foram sancionadas pelo presidente Jair Bolsonaro em outubro do ano\u2026","rel":"","context":"Em &quot;Geral-MAT\u00c9RIA&quot;","block_context":{"text":"Geral-MAT\u00c9RIA","link":"https:\/\/www.jornalja.com.br\/geral\/category\/geral\/"},"img":{"alt_text":"","src":"https:\/\/i0.wp.com\/www.jornalja.com.br\/geral\/wp-content\/uploads\/sites\/4\/2021\/04\/codigo-de-transito.jpg?resize=350%2C200&ssl=1","width":350,"height":200,"srcset":"https:\/\/i0.wp.com\/www.jornalja.com.br\/geral\/wp-content\/uploads\/sites\/4\/2021\/04\/codigo-de-transito.jpg?resize=350%2C200&ssl=1 1x, https:\/\/i0.wp.com\/www.jornalja.com.br\/geral\/wp-content\/uploads\/sites\/4\/2021\/04\/codigo-de-transito.jpg?resize=525%2C300&ssl=1 1.5x, https:\/\/i0.wp.com\/www.jornalja.com.br\/geral\/wp-content\/uploads\/sites\/4\/2021\/04\/codigo-de-transito.jpg?resize=700%2C400&ssl=1 2x, https:\/\/i0.wp.com\/www.jornalja.com.br\/geral\/wp-content\/uploads\/sites\/4\/2021\/04\/codigo-de-transito.jpg?resize=1050%2C600&ssl=1 3x"},"classes":[]},{"id":83346,"url":"https:\/\/www.jornalja.com.br\/geral\/sindicato-dos-municiparios-diz-que-e-irresponsavel-retomar-todas-as-atividades-agora\/","url_meta":{"origin":75619,"position":1},"title":"Sindicato dos municip\u00e1rios diz que \u00e9 &#8220;irrespons\u00e1vel&#8221; retomar todas as atividades agora em Porto Alegre","author":"Cleber Dioni Tentardini","date":"7 de maio de 2020","format":false,"excerpt":"O diretor-geral do Sindicato dos Municip\u00e1rios de Porto Alegre - Simpa, Jonas Reis, classifica como \"irrespons\u00e1vel\" a decis\u00e3o do prefeito Nelson Marchezan de determinar o retorno ao trabalho de todos os servidores p\u00fablicos municipais, com exce\u00e7\u00e3o da Educa\u00e7\u00e3o. Alguns j\u00e1 retornaram na ter\u00e7a-feira, dia 5,\u00a0 outros voltam ao trabalho a\u2026","rel":"","context":"Em &quot;Geral-MAT\u00c9RIA&quot;","block_context":{"text":"Geral-MAT\u00c9RIA","link":"https:\/\/www.jornalja.com.br\/geral\/category\/geral\/"},"img":{"alt_text":"","src":"https:\/\/i0.wp.com\/www.jornalja.com.br\/geral\/wp-content\/uploads\/sites\/4\/2020\/05\/49842113026_b1ef5c548e_o-scaled.jpg?resize=350%2C200&ssl=1","width":350,"height":200,"srcset":"https:\/\/i0.wp.com\/www.jornalja.com.br\/geral\/wp-content\/uploads\/sites\/4\/2020\/05\/49842113026_b1ef5c548e_o-scaled.jpg?resize=350%2C200&ssl=1 1x, https:\/\/i0.wp.com\/www.jornalja.com.br\/geral\/wp-content\/uploads\/sites\/4\/2020\/05\/49842113026_b1ef5c548e_o-scaled.jpg?resize=525%2C300&ssl=1 1.5x, https:\/\/i0.wp.com\/www.jornalja.com.br\/geral\/wp-content\/uploads\/sites\/4\/2020\/05\/49842113026_b1ef5c548e_o-scaled.jpg?resize=700%2C400&ssl=1 2x"},"classes":[]},{"id":90099,"url":"https:\/\/www.jornalja.com.br\/geral\/protocolo-de-atividades-variaveis-fica-mais-flexivel-a-partir-desta-terca-feira\/","url_meta":{"origin":75619,"position":2},"title":"Novas regras permitem abertura de piscinas em hot\u00e9is e clubes em Porto Alegre","author":"da Reda\u00e7\u00e3o","date":"20 de setembro de 2021","format":false,"excerpt":"O novo regramento para atividades vari\u00e1veis passa valer a partir desta ter\u00e7a-feira em Porto Alegre, conforme o decreto 21.165, publicado em edi\u00e7\u00e3o extra do Di\u00e1rio Oficial de Porto Alegre (Dopa), na \u00faltima sexta-feira, 17. Passa a ser permitido o\u00a0 uso da \u00e1rea da piscina e \u00e1guas, al\u00e9m da pr\u00e1tica da\u2026","rel":"","context":"Em &quot;Geral-MAT\u00c9RIA&quot;","block_context":{"text":"Geral-MAT\u00c9RIA","link":"https:\/\/www.jornalja.com.br\/geral\/category\/geral\/"},"img":{"alt_text":"","src":"https:\/\/i0.wp.com\/www.jornalja.com.br\/geral\/wp-content\/uploads\/sites\/4\/2021\/09\/200104-maria-ana-krack-pmpa-4.jpg?resize=350%2C200&ssl=1","width":350,"height":200,"srcset":"https:\/\/i0.wp.com\/www.jornalja.com.br\/geral\/wp-content\/uploads\/sites\/4\/2021\/09\/200104-maria-ana-krack-pmpa-4.jpg?resize=350%2C200&ssl=1 1x, https:\/\/i0.wp.com\/www.jornalja.com.br\/geral\/wp-content\/uploads\/sites\/4\/2021\/09\/200104-maria-ana-krack-pmpa-4.jpg?resize=525%2C300&ssl=1 1.5x, https:\/\/i0.wp.com\/www.jornalja.com.br\/geral\/wp-content\/uploads\/sites\/4\/2021\/09\/200104-maria-ana-krack-pmpa-4.jpg?resize=700%2C400&ssl=1 2x"},"classes":[]},{"id":84404,"url":"https:\/\/www.jornalja.com.br\/geral\/alcool-em-gel-fabricado-em-itajai-sc-e-ineficaz-e-deve-suspender-venda\/","url_meta":{"origin":75619,"position":3},"title":"\u00c1lcool em gel fabricado em Itaja\u00ed\/SC \u00e9 ineficaz e deve suspender venda","author":"da Reda\u00e7\u00e3o","date":"30 de junho de 2020","format":false,"excerpt":"O Minist\u00e9rio P\u00fablico de Santa Catarina - MPSC recomendou \u00e0 empresa Wave Cleaner Ind\u00fastria e Com\u00e9rcio Ltda. que deixe de comercializar o produto \"Gel Higienizador de M\u00e3os - \u00c1lcool em Gel 70, 400ml\" devido \u00e0 inefic\u00e1cia do produto para elimina\u00e7\u00e3o, por exemplo, de microrganismos como o coronav\u00edrus. A recomenda\u00e7\u00e3o est\u00e1\u2026","rel":"","context":"Em &quot;Geral-NOTAS&quot;","block_context":{"text":"Geral-NOTAS","link":"https:\/\/www.jornalja.com.br\/geral\/category\/geral-notas\/"},"img":{"alt_text":"","src":"","width":0,"height":0},"classes":[]},{"id":83506,"url":"https:\/\/www.jornalja.com.br\/geral\/pesquisa-apresenta-a-atuacao-das-universidades-no-combate-a-covid-19\/","url_meta":{"origin":75619,"position":4},"title":"Pesquisa apresenta a atua\u00e7\u00e3o das universidades no combate \u00e0 Covid-19","author":"da Reda\u00e7\u00e3o","date":"13 de maio de 2020","format":false,"excerpt":"Relat\u00f3rio divulgado pela Andifes mostra que universidades federais brasileiras est\u00e3o atuando fortemente no combate \u00e0 propaga\u00e7\u00e3o no novo coronav\u00edrus Desde mar\u00e7o, quando a Organiza\u00e7\u00e3o Mundial de Sa\u00fade (OMS) declarou a pandemia do novo coronav\u00edrus, muitas Institui\u00e7\u00f5es Federais de Ensino Superior (IFES) suspenderam suas atividades presenciais. Das 67 universidades federais, 59\u2026","rel":"","context":"Em &quot;Geral-MAT\u00c9RIA&quot;","block_context":{"text":"Geral-MAT\u00c9RIA","link":"https:\/\/www.jornalja.com.br\/geral\/category\/geral\/"},"img":{"alt_text":"","src":"https:\/\/i0.wp.com\/www.jornalja.com.br\/geral\/wp-content\/uploads\/sites\/4\/2020\/05\/IFES-contribuem-para-o-enfrentamento-%C3%A0-pandemia-Foto-Fl%C3%A1vio-Dutra.jpg?resize=350%2C200&ssl=1","width":350,"height":200,"srcset":"https:\/\/i0.wp.com\/www.jornalja.com.br\/geral\/wp-content\/uploads\/sites\/4\/2020\/05\/IFES-contribuem-para-o-enfrentamento-%C3%A0-pandemia-Foto-Fl%C3%A1vio-Dutra.jpg?resize=350%2C200&ssl=1 1x, https:\/\/i0.wp.com\/www.jornalja.com.br\/geral\/wp-content\/uploads\/sites\/4\/2020\/05\/IFES-contribuem-para-o-enfrentamento-%C3%A0-pandemia-Foto-Fl%C3%A1vio-Dutra.jpg?resize=525%2C300&ssl=1 1.5x"},"classes":[]},{"id":85067,"url":"https:\/\/www.jornalja.com.br\/geral\/eleicoes-2020-tse-amplia-horario-de-votacao-em-uma-hora-e-eleitores-irao-as-urnas-das-7h-as-17h\/","url_meta":{"origin":75619,"position":5},"title":"Elei\u00e7\u00f5es 2020: TSE amplia hor\u00e1rio de vota\u00e7\u00e3o em uma hora, e eleitores ir\u00e3o \u00e0s urnas das 7h \u00e0s 17h","author":"da Reda\u00e7\u00e3o","date":"28 de agosto de 2020","format":false,"excerpt":"O presidente do Tribunal Superior Eleitoral, ministro Lu\u00eds Roberto Barroso, decidiu ampliar o hor\u00e1rio de vota\u00e7\u00e3o nas Elei\u00e7\u00f5es Municipais de 2020 em uma hora por conta da pandemia da Covid-19. A inten\u00e7\u00e3o \u00e9 garantir mais tempo para que eleitores votem com seguran\u00e7a e tentar reduzir as possibilidades de aglomera\u00e7\u00e3o nos\u2026","rel":"","context":"Em &quot;Geral-ELEI\u00c7\u00d5ES2020&quot;","block_context":{"text":"Geral-ELEI\u00c7\u00d5ES2020","link":"https:\/\/www.jornalja.com.br\/geral\/category\/eleicoes2020\/"},"img":{"alt_text":"","src":"https:\/\/i0.wp.com\/www.jornalja.com.br\/geral\/wp-content\/uploads\/sites\/4\/2020\/08\/urna.jpg?resize=350%2C200&ssl=1","width":350,"height":200,"srcset":"https:\/\/i0.wp.com\/www.jornalja.com.br\/geral\/wp-content\/uploads\/sites\/4\/2020\/08\/urna.jpg?resize=350%2C200&ssl=1 1x, https:\/\/i0.wp.com\/www.jornalja.com.br\/geral\/wp-content\/uploads\/sites\/4\/2020\/08\/urna.jpg?resize=525%2C300&ssl=1 1.5x, https:\/\/i0.wp.com\/www.jornalja.com.br\/geral\/wp-content\/uploads\/sites\/4\/2020\/08\/urna.jpg?resize=700%2C400&ssl=1 2x"},"classes":[]}],"jetpack_sharing_enabled":true,"_links":{"self":[{"href":"https:\/\/www.jornalja.com.br\/geral\/wp-json\/wp\/v2\/posts\/75619","targetHints":{"allow":["GET"]}}],"collection":[{"href":"https:\/\/www.jornalja.com.br\/geral\/wp-json\/wp\/v2\/posts"}],"about":[{"href":"https:\/\/www.jornalja.com.br\/geral\/wp-json\/wp\/v2\/types\/post"}],"author":[{"embeddable":true,"href":"https:\/\/www.jornalja.com.br\/geral\/wp-json\/wp\/v2\/users\/4"}],"replies":[{"embeddable":true,"href":"https:\/\/www.jornalja.com.br\/geral\/wp-json\/wp\/v2\/comments?post=75619"}],"version-history":[{"count":0,"href":"https:\/\/www.jornalja.com.br\/geral\/wp-json\/wp\/v2\/posts\/75619\/revisions"}],"wp:featuredmedia":[{"embeddable":true,"href":"https:\/\/www.jornalja.com.br\/geral\/wp-json\/"}],"wp:attachment":[{"href":"https:\/\/www.jornalja.com.br\/geral\/wp-json\/wp\/v2\/media?parent=75619"}],"wp:term":[{"taxonomy":"category","embeddable":true,"href":"https:\/\/www.jornalja.com.br\/geral\/wp-json\/wp\/v2\/categories?post=75619"},{"taxonomy":"post_tag","embeddable":true,"href":"https:\/\/www.jornalja.com.br\/geral\/wp-json\/wp\/v2\/tags?post=75619"}],"curies":[{"name":"wp","href":"https:\/\/api.w.org\/{rel}","templated":true}]}}