{"id":75686,"date":"2019-07-25T19:24:18","date_gmt":"2019-07-25T22:24:18","guid":{"rendered":"https:\/\/www.jornalja.com.br\/?p=75686"},"modified":"2019-07-25T19:24:18","modified_gmt":"2019-07-25T22:24:18","slug":"artigo-de-coronel-da-ativa-expoe-crise-com-militares-no-governo-bolsonaro","status":"publish","type":"post","link":"https:\/\/www.jornalja.com.br\/geral\/artigo-de-coronel-da-ativa-expoe-crise-com-militares-no-governo-bolsonaro\/","title":{"rendered":"Artigo de coronel da ativa exp\u00f5e crise com militares no governo Bolsonaro"},"content":{"rendered":"<h1>Merece leitura atenta o artigo do oficial\u00a0 Paulo da Rocha Paiva, coronel da ativa, publicado no site Defesanet, especializado em quest\u00f5es militares.<\/h1>\n<h1>O coronel chama os filhos do presidente Bolsonaro de &#8220;pupilos fanatizados&#8221; pelo &#8220;bruxo ideol\u00f3gico american\u00f3filo de carteirinha&#8230; crias enciumadas do pai com os militares que gravitam em torno da governan\u00e7a, resolvem contestar o &#8220;modus operandi&#8221; de alguns oficiais-generais, inclusive com ofensas pessoais, injustas, de baix\u00edssimo n\u00edvel, sem que o paterno presidente conseguisse, pelo menos, comandar &#8220;sentido&#8221; no seio familiar&#8221;.<\/h1>\n<h1>O coronel Paiva \u00e9 irm\u00e3o do general de divis\u00e3o Luiz Rocha Paiva a quem Bolsonaro acusou de melancia em declara\u00e7\u00e3o recente. O artigo foi postado \u00e0s 21h da quarta-feira no Defesanet mas 24 horas depois ainda n\u00e3o teve repercuss\u00e3o na m\u00eddia, embora seja quest\u00e3o de tempo.<\/h1>\n<h1>Reproduzimos o artigo:<\/h1>\n<h1 class=\"printable\">PRESIDENTE BOLSONARO &#8230; O HOMEM N\u00c3O EST\u00c1 REGULANDO BEM<\/h1>\n<h5 class=\"printable\">Resposta em defesa do Gen Div Luiz Rocha Paiva \u00e0 acusa\u00e7\u00e3o do Presidente Jair Bolsonaro de seu irm\u00e3o ser &#8220;mel\u00e2ncia&#8221;<\/h5>\n<div class=\"share\">\n<div class=\"likes\">\n<div class=\"fblike\"><\/div>\n<div class=\"fblike\"><strong>Paulo Ricardo da Rocha Paiva<\/strong><\/div>\n<\/div>\n<\/div>\n<p><em>CEL INF E EM<br \/>\n<\/em><br \/>\n<em>Nota: Irm\u00e3o do Gen Div Luiz Rocha Paiva<\/em><br \/>\n<em>Olha que eu votei no capit\u00e3o, para mim o posto mais bonito do nosso Ex\u00e9rcito. Resolvi faze-lo, mesmo com o &#8220;sinal vermelho&#8221; emoldurando a declara\u00e7\u00e3o &#8220;Alc\u00e2ntara \u00e9 p&#8217;ra voc\u00eas (americanos)&#8221;. Por tudo que \u00e9 mais sagrado, fingi que n\u00e3o ouvi, afinal de contas era um oficial do EB. <\/em><br \/>\n<em>Mais tarde, quando se fez a &#8220;galhofa do AHUE&#8221;, a\u00ed \u00e9 que fiquei at\u00e9 mais tranquilo. Claro, realmente, eu devia estar imaginando coisas absurdas, ainda mais pela posi\u00e7\u00e3o do arauto que nos tranquilizava com tanta firmeza e autoridade credit\u00edcia. Mas, como diz o cavalariano, &#8216;ca\u00ed do cavalo&#8221;. Todos sabem o que aconteceu, apesar do temor, mais do que justo, manifestado por muitos militares ainda n\u00e3o subjugados pela &#8220;s\u00edndrome do amadorismo franciscano&#8221;.<\/em><br \/>\n<em>Em seguida uma &#8220;prole&#8221;, constitu\u00edda por pupilos fanatizados pelo &#8220;bruxo ide\u00f3logo \/ american\u00f3filo de carteirinha&#8221;, crias enciumadas do pai com os militares que gravitam em torno da governan\u00e7a, resolve contestar o &#8220;modus operandi&#8221; de alguns oficiais-generais, inclusive com ofensas pessoais, injustas, de baix\u00edssimo n\u00edvel, sem que o paterno presidente conseguisse, pelo menos, comandar &#8220;sentido&#8221; no seio familiar, de modo a n\u00e3o criar mossas que, fatalmente, n\u00e3o contribuiriam, como n\u00e3o est\u00e3o fazendo desde ent\u00e3o, para o exerc\u00edcio a contento de uma lideran\u00e7a satisfat\u00f3ria junto aos militares, posto que os pretere sempre quando se trata do seu guru Olavo de Carvalho.<\/em><br \/>\n<em>E as bobagens s\u00e3o muitas. Uma mudan\u00e7a de embaixada anunciada (macaquice de imita\u00e7\u00e3o para agradar Donald Trump), esta que ficou no &#8220;seja seja&#8221;, desagradando tanto palestinos como israelenses. Foi preciso at\u00e9 mesmo o General Mour\u00e3o viajar para a RPC, de forma a acertar os ponteiros por uma declara\u00e7\u00e3o estapaf\u00fardia, de gra\u00e7a, apenas para &#8220;dar uma de bacana&#8221;. As tr\u00eas iniciativas sem nenhuma raz\u00e3o de ser, mas, que se diga, muito agrad\u00e1vel ao novo inquilino na (ainda nossa?!) Amaz\u00f4nia Legal. E olha que enche o peito para criticar os presidentes entreguistas que o antecederam. Durma-se com um barulho desses&#8230;<\/em><br \/>\n<em>O atrelamento militar autom\u00e1tico. O Brasil como aliado preferencial extra OTAN de &#8220;Tio\u00a0 Sam&#8221;, outro desatino de quem faz quest\u00e3o de ignorar o descarado abandono, em plena guerra, de um pa\u00eds irm\u00e3o da SULAM\u00c9RICA, em favor de um aliado europeu imperialista, de l\u00edngua inglesa, desta mesma organiza\u00e7\u00e3o. Em seguida, como barata tonta, &#8220;muda o disco no vai da valsa&#8221; e come\u00e7a a falar nada mais nada menos do que em &#8220;trabalho infantil&#8221;. Vamos e convenhamos, alguma coisa est\u00e1 errada no mecanismo do ju\u00edzo presidencial.<\/em><br \/>\n<em>Eis que um entorpecente \u00e9 descoberto no FOR\u00c7A A\u00c9REA 1 e o filhote, chamado de N\u00daMERO 2, que \u00e9 apoiado posteriormente pelo mano Eduardo, faz agora um &#8220;AHUE&#8221;, por coincid\u00eancia contra o pr\u00f3prio GSI que, sem responder ao seu detrator (?), \u00e9 defendido por outro general em nome da camaradagem tradicional que une &#8220;irm\u00e3o em armas&#8221;. Que se diga, o &#8216;pouco caso&#8221; do presidente com rela\u00e7\u00e3o ao imbr\u00f3glio criado\/protagonizado pelos rebentos presidenciais \u00e9 flagrante, sem nenhum coment\u00e1rio de desagravo em favor do seu ministro, como s\u00f3 em ser em situa\u00e7\u00f5es semelhantes. Enfim, como dizia o ditado, &#8220;e la nave v\u00e1&#8221;.<\/em><br \/>\n<em>Mas &#8220;la nave&#8221;, que n\u00e3o se duvide, continua sua marcha de insensatez, abarrotada de improp\u00e9rios, grosserias gratuitas, amea\u00e7as p\u00fablicas a ministros, sem ou com farda, demiss\u00f5es que, ao inv\u00e9s de rotineiras, ganham foros de &#8220;bota fora&#8221; sofridos, indigestos, sem nenhum cuidado com a dignidade\/cerim\u00f4nia de um cargo que exige, no m\u00ednimo, jogo de cintura capaz de impressionar pelo exerc\u00edcio sereno da autoridade na justa medida que se espera de um chefe de poder executivo.<\/em><br \/>\n<em>Por\u00e9m, como sen\u00e3o bastasse, na contram\u00e3o de sucessos como o bom encaminhamento da reforma da previd\u00eancia e do acordo com a Uni\u00e3o Europeia, resolve passar uma borracha na aura, at\u00e9 ent\u00e3o evidenciada, que ainda restava de moralidade com a administra\u00e7\u00e3o p\u00fablica, advogando a nomea\u00e7\u00e3o de &#8220;filhote&#8221;, n\u00e3o capacitado, sem nenhum verniz de forma\u00e7\u00e3o diplom\u00e1tica, para o segundo cargo de maior relev\u00e2ncia para os graduados no famoso (reconhecido inclusive mesmo fora do Pa\u00eds) Instituto Rio Branco, uma institui\u00e7\u00e3o que s\u00f3 faculta acesso aos de n\u00edvel universit\u00e1rio, e isto somente ap\u00f3s aprova\u00e7\u00e3o em bateria de exames que dura em torno de &#8220;5 a 6&#8243;&#8216; meses.<\/em><br \/>\n<em>Ali\u00e1s, sem nenhuma considera\u00e7\u00e3o para com o atual chanceler quando, na presen\u00e7a deste (\u00e9 de pasmar) e em p\u00fablico, diz que, se quisesse, poderia tranquilamente troca-lo pelo filho, colocando-o (o atual ministro do MRE) na embaixada dos EUA. Uma desfeita, falta de lhaneza absolutamente desnecess\u00e1ria que faz parte de repert\u00f3rio nada condizente com a as &#8220;pompas e circunst\u00e2ncias&#8221; que devem preceder o cargo maior que ocupa. Que n\u00e3o se duvide, a aliena\u00e7\u00e3o do atual ministro ficou patenteada na conversa pessoal com Trump quando Eduardo o substituiu quando do encontro protocolar entre os dois chefes de estado.<\/em><br \/>\n<em>Todavia novamente o mesmo general se indigna com o engodo de moralidade que, espalhafatosamente, seu candidato, vencedor nas \u00faltimas elei\u00e7\u00f5es para a mais alta magistratura do Pa\u00eds, pregava para meio mundo em sua campanha e agora, sem mais nem menos, acaba por lan\u00e7ar no espa\u00e7o sideral, decepcionando muita gente boa, cr\u00e9dula e desesperadamente esperan\u00e7osa. Que n\u00e3o se duvide, a continuar a sequ\u00eancia de desatinos, sua popularidade declinante vai chegar ao fundo do po\u00e7o ainda neste primeiro ano de governo.<\/em><br \/>\n<em>Contudo as intemperan\u00e7as continuam. Quem disser que no Brasil se passa fome est\u00e1 mentindo! Meu Deus do c\u00e9u, quanta bobagem! Daqueles governadores de para\u00edba, o pior \u00e9 o do Maranh\u00e3o! E o Brasil acima de tudo presidente?! Novamente um prato cheio para a oposi\u00e7\u00e3o sentar o malho &#8230; provocando o\u00a0 mesmo general, paladino inconteste na defesa dos militares quando da famigerada Comiss\u00e3o da &#8220;Inverdade&#8221;, que \u00e9 idiotamente chamado, pelo comandante em chefe das FFAA, de &#8220;general melancia&#8221; por apoiar governadores comunistas, no que \u00e9 desmentido na medida em que nosso defensor contra a m\u00eddia vermelha faz quest\u00e3o de esclarecer n\u00e3o estar em apoio dos pol\u00edticos mas, sim, da gente do nordeste, regi\u00e3o que viu nascer, se antecipando a todas as demais, n\u00e3o somente o Ex\u00e9rcito Brasileiro mas, tamb\u00e9m, o sentimento da nacionalidade.<\/em><br \/>\n<em>E agora, para finalizar, uma pergunta de algibeira, com todas as honras e sinais de respeito, para todos os oficiais generais (EB\/MB\/FAB} que integram a atual governan\u00e7a: &#8211; &#8220;Vossas excel\u00eancias est\u00e3o concordes com o tratamento de &#8220;general melancia&#8221;, dado ao soldado cidad\u00e3o Luiz Eduardo Rocha Paiva pelo atual comandante-em-chefe das FFAA?!<\/em><br \/>\n<a href=\"http:\/\/www.defesanet.com.br\/cm\/noticia\/33626\/Crise-Militar---Etchegoyen---Alguem-opera-aquele-Twitter\/\">\u00a0<\/a><\/p>\n","protected":false},"excerpt":{"rendered":"<p>Merece leitura atenta o artigo do oficial\u00a0 Paulo da Rocha Paiva, coronel da ativa, publicado no site Defesanet, especializado em quest\u00f5es militares. O coronel chama os filhos do presidente Bolsonaro de &#8220;pupilos fanatizados&#8221; pelo &#8220;bruxo ideol\u00f3gico american\u00f3filo de carteirinha&#8230; crias enciumadas do pai com os militares que gravitam em torno da governan\u00e7a, resolvem contestar o [&hellip;]<\/p>\n","protected":false},"author":4,"featured_media":75688,"comment_status":"open","ping_status":"closed","sticky":false,"template":"","format":"standard","meta":{"jetpack_post_was_ever_published":false,"_jetpack_newsletter_access":"","_jetpack_dont_email_post_to_subs":false,"_jetpack_newsletter_tier_id":0,"_jetpack_memberships_contains_paywalled_content":false,"_jetpack_memberships_contains_paid_content":false,"footnotes":"","jetpack_publicize_message":"","jetpack_publicize_feature_enabled":true,"jetpack_social_post_already_shared":true,"jetpack_social_options":{"image_generator_settings":{"template":"highway","default_image_id":0,"font":"","enabled":false},"version":2}},"categories":[2],"tags":[],"class_list":["post-75686","post","type-post","status-publish","format-standard","has-post-thumbnail","hentry","category-geral"],"aioseo_notices":[],"jetpack_publicize_connections":[],"jetpack_featured_media_url":"","jetpack_shortlink":"https:\/\/wp.me\/pbKhrD-jGK","jetpack-related-posts":[{"id":83725,"url":"https:\/\/www.jornalja.com.br\/geral\/manifesto-assinado-por-coroneis-da-reserva-diz-que-imprensa-e-tendenciosa-e-canalha\/","url_meta":{"origin":75686,"position":0},"title":"Manifesto de coron\u00e9is da reserva ataca STF e diz que imprensa \u00e9 &#8220;tendenciosa e canalha&#8221;","author":"da Reda\u00e7\u00e3o","date":"25 de maio de 2020","format":false,"excerpt":"Um manifesto assinado por 92 coron\u00e9is da reserva ataca duramente o Supremo Tribunal Federal\u00a0 e diz que \"o notici\u00e1rio das redes de TV, jornais e r\u00e1dios (\"com rar\u00edssimas exce\u00e7\u00f5es\") \u00e9 tendencioso, desonesto, mentiroso e canalha\". O manifesto foi divulgado no fim de semana para dar \"total e irrestrita solidariedade\" ao\u2026","rel":"","context":"Em &quot;Geral-MAT\u00c9RIA&quot;","block_context":{"text":"Geral-MAT\u00c9RIA","link":"https:\/\/www.jornalja.com.br\/geral\/category\/geral\/"},"img":{"alt_text":"","src":"","width":0,"height":0},"classes":[]},{"id":85677,"url":"https:\/\/www.jornalja.com.br\/geral\/eleicoes-no-rio-apos-conversa-com-bolsonaro-crivela-anuncia-militar-como-vice\/","url_meta":{"origin":75686,"position":1},"title":"Elei\u00e7\u00f5es no Rio: Ap\u00f3s conversa com Bolsonaro, Crivela anuncia militar como vice","author":"da Reda\u00e7\u00e3o","date":"16 de setembro de 2020","format":false,"excerpt":"A tenente coronel do Exercito Andrea Firmo foi confirmada como vice na chapa do prefeito Marcelo Crivellla, candidato \u00e0 reelei\u00e7\u00e3o no Rio e acossado por den\u00fancias de corrup\u00e7\u00e3o. Os analistas pol\u00edticos registraram que a indica\u00e7\u00e3o se d\u00e1 quatro dias depois de um encontro de Crivela com o presidente Bolsonaro. \u201cH\u00e1\u2026","rel":"","context":"Em &quot;Geral-NOTAS&quot;","block_context":{"text":"Geral-NOTAS","link":"https:\/\/www.jornalja.com.br\/geral\/category\/geral-notas\/"},"img":{"alt_text":"","src":"","width":0,"height":0},"classes":[]},{"id":86060,"url":"https:\/\/www.jornalja.com.br\/geral\/ate-o-globo-detona-mourao-por-elogio-a-torturador\/","url_meta":{"origin":75686,"position":2},"title":"At\u00e9 o Globo detona Mour\u00e3o por elogio a torturador","author":"da Reda\u00e7\u00e3o","date":"9 de outubro de 2020","format":false,"excerpt":"A defesa que o vice-presidente Hamilton Mour\u00e3o fez do coronel Carlos Alberto Brilhante Ustra, um dos mais not\u00f3rios torturadores da ditadura, provocou rep\u00fadio at\u00e9 do jornal O Globo, que apoiou o regime militar. Horas depois que circulou a entrevista que Mour\u00e3o deu a rede alem\u00e3 Deutsche Welle, dizendo que \"Ustra\u2026","rel":"","context":"Em &quot;Geral-MAT\u00c9RIA&quot;","block_context":{"text":"Geral-MAT\u00c9RIA","link":"https:\/\/www.jornalja.com.br\/geral\/category\/geral\/"},"img":{"alt_text":"","src":"https:\/\/i0.wp.com\/www.jornalja.com.br\/geral\/wp-content\/uploads\/sites\/4\/2020\/10\/mourao-vice-presidente.jpg?resize=350%2C200&ssl=1","width":350,"height":200,"srcset":"https:\/\/i0.wp.com\/www.jornalja.com.br\/geral\/wp-content\/uploads\/sites\/4\/2020\/10\/mourao-vice-presidente.jpg?resize=350%2C200&ssl=1 1x, https:\/\/i0.wp.com\/www.jornalja.com.br\/geral\/wp-content\/uploads\/sites\/4\/2020\/10\/mourao-vice-presidente.jpg?resize=525%2C300&ssl=1 1.5x"},"classes":[]},{"id":96522,"url":"https:\/\/www.jornalja.com.br\/geral\/cpi-conclui-que-bolsonaro-liderou-a-tentativa-de-golpe-no-8-de-janeiro\/","url_meta":{"origin":75686,"position":3},"title":"CPI conclui que Bolsonaro liderou a tentativa de golpe no 8 de janeiro","author":"da Reda\u00e7\u00e3o","date":"17 de outubro de 2023","format":false,"excerpt":"A CPMI\u00a0 que apurou a responsabilidade pelo atos antidemocr\u00e1ticos do 8 de Janeiro, em Brasilia, encerrou seus trabalhos nesta ter\u00e7a-feira, 17\/10, depois de quase cinco meses de trabalho. A relatora senadora Eliziane Gama (PSD-MA), pediu o indiciamento de 61 pessoas, \u00e0 frente o ex-presidente Jair Bolsonaro. Entre os crimes listados\u2026","rel":"","context":"Em &quot;Geral-MAT\u00c9RIA&quot;","block_context":{"text":"Geral-MAT\u00c9RIA","link":"https:\/\/www.jornalja.com.br\/geral\/category\/geral\/"},"img":{"alt_text":"","src":"https:\/\/i0.wp.com\/www.jornalja.com.br\/geral\/wp-content\/uploads\/sites\/4\/2023\/10\/8-de-janeiro-relatorio-da-cpmi.png?resize=350%2C200&ssl=1","width":350,"height":200,"srcset":"https:\/\/i0.wp.com\/www.jornalja.com.br\/geral\/wp-content\/uploads\/sites\/4\/2023\/10\/8-de-janeiro-relatorio-da-cpmi.png?resize=350%2C200&ssl=1 1x, https:\/\/i0.wp.com\/www.jornalja.com.br\/geral\/wp-content\/uploads\/sites\/4\/2023\/10\/8-de-janeiro-relatorio-da-cpmi.png?resize=525%2C300&ssl=1 1.5x, https:\/\/i0.wp.com\/www.jornalja.com.br\/geral\/wp-content\/uploads\/sites\/4\/2023\/10\/8-de-janeiro-relatorio-da-cpmi.png?resize=700%2C400&ssl=1 2x"},"classes":[]},{"id":84096,"url":"https:\/\/www.jornalja.com.br\/geral\/depois-de-ataque-ao-stf-apoio-de-policiais-militares-a-bolsonaro-preocupa-governadores\/","url_meta":{"origin":75686,"position":4},"title":"Depois de ataque ao STF, apoio de policiais militares a Bolsonaro preocupa governadores","author":"da Reda\u00e7\u00e3o","date":"18 de junho de 2020","format":false,"excerpt":"O sinal de alerta acendeu no s\u00e1bado, quando um bombardeio simb\u00f3lico com fogos de artif\u00edcio foi lan\u00e7ado sobre a sede do Supremo Tribunal Federal, em Bras\u00edlia. No domingo, o governador\u00a0 Ibaneis Rocha (PMDB) demitiu o coronel S\u00e9rgio Ferreira de Souza, comandante em exerc\u00edcio da Pol\u00edcia Militar do Distrito Federal. Segundo\u2026","rel":"","context":"Em &quot;Geral-MAT\u00c9RIA&quot;","block_context":{"text":"Geral-MAT\u00c9RIA","link":"https:\/\/www.jornalja.com.br\/geral\/category\/geral\/"},"img":{"alt_text":"","src":"https:\/\/i0.wp.com\/www.jornalja.com.br\/geral\/wp-content\/uploads\/sites\/4\/2020\/06\/STF-fogos-de-artif%C3%ADcio.jpg?resize=350%2C200&ssl=1","width":350,"height":200,"srcset":"https:\/\/i0.wp.com\/www.jornalja.com.br\/geral\/wp-content\/uploads\/sites\/4\/2020\/06\/STF-fogos-de-artif%C3%ADcio.jpg?resize=350%2C200&ssl=1 1x, https:\/\/i0.wp.com\/www.jornalja.com.br\/geral\/wp-content\/uploads\/sites\/4\/2020\/06\/STF-fogos-de-artif%C3%ADcio.jpg?resize=525%2C300&ssl=1 1.5x, https:\/\/i0.wp.com\/www.jornalja.com.br\/geral\/wp-content\/uploads\/sites\/4\/2020\/06\/STF-fogos-de-artif%C3%ADcio.jpg?resize=700%2C400&ssl=1 2x"},"classes":[]},{"id":95802,"url":"https:\/\/www.jornalja.com.br\/geral\/fardado-e-calado-mauro-cid-estimula-reacao-bolsonarista-na-cpmi-dos-atos-golpistas\/","url_meta":{"origin":75686,"position":5},"title":"Fardado e calado: Mauro Cid estimula rea\u00e7\u00e3o bolsonarista na CPMI dos atos golpistas","author":"Elmar Bones","date":"11 de julho de 2023","format":false,"excerpt":"Com autoriza\u00e7\u00e3o expressa do Ex\u00e9rcito, o tenente-coronel\u00a0 Mauro C\u00e9sar Barbosa Cid, ex-ajudante de ordens do ex-presidente Jair Bolsonaro, compareceu\u00a0 com sua farda completa \u00e0 CPI dos Atos Golpistas, nesta ter\u00e7a-feira, 11. O Ex\u00e9rcito emitiu um comunicado explicando que o militar da ativa foi convocado para tratar de assuntos relacionados \u00e0\u2026","rel":"","context":"Em &quot;Geral-MAT\u00c9RIA&quot;","block_context":{"text":"Geral-MAT\u00c9RIA","link":"https:\/\/www.jornalja.com.br\/geral\/category\/geral\/"},"img":{"alt_text":"","src":"https:\/\/i0.wp.com\/www.jornalja.com.br\/geral\/wp-content\/uploads\/sites\/4\/2023\/07\/cpmi-coronel-mauro-cid-fardado.jpg?resize=350%2C200&ssl=1","width":350,"height":200,"srcset":"https:\/\/i0.wp.com\/www.jornalja.com.br\/geral\/wp-content\/uploads\/sites\/4\/2023\/07\/cpmi-coronel-mauro-cid-fardado.jpg?resize=350%2C200&ssl=1 1x, https:\/\/i0.wp.com\/www.jornalja.com.br\/geral\/wp-content\/uploads\/sites\/4\/2023\/07\/cpmi-coronel-mauro-cid-fardado.jpg?resize=525%2C300&ssl=1 1.5x"},"classes":[]}],"jetpack_sharing_enabled":true,"_links":{"self":[{"href":"https:\/\/www.jornalja.com.br\/geral\/wp-json\/wp\/v2\/posts\/75686","targetHints":{"allow":["GET"]}}],"collection":[{"href":"https:\/\/www.jornalja.com.br\/geral\/wp-json\/wp\/v2\/posts"}],"about":[{"href":"https:\/\/www.jornalja.com.br\/geral\/wp-json\/wp\/v2\/types\/post"}],"author":[{"embeddable":true,"href":"https:\/\/www.jornalja.com.br\/geral\/wp-json\/wp\/v2\/users\/4"}],"replies":[{"embeddable":true,"href":"https:\/\/www.jornalja.com.br\/geral\/wp-json\/wp\/v2\/comments?post=75686"}],"version-history":[{"count":0,"href":"https:\/\/www.jornalja.com.br\/geral\/wp-json\/wp\/v2\/posts\/75686\/revisions"}],"wp:featuredmedia":[{"embeddable":true,"href":"https:\/\/www.jornalja.com.br\/geral\/wp-json\/"}],"wp:attachment":[{"href":"https:\/\/www.jornalja.com.br\/geral\/wp-json\/wp\/v2\/media?parent=75686"}],"wp:term":[{"taxonomy":"category","embeddable":true,"href":"https:\/\/www.jornalja.com.br\/geral\/wp-json\/wp\/v2\/categories?post=75686"},{"taxonomy":"post_tag","embeddable":true,"href":"https:\/\/www.jornalja.com.br\/geral\/wp-json\/wp\/v2\/tags?post=75686"}],"curies":[{"name":"wp","href":"https:\/\/api.w.org\/{rel}","templated":true}]}}