{"id":75876,"date":"2019-08-01T13:10:05","date_gmt":"2019-08-01T16:10:05","guid":{"rendered":"https:\/\/www.jornalja.com.br\/?p=75876"},"modified":"2019-08-01T13:10:05","modified_gmt":"2019-08-01T16:10:05","slug":"presidio-onde-houve-massacre-tinha-145-detentos-aguardando-julgamento","status":"publish","type":"post","link":"https:\/\/www.jornalja.com.br\/geral\/presidio-onde-houve-massacre-tinha-145-detentos-aguardando-julgamento\/","title":{"rendered":"Pres\u00eddio onde houve massacre tinha 145 detentos \u00e0 espera de julgamento"},"content":{"rendered":"<p>Subiu para 62 o n\u00famero de mortos no Centro de Recupera\u00e7\u00e3o de Altamira, no Par\u00e1 Cinquenta e oito foram mortos numa ala do pres\u00eddio, invadida por uma fac\u00e7\u00e3o rival na madrugada de segunda-feira : 16 foram decapitados e 42 morreram asfixiados no\u00a0 inc\u00eandio provocado pelos invasores.<br \/>\nOs \u00faltimos quatro mortos foram estrangulados por rivais na quarta-feira, dentro do caminh\u00e3o-cela que transferia um grupo de detentos para outra cadeia.<br \/>\nSegundo o secret\u00e1rio de seguran\u00e7a, U\u00e1lame Machado, a viagem ocorreu normalmente at\u00e9 o munic\u00edpio de Novo Repartimento, quando o sinal das c\u00e2meras de monitoramento do ba\u00fa do caminh\u00e3o come\u00e7ou a falhar.<br \/>\nOs detentos estavam separados em quatro celas dentro do ve\u00edculo, cujo interior \u00e9 monitorado por c\u00e2meras de v\u00eddeo. &#8220;Em Marab\u00e1, foi averiguada a situa\u00e7\u00e3o de tr\u00eas mortos e um, que se tentou salvar, mas morreu&#8221;, disse Machado..<br \/>\nDe acordo com a Segup, os mortos s\u00e3o da mesma fac\u00e7\u00e3o (Comando Classe A) que atacou integrantes do Comando Vermelho, fac\u00e7\u00e3o rival.<br \/>\nO massacre no pres\u00eddio de Altamira, sudeste do Par\u00e1, come\u00e7ou ap\u00f3s um grupo de presos render\u00a0 um agente penitenci\u00e1rio que encontrou facas e estoques durante revista. Ap\u00f3s a rendi\u00e7\u00e3o do agentes, integrantes do fac\u00e7\u00e3o criminosa Comando Classe A (CCA) invadiram o anexo onde estavam detentos que pertenciam ao Comando Vermelho (CV) e os homic\u00eddios foram realizados com as armas brancas que estavam escondidas.<br \/>\nUm relat\u00f3rio do Conselho Nacional de Justi\u00e7a (CNJ) considera o pres\u00eddio de Altamira como superlotado e em p\u00e9ssimas condi\u00e7\u00f5es. No dia do massacre, havia 311 custodiados, mas a capacidade m\u00e1xima \u00e9 de 200 internos.<br \/>\nSegundo a Ordem dos Advogados do Brasil (OAB) no Par\u00e1, dos 311 presos, 145 ainda aguardavam julgamento.<br \/>\n(Com informa\u00e7\u00f5es de O Liberal)<\/p>\n","protected":false},"excerpt":{"rendered":"<p>Subiu para 62 o n\u00famero de mortos no Centro de Recupera\u00e7\u00e3o de Altamira, no Par\u00e1 Cinquenta e oito foram mortos numa ala do pres\u00eddio, invadida por uma fac\u00e7\u00e3o rival na madrugada de segunda-feira : 16 foram decapitados e 42 morreram asfixiados no\u00a0 inc\u00eandio provocado pelos invasores. Os \u00faltimos quatro mortos foram estrangulados por rivais na [&hellip;]<\/p>\n","protected":false},"author":4,"featured_media":75877,"comment_status":"open","ping_status":"closed","sticky":false,"template":"","format":"standard","meta":{"jetpack_post_was_ever_published":false,"_jetpack_newsletter_access":"","_jetpack_dont_email_post_to_subs":false,"_jetpack_newsletter_tier_id":0,"_jetpack_memberships_contains_paywalled_content":false,"_jetpack_memberships_contains_paid_content":false,"footnotes":"","jetpack_publicize_message":"","jetpack_publicize_feature_enabled":true,"jetpack_social_post_already_shared":true,"jetpack_social_options":{"image_generator_settings":{"template":"highway","default_image_id":0,"font":"","enabled":false},"version":2}},"categories":[2],"tags":[],"class_list":["post-75876","post","type-post","status-publish","format-standard","has-post-thumbnail","hentry","category-geral"],"aioseo_notices":[],"jetpack_publicize_connections":[],"jetpack_featured_media_url":"","jetpack_shortlink":"https:\/\/wp.me\/pbKhrD-jJO","jetpack-related-posts":[{"id":72121,"url":"https:\/\/www.jornalja.com.br\/geral\/retiradas-de-celulares-de-presidios-e-causa-dos-ataques-no-ceara\/","url_meta":{"origin":75876,"position":0},"title":"Retirada de celulares de pres\u00eddios \u00e9 causa dos ataques no Cear\u00e1","author":"da Reda\u00e7\u00e3o","date":"7 de janeiro de 2019","format":false,"excerpt":"A Secretaria da Seguran\u00e7a do Cear\u00e1 atualizou o n\u00famero de pris\u00f5es por envolvimento nas a\u00e7\u00f5es criminosas que aterrorizam o Estado h\u00e1 seis dias: j\u00e1 s\u00e3o 110 suspeitos presos, sendo 34 menores de idade. Entre as autua\u00e7\u00f5es, est\u00e1 um homem, preso em flagrante, pela venda irregular de combust\u00edveis a grupos criminosos.\u2026","rel":"","context":"Em &quot;Geral-MAT\u00c9RIA&quot;","block_context":{"text":"Geral-MAT\u00c9RIA","link":"https:\/\/www.jornalja.com.br\/geral\/category\/geral\/"},"img":{"alt_text":"","src":"","width":0,"height":0},"classes":[]},{"id":100145,"url":"https:\/\/www.jornalja.com.br\/geral\/moradores-protestam-150-mortes-por-uma-guerra-politica\/","url_meta":{"origin":75876,"position":1},"title":"Moradores protestam: &#8220;150 mortes por uma guerra pol\u00edtica&#8221;","author":"da Reda\u00e7\u00e3o","date":"30 de outubro de 2025","format":false,"excerpt":"Mereceu pouco espa\u00e7o no notici\u00e1rio sobre a matan\u00e7a no Rio o protesto dos moradores que tomaram a frente do Pal\u00e1cio Guanabara, sede do governo do Estado, na quarta-feira. Eles acusaram o governador Claudio Castro de ter liderado \"uma carnificina na opera\u00e7\u00e3o policial\" que deixou mais de 100 mortos. (O n\u00famero\u2026","rel":"","context":"Em &quot;Geral-MAT\u00c9RIA&quot;","block_context":{"text":"Geral-MAT\u00c9RIA","link":"https:\/\/www.jornalja.com.br\/geral\/category\/geral\/"},"img":{"alt_text":"","src":"https:\/\/i0.wp.com\/www.jornalja.com.br\/geral\/wp-content\/uploads\/sites\/4\/2025\/10\/rio-guerra-moradores-protestam.png?resize=350%2C200&ssl=1","width":350,"height":200,"srcset":"https:\/\/i0.wp.com\/www.jornalja.com.br\/geral\/wp-content\/uploads\/sites\/4\/2025\/10\/rio-guerra-moradores-protestam.png?resize=350%2C200&ssl=1 1x, https:\/\/i0.wp.com\/www.jornalja.com.br\/geral\/wp-content\/uploads\/sites\/4\/2025\/10\/rio-guerra-moradores-protestam.png?resize=525%2C300&ssl=1 1.5x"},"classes":[]},{"id":72365,"url":"https:\/\/www.jornalja.com.br\/geral\/nova-administracao-ja-recolheu-2-300-celulares-dos-presidios-no-ceara\/","url_meta":{"origin":75876,"position":2},"title":"Nova administra\u00e7\u00e3o j\u00e1 recolheu 2.300 celulares dos pres\u00eddios no Cear\u00e1","author":"da Reda\u00e7\u00e3o","date":"22 de janeiro de 2019","format":false,"excerpt":"A Secretaria da Administra\u00e7\u00e3o Penitenci\u00e1ria\u00a0 do Cear\u00e1 divulgou o n\u00famero de celulares apreendidos nos pres\u00eddios do Estado\u00a0nesses 22 dias de janeiro:\u00a0 2.300, mais de 100 por dia na m\u00e9dia. A inten\u00e7\u00e3o segundo a secretaria \u00e9\u00a0 cortar a comunica\u00e7\u00e3o entre internos e criminosos que agem fora das pris\u00f5es. Outra medida adotada\u2026","rel":"","context":"Em &quot;Geral-MAT\u00c9RIA&quot;","block_context":{"text":"Geral-MAT\u00c9RIA","link":"https:\/\/www.jornalja.com.br\/geral\/category\/geral\/"},"img":{"alt_text":"","src":"","width":0,"height":0},"classes":[]},{"id":78249,"url":"https:\/\/www.jornalja.com.br\/geral\/moro-diz-que-investir-em-presidios-sera-lucrativo-para-a-iniciativa-privada\/","url_meta":{"origin":75876,"position":3},"title":"Moro diz que investir em pres\u00eddios ser\u00e1 lucrativo para a iniciativa privada","author":"da Reda\u00e7\u00e3o","date":"11 de outubro de 2019","format":false,"excerpt":"O ministro da Justi\u00e7a e Seguran\u00e7a P\u00fablica, Sergio Moro, defendeu hoje (11), a participa\u00e7\u00e3o do setor privado no sistema prisional brasileiro, afirmando que os investimentos oferecem uma oportunidade de lucro aos empres\u00e1rios. Segundo o ministro, h\u00e1 a expectativa de atrair o setor privado para algumas das \u00e1reas ligadas \u00e0 seguran\u00e7a\u2026","rel":"","context":"Em &quot;Geral-MAT\u00c9RIA&quot;","block_context":{"text":"Geral-MAT\u00c9RIA","link":"https:\/\/www.jornalja.com.br\/geral\/category\/geral\/"},"img":{"alt_text":"","src":"","width":0,"height":0},"classes":[]},{"id":100246,"url":"https:\/\/www.jornalja.com.br\/geral\/mjdh-pede-novo-inquerito-sobre-homem-morto-por-policiais-ha-evidencias-de-que-foi-uma-execucao\/","url_meta":{"origin":75876,"position":4},"title":"MJDH pede novo inqu\u00e9rito sobre homem morto por policiais: &#8220;H\u00e1 evid\u00eancias de que foi uma execu\u00e7\u00e3o&#8221;","author":"da Reda\u00e7\u00e3o","date":"19 de novembro de 2025","format":false,"excerpt":"O presidente do Movimento de Justi\u00e7a e Direitos Humanos, Jair Krischke, de 86 anos, fez quest\u00e3o de ir pessoalmente \u00e0 sede do Minist\u00e9rio P\u00fablico Estadual na tarde desta ter\u00e7a-feira, 18\/11. Acompanhado do presidente da Comiss\u00e3o de Direitos Humanos da C\u00e2mara Municipal, vereador Pedro Ruas, ele protocolou uma representa\u00e7\u00e3o, pedindo novas\u2026","rel":"","context":"Em &quot;Geral-MAT\u00c9RIA&quot;","block_context":{"text":"Geral-MAT\u00c9RIA","link":"https:\/\/www.jornalja.com.br\/geral\/category\/geral\/"},"img":{"alt_text":"","src":"https:\/\/i0.wp.com\/www.jornalja.com.br\/geral\/wp-content\/uploads\/sites\/4\/2025\/11\/direitos-humanos-caso-herick.png?resize=350%2C200&ssl=1","width":350,"height":200,"srcset":"https:\/\/i0.wp.com\/www.jornalja.com.br\/geral\/wp-content\/uploads\/sites\/4\/2025\/11\/direitos-humanos-caso-herick.png?resize=350%2C200&ssl=1 1x, https:\/\/i0.wp.com\/www.jornalja.com.br\/geral\/wp-content\/uploads\/sites\/4\/2025\/11\/direitos-humanos-caso-herick.png?resize=525%2C300&ssl=1 1.5x"},"classes":[]},{"id":76885,"url":"https:\/\/www.jornalja.com.br\/geral\/detentas-da-capital-produzem-pecas-em-croche-para-o-instituto-do-cancer-infantil\/","url_meta":{"origin":75876,"position":5},"title":"Detentas da capital produzem pe\u00e7as em croch\u00ea para o Instituto do C\u00e2ncer Infantil","author":"Carlos Matsubara","date":"30 de agosto de 2019","format":false,"excerpt":"Presas do Instituto Penal de Porto Alegre tiveram aulas de croch\u00ea para produzir perucas e outras pe\u00e7as doadas ao Instituto do C\u00e2ncer Infantil. Para que pudessem fazer o material, 20 detentas participaram da oficina La\u00e7os de Princesa, com 12 aulas durante 50 dias. Na quarta-feira (28\/8), nove das 20 participantes\u2026","rel":"","context":"Em &quot;Geral-MAT\u00c9RIA&quot;","block_context":{"text":"Geral-MAT\u00c9RIA","link":"https:\/\/www.jornalja.com.br\/geral\/category\/geral\/"},"img":{"alt_text":"","src":"","width":0,"height":0},"classes":[]}],"jetpack_sharing_enabled":true,"_links":{"self":[{"href":"https:\/\/www.jornalja.com.br\/geral\/wp-json\/wp\/v2\/posts\/75876","targetHints":{"allow":["GET"]}}],"collection":[{"href":"https:\/\/www.jornalja.com.br\/geral\/wp-json\/wp\/v2\/posts"}],"about":[{"href":"https:\/\/www.jornalja.com.br\/geral\/wp-json\/wp\/v2\/types\/post"}],"author":[{"embeddable":true,"href":"https:\/\/www.jornalja.com.br\/geral\/wp-json\/wp\/v2\/users\/4"}],"replies":[{"embeddable":true,"href":"https:\/\/www.jornalja.com.br\/geral\/wp-json\/wp\/v2\/comments?post=75876"}],"version-history":[{"count":0,"href":"https:\/\/www.jornalja.com.br\/geral\/wp-json\/wp\/v2\/posts\/75876\/revisions"}],"wp:featuredmedia":[{"embeddable":true,"href":"https:\/\/www.jornalja.com.br\/geral\/wp-json\/"}],"wp:attachment":[{"href":"https:\/\/www.jornalja.com.br\/geral\/wp-json\/wp\/v2\/media?parent=75876"}],"wp:term":[{"taxonomy":"category","embeddable":true,"href":"https:\/\/www.jornalja.com.br\/geral\/wp-json\/wp\/v2\/categories?post=75876"},{"taxonomy":"post_tag","embeddable":true,"href":"https:\/\/www.jornalja.com.br\/geral\/wp-json\/wp\/v2\/tags?post=75876"}],"curies":[{"name":"wp","href":"https:\/\/api.w.org\/{rel}","templated":true}]}}