{"id":75903,"date":"2019-08-01T21:16:23","date_gmt":"2019-08-02T00:16:23","guid":{"rendered":"https:\/\/www.jornalja.com.br\/?p=75903"},"modified":"2019-08-01T21:16:23","modified_gmt":"2019-08-02T00:16:23","slug":"frente-global-reune-deputados-para-enfrentar-avanco-da-tuberculose","status":"publish","type":"post","link":"https:\/\/www.jornalja.com.br\/geral\/frente-global-reune-deputados-para-enfrentar-avanco-da-tuberculose\/","title":{"rendered":"Frente Global re\u00fane deputados para enfrentar avan\u00e7o da tuberculose"},"content":{"rendered":"<p><span class=\"assina\">M\u00e1rcia Turcato<\/span><br \/>\nNa contram\u00e3o do cen\u00e1rio mundial, o Brasil v\u00ea a aumentar o n\u00famero de casos de tuberculose desde 2017, passando de uma estimativa de 87 mil casos para cerca de 91 mil, de acordo com a Organiza\u00e7\u00e3o Mundial de Sa\u00fade (OMS).<br \/>\nDe um modo objetivo, isso ocorreu porque a pobreza ampliou e a tuberculose aumentou junto com a crise.<br \/>\nAl\u00e9m da derrocada econ\u00f4mica, houve redu\u00e7\u00e3o do or\u00e7amento para o Sistema \u00danico de Sa\u00fade (SUS) e a implementa\u00e7\u00e3o da reforma da Previd\u00eancia dever\u00e1 aumentar o impacto sobre a sa\u00fade em geral.<br \/>\nAos indicadores econ\u00f4micos somam-se os indicadores sociais que tamb\u00e9m atuam sobre o adoecimento da popula\u00e7\u00e3o vulner\u00e1vel.<br \/>\nNessa conjuntura, o estado do Rio Grande do Sul se destaca pela coinfec\u00e7\u00e3o tuberculose\/HIV, j\u00e1 que o v\u00edrus da aids, o HIV, compromete o sistema imunol\u00f3gico e aumenta o risco da pessoa contrair a tuberculose.<br \/>\nNo estado ga\u00facho, a taxa de tuberculose est\u00e1 em 45 casos por 100 mil habitantes.<br \/>\nEsses n\u00fameros s\u00e3o maiores do que os apresentados nacionalmente, em torno de 32 a 33 casos por 100 mil habitantes.<br \/>\nInfectologistas ga\u00fachos justificam a elevada taxa de HIV alegando que o v\u00edrus que circula no estado \u00e9 um subgrupo mais agressivo, mas isso nunca foi confirmado.<br \/>\nAo mesmo tempo, infectologistas de organiza\u00e7\u00f5es internacionais que prestam consultoria ao Minist\u00e9rio da Sa\u00fade afirmam que a tese dos colegas ga\u00fachos n\u00e3o tem fundamento e que o elevado n\u00famero de casos estaria relacionado a precariedade do servi\u00e7o na aten\u00e7\u00e3o prim\u00e1ria, com diagn\u00f3stico e tratamento tardios.<br \/>\nCom tantas dificuldades identificadas, \u00e9 um desafio para a Frente Parlamentar Global de Tuberculose atingir as metas pactuadas com 210 congressistas brasileiros.<br \/>\nNo mundo, o compromisso foi assumido com 2.500\u00a0 parlamentares de 153 pa\u00edses.<br \/>\nA Frente Parlamentar Global, em ingl\u00eas Global TB Caucus (GTBC), foi criada em 2014, tem sede em Londres, Inglaterra, e \u00e9 presidida pelo deputado Nick Herbert. A iniciativa tem apoio da Organiza\u00e7\u00e3o das Na\u00e7\u00f5es Unidas (ONU) e da Organiza\u00e7\u00e3o Mundial da Sa\u00fade (OMS).<br \/>\nNo Brasil, o trabalho da Frente Global \u00e9 coordenado por C\u00edntia Dantas, que responde pelas tr\u00eas Am\u00e9ricas. Dantas \u00e9 graduada em Rela\u00e7\u00f5es Internacionais pela Universidade Estadual de Santa Cruz (UESC-Bahia) e mestre em Coopera\u00e7\u00e3o Internacional e\u00a0 Desenvolvimento pela Universidade de Cat\u00f3lica de Mil\u00e3o, It\u00e1lia.<br \/>\n\u201cNas Am\u00e9ricas, A Frente Global trabalha para garantir que a tuberculose seja uma prioridade na agenda de sa\u00fade, especialmente no Brasil e no Peru, que s\u00e3o os \u00fanicos pa\u00edses da regi\u00e3o considerados priorit\u00e1rios para a OMS\u201d.<br \/>\nPara isso, o grupo busca o compromisso de deputados e senadores para que implementem pol\u00edticas p\u00fablicas para enfrentar o problema e consigam financiamento p\u00fablico para realizar as a\u00e7\u00f5es.<br \/>\nAs prioridades da Frente Global para o enfrentamento da tuberculose no mundo s\u00e3o incluir o tema na pauta do G20, grupo dos vinte pa\u00edses mais ricos do mundo, com o objetivo de obter recursos de todo o tipo e mostrar que a doen\u00e7a pode ser uma amea\u00e7a para os pa\u00edses desenvolvidos se n\u00e3o for controlada nos pa\u00edses vulner\u00e1veis; que os compromissos assumidos junto a ONU\/OMS sejam cumpridos, que \u00e9 detectar e tratar 40 milh\u00f5es de pessoas at\u00e9 2022 em todo o mundo, sendo 3,5 milh\u00f5es de crian\u00e7as; no caso do Brasil, as metas s\u00e3o 418.700 tratamentos e 31.500 crian\u00e7as at\u00e9 2022, mas a an\u00e1lise do dados indica que esse n\u00famero n\u00e3o dever\u00e1 passar de 11 mil crian\u00e7as. E, por \u00faltimo, investir em pesquisa e desenvolvimento de novas tecnologias.<br \/>\nNo caso do Brasil, o investimento deveria ser de R$ 35 milh\u00f5es at\u00e9 2022, mas dados de 2017 publicados pelo Treatment Action Group (TAG) indicam um investimento de apenas R$ 2,2 milh\u00f5es.<br \/>\nA TAG \u00e9 uma organiza\u00e7\u00e3o n\u00e3o governamental que monitora informa\u00e7\u00f5es sobre HIV\/aids e agravos oportunistas, foi criada em 1992 nos Estados Unidos.<br \/>\n<strong>Tuberculose no Mercosul<\/strong><br \/>\nAn\u00e1lise de dados divulgada em 2017 pela Organiza\u00e7\u00e3o Mundial da Sa\u00fade (OMS) estimou 282 mil novos casos de tuberculose nas Am\u00e9ricas, 11% deles entre pessoas que vivem com HIV.<br \/>\nAo todo, 87% dos casos se concentram em 10 pa\u00edses; Brasil, Peru e M\u00e9xico informaram mais da metade do n\u00famero total de casos. Estima-se que cerca de 6 mil pessoas morreram coinfectadas com HIV na regi\u00e3o. De acordo com a OMS, a persist\u00eancia da tuberculose se deve, em grande medida, \u00e0s desigualdades sociais e econ\u00f4micas que permanecem na regi\u00e3o.<br \/>\nNas Am\u00e9ricas, mais de 50 mil pessoas \u2013 quase metade delas com menos de 15 anos \u2013 n\u00e3o sabem que t\u00eam a doen\u00e7a e n\u00e3o receberam tratamento.<br \/>\nO diagn\u00f3stico com teste r\u00e1pido molecular, uma nova ferramenta que poderia ajudar a suprir essa lacuna, foi usado em apenas 13% dos casos detectados, um pouco acima dos 9% em 2016.<br \/>\nPara enfrentar o agravo na Am\u00e9rica do Sul, a deputada federal Fernanda Melchionna (PSOL\/RS) recomendou formalmente ao Parlamento do Mercosul que os pa\u00edses membros do bloco, atendendo a um pedido da Frente Parlamentar Global de Tuberculose, se empenhem na implementa\u00e7\u00e3o de meios de diagn\u00f3stico, tratamento, preven\u00e7\u00e3o, pesquisa e troca de informa\u00e7\u00f5es sobre a doen\u00e7a.<br \/>\nPara a deputada ga\u00facha \u201co combate \u00e0 tuberculose precisa ser uma prioridade, assim como o fortalecimento do sistema p\u00fablico de sa\u00fade para que o enfrentamento ao agravo seja feito de forma competente&#8221;.<br \/>\nMelchionna \u00e9 representante do Congresso do Brasil no Parlamento do Mercosul, integra a Frente Parlamentar Global e \u00e9 titular do Conselho de \u00c9tica e Decoro Parlamentar da C\u00e2mara dos Deputados.<br \/>\nAl\u00e9m de discutir sobre mecanismos para enfrentar a tuberculose com os pa\u00edses do Mercosul e tamb\u00e9m no Congresso Nacional, a deputada conhece a gravidade do agravo em seu estado natal, o Rio Grande do Sul, e em Porto Alegre, onde j\u00e1 foi vereadora.<br \/>\nDe acordo com dados da Secretaria Estadual de Sa\u00fade, para baixar as taxas de incid\u00eancia da tuberculose no estado, ou seja, controlar a doen\u00e7a, \u00e9 necess\u00e1rio um percentual de cura em casos novos de 85% e um abandono de, no m\u00e1ximo, 5%.<br \/>\nEm 2017, o estado apresentou 61,3% de cura (mais de 20 pontos percentuais abaixo do que \u00e9 preconizado) e a taxa de abandono ficou em 12,2%.<br \/>\nIsso significa que existem mais pessoas doentes contaminando outras dentro de uma mesma \u00e1rea geogr\u00e1fica.<br \/>\n<strong>Sem investimento<\/strong><br \/>\nPesquisa do professor Davide Rasella, do Instituto de Sa\u00fade Coletiva da Universidade Federal da Bahia (UFBA), publicada em abril, projetou o impacto das medidas de austeridade fiscal sobre a cobertura da aten\u00e7\u00e3o prim\u00e1ria em sa\u00fade.<br \/>\nDe acordo com o estudo, a redu\u00e7\u00e3o da cobertura da Estrat\u00e9gia Sa\u00fade da Fam\u00edlia, associada ao fim do Programa Mais M\u00e9dicos e aos efeitos da Emenda Constitucional 95\/2016- que congela os recursos para a sa\u00fade, pode significar, at\u00e9 2030, um aumento de 8,6% na taxa de mortes prematuras (pessoas com menos de 70 anos) por causas sens\u00edveis \u00e0 aten\u00e7\u00e3o prim\u00e1ria.<br \/>\nS\u00e3o 50 mil mortes evit\u00e1veis a mais no per\u00edodo analisado, em decorr\u00eancia de doen\u00e7as infecciosas, como a tuberculose, defici\u00eancias nutricionais, diabetes e doen\u00e7as cardiovasculares.<br \/>\nO or\u00e7amento de a\u00e7\u00f5es e servi\u00e7os p\u00fablicos de sa\u00fade (ASPS) em 2019 \u00e9 de R$ 120,4 bilh\u00f5es, crescimento nominal de apenas 2,5% em rela\u00e7\u00e3o aos valores empenhados em 2018.<br \/>\nExclu\u00eddas as emendas impositivas (cuja destina\u00e7\u00e3o depende da rela\u00e7\u00e3o entre o parlamentar e suas bases pol\u00edticas), a varia\u00e7\u00e3o \u00e9 de apenas 1,2%, abaixo da infla\u00e7\u00e3o de 3,75%.<br \/>\nOu seja, o or\u00e7amento de sa\u00fade em 2019 sequer rep\u00f5e a infla\u00e7\u00e3o de 2018.<br \/>\nPara saber mais sobre o trabalho da Frente Parlamentar Global de Tuberculose clique aqui: http:\/\/www.globaltbcaucus.org\/<br \/>\n&nbsp;<br \/>\n&nbsp;<br \/>\n&nbsp;<\/p>\n","protected":false},"excerpt":{"rendered":"<p>M\u00e1rcia Turcato Na contram\u00e3o do cen\u00e1rio mundial, o Brasil v\u00ea a aumentar o n\u00famero de casos de tuberculose desde 2017, passando de uma estimativa de 87 mil casos para cerca de 91 mil, de acordo com a Organiza\u00e7\u00e3o Mundial de Sa\u00fade (OMS). De um modo objetivo, isso ocorreu porque a pobreza ampliou e a tuberculose [&hellip;]<\/p>\n","protected":false},"author":4,"featured_media":75904,"comment_status":"open","ping_status":"closed","sticky":false,"template":"","format":"standard","meta":{"jetpack_post_was_ever_published":false,"_jetpack_newsletter_access":"","_jetpack_dont_email_post_to_subs":false,"_jetpack_newsletter_tier_id":0,"_jetpack_memberships_contains_paywalled_content":false,"_jetpack_memberships_contains_paid_content":false,"footnotes":"","jetpack_publicize_message":"","jetpack_publicize_feature_enabled":true,"jetpack_social_post_already_shared":true,"jetpack_social_options":{"image_generator_settings":{"template":"highway","default_image_id":0,"font":"","enabled":false},"version":2}},"categories":[2],"tags":[],"class_list":["post-75903","post","type-post","status-publish","format-standard","has-post-thumbnail","hentry","category-geral"],"aioseo_notices":[],"jetpack_publicize_connections":[],"jetpack_featured_media_url":"","jetpack_shortlink":"https:\/\/wp.me\/pbKhrD-jKf","jetpack-related-posts":[{"id":82195,"url":"https:\/\/www.jornalja.com.br\/geral\/advogados-pedem-soltura-de-presos-para-reduzir-riscos-do-coronavirus-nos-presidios\/","url_meta":{"origin":75903,"position":0},"title":"Advogados pedem soltura de presos para reduzir riscos do coronavirus nos pres\u00eddios","author":"da Reda\u00e7\u00e3o","date":"17 de mar\u00e7o de 2020","format":false,"excerpt":"O\u00a0 Instituto de Defesa do Direito de Defesa, que congrega advogados criminalistas, entrou com liminar no STF\u00a0 para reduzir a popula\u00e7\u00e3o prisional no pa\u00eds, para \"evitar a dissemina\u00e7\u00e3o do novo coronav\u00edrus neste ambiente de alta vulnerabilidade\". Seriam beneficiadas pessoas com mais de 60 anos, soropositivos para HIV, portadores de tuberculose,\u2026","rel":"","context":"Em &quot;Geral-MAT\u00c9RIA&quot;","block_context":{"text":"Geral-MAT\u00c9RIA","link":"https:\/\/www.jornalja.com.br\/geral\/category\/geral\/"},"img":{"alt_text":"","src":"https:\/\/i0.wp.com\/www.jornalja.com.br\/geral\/wp-content\/uploads\/sites\/4\/2020\/03\/Presidios-superlotado-Foto-IDDD.jpg?resize=350%2C200&ssl=1","width":350,"height":200,"srcset":"https:\/\/i0.wp.com\/www.jornalja.com.br\/geral\/wp-content\/uploads\/sites\/4\/2020\/03\/Presidios-superlotado-Foto-IDDD.jpg?resize=350%2C200&ssl=1 1x, https:\/\/i0.wp.com\/www.jornalja.com.br\/geral\/wp-content\/uploads\/sites\/4\/2020\/03\/Presidios-superlotado-Foto-IDDD.jpg?resize=525%2C300&ssl=1 1.5x, https:\/\/i0.wp.com\/www.jornalja.com.br\/geral\/wp-content\/uploads\/sites\/4\/2020\/03\/Presidios-superlotado-Foto-IDDD.jpg?resize=700%2C400&ssl=1 2x"},"classes":[]},{"id":100627,"url":"https:\/\/www.jornalja.com.br\/geral\/fiergs-preve-expansao-do-pib-e-do-emprego-com-acordo-mercosul-uniao-europeia\/","url_meta":{"origin":75903,"position":1},"title":"Fiergs prev\u00ea expans\u00e3o do PIB e do emprego com acordo Mercosul-Uni\u00e3o Europeia","author":"da Reda\u00e7\u00e3o","date":"19 de janeiro de 2026","format":false,"excerpt":"Presidente Claudio Bier aposta no aumento no fluxo de com\u00e9rcio entre as duas regi\u00f5es; entidade estima alta de 4,6% do PIB ga\u00facho em 15 anos e gera\u00e7\u00e3o de 31 mil empregos. O acordo entre Mercosul e Uni\u00e3o Europeia, assinado neste s\u00e1bado (17), no Paraguai, \u00e9 \"um avan\u00e7o importante\", segundo a\u2026","rel":"","context":"Em &quot;Geral-MAT\u00c9RIA&quot;","block_context":{"text":"Geral-MAT\u00c9RIA","link":"https:\/\/www.jornalja.com.br\/geral\/category\/geral\/"},"img":{"alt_text":"","src":"https:\/\/i0.wp.com\/www.jornalja.com.br\/geral\/wp-content\/uploads\/sites\/4\/2026\/01\/fiergs.jpg?resize=350%2C200&ssl=1","width":350,"height":200,"srcset":"https:\/\/i0.wp.com\/www.jornalja.com.br\/geral\/wp-content\/uploads\/sites\/4\/2026\/01\/fiergs.jpg?resize=350%2C200&ssl=1 1x, https:\/\/i0.wp.com\/www.jornalja.com.br\/geral\/wp-content\/uploads\/sites\/4\/2026\/01\/fiergs.jpg?resize=525%2C300&ssl=1 1.5x, https:\/\/i0.wp.com\/www.jornalja.com.br\/geral\/wp-content\/uploads\/sites\/4\/2026\/01\/fiergs.jpg?resize=700%2C400&ssl=1 2x"},"classes":[]},{"id":84662,"url":"https:\/\/www.jornalja.com.br\/geral\/itau-financia-reforma-para-transformar-escola-em-centro-de-acolhimento\/","url_meta":{"origin":75903,"position":2},"title":"Ita\u00fa financia reforma para transformar escola em Centro de Acolhimento","author":"da Reda\u00e7\u00e3o","date":"14 de julho de 2020","format":false,"excerpt":"Est\u00e1 prevista para o dia 20 de julho a abertura do Centro de Acolhimento e Isolamento Social (CAIS), o primeiro de Porto Alegre destinado a moradores de baixa renda com teste positivo para Covid-19, com sintomas leves e n\u00e3o tenham condi\u00e7\u00f5es de isolamento adequado. A prefeitura cede o local e\u2026","rel":"","context":"Em &quot;Geral-MAT\u00c9RIA&quot;","block_context":{"text":"Geral-MAT\u00c9RIA","link":"https:\/\/www.jornalja.com.br\/geral\/category\/geral\/"},"img":{"alt_text":"","src":"https:\/\/i0.wp.com\/www.jornalja.com.br\/geral\/wp-content\/uploads\/sites\/4\/2020\/07\/covid-marchezan-visita-centro.jpg?resize=350%2C200&ssl=1","width":350,"height":200,"srcset":"https:\/\/i0.wp.com\/www.jornalja.com.br\/geral\/wp-content\/uploads\/sites\/4\/2020\/07\/covid-marchezan-visita-centro.jpg?resize=350%2C200&ssl=1 1x, https:\/\/i0.wp.com\/www.jornalja.com.br\/geral\/wp-content\/uploads\/sites\/4\/2020\/07\/covid-marchezan-visita-centro.jpg?resize=525%2C300&ssl=1 1.5x, https:\/\/i0.wp.com\/www.jornalja.com.br\/geral\/wp-content\/uploads\/sites\/4\/2020\/07\/covid-marchezan-visita-centro.jpg?resize=700%2C400&ssl=1 2x"},"classes":[]},{"id":86105,"url":"https:\/\/www.jornalja.com.br\/geral\/eleicoes-2020-uma-analise-das-propostas-para-a-saude-em-porto-alegre\/","url_meta":{"origin":75903,"position":3},"title":"Elei\u00e7\u00f5es 2020: Uma an\u00e1lise das propostas para a sa\u00fade em Porto Alegre","author":"da Reda\u00e7\u00e3o","date":"14 de outubro de 2020","format":false,"excerpt":"Em plena pandemia, cuja evolu\u00e7\u00e3o \u00e9 incerta,\u00a0 os desafios na \u00e1rea de sa\u00fade tendem ser ainda mais complexos para qualquer que seja o candidato eleito. Temas como uma futura vacina\u00e7\u00e3o da popula\u00e7\u00e3o contra o Covid-19 e como gerir o atendimento b\u00e1sico \u00e0 popula\u00e7\u00e3o s\u00e3o contemplados nos planos de governos. E\u2026","rel":"","context":"Em &quot;Geral-ELEI\u00c7\u00d5ES2020&quot;","block_context":{"text":"Geral-ELEI\u00c7\u00d5ES2020","link":"https:\/\/www.jornalja.com.br\/geral\/category\/eleicoes2020\/"},"img":{"alt_text":"","src":"https:\/\/i0.wp.com\/www.jornalja.com.br\/geral\/wp-content\/uploads\/sites\/4\/2020\/10\/ede-9442.jpg?resize=350%2C200&ssl=1","width":350,"height":200,"srcset":"https:\/\/i0.wp.com\/www.jornalja.com.br\/geral\/wp-content\/uploads\/sites\/4\/2020\/10\/ede-9442.jpg?resize=350%2C200&ssl=1 1x, https:\/\/i0.wp.com\/www.jornalja.com.br\/geral\/wp-content\/uploads\/sites\/4\/2020\/10\/ede-9442.jpg?resize=525%2C300&ssl=1 1.5x, https:\/\/i0.wp.com\/www.jornalja.com.br\/geral\/wp-content\/uploads\/sites\/4\/2020\/10\/ede-9442.jpg?resize=700%2C400&ssl=1 2x, https:\/\/i0.wp.com\/www.jornalja.com.br\/geral\/wp-content\/uploads\/sites\/4\/2020\/10\/ede-9442.jpg?resize=1050%2C600&ssl=1 3x, https:\/\/i0.wp.com\/www.jornalja.com.br\/geral\/wp-content\/uploads\/sites\/4\/2020\/10\/ede-9442.jpg?resize=1400%2C800&ssl=1 4x"},"classes":[]},{"id":100343,"url":"https:\/\/www.jornalja.com.br\/geral\/estudo-aponta-perdas-de-r-38-bilhoes-por-ano-com-efeitos-colaterais-das-bets\/","url_meta":{"origin":75903,"position":4},"title":"Estudo aponta perdas de R$ 38 bilh\u00f5es por ano com efeitos colaterais das bets","author":"da Reda\u00e7\u00e3o","date":"2 de dezembro de 2025","format":false,"excerpt":"Jogos de azar e apostas\u00a0online, popularizadas pelas chamadas\u00a0bets, provocam perdas econ\u00f4micas e sociais ao pa\u00eds estimadas em R$ 38,8 bilh\u00f5es anualmente. Esse valor \u00e9 o somat\u00f3rio de danos \u00e0 sociedade, como suic\u00eddios, desemprego, gastos com sa\u00fade e afastamento do trabalho. O c\u00e1lculo \u00e9 do estudo in\u00e9dito\u00a0A sa\u00fade dos brasileiros em\u2026","rel":"","context":"Em &quot;Geral-MAT\u00c9RIA&quot;","block_context":{"text":"Geral-MAT\u00c9RIA","link":"https:\/\/www.jornalja.com.br\/geral\/category\/geral\/"},"img":{"alt_text":"","src":"https:\/\/i0.wp.com\/www.jornalja.com.br\/geral\/wp-content\/uploads\/sites\/4\/2025\/12\/bets-efeitos-colaterais.png?resize=350%2C200&ssl=1","width":350,"height":200,"srcset":"https:\/\/i0.wp.com\/www.jornalja.com.br\/geral\/wp-content\/uploads\/sites\/4\/2025\/12\/bets-efeitos-colaterais.png?resize=350%2C200&ssl=1 1x, https:\/\/i0.wp.com\/www.jornalja.com.br\/geral\/wp-content\/uploads\/sites\/4\/2025\/12\/bets-efeitos-colaterais.png?resize=525%2C300&ssl=1 1.5x"},"classes":[]},{"id":91549,"url":"https:\/\/www.jornalja.com.br\/geral\/covid-19-boletim-semanal-da-oms-registra-aumento-de-70-nas-infeccoes\/","url_meta":{"origin":75903,"position":5},"title":"Covid 19: boletim semanal da OMS registra aumento de 70% nas infec\u00e7\u00f5es","author":"da Reda\u00e7\u00e3o","date":"7 de janeiro de 2022","format":false,"excerpt":"As infec\u00e7\u00f5es no mundo pelo coronav\u00edrus aumentaram na semana passada 70%, \u00edndice in\u00e9dito, e as mortes baixaram 10%, mostra boletim epidemiol\u00f3gico semanal da Organiza\u00e7\u00e3o Mundial da Sa\u00fade (OMS). Entre 27 de dezembro e 2 de janeiro houve no mundo 9,5 milh\u00f5es de cont\u00e1gios confirmados, n\u00famero que quase duplica os recordes\u2026","rel":"","context":"Em &quot;Geral-MAT\u00c9RIA&quot;","block_context":{"text":"Geral-MAT\u00c9RIA","link":"https:\/\/www.jornalja.com.br\/geral\/category\/geral\/"},"img":{"alt_text":"","src":"","width":0,"height":0},"classes":[]}],"jetpack_sharing_enabled":true,"_links":{"self":[{"href":"https:\/\/www.jornalja.com.br\/geral\/wp-json\/wp\/v2\/posts\/75903","targetHints":{"allow":["GET"]}}],"collection":[{"href":"https:\/\/www.jornalja.com.br\/geral\/wp-json\/wp\/v2\/posts"}],"about":[{"href":"https:\/\/www.jornalja.com.br\/geral\/wp-json\/wp\/v2\/types\/post"}],"author":[{"embeddable":true,"href":"https:\/\/www.jornalja.com.br\/geral\/wp-json\/wp\/v2\/users\/4"}],"replies":[{"embeddable":true,"href":"https:\/\/www.jornalja.com.br\/geral\/wp-json\/wp\/v2\/comments?post=75903"}],"version-history":[{"count":0,"href":"https:\/\/www.jornalja.com.br\/geral\/wp-json\/wp\/v2\/posts\/75903\/revisions"}],"wp:featuredmedia":[{"embeddable":true,"href":"https:\/\/www.jornalja.com.br\/geral\/wp-json\/"}],"wp:attachment":[{"href":"https:\/\/www.jornalja.com.br\/geral\/wp-json\/wp\/v2\/media?parent=75903"}],"wp:term":[{"taxonomy":"category","embeddable":true,"href":"https:\/\/www.jornalja.com.br\/geral\/wp-json\/wp\/v2\/categories?post=75903"},{"taxonomy":"post_tag","embeddable":true,"href":"https:\/\/www.jornalja.com.br\/geral\/wp-json\/wp\/v2\/tags?post=75903"}],"curies":[{"name":"wp","href":"https:\/\/api.w.org\/{rel}","templated":true}]}}