{"id":76394,"date":"2019-08-16T09:25:43","date_gmt":"2019-08-16T12:25:43","guid":{"rendered":"https:\/\/www.jornalja.com.br\/?p=76394"},"modified":"2019-08-16T09:25:43","modified_gmt":"2019-08-16T12:25:43","slug":"festival-do-japao-sera-realizado-neste-fim-de-semana","status":"publish","type":"post","link":"https:\/\/www.jornalja.com.br\/geral\/festival-do-japao-sera-realizado-neste-fim-de-semana\/","title":{"rendered":"Festival do Jap\u00e3o ser\u00e1 realizado neste fim de semana"},"content":{"rendered":"<p>A oitava edi\u00e7\u00e3o do Festival do Jap\u00e3o ocorrer\u00e1 neste fim de semana, 17 e 18, na Academia de Pol\u00edcia Militar (av. Cel. Apar\u00edcio Borges). Ser\u00e3o oferecidas pr\u00e1ticas esportivas, gastronomia oriental, atra\u00e7\u00f5es musicais e atividades de lazer presentes na cultura japonesa. A programa\u00e7\u00e3o come\u00e7a \u00e0s 10h, e a cerim\u00f4nia de abertura ser\u00e1 \u00e0s 14h.<br \/>\nOs organizadores esperam a participa\u00e7\u00e3o de mais de 70 mil pessoas. O evento ter\u00e1 como tema Esportes e Lazer, em refer\u00eancia aos Jogos Ol\u00edmpicos e Paraol\u00edmpicos de 2020, que ser\u00e3o sediados em T\u00f3quio, no Jap\u00e3o. A Diretoria-Geral de Esporte, Recrea\u00e7\u00e3o e Lazer da Secretaria de Desenvolvimento Social e Esporte organizar\u00e1 brincadeiras e jogos esportivos, al\u00e9m de levar ao local o \u00f4nibus brincalh\u00e3o.<br \/>\nO Consulado do Jap\u00e3o vem notando maior interesse da comunidade ga\u00facha na cultura japonesa, pela sua riqueza e peculiaridade em h\u00e1bitos, costumes e em especial na gastronomia t\u00edpica. O Brasil \u00e9 o pa\u00eds que abriga a maior comunidade japonesa do mundo, com quase dois milh\u00f5es de japoneses e descendentes at\u00e9 da quinta gera\u00e7\u00e3o. No Rio Grande do Sul, a col\u00f4nia japonesa est\u00e1 mais presente em Porto Alegre, Gravata\u00ed, Ivoti, Itati, Santa Maria e Pelotas.<br \/>\nO Festival do Jap\u00e3o integra a programa\u00e7\u00e3o da Semana Internacional do Jap\u00e3o, lan\u00e7ada nessa segunda-feira, 12, no Pa\u00e7o Municipal. O Festival \u00e9 uma iniciativa da Associa\u00e7\u00e3o do Festival do Jap\u00e3o no Rio Grande do Sul (AFJ), com apoio da Prefeitura de Porto Alegre.<br \/>\n<strong>Confira a programa\u00e7\u00e3o:<\/strong><br \/>\nS\u00e1bado<br \/>\n10h &#8211; Karaok\u00ea Time<br \/>\n10h20 &#8211; Kendo e Iad\u00f4 &#8211; Leandro Furush\u00f4 &#8211; arte Marcial &#8211; Porto Alegre<br \/>\n10h40 &#8211; Quarteto TAO &#8211; m\u00fasica cl\u00e1ssica &#8211; Porto Alegre<br \/>\n11h &#8211; Shinsei &#8211; Porto Alegre<br \/>\n11h15 &#8211; Karaok\u00ea Time<br \/>\n11h30 &#8211; Mariko Nakahira &#8211; participa\u00e7\u00e3o Kenkou Taisso &#8211; m\u00fasica japonesa e gin\u00e1stica &#8211; Jap\u00e3o<br \/>\n12h &#8211; Demonstra\u00e7\u00e3o de Ikebana &#8211; arte floral &#8211; Porto Alegre<br \/>\n12h20 &#8211; Sum\u00f4 &#8211; Yuso Sato &#8211; luta milenar japonesa &#8211; Rio Grande do Sul<br \/>\n12h40 &#8211; Ballon Performer AKI &#8211; show de bal\u00f5es &#8211; Jap\u00e3o<br \/>\n13h10 &#8211; Zenkyu Ogawa &#8211; J-Pop &#8211; Jap\u00e3o<br \/>\n13h30 &#8211; Grupo de dan\u00e7a Nadeshiko &#8211; Porto Alegre<br \/>\n13h40 &#8211; Requios Gueino Dokokai &#8211; Tambores de Okinawa &#8211; S\u00e3o Paulo<br \/>\n14h &#8211; Cerim\u00f4nia de abertura<br \/>\n15h &#8211; Canto l\u00edrico japon\u00eas &#8211; m\u00fasica cl\u00e1ssica &#8211; Jap\u00e3o<br \/>\n15h20 &#8211; Taiyo Daiko &#8211; tambores japoneses &#8211; Jap\u00e3o<br \/>\n15h40 &#8211; Kyud\u00f4 &#8211; arco e flecha japonesa &#8211; Paran\u00e1<br \/>\n16h &#8211; Grupo MIN &#8211; m\u00fasica tradicional japonesa &#8211; S\u00e3o Paulo<br \/>\n16h30 &#8211; Karaok\u00ea Time<br \/>\n16h45 &#8211; Grupo Aika \u2013 dan\u00e7a &#8211; Iju\u00ed<br \/>\n17h10 &#8211; Mariko Akahira &#8211; m\u00fasica japonesa &#8211; Jap\u00e3o<br \/>\n17h40 &#8211; Requios Gueino Daokokai &#8211; Tambores de Okinawa &#8211; S\u00e3o Paulo<br \/>\nDomingo<br \/>\n10h &#8211; Karaok\u00ea Time &#8211; Coral Himswari<br \/>\n10h30 &#8211; Requios Geino Dokokai &#8211; Tambores de Okinawa &#8211; S\u00e3o Paulo<br \/>\n10h50 &#8211; Shorinji Kenp\u00f4 &#8211; mestre Izidoro Yamamoto &#8211; artes marciais &#8211; Porto Alegre<br \/>\n11h10 &#8211; Shinsei Kotobuki &#8211; Porto Alegre<br \/>\n11h20 &#8211; Karaok\u00ea Time<br \/>\n11h45 &#8211; Ballon Performer AKI &#8211; show de bal\u00f5es &#8211; Jap\u00e3o<br \/>\n12h15 &#8211; Karat\u00ea Shotokan &#8211; mestre Tiago Frosi &#8211; artes marciais &#8211; Porto Alegre<br \/>\n12h30 &#8211; Kenko Tais\u00f4 &#8211; S\u00e3o Paulo<br \/>\n12h45 &#8211; Grupo MIN &#8211; m\u00fasica tradicional japonesa &#8211; S\u00e3o Paulo<br \/>\n13h15 \u2013 Kenjutsu &#8211; Instituto Cultural Niten Alesssandro Rabelo &#8211; artes marciais &#8211; Porto Alegre<br \/>\n13h30 &#8211; Banda Marcial Col\u00e9gio S\u00e3o Jo\u00e3o &#8211; Porto legre<br \/>\n13h45 &#8211; Kyud\u00f4 &#8211; arco e flecha japonesa &#8211; Paran\u00e1<br \/>\n14h &#8211; Karaok\u00ea Time<br \/>\n14h15 &#8211; Instituto Sul Brasileiro de Alkid\u00f4 &#8211; mestre Leonel Rade &#8211; arte marcial &#8211; Porto Alegre<br \/>\n14h30 &#8211; Zenkyu Ogawa &#8211; m\u00fasica popular japonesa &#8211; Jap\u00e3o<br \/>\n14h50 &#8211; Requios Geino Dokokai &#8211; Tambores de Okinawa &#8211; S\u00e3o Paulo<br \/>\n15h15 &#8211; Cantor l\u00edrico japon\u00eas &#8211; Jap\u00e3o<br \/>\n15h30 &#8211; Naginata &#8211; Arte Marcial &#8211; S\u00e3o Paulo<br \/>\n15h45 &#8211; Grupo de Dan\u00e7a Nadeshiko &#8211; Porto Alegre<br \/>\n16h15 &#8211; Ballon Performer AKI &#8211; show de bal\u00f5es &#8211; Jap\u00e3o<br \/>\n16h45 &#8211; Grupo Shinsei &amp; Minami Daiko &#8211; Porto Alegre<\/p>\n","protected":false},"excerpt":{"rendered":"<p>A oitava edi\u00e7\u00e3o do Festival do Jap\u00e3o ocorrer\u00e1 neste fim de semana, 17 e 18, na Academia de Pol\u00edcia Militar (av. Cel. Apar\u00edcio Borges). Ser\u00e3o oferecidas pr\u00e1ticas esportivas, gastronomia oriental, atra\u00e7\u00f5es musicais e atividades de lazer presentes na cultura japonesa. A programa\u00e7\u00e3o come\u00e7a \u00e0s 10h, e a cerim\u00f4nia de abertura ser\u00e1 \u00e0s 14h. Os organizadores [&hellip;]<\/p>\n","protected":false},"author":12,"featured_media":76395,"comment_status":"open","ping_status":"closed","sticky":false,"template":"","format":"standard","meta":{"jetpack_post_was_ever_published":false,"_jetpack_newsletter_access":"","_jetpack_dont_email_post_to_subs":false,"_jetpack_newsletter_tier_id":0,"_jetpack_memberships_contains_paywalled_content":false,"_jetpack_memberships_contains_paid_content":false,"footnotes":"","jetpack_publicize_message":"","jetpack_publicize_feature_enabled":true,"jetpack_social_post_already_shared":true,"jetpack_social_options":{"image_generator_settings":{"template":"highway","default_image_id":0,"font":"","enabled":false},"version":2}},"categories":[2],"tags":[86,277,132],"class_list":["post-76394","post","type-post","status-publish","format-standard","has-post-thumbnail","hentry","category-geral","tag-cultura","tag-japao","tag-porto-alegre"],"aioseo_notices":[],"jetpack_publicize_connections":[],"jetpack_featured_media_url":"","jetpack_shortlink":"https:\/\/wp.me\/pbKhrD-jSa","jetpack-related-posts":[{"id":89533,"url":"https:\/\/www.jornalja.com.br\/geral\/brasil-tem-259-representantes-na-paraolimpiada-de-toquio\/","url_meta":{"origin":76394,"position":0},"title":"Brasil tem 259 representantes na Paraolimp\u00edada de T\u00f3quio","author":"da Reda\u00e7\u00e3o","date":"24 de agosto de 2021","format":false,"excerpt":"Da Ag\u00eancia Brasil A partir desta ter\u00e7a-feira (24) ser\u00e3o 13 dias em que atletas do mundo inteiro disputar\u00e3o medalhas em 22 modalidades nas Paraolimp\u00edadas de T\u00f3quio. Entre as estrelas do esporte paraol\u00edmpico, estar\u00e3o no Jap\u00e3o as nadadoras norte-americanas Jessica Long e McKenzie Coan e o alem\u00e3o Markus Rehm, do salto\u2026","rel":"","context":"Em &quot;Geral-NOTAS&quot;","block_context":{"text":"Geral-NOTAS","link":"https:\/\/www.jornalja.com.br\/geral\/category\/geral-notas\/"},"img":{"alt_text":"","src":"https:\/\/i0.wp.com\/www.jornalja.com.br\/geral\/wp-content\/uploads\/sites\/4\/2021\/08\/paraolimpiada-de-toquio-1.jpg?resize=350%2C200&ssl=1","width":350,"height":200,"srcset":"https:\/\/i0.wp.com\/www.jornalja.com.br\/geral\/wp-content\/uploads\/sites\/4\/2021\/08\/paraolimpiada-de-toquio-1.jpg?resize=350%2C200&ssl=1 1x, https:\/\/i0.wp.com\/www.jornalja.com.br\/geral\/wp-content\/uploads\/sites\/4\/2021\/08\/paraolimpiada-de-toquio-1.jpg?resize=525%2C300&ssl=1 1.5x, https:\/\/i0.wp.com\/www.jornalja.com.br\/geral\/wp-content\/uploads\/sites\/4\/2021\/08\/paraolimpiada-de-toquio-1.jpg?resize=700%2C400&ssl=1 2x, https:\/\/i0.wp.com\/www.jornalja.com.br\/geral\/wp-content\/uploads\/sites\/4\/2021\/08\/paraolimpiada-de-toquio-1.jpg?resize=1050%2C600&ssl=1 3x"},"classes":[]},{"id":100227,"url":"https:\/\/www.jornalja.com.br\/geral\/investigacao-sobre-contrabando-de-armas-chega-as-conexoes-do-crime-organizado-com-a-politica-no-rio\/","url_meta":{"origin":76394,"position":1},"title":"Investiga\u00e7\u00e3o sobre contrabando de armas chega \u00e0s conex\u00f5es do crime organizado com a pol\u00edtica no Rio","author":"Elmar Bones","date":"16 de novembro de 2025","format":false,"excerpt":"Vai completar cinco anos neste 23 de novembro um inqu\u00e9rito da PF sobre o contrabando de armas que alimenta as fac\u00e7\u00f5es do crime organizado no Brasil. Uma opera\u00e7\u00e3o de rotina deu origem \u00e0s investiga\u00e7\u00f5es, em 2020. Um \u00f4nibus de turismo procedente de S\u00e3o Paulo, com destino a Po\u00e7\u00f5es no interior\u2026","rel":"","context":"Em &quot;Geral-MAT\u00c9RIA&quot;","block_context":{"text":"Geral-MAT\u00c9RIA","link":"https:\/\/www.jornalja.com.br\/geral\/category\/geral\/"},"img":{"alt_text":"","src":"https:\/\/i0.wp.com\/www.jornalja.com.br\/geral\/wp-content\/uploads\/sites\/4\/2025\/11\/rio-guerra-dep-th-joias.png?resize=350%2C200&ssl=1","width":350,"height":200,"srcset":"https:\/\/i0.wp.com\/www.jornalja.com.br\/geral\/wp-content\/uploads\/sites\/4\/2025\/11\/rio-guerra-dep-th-joias.png?resize=350%2C200&ssl=1 1x, https:\/\/i0.wp.com\/www.jornalja.com.br\/geral\/wp-content\/uploads\/sites\/4\/2025\/11\/rio-guerra-dep-th-joias.png?resize=525%2C300&ssl=1 1.5x"},"classes":[]},{"id":81527,"url":"https:\/\/www.jornalja.com.br\/geral\/coronavirus-ja-esta-em-47-paises-no-japao-aulas-foram-suspensas-em-todo-o-pais\/","url_meta":{"origin":76394,"position":2},"title":"Coronavirus j\u00e1 est\u00e1 em 47 pa\u00edses; no Jap\u00e3o aulas foram suspensas por um m\u00eas","author":"da Reda\u00e7\u00e3o","date":"27 de fevereiro de 2020","format":false,"excerpt":"Dois casos, um nos Estados Unidos e outro Alemanha, de pacientes que n\u00e3o tiveram nenhuma proximidade com as zonas ou pessoas infectadas pelo novo coronavirus, est\u00e3o intrigando as\u00a0 autoridades de sa\u00fade p\u00fablica. Os casos aut\u00f3ctones levam \u00e0 hip\u00f3tese de que o v\u00edrus est\u00e1 se espalhando por meios ainda desconhecidos, tornando\u2026","rel":"","context":"Em &quot;Geral-MAT\u00c9RIA&quot;","block_context":{"text":"Geral-MAT\u00c9RIA","link":"https:\/\/www.jornalja.com.br\/geral\/category\/geral\/"},"img":{"alt_text":"","src":"https:\/\/i0.wp.com\/www.jornalja.com.br\/geral\/wp-content\/uploads\/sites\/4\/2020\/02\/Coronavirus-china.jpg?resize=350%2C200&ssl=1","width":350,"height":200,"srcset":"https:\/\/i0.wp.com\/www.jornalja.com.br\/geral\/wp-content\/uploads\/sites\/4\/2020\/02\/Coronavirus-china.jpg?resize=350%2C200&ssl=1 1x, https:\/\/i0.wp.com\/www.jornalja.com.br\/geral\/wp-content\/uploads\/sites\/4\/2020\/02\/Coronavirus-china.jpg?resize=525%2C300&ssl=1 1.5x, https:\/\/i0.wp.com\/www.jornalja.com.br\/geral\/wp-content\/uploads\/sites\/4\/2020\/02\/Coronavirus-china.jpg?resize=700%2C400&ssl=1 2x"},"classes":[]},{"id":92251,"url":"https:\/\/www.jornalja.com.br\/geral\/porto-alegre-ja-tem-93-pracas-com-prefeitos-voluntarios\/","url_meta":{"origin":76394,"position":3},"title":"Porto Alegre j\u00e1 tem 93 pra\u00e7as com &#8220;prefeitos volunt\u00e1rios&#8221;","author":"da Reda\u00e7\u00e3o","date":"25 de abril de 2022","format":false,"excerpt":"O prefeito Sebasti\u00e3o Melo oficializou a nomea\u00e7\u00e3o de mais 15 moradores e l\u00edderes comunit\u00e1rios das regi\u00f5es Noroeste e Centro para auxiliar o poder p\u00fablico nos cuidados com a preserva\u00e7\u00e3o ambiental e manuten\u00e7\u00e3o dos parques e pra\u00e7as da Capital. Os eventos ocorreram na Pra\u00e7a Bartolomeu de Gusm\u00e3o (av. Farrapos, bairro Floresta)\u2026","rel":"","context":"Em &quot;Geral-MAT\u00c9RIA&quot;","block_context":{"text":"Geral-MAT\u00c9RIA","link":"https:\/\/www.jornalja.com.br\/geral\/category\/geral\/"},"img":{"alt_text":"","src":"","width":0,"height":0},"classes":[]},{"id":90197,"url":"https:\/\/www.jornalja.com.br\/geral\/prefeitura-inicia-celebracao-dos-250-anos-de-porto-alegre-neste-domingo-na-redencao\/","url_meta":{"origin":76394,"position":4},"title":"Prefeitura inicia celebra\u00e7\u00e3o dos 250 anos de Porto Alegre neste domingo na Reden\u00e7\u00e3o","author":"da Reda\u00e7\u00e3o","date":"24 de setembro de 2021","format":false,"excerpt":"Ser\u00e1 lan\u00e7ado neste domingo, dia 26, o calend\u00e1rio oficial de eventos e o selo comemorativo dos 250 anos de Porto Alegre. O evento ser\u00e1 na Reden\u00e7\u00e3o, \u00e0s 11h, junto ao Monumento do Expedicion\u00e1rio\u00a0 e\u00a0 contar\u00e1 com a participa\u00e7\u00e3o do prefeito, Sebasti\u00e3o Melo, de secret\u00e1rios municipais, autoridades locais e atra\u00e7\u00f5es musicais.\u2026","rel":"","context":"Em &quot;Geral-MAT\u00c9RIA&quot;","block_context":{"text":"Geral-MAT\u00c9RIA","link":"https:\/\/www.jornalja.com.br\/geral\/category\/geral\/"},"img":{"alt_text":"","src":"https:\/\/i0.wp.com\/www.jornalja.com.br\/geral\/wp-content\/uploads\/sites\/4\/2021\/09\/whatsapp20image202019-02-0720at20160414.jpeg?resize=350%2C200&ssl=1","width":350,"height":200,"srcset":"https:\/\/i0.wp.com\/www.jornalja.com.br\/geral\/wp-content\/uploads\/sites\/4\/2021\/09\/whatsapp20image202019-02-0720at20160414.jpeg?resize=350%2C200&ssl=1 1x, https:\/\/i0.wp.com\/www.jornalja.com.br\/geral\/wp-content\/uploads\/sites\/4\/2021\/09\/whatsapp20image202019-02-0720at20160414.jpeg?resize=525%2C300&ssl=1 1.5x, https:\/\/i0.wp.com\/www.jornalja.com.br\/geral\/wp-content\/uploads\/sites\/4\/2021\/09\/whatsapp20image202019-02-0720at20160414.jpeg?resize=700%2C400&ssl=1 2x"},"classes":[]},{"id":98329,"url":"https:\/\/www.jornalja.com.br\/geral\/melo-extingue-fundacao-de-assistencia-social-e-cidadania\/","url_meta":{"origin":76394,"position":5},"title":"Melo extingue Funda\u00e7\u00e3o de Assist\u00eancia Social e Cidadania","author":"da Reda\u00e7\u00e3o","date":"2 de fevereiro de 2025","format":false,"excerpt":"O Di\u00e1rio Oficial de Porto Alegre circulou em edi\u00e7\u00e3o extra neste domingo, 2 de fevereiro, com duas leis complementares de autoria do Executivo Municipal. Uma delas extingue a Funda\u00e7\u00e3o de Assist\u00eancia Social e Cidadania (FASC), entidade criada em 1977 (48 anos em junho) para executar em Porto Alegre os programas\u2026","rel":"","context":"Em &quot;Geral-MAT\u00c9RIA&quot;","block_context":{"text":"Geral-MAT\u00c9RIA","link":"https:\/\/www.jornalja.com.br\/geral\/category\/geral\/"},"img":{"alt_text":"","src":"https:\/\/i0.wp.com\/www.jornalja.com.br\/geral\/wp-content\/uploads\/sites\/4\/2024\/04\/incendio-em-porto-alegre-fachada-da-pousadacom-carro-da-pericia-cesar-lopes-pmpa.jpg?resize=350%2C200&ssl=1","width":350,"height":200,"srcset":"https:\/\/i0.wp.com\/www.jornalja.com.br\/geral\/wp-content\/uploads\/sites\/4\/2024\/04\/incendio-em-porto-alegre-fachada-da-pousadacom-carro-da-pericia-cesar-lopes-pmpa.jpg?resize=350%2C200&ssl=1 1x, https:\/\/i0.wp.com\/www.jornalja.com.br\/geral\/wp-content\/uploads\/sites\/4\/2024\/04\/incendio-em-porto-alegre-fachada-da-pousadacom-carro-da-pericia-cesar-lopes-pmpa.jpg?resize=525%2C300&ssl=1 1.5x, https:\/\/i0.wp.com\/www.jornalja.com.br\/geral\/wp-content\/uploads\/sites\/4\/2024\/04\/incendio-em-porto-alegre-fachada-da-pousadacom-carro-da-pericia-cesar-lopes-pmpa.jpg?resize=700%2C400&ssl=1 2x"},"classes":[]}],"jetpack_sharing_enabled":true,"_links":{"self":[{"href":"https:\/\/www.jornalja.com.br\/geral\/wp-json\/wp\/v2\/posts\/76394","targetHints":{"allow":["GET"]}}],"collection":[{"href":"https:\/\/www.jornalja.com.br\/geral\/wp-json\/wp\/v2\/posts"}],"about":[{"href":"https:\/\/www.jornalja.com.br\/geral\/wp-json\/wp\/v2\/types\/post"}],"author":[{"embeddable":true,"href":"https:\/\/www.jornalja.com.br\/geral\/wp-json\/wp\/v2\/users\/12"}],"replies":[{"embeddable":true,"href":"https:\/\/www.jornalja.com.br\/geral\/wp-json\/wp\/v2\/comments?post=76394"}],"version-history":[{"count":0,"href":"https:\/\/www.jornalja.com.br\/geral\/wp-json\/wp\/v2\/posts\/76394\/revisions"}],"wp:featuredmedia":[{"embeddable":true,"href":"https:\/\/www.jornalja.com.br\/geral\/wp-json\/"}],"wp:attachment":[{"href":"https:\/\/www.jornalja.com.br\/geral\/wp-json\/wp\/v2\/media?parent=76394"}],"wp:term":[{"taxonomy":"category","embeddable":true,"href":"https:\/\/www.jornalja.com.br\/geral\/wp-json\/wp\/v2\/categories?post=76394"},{"taxonomy":"post_tag","embeddable":true,"href":"https:\/\/www.jornalja.com.br\/geral\/wp-json\/wp\/v2\/tags?post=76394"}],"curies":[{"name":"wp","href":"https:\/\/api.w.org\/{rel}","templated":true}]}}