{"id":76566,"date":"2019-08-21T14:24:48","date_gmt":"2019-08-21T17:24:48","guid":{"rendered":"https:\/\/www.jornalja.com.br\/?p=76566"},"modified":"2019-08-21T14:24:48","modified_gmt":"2019-08-21T17:24:48","slug":"jornada-debatera-legado-de-paulo-freire","status":"publish","type":"post","link":"https:\/\/www.jornalja.com.br\/geral\/jornada-debatera-legado-de-paulo-freire\/","title":{"rendered":"Jornada debater\u00e1 legado de Paulo Freire"},"content":{"rendered":"<p>O pensamento do educador e intelectual brasileiro Paulo Freire, Patrono da Educa\u00e7\u00e3o Brasileira, ser\u00e1 tema de um debate na sexta-feira (23), \u00e0s 18h30min, na Faculdade de Educa\u00e7\u00e3o da Universidade Federal do Rio Grande do Sul (UFRGS). No evento, suas ideias ser\u00e3o debatidas pelos professores S\u00e9rgio Haddad, Balduino Andreola, Danilo Streck e pela deputada federal Maria do Ros\u00e1rio (PT-RS).<br \/>\nAs Jornadas em Defesa da Educa\u00e7\u00e3o Democr\u00e1tica e do Pensamento de Paulo Freire resultam de uma a\u00e7\u00e3o conjunta proposta pela deputada Maria do Ros\u00e1rio, com o Comit\u00ea Latino Americano de Ci\u00eancias Sociais\/CLACSO, Funda\u00e7\u00e3o Friedrich Ebert Stiftung, Instituto Paulo Freire e a C\u00e1tedra Paulo Freire da UNESCO no Brasil. A atividade \u00e9 gratuita com inscri\u00e7\u00e3o pr\u00e9via neste endere\u00e7o.<br \/>\nNo Brasil, grande parte dos documentos curriculares e das regulamenta\u00e7\u00f5es produzidas nos \u00faltimos anos para a educa\u00e7\u00e3o nacional n\u00e3o mencionam o pensamento de Paulo Freire nem mesmo indicam uma abordagem que aponte para a constru\u00e7\u00e3o de uma pr\u00e1tica cr\u00edtica e emancipat\u00f3ria. Preocupada com este contexto, foram criadas as \u201cJornadas em Defesa do Pensamento de Paulo Freire\u201d com o objetivo de resgatar a mem\u00f3ria e o legado deste pensador brasileiro. Apoiam a organiza\u00e7\u00e3o das Jornadas as seguintes entidades:<br \/>\nUFRGS, UFCSPA, Se\u00e7\u00e3o Sindical ANDES UFRGS, ADUFRGS Sindical, Teia \u2013 Instituto de Cidadania e Direitos Humanos, Coletivo Feminino Plural, CPERS, Faculdade de Educa\u00e7\u00e3o da UFRGS (Faced) , Consejo de Educaci\u00f3n Popular de Am\u00e9rica Latina y el Caribe (CEAAL), F\u00f3rum Mundial de Educa\u00e7\u00e3o, Setor de Educa\u00e7\u00e3o do MST, Setorial de Educa\u00e7\u00e3o do PT-RS, F\u00f3rum Mundial de Educa\u00e7\u00e3o, Centro de Assessoria Multiprofissional (CAMP), Caf\u00e9 com Paulo Freire, F\u00f3rum Ga\u00facho de Educa\u00e7\u00e3o Infantil, Associa\u00e7\u00e3o de Educadores Populares de Porto Alegre (AEPPA), Movimento De Educa\u00e7\u00e3o Popular (MEP), Centro Cultural Marli Medeiros, Centro de Triagem da Vila Pinto, Escola de Educa\u00e7\u00e3o Vov\u00f3 Belinha, Associa\u00e7\u00e3o M\u00e3es e Pais pela Democracia, Sindicato dos Professores Leopoldense (SEPROL), Poiesis, F\u00f3rum de Estudos: Leituras de Paulo Freire.<br \/>\nServi\u00e7o:<br \/>\nNome: Jornadas em Defesa da Educa\u00e7\u00e3o Democr\u00e1tica e do Pensamento de Paulo Freire \u2013 \u201cTecendo Esperan\u00e7as com Paulo Freire: Educa\u00e7\u00e3o e Direitos Humanos\u201d<br \/>\nData: 23\/8\/2019<br \/>\nHor\u00e1rio: 18h30 \u00e0s 21h<br \/>\nLocal: FACED\/UFRGS \u2013 Sala 102 (Av. Paulo Gama, 110)<br \/>\nInscri\u00e7\u00f5es: http:\/\/bit.ly\/2ySKYUR<\/p>\n","protected":false},"excerpt":{"rendered":"<p>O pensamento do educador e intelectual brasileiro Paulo Freire, Patrono da Educa\u00e7\u00e3o Brasileira, ser\u00e1 tema de um debate na sexta-feira (23), \u00e0s 18h30min, na Faculdade de Educa\u00e7\u00e3o da Universidade Federal do Rio Grande do Sul (UFRGS). No evento, suas ideias ser\u00e3o debatidas pelos professores S\u00e9rgio Haddad, Balduino Andreola, Danilo Streck e pela deputada federal Maria [&hellip;]<\/p>\n","protected":false},"author":12,"featured_media":76567,"comment_status":"open","ping_status":"closed","sticky":false,"template":"","format":"standard","meta":{"jetpack_post_was_ever_published":false,"_jetpack_newsletter_access":"","_jetpack_dont_email_post_to_subs":false,"_jetpack_newsletter_tier_id":0,"_jetpack_memberships_contains_paywalled_content":false,"_jetpack_memberships_contains_paid_content":false,"footnotes":"","jetpack_publicize_message":"","jetpack_publicize_feature_enabled":true,"jetpack_social_post_already_shared":true,"jetpack_social_options":{"image_generator_settings":{"template":"highway","default_image_id":0,"font":"","enabled":false},"version":2}},"categories":[2],"tags":[67,45,284],"class_list":["post-76566","post","type-post","status-publish","format-standard","has-post-thumbnail","hentry","category-geral","tag-cpers","tag-educacao","tag-paulo-freire"],"aioseo_notices":[],"jetpack_publicize_connections":[],"jetpack_featured_media_url":"","jetpack_shortlink":"https:\/\/wp.me\/pbKhrD-jUW","jetpack-related-posts":[{"id":79500,"url":"https:\/\/www.jornalja.com.br\/geral\/federacao-dos-municipios-apoia-greve-e-diz-que-pacote-e-retrocesso\/","url_meta":{"origin":76566,"position":0},"title":"Federa\u00e7\u00e3o dos Munic\u00edpios apoia greve e diz que pacote &quot;\u00e9 retrocesso&quot;","author":"da Reda\u00e7\u00e3o","date":"27 de novembro de 2019","format":false,"excerpt":"Foi lida na assembleia dos professores, nesta ter\u00e7a-feira,\u00a0 uma mo\u00e7\u00e3o de apoio \u00e0 greve aprovada pela Federa\u00e7\u00e3o das Associa\u00e7\u00f5es de Munic\u00edpios do Rio Grande do Sul. No documento, a entidade representativa dos 497 munic\u00edpios ga\u00fachos considera o pacote do governador um \u201cretrocesso social num Estado que j\u00e1 foi exemplo pol\u00edtico\u2026","rel":"","context":"Em &quot;Geral-MAT\u00c9RIA&quot;","block_context":{"text":"Geral-MAT\u00c9RIA","link":"https:\/\/www.jornalja.com.br\/geral\/category\/geral\/"},"img":{"alt_text":"","src":"","width":0,"height":0},"classes":[]},{"id":95492,"url":"https:\/\/www.jornalja.com.br\/geral\/aproximacao-do-brasil-com-a-china-motivou-missao-militar-norteamericana\/","url_meta":{"origin":76566,"position":1},"title":"Aproxima\u00e7\u00e3o do Brasil com a China motivou miss\u00e3o militar norteamericana","author":"da Reda\u00e7\u00e3o","date":"30 de maio de 2023","format":false,"excerpt":"Barrar a aproxima\u00e7\u00e3o do presidente Lula com a China. Este seria o principal objetivo da miss\u00e3o de generais americanos que, nesta segunda-feira, chegou ao Brasil \"cercada de mist\u00e9rio\", como disse O Estado de S. Paulo. Segundo o di\u00e1rio paulista, uma das integrantes da comitiva militar estadunidense, a general Laura Richardson,\u2026","rel":"","context":"Em &quot;Geral-NOTAS&quot;","block_context":{"text":"Geral-NOTAS","link":"https:\/\/www.jornalja.com.br\/geral\/category\/geral-notas\/"},"img":{"alt_text":"","src":"","width":0,"height":0},"classes":[]},{"id":97954,"url":"https:\/\/www.jornalja.com.br\/geral\/elecoes-2024-porque-sebastiao-melo-estava-inseguro-no-ultimo-debate\/","url_meta":{"origin":76566,"position":2},"title":"Ele\u00e7\u00f5es 2024: porque Sebasti\u00e3o Melo estava inseguro no \u00faltimo debate","author":"Elmar Bones","date":"4 de outubro de 2024","format":false,"excerpt":"Sebasti\u00e3o Melo, candidato \u00e0 reelei\u00e7\u00e3o em Porto Alegre, estava irreconhec\u00edvel no \u00faltimo debate na RBS, nesta quinta-feira, a quatro dias da elei\u00e7\u00e3o. Gaguejou, se mostrou inseguro, o que \u00e9 surpreendente num pol\u00edtico experiente como ele. Um sinal de que algo inesperado est\u00e1 acontecendo, \u00e9 a evolu\u00e7\u00e3o das pesquisas. Em levantamento\u2026","rel":"","context":"Em &quot;Geral-MAT\u00c9RIA&quot;","block_context":{"text":"Geral-MAT\u00c9RIA","link":"https:\/\/www.jornalja.com.br\/geral\/category\/geral\/"},"img":{"alt_text":"","src":"https:\/\/i0.wp.com\/www.jornalja.com.br\/geral\/wp-content\/uploads\/sites\/4\/2024\/10\/eleicoes-2024-desenho-melo-foto-felipe-hart.jpeg?resize=350%2C200&ssl=1","width":350,"height":200,"srcset":"https:\/\/i0.wp.com\/www.jornalja.com.br\/geral\/wp-content\/uploads\/sites\/4\/2024\/10\/eleicoes-2024-desenho-melo-foto-felipe-hart.jpeg?resize=350%2C200&ssl=1 1x, https:\/\/i0.wp.com\/www.jornalja.com.br\/geral\/wp-content\/uploads\/sites\/4\/2024\/10\/eleicoes-2024-desenho-melo-foto-felipe-hart.jpeg?resize=525%2C300&ssl=1 1.5x, https:\/\/i0.wp.com\/www.jornalja.com.br\/geral\/wp-content\/uploads\/sites\/4\/2024\/10\/eleicoes-2024-desenho-melo-foto-felipe-hart.jpeg?resize=700%2C400&ssl=1 2x"},"classes":[]},{"id":76880,"url":"https:\/\/www.jornalja.com.br\/geral\/seis-especialistas-debatem-educacao-em-tempo-de-conflito-na-assembleia\/","url_meta":{"origin":76566,"position":3},"title":"Seis especialistas debatem &quot;educa\u00e7\u00e3o em tempo de conflito&quot;, na Assembl\u00e9ia","author":"da Reda\u00e7\u00e3o","date":"30 de agosto de 2019","format":false,"excerpt":"Um grande semin\u00e1rio marca, neste s\u00e1bado, 31, na Assembl\u00e9ia Legislativa, o 55 anos do Col\u00e9gio Jo\u00e3o XXIII, escola comunit\u00e1ria administrada por um colegiado de professores, pais, m\u00e3es e estudantes. Fundado em 23 de agosto de 1964, o Jo\u00e3o\u00a0 XXIII prop\u00f5e \"uma obra pedag\u00f3gica progressista, humanit\u00e1ria e democr\u00e1tica, embasada na liberdade\u2026","rel":"","context":"Em &quot;Geral-MAT\u00c9RIA&quot;","block_context":{"text":"Geral-MAT\u00c9RIA","link":"https:\/\/www.jornalja.com.br\/geral\/category\/geral\/"},"img":{"alt_text":"","src":"","width":0,"height":0},"classes":[]},{"id":78172,"url":"https:\/\/www.jornalja.com.br\/geral\/lula-e-democracia-os-temas-que-dominam-o-13-congresso-nacional-da-cut\/","url_meta":{"origin":76566,"position":4},"title":"Lula  e Democracia, os temas que dominam o 13\u00b0 Congresso Nacional da CUT","author":"da Reda\u00e7\u00e3o","date":"9 de outubro de 2019","format":false,"excerpt":"Um grupo local tocou chorinhos cl\u00e1ssicos de Pixinguinha, Ernesto Nazareh, Chiquinha Gonzaga. O rapper Emicida exibiu seu clipe AmarElo, com a participa\u00e7\u00e3o das cantoras Majur e Pablo Vitar. Foram as atra\u00e7\u00f5es que prepararam a abertura formal do 13\u00ba Congresso Nacional da CUT, na noite de segunda-feira (7) na Praia Grande,\u2026","rel":"","context":"Em &quot;Geral-MAT\u00c9RIA&quot;","block_context":{"text":"Geral-MAT\u00c9RIA","link":"https:\/\/www.jornalja.com.br\/geral\/category\/geral\/"},"img":{"alt_text":"","src":"","width":0,"height":0},"classes":[]},{"id":74427,"url":"https:\/\/www.jornalja.com.br\/geral\/aplicacoes-de-inseticida-contra-a-dengue-na-zona-norte-ja-sao-170-casos\/","url_meta":{"origin":76566,"position":5},"title":"Aplica\u00e7\u00f5es de inseticida contra a dengue na Zona Norte: j\u00e1 s\u00e3o 170 casos","author":"da Reda\u00e7\u00e3o","date":"5 de maio de 2019","format":false,"excerpt":"Quatro ruas no bairro Sarandi, entre a avenida Assis Brasil e a rua Minas Gerais, na Zona Norte de Porto Alegre, tiveram pulveriza\u00e7\u00e3o de inseticida nesta segunda-feira, 6, pela manh\u00e3: Oliveira Loes, Jackson de Figueiredo, Laudelino Freire e Alcides Maia. Al\u00e9m desses trechos, a avenida Assis Brasil, entre as ruas\u2026","rel":"","context":"Em &quot;Geral-MAT\u00c9RIA&quot;","block_context":{"text":"Geral-MAT\u00c9RIA","link":"https:\/\/www.jornalja.com.br\/geral\/category\/geral\/"},"img":{"alt_text":"","src":"","width":0,"height":0},"classes":[]}],"jetpack_sharing_enabled":true,"_links":{"self":[{"href":"https:\/\/www.jornalja.com.br\/geral\/wp-json\/wp\/v2\/posts\/76566","targetHints":{"allow":["GET"]}}],"collection":[{"href":"https:\/\/www.jornalja.com.br\/geral\/wp-json\/wp\/v2\/posts"}],"about":[{"href":"https:\/\/www.jornalja.com.br\/geral\/wp-json\/wp\/v2\/types\/post"}],"author":[{"embeddable":true,"href":"https:\/\/www.jornalja.com.br\/geral\/wp-json\/wp\/v2\/users\/12"}],"replies":[{"embeddable":true,"href":"https:\/\/www.jornalja.com.br\/geral\/wp-json\/wp\/v2\/comments?post=76566"}],"version-history":[{"count":0,"href":"https:\/\/www.jornalja.com.br\/geral\/wp-json\/wp\/v2\/posts\/76566\/revisions"}],"wp:featuredmedia":[{"embeddable":true,"href":"https:\/\/www.jornalja.com.br\/geral\/wp-json\/"}],"wp:attachment":[{"href":"https:\/\/www.jornalja.com.br\/geral\/wp-json\/wp\/v2\/media?parent=76566"}],"wp:term":[{"taxonomy":"category","embeddable":true,"href":"https:\/\/www.jornalja.com.br\/geral\/wp-json\/wp\/v2\/categories?post=76566"},{"taxonomy":"post_tag","embeddable":true,"href":"https:\/\/www.jornalja.com.br\/geral\/wp-json\/wp\/v2\/tags?post=76566"}],"curies":[{"name":"wp","href":"https:\/\/api.w.org\/{rel}","templated":true}]}}