{"id":76699,"date":"2019-08-26T15:29:43","date_gmt":"2019-08-26T18:29:43","guid":{"rendered":"https:\/\/www.jornalja.com.br\/?p=76699"},"modified":"2019-08-26T15:29:43","modified_gmt":"2019-08-26T18:29:43","slug":"papa-francisco-alerta-para-a-importancia-dos-movimentos-sociais","status":"publish","type":"post","link":"https:\/\/www.jornalja.com.br\/geral\/papa-francisco-alerta-para-a-importancia-dos-movimentos-sociais\/","title":{"rendered":"Papa Francisco alerta para a import\u00e2ncia dos movimentos sociais"},"content":{"rendered":"<p>O mais recente documento da Pontif\u00edcia Comiss\u00e3o para a Am\u00e9rica Latina, organismo da C\u00faria Romana que estuda os problemas doutrinais e pastorais relativos \u00e0 vida e ao desenvolvimento da Igreja no continente, traz uma mensagem do argentino Jorge Mario Bergoglio, o Papa Francisco, que \u00e9 um alerta sobre a viol\u00eancia, a intoler\u00e2ncia, a desorienta\u00e7\u00e3o e apatia das massas.<br \/>\nA opini\u00e3o do Papa Francisco no livro soa forte nesse momento em que o pa\u00eds ainda est\u00e1 sob o impacto do sequestro de um \u00f4nibus com 37 passageiros e o \u201cabate\u201d de um jovem por policiais na ponte Rio-Niter\u00f3i \u2013 execu\u00e7\u00e3o que apesar de ser considerada pelas autoridades de acordo com padr\u00f5es vigentes de resgate, causou perplexidade devido \u00e0 comemora\u00e7\u00e3o por parte do governador do Rio, Wilson Witzel. \u201cNesse estado de paralisia e desorienta\u00e7\u00e3o, a participa\u00e7\u00e3o pol\u00edtica dos movimentos populares pode derrotar a pol\u00edtica dos falsos profetas, que exploram o medo e o desespero e pregam o bem-estar ego\u00edsta e a seguran\u00e7a ilus\u00f3ria\u201d, escreve o Papa no pref\u00e1cio da obra.<br \/>\nPublicado pela Livraria e Editora Vaticana, o La irrupci\u00f3n de los Movimientos Populares: Rerum Novarum de nuestro tiempo \u00e9 uma obra que inclui cinco anos de reflex\u00e3o sobre o trabalho de milhares de associa\u00e7\u00f5es que lutam por um estilo de desenvolvimento justo e inclusivo. A obra ser\u00e1 apresentada em setembro e ainda n\u00e3o est\u00e1 traduzida para o portugu\u00eas. A refer\u00eancia a Rerum Novarum (Das Coisas Novas) \u00e9 evidenciada porque o documento publicado por Le\u00e3o XIII, em maio de 1891, \u00e9 considerado a primeira enc\u00edclica social da Igreja Cat\u00f3lica.<br \/>\nFrancisco enfatiza em seu texto que tudo o que diz e que tamb\u00e9m est\u00e1 contido no trabalho realizado por v\u00e1rias pessoas que contribu\u00edram para a elabora\u00e7\u00e3o do La irrupci\u00f3n de los Movimientos Populares: Rerum Novarum de nuestro tiempo \u201cest\u00e1 em plena sintonia com a Doutrina social da Igreja e com o Magist\u00e9rio de meus predecessores\u201d. O Papa manifesta ainda o seu desejo de que a publica\u00e7\u00e3o do livro seja uma maneira de continuar e refor\u00e7ar \u201cexperi\u00eancias, que antecipam com seus sonhos e com suas lutas, a urg\u00eancia de um novo humanismo, para acabar com analfabetismo compassivo e eclipse progressivo da cultura e da no\u00e7\u00e3o de bem comum\u201d.<br \/>\nFrancisco reafirma a sua convic\u00e7\u00e3o de que a humanidade est\u00e1 enfrentando uma mudan\u00e7a de \u00e9poca caracterizada pela xenofobia, medo e o racismo: \u201cmovimentos populares podem representar uma fonte de energia moral, revitalizar nossas democracias\u201d<br \/>\nIncluindo as principais discuss\u00f5es dos Encontros Mundiais que desde 2014 reuniram \u201csob as b\u00ean\u00e7\u00e3os\u201d de Francisco milhares de representantes de Movimentos Populares em diferentes partes do continente americano, o trabalho da Pontif\u00edcia Comiss\u00e3o para a Am\u00e9rica Latina congrega an\u00e1lises de importantes acad\u00eamicos, jornalistas, religiosos e, obviamente, de representantes dos mais variados movimentos sociais, entre eles Juan Grabois, assessor especial papal para os movimentos sociais e fundador do Encontro Mundial de Movimentos Populares.<br \/>\n<strong>A energia moral dos movimentos sociais<\/strong><br \/>\n<img decoding=\"async\" class=\"alignnone size-medium wp-image-76701\" src=\"https:\/\/www.jornalja.com.br\/wp-content\/uploads\/2019\/08\/Francisco-e-trabalhadores-450x280.jpg\" alt=\"\" width=\"450\" height=\"280\" \/><br \/>\nNessa obra, Francisco reafirma a sua convic\u00e7\u00e3o de que a humanidade est\u00e1 enfrentando uma mudan\u00e7a de \u00e9poca caracterizada pela xenofobia, medo e o racismo e diz que os \u201cmovimentos populares podem representar uma fonte de energia moral, revitalizar nossas democracias\u201d.<br \/>\nConcretamente, na opini\u00e3o do l\u00edder m\u00e1ximo da Igreja Cat\u00f3lica, em meio a uma sociedade ferida por uma economia cada vez mais distante da \u00e9tica, esses movimentos sociais podem e devem atuar como um ant\u00eddoto contra o populismo e mostrar pol\u00edticas que busquem um senso de participa\u00e7\u00e3o cidad\u00e3: uma consci\u00eancia mais positiva do outro, que \u00e9 a consequ\u00eancia da promo\u00e7\u00e3o de uma \u201cfor\u00e7a de n\u00f3s\u201d que se op\u00f5e \u00e0 \u201ccultura do eu\u201d.<br \/>\nNo encerramento de seu texto, Francisco valoriza a quest\u00e3o do trabalho humano como um direito sagrado que deve ser guardado em cada pessoa. O Papa, diante das consequ\u00eancias das teses neoliberais e neoestatais que sufocam e oprimem as pessoas em suas experi\u00eancias de trabalho, clama por um \u201cnovo humanismo, que ponha fim ao analfabetismo da compaix\u00e3o e ao progressivo eclipse da cultura e \u00e0 no\u00e7\u00e3o de bem comum\u201d.<br \/>\n(Com informac\u00f5es do Extra Classe)<\/p>\n","protected":false},"excerpt":{"rendered":"<p>O mais recente documento da Pontif\u00edcia Comiss\u00e3o para a Am\u00e9rica Latina, organismo da C\u00faria Romana que estuda os problemas doutrinais e pastorais relativos \u00e0 vida e ao desenvolvimento da Igreja no continente, traz uma mensagem do argentino Jorge Mario Bergoglio, o Papa Francisco, que \u00e9 um alerta sobre a viol\u00eancia, a intoler\u00e2ncia, a desorienta\u00e7\u00e3o e [&hellip;]<\/p>\n","protected":false},"author":12,"featured_media":76700,"comment_status":"open","ping_status":"closed","sticky":false,"template":"","format":"standard","meta":{"jetpack_post_was_ever_published":false,"_jetpack_newsletter_access":"","_jetpack_dont_email_post_to_subs":false,"_jetpack_newsletter_tier_id":0,"_jetpack_memberships_contains_paywalled_content":false,"_jetpack_memberships_contains_paid_content":false,"footnotes":"","jetpack_publicize_message":"","jetpack_publicize_feature_enabled":true,"jetpack_social_post_already_shared":true,"jetpack_social_options":{"image_generator_settings":{"template":"highway","default_image_id":0,"font":"","enabled":false},"version":2}},"categories":[2],"tags":[301,302,303],"class_list":["post-76699","post","type-post","status-publish","format-standard","has-post-thumbnail","hentry","category-geral","tag-igreja-catolica","tag-movimentos-sociais","tag-papa-francisco"],"aioseo_notices":[],"jetpack_publicize_connections":[],"jetpack_featured_media_url":"","jetpack_shortlink":"https:\/\/wp.me\/pbKhrD-jX5","jetpack-related-posts":[{"id":77440,"url":"https:\/\/www.jornalja.com.br\/geral\/d-neri-problema-da-amazonia-transcente-os-limites-do-brasil\/","url_meta":{"origin":76699,"position":0},"title":"D. Neri: &quot;Problema da Amaz\u00f4nia transcende os limites do Brasil&quot;","author":"da Reda\u00e7\u00e3o","date":"15 de setembro de 2019","format":false,"excerpt":"M\u00e1rcia Turcato, de Bras\u00edlia Natural de Ant\u00f4nio Prado, interior do Rio Grande do Sul, o bispo Dom Neri Jos\u00e9 Tondello, 55, foi nomeado pelo papa Francisco para ser um dos membros do Conselho pr\u00e9-sinodal, inst\u00e2ncia que colabora com a organiza\u00e7\u00e3o da assembleia especial do S\u00ednodo sobre a Amaz\u00f4nia. Atualmente ele\u2026","rel":"","context":"Em &quot;Geral-MAT\u00c9RIA&quot;","block_context":{"text":"Geral-MAT\u00c9RIA","link":"https:\/\/www.jornalja.com.br\/geral\/category\/geral\/"},"img":{"alt_text":"","src":"","width":0,"height":0},"classes":[]},{"id":78262,"url":"https:\/\/www.jornalja.com.br\/geral\/dez-mil-brasileiros-foram-ao-vaticano-assistir-a-canonizacao-de-irma-dulce\/","url_meta":{"origin":76699,"position":1},"title":"Dez mil brasileiros foram ao Vaticano assistir \u00e0 canoniza\u00e7\u00e3o de irm\u00e3 Dulce","author":"da Reda\u00e7\u00e3o","date":"13 de outubro de 2019","format":false,"excerpt":"Cerca de 50 mil pessoas acompanharam o rito de canoniza\u00e7\u00e3o da brasileira Maria Rita de Souza Brito Lopes Pontes, a irm\u00e3 Dulce, e de outros quatro beatos, realizado na manh\u00e3 de hoje (13), na Pra\u00e7a S\u00e3o Pedro, no Vaticano. A Santa S\u00e9 estima que em torno de dez mil brasileiros\u2026","rel":"","context":"Em &quot;Geral-MAT\u00c9RIA&quot;","block_context":{"text":"Geral-MAT\u00c9RIA","link":"https:\/\/www.jornalja.com.br\/geral\/category\/geral\/"},"img":{"alt_text":"","src":"","width":0,"height":0},"classes":[]},{"id":97362,"url":"https:\/\/www.jornalja.com.br\/geral\/barragens-no-rio-grande-do-sul-1-em-emergencia-7-em-alerta-9-em-nivel-de-atencao\/","url_meta":{"origin":76699,"position":2},"title":"Barragens no Rio Grande do Sul: 1 em emerg\u00eancia, 7 em alerta, 9 em n\u00edvel de aten\u00e7\u00e3o","author":"da Reda\u00e7\u00e3o","date":"23 de maio de 2024","format":false,"excerpt":"O governo do Estado monitora, por meio da Secretaria do Meio Ambiente e Infraestrutura (Sema) e da Ag\u00eancia Nacional de Energia El\u00e9trica (Aneel), a situa\u00e7\u00e3o das barragens no Rio Grande do Sul. Dados parciais, divulgados nesta quarta (22\/5), apontam apenas uma barragem em N\u00edvel de Emerg\u00eancia, em S\u00e3o Francisco de\u2026","rel":"","context":"Em &quot;Geral-MAT\u00c9RIA&quot;","block_context":{"text":"Geral-MAT\u00c9RIA","link":"https:\/\/www.jornalja.com.br\/geral\/category\/geral\/"},"img":{"alt_text":"","src":"https:\/\/i0.wp.com\/www.jornalja.com.br\/geral\/wp-content\/uploads\/sites\/4\/2024\/05\/enchentes-barragem-em-emergencia-2.png?resize=350%2C200&ssl=1","width":350,"height":200},"classes":[]},{"id":100738,"url":"https:\/\/www.jornalja.com.br\/geral\/dinheiro-pela-janela-investigacao-sobre-fraudes-do-banco-master-chega-a-balneario-camboriu\/","url_meta":{"origin":76699,"position":3},"title":"Dinheiro pela janela: investiga\u00e7\u00e3o sobre fraudes do Banco Master chega a Balne\u00e1rio Cambori\u00fa","author":"da Reda\u00e7\u00e3o","date":"12 de fevereiro de 2026","format":false,"excerpt":"Chegou a Balne\u00e1rio Cambori\u00fa a terceira fase da Opera\u00e7\u00e3o Barco de Papel, que investiga crimes contra o sistema financeiro relacionados ao banco Master. Segundo a PF, ao chegarem para cumprir mandado de busca e apreens\u00e3o em um im\u00f3vel em Balne\u00e1rio Cambori\u00fa, em Santa Catarina, um dos ocupantes do apartamento, no\u2026","rel":"","context":"Em &quot;Geral-MAT\u00c9RIA&quot;","block_context":{"text":"Geral-MAT\u00c9RIA","link":"https:\/\/www.jornalja.com.br\/geral\/category\/geral\/"},"img":{"alt_text":"","src":"https:\/\/i0.wp.com\/www.jornalja.com.br\/geral\/wp-content\/uploads\/sites\/4\/2026\/02\/185a1837-3fc4-4b1f-b396-5bfc87c8d964.jpg?resize=350%2C200&ssl=1","width":350,"height":200,"srcset":"https:\/\/i0.wp.com\/www.jornalja.com.br\/geral\/wp-content\/uploads\/sites\/4\/2026\/02\/185a1837-3fc4-4b1f-b396-5bfc87c8d964.jpg?resize=350%2C200&ssl=1 1x, https:\/\/i0.wp.com\/www.jornalja.com.br\/geral\/wp-content\/uploads\/sites\/4\/2026\/02\/185a1837-3fc4-4b1f-b396-5bfc87c8d964.jpg?resize=525%2C300&ssl=1 1.5x, https:\/\/i0.wp.com\/www.jornalja.com.br\/geral\/wp-content\/uploads\/sites\/4\/2026\/02\/185a1837-3fc4-4b1f-b396-5bfc87c8d964.jpg?resize=700%2C400&ssl=1 2x"},"classes":[]},{"id":92569,"url":"https:\/\/www.jornalja.com.br\/geral\/campanha-para-eleger-politicos-que-defendam-a-amazonia-e-dos-povos-tradicionais\/","url_meta":{"origin":76699,"position":4},"title":"Elei\u00e7\u00e3o 2022: Campanha para eleger pol\u00edticos comprometidos com Amaz\u00f4nia e povos ind\u00edgenas","author":"da Reda\u00e7\u00e3o","date":"11 de maio de 2022","format":false,"excerpt":"Por M\u00e1rcia Turcato, de Bras\u00edlia A campanha #EuVotoPelaAmazonia foi lan\u00e7ada em Bras\u00edlia, pela Rede Eclesial Pan-Amaz\u00f4nica (Repam-Brasil), organismo da Confer\u00eancia Nacional dos Bispos do Brasil (CNBB). O objetivo da iniciativa \u00e9 ajudar a sociedade a refletir sobre a import\u00e2ncia de eleger pol\u00edticos e governos comprometidos com a ecologia integral, a\u2026","rel":"","context":"Em &quot;Geral-MAT\u00c9RIA&quot;","block_context":{"text":"Geral-MAT\u00c9RIA","link":"https:\/\/www.jornalja.com.br\/geral\/category\/geral\/"},"img":{"alt_text":"","src":"https:\/\/i0.wp.com\/www.jornalja.com.br\/geral\/wp-content\/uploads\/sites\/4\/2022\/05\/amazonia-campanha.png?resize=350%2C200&ssl=1","width":350,"height":200,"srcset":"https:\/\/i0.wp.com\/www.jornalja.com.br\/geral\/wp-content\/uploads\/sites\/4\/2022\/05\/amazonia-campanha.png?resize=350%2C200&ssl=1 1x, https:\/\/i0.wp.com\/www.jornalja.com.br\/geral\/wp-content\/uploads\/sites\/4\/2022\/05\/amazonia-campanha.png?resize=525%2C300&ssl=1 1.5x, https:\/\/i0.wp.com\/www.jornalja.com.br\/geral\/wp-content\/uploads\/sites\/4\/2022\/05\/amazonia-campanha.png?resize=700%2C400&ssl=1 2x"},"classes":[]},{"id":95747,"url":"https:\/\/www.jornalja.com.br\/geral\/viamao-300-anos-a-noite-de-autografos-na-igreja-fortaleza\/","url_meta":{"origin":76699,"position":5},"title":"&#8220;Viam\u00e3o 300 Anos&#8221;: a noite de aut\u00f3grafos na igreja-fortaleza","author":"da Reda\u00e7\u00e3o","date":"9 de julho de 2023","format":false,"excerpt":"Nem a chuva forte, nem o alerta de um ciclone impediram que mais de 200 pessoas fossem ao lan\u00e7amento do livro Viam\u00e3o 300 anos. na noite de sexta-feira na hist\u00f3rica igreja matriz do munic\u00edpio. A igreja Nossa Senhora da Concei\u00e7\u00e3o \u00e9 a segunda mais antiga do Rio Grande do Sul,\u2026","rel":"","context":"Em &quot;Geral-MAT\u00c9RIA&quot;","block_context":{"text":"Geral-MAT\u00c9RIA","link":"https:\/\/www.jornalja.com.br\/geral\/category\/geral\/"},"img":{"alt_text":"","src":"https:\/\/i0.wp.com\/www.jornalja.com.br\/geral\/wp-content\/uploads\/sites\/4\/2023\/07\/20230707-190002-scaled.jpg?resize=350%2C200&ssl=1","width":350,"height":200,"srcset":"https:\/\/i0.wp.com\/www.jornalja.com.br\/geral\/wp-content\/uploads\/sites\/4\/2023\/07\/20230707-190002-scaled.jpg?resize=350%2C200&ssl=1 1x, https:\/\/i0.wp.com\/www.jornalja.com.br\/geral\/wp-content\/uploads\/sites\/4\/2023\/07\/20230707-190002-scaled.jpg?resize=525%2C300&ssl=1 1.5x, https:\/\/i0.wp.com\/www.jornalja.com.br\/geral\/wp-content\/uploads\/sites\/4\/2023\/07\/20230707-190002-scaled.jpg?resize=700%2C400&ssl=1 2x, https:\/\/i0.wp.com\/www.jornalja.com.br\/geral\/wp-content\/uploads\/sites\/4\/2023\/07\/20230707-190002-scaled.jpg?resize=1050%2C600&ssl=1 3x, https:\/\/i0.wp.com\/www.jornalja.com.br\/geral\/wp-content\/uploads\/sites\/4\/2023\/07\/20230707-190002-scaled.jpg?resize=1400%2C800&ssl=1 4x"},"classes":[]}],"jetpack_sharing_enabled":true,"_links":{"self":[{"href":"https:\/\/www.jornalja.com.br\/geral\/wp-json\/wp\/v2\/posts\/76699","targetHints":{"allow":["GET"]}}],"collection":[{"href":"https:\/\/www.jornalja.com.br\/geral\/wp-json\/wp\/v2\/posts"}],"about":[{"href":"https:\/\/www.jornalja.com.br\/geral\/wp-json\/wp\/v2\/types\/post"}],"author":[{"embeddable":true,"href":"https:\/\/www.jornalja.com.br\/geral\/wp-json\/wp\/v2\/users\/12"}],"replies":[{"embeddable":true,"href":"https:\/\/www.jornalja.com.br\/geral\/wp-json\/wp\/v2\/comments?post=76699"}],"version-history":[{"count":0,"href":"https:\/\/www.jornalja.com.br\/geral\/wp-json\/wp\/v2\/posts\/76699\/revisions"}],"wp:featuredmedia":[{"embeddable":true,"href":"https:\/\/www.jornalja.com.br\/geral\/wp-json\/"}],"wp:attachment":[{"href":"https:\/\/www.jornalja.com.br\/geral\/wp-json\/wp\/v2\/media?parent=76699"}],"wp:term":[{"taxonomy":"category","embeddable":true,"href":"https:\/\/www.jornalja.com.br\/geral\/wp-json\/wp\/v2\/categories?post=76699"},{"taxonomy":"post_tag","embeddable":true,"href":"https:\/\/www.jornalja.com.br\/geral\/wp-json\/wp\/v2\/tags?post=76699"}],"curies":[{"name":"wp","href":"https:\/\/api.w.org\/{rel}","templated":true}]}}