{"id":76842,"date":"2019-08-29T14:32:22","date_gmt":"2019-08-29T17:32:22","guid":{"rendered":"https:\/\/www.jornalja.com.br\/?p=76842"},"modified":"2019-08-29T14:32:22","modified_gmt":"2019-08-29T17:32:22","slug":"deputada-quer-proibir-terapia-hormonal-para-criancas-e-adolescentes-trans","status":"publish","type":"post","link":"https:\/\/www.jornalja.com.br\/geral\/deputada-quer-proibir-terapia-hormonal-para-criancas-e-adolescentes-trans\/","title":{"rendered":"Deputada quer proibir terapia hormonal para crian\u00e7as e adolescentes trans"},"content":{"rendered":"<p>&nbsp;<br \/>\nUma emenda a um projeto de lei que tramita na Assembleia Legislativa de S\u00e3o Paulo quer proibir a oferta de terapia hormonal a crian\u00e7as e adolescentes transexuais menores de 18 anos e a cirurgia de redesigna\u00e7\u00e3o sexual a menores de 21 anos pelas redes p\u00fablica e privada paulistas.<br \/>\nA medida foi proposta pela deputada Janaina Paschoal (PSL) como emenda a um projeto da deputada Erica Malunguinho (PSOL), primeira mulher transexual da Assembleia Legislativa de S\u00e3o Paulo.<br \/>\nO PL institui um programa estadual que trata de quest\u00f5es de sa\u00fade da comunidade LBGTI+. Est\u00e1 na Comiss\u00e3o de Constitui\u00e7\u00e3o, Justi\u00e7a e Reda\u00e7\u00e3o da Alesp. Caso aprovado, passar\u00e1 ainda por duas comiss\u00f5es at\u00e9 que seja votado em plen\u00e1rio. Se o requerimento de urg\u00eancia for aprovado, a proposi\u00e7\u00e3o segue direto para o plen\u00e1rio. A emenda tramita junto ao projeto.<br \/>\nPara Malunguinho, a emenda de Paschoal vai na contram\u00e3o da posi\u00e7\u00e3o de especialistas e organiza\u00e7\u00f5es sobre o assunto e reflete uma posi\u00e7\u00e3o autorit\u00e1ria. Ela diz que pode resultar em danos, como uma maior marginaliza\u00e7\u00e3o da popula\u00e7\u00e3o transexual e mais automedica\u00e7\u00e3o na clandestinidade.<br \/>\n\u201cEstamos fazendo de tudo internamente para que [o projeto] n\u00e3o seja prejudicado por um discurso baseado no senso comum, uma vez que j\u00e1 existem muitas elabora\u00e7\u00f5es, discuss\u00f5es e pareceres importantes sobre o tema\u201d, diz.<br \/>\nAs altera\u00e7\u00f5es propostas por Paschoal ao projeto da colega causam impacto direto nas atividades de dois ambulat\u00f3rios estaduais, um ligado ao Hospital das Cl\u00ednicas da USP de S\u00e3o Paulo e outro da Unicamp, que acompanham crian\u00e7as e adolescentes trans. H\u00e1 um terceiro servi\u00e7o no pa\u00eds, ligado \u00e0 UFRGS (Universidade Federal do Rio Grande do Sul) e ao Hospital de Cl\u00ednicas de Porto Alegre.<br \/>\nCriado em 2010, o ambulat\u00f3rio do HC acompanha hoje 85 crian\u00e7as e 180 adolescentes. H\u00e1 uma fila para triagem de mais 140 interessados. As fam\u00edlias tamb\u00e9m s\u00e3o acompanhadas, e o grupo realiza orienta\u00e7\u00f5es em escolas e abrigos. O trabalho se baseia em experi\u00eancias holandesas e norte-americanas de mais de 20 anos.<br \/>\n\u201cN\u00e3o fazemos diagn\u00f3stico apenas pelo comportamento expresso das crian\u00e7as e adolescentes, mas, principalmente, pelas certezas internas que elas t\u00eam. Ningu\u00e9m coloca nada na cabe\u00e7a delas. \u00c0s vezes, o diagn\u00f3stico demora oito anos, dez anos para ser conclu\u00eddo, para termos a certeza de que n\u00e3o se trata de uma situa\u00e7\u00e3o transit\u00f3ria\u201d, afirma o psiquiatra Alexandre Saadeh, coordenador do ambulat\u00f3rio do HC.<br \/>\nA deputada Jana\u00edna Paschoal afirmou \u00e0 Folha que o bloqueio hormonal pode tirar da crian\u00e7a a chance de se reconciliar com seu sexo biol\u00f3gico.<br \/>\nSegundo Saadeh, o uso de bloqueadores em crian\u00e7as menores de dez anos pode ocorrer apenas para aquelas que j\u00e1 est\u00e3o entrando em puberdade, fase que gera ang\u00fastia, depress\u00e3o, isolamento e afastamento escolar.<br \/>\n\u201cImagina [um menino trans] menstruando e desenvolvendo mama. A idade de entrada na puberdade \u00e9 pessoal, individualizada e depende de fatores biol\u00f3gicos e n\u00e3o cronol\u00f3gicos. H\u00e1 crian\u00e7as entrando na puberdade aos oito anos.\u201d<br \/>\n<figure id=\"attachment_76844\" aria-describedby=\"caption-attachment-76844\" style=\"width: 300px\" class=\"wp-caption alignnone\"><img decoding=\"async\" class=\"size-medium wp-image-76844\" src=\"https:\/\/www.jornalja.com.br\/wp-content\/uploads\/2019\/08\/15670399355d6721bfc5a44_1567039935_2x3_lg-300x450.jpg\" alt=\"\" width=\"300\" height=\"450\" \/><figcaption id=\"caption-attachment-76844\" class=\"wp-caption-text\">Alexsandra Maur\u00edcio e a filha, Isa, de 13 anos &#8211; Karime Xavier\/Folhapress<\/figcaption><\/figure><br \/>\nO m\u00e9dico diz que o bloqueio \u00e9 totalmente revers\u00edvel e s\u00f3 indicado para pr\u00e9 p\u00faberes, quando h\u00e1 \u201cquase certeza do diagn\u00f3stico\u201d. \u201cCom o bloqueio, ganhamos tempo para efetivar ou n\u00e3o esse diagn\u00f3stico. J\u00e1 tivemos um caso de pr\u00e9-adolescente que voltou atr\u00e1s e o tratamento foi suspenso.\u201d<br \/>\nIsa, 13, foi uma das primeiras crian\u00e7as no ambulat\u00f3rio a receber o bloqueio hormonal, pouco antes dos dez anos. Segundo a m\u00e3e, Alexsandra Maur\u00edcio, desde os tr\u00eas anos ela j\u00e1 se mostrava diferente. \u201cTinha horror aos brinquedos e roupas de meninos. De quatro para cinco ela j\u00e1 verbalizava que era menina e n\u00e3o menino. Achei que era fase, que ia passar, levei para psic\u00f3logo.\u201d<br \/>\nAos oito anos, Isa come\u00e7ou a frequentar o ambulat\u00f3rio do HC. \u201cFoi chocante num primeiro momento entender que ela era trans. Eu j\u00e1 estava separada do meu marido, e a rela\u00e7\u00e3o ficou bem pior. Com o resto da fam\u00edlia foi t\u00e3o ruim quanto. As pessoas n\u00e3o aceitam, acham que \u00e9 muito novo para tomar tal decis\u00e3o.\u201d<br \/>\nNessa \u00e9poca, Alexsandra conta que a filha era muito introvertida, tinha poucos amigos na escola e sofria de depress\u00e3o. \u201cDepois da mudan\u00e7a de guarda-roupa, do nome, virou uma crian\u00e7a brilhante. Mudamos ela de escola e l\u00e1 ela j\u00e1 chegou como Isa na lista de chamada, muitos nem sabem que ela \u00e9 trans. Os amigos de hoje n\u00e3o conheceram o Jo\u00e3o\u201d, diz a m\u00e3e.<br \/>\nCom o bloqueio hormonal, a m\u00e3e conta que Isa n\u00e3o apresentou crescimento de pelos no corpo, e o p\u00eanis ficou estagnado. \u201cPara ela, que sempre teve tra\u00e7os femininos, foi o c\u00e9u. Vejo o sofrimento de muitos adolescentes que iniciam o bloqueio tardiamente, quando as caracter\u00edsticas sexuais j\u00e1 est\u00e3o manifestadas. \u00c9 uma dor imensa para eles, muitos se automutilam.\u201d<br \/>\nPara Saadeh, a iniciativa da deputada, apesar de bem-intencionada, incorre em propaga\u00e7\u00e3o de fatos que n\u00e3o correspondem \u00e0s evid\u00eancias atuais e baseadas em dados cient\u00edficos sobre o tratamento, que, ali\u00e1s, levaram o CFM (Conselho Federal de Medicina) a dar aval ao tratamento.<br \/>\nEm rela\u00e7\u00e3o \u00e0s cirurgias de afirma\u00e7\u00e3o de g\u00eanero ou de redesigna\u00e7\u00e3o sexual, o psiquiatra diz que elas s\u00f3 ocorrem ap\u00f3s os 21 anos, conforme j\u00e1 determinado pelo CFM.<br \/>\nNo texto da emenda, Paschoal afirma que existem estudos no exterior, \u201ca evidenciar os males irrevers\u00edveis das interven\u00e7\u00f5es de redesigna\u00e7\u00e3o sexual, inclusive hormonais, em crian\u00e7as e adolescentes\u201d e que \u201cmuitos pediatras nos Estados Unidos est\u00e3o revendo esses tratamentos invasivos\u201d.<br \/>\nSegundo Saadeh, no entanto, s\u00e3o pediatras conservadores do meio oeste americano, que expressam opini\u00f5es e n\u00e3o evid\u00eancias cient\u00edficas. As afirma\u00e7\u00f5es n\u00e3o s\u00e3o corroboradas por outras associa\u00e7\u00f5es m\u00e9dicas e pedi\u00e1tricas dos EUA e de outros pa\u00edses.<br \/>\nA deputada tamb\u00e9m argumenta que o projeto de lei n\u00e3o tem como finalidade regular o SUS, \u201cmas proteger a integridade f\u00edsica, psicol\u00f3gica e emocional das crian\u00e7as e dos adolescentes\u201d.<br \/>\n\u201cSeria por bem ela visitar o nosso ambulat\u00f3rio e presenciar o drama de fam\u00edlias, crian\u00e7as e adolescentes. A\u2002situa\u00e7\u00e3o leva a grande sofrimento, isolamento social, abandono escolar e outros transtornos sociais\u201d, diz Saadeh. O n\u00famero de tentativas de suic\u00eddio e suic\u00eddio \u00e9 quatro vezes maior na popula\u00e7\u00e3o adolescente transexual que na popula\u00e7\u00e3o geral.<br \/>\nPaschoal disse \u00e0 Folha que foi convidada e aceitou o convite para conhecer em detalhes o trabalho feito no Hospital das Cl\u00ednicas. \u201cA princ\u00edpio, penso que estou protegendo as crian\u00e7as de qualquer forma de experimento. Mas vou ouvir todas as partes\u201d, diz.<br \/>\nO m\u00e9dico afirma que o grupo n\u00e3o \u00e9 contr\u00e1rio \u00e0 emenda por quest\u00f5es ideol\u00f3gicas, mas porque luta pela preserva\u00e7\u00e3o da sa\u00fade dessas crian\u00e7as e adolescentes e suas repercuss\u00f5es nas fam\u00edlias.<br \/>\n\u201cElas existem e aqui est\u00e3o sendo ouvidas e vistas. N\u00e3o tem como negar a exist\u00eancia dessas crian\u00e7as e adolescentes. Isso \u00e9 negar a possibilidade de interven\u00e7\u00e3o e diminui\u00e7\u00e3o de sofrimento e ang\u00fastias. \u00c9 um trabalho preventivo e resolutivo que j\u00e1 acontece em v\u00e1rios pa\u00edses do mundo.\u201d<br \/>\nPara ele, proibir a assist\u00eancia pode expor esses jovens \u00e0 marginalidade, consumo de horm\u00f4nios sexuais sem acompanhamento e riscos s\u00e9rios de agravos \u00e0 sa\u00fade f\u00edsica e mental. (Com informa\u00e7\u00f5es da Folha de S\u00e3o Paulo)<\/p>\n","protected":false},"excerpt":{"rendered":"<p>&nbsp; Uma emenda a um projeto de lei que tramita na Assembleia Legislativa de S\u00e3o Paulo quer proibir a oferta de terapia hormonal a crian\u00e7as e adolescentes transexuais menores de 18 anos e a cirurgia de redesigna\u00e7\u00e3o sexual a menores de 21 anos pelas redes p\u00fablica e privada paulistas. A medida foi proposta pela deputada [&hellip;]<\/p>\n","protected":false},"author":12,"featured_media":76843,"comment_status":"open","ping_status":"closed","sticky":false,"template":"","format":"standard","meta":{"jetpack_post_was_ever_published":false,"_jetpack_newsletter_access":"","_jetpack_dont_email_post_to_subs":false,"_jetpack_newsletter_tier_id":0,"_jetpack_memberships_contains_paywalled_content":false,"_jetpack_memberships_contains_paid_content":false,"footnotes":"","jetpack_publicize_message":"","jetpack_publicize_feature_enabled":true,"jetpack_social_post_already_shared":true,"jetpack_social_options":{"image_generator_settings":{"template":"highway","default_image_id":0,"font":"","enabled":false},"version":2}},"categories":[2],"tags":[315],"class_list":["post-76842","post","type-post","status-publish","format-standard","has-post-thumbnail","hentry","category-geral","tag-transexuais"],"aioseo_notices":[],"jetpack_publicize_connections":[],"jetpack_featured_media_url":"","jetpack_shortlink":"https:\/\/wp.me\/pbKhrD-jZo","jetpack-related-posts":[{"id":100459,"url":"https:\/\/www.jornalja.com.br\/geral\/100459-2\/","url_meta":{"origin":76842,"position":0},"title":"Congresso captura mais de R$ 70 bilh\u00f5es no or\u00e7amento para campanha de 2026","author":"da Reda\u00e7\u00e3o","date":"29 de dezembro de 2025","format":false,"excerpt":"Ano de elei\u00e7\u00f5es gerais -presidente, governadores, deputados estaduais\/federais e senadores \u2013 2026 ter\u00e1 os neg\u00f3cios turbinados pelas campanhas eleitorais. No or\u00e7amento, aprovado na \u00faltima sess\u00e3o conjunta de C\u00e2mara e Senado em 19 de dezembro de 2025, os arranjos parlamentares\u00a0 destinaram mais de 70 bilh\u00f5es para financiar o jogo pol\u00edtico ao\u2026","rel":"","context":"Em &quot;Geral-MAT\u00c9RIA&quot;","block_context":{"text":"Geral-MAT\u00c9RIA","link":"https:\/\/www.jornalja.com.br\/geral\/category\/geral\/"},"img":{"alt_text":"","src":"https:\/\/i0.wp.com\/www.jornalja.com.br\/geral\/wp-content\/uploads\/sites\/4\/2025\/12\/orcamento-2026-votacao.jpeg?resize=350%2C200&ssl=1","width":350,"height":200,"srcset":"https:\/\/i0.wp.com\/www.jornalja.com.br\/geral\/wp-content\/uploads\/sites\/4\/2025\/12\/orcamento-2026-votacao.jpeg?resize=350%2C200&ssl=1 1x, https:\/\/i0.wp.com\/www.jornalja.com.br\/geral\/wp-content\/uploads\/sites\/4\/2025\/12\/orcamento-2026-votacao.jpeg?resize=525%2C300&ssl=1 1.5x, https:\/\/i0.wp.com\/www.jornalja.com.br\/geral\/wp-content\/uploads\/sites\/4\/2025\/12\/orcamento-2026-votacao.jpeg?resize=700%2C400&ssl=1 2x"},"classes":[]},{"id":100384,"url":"https:\/\/www.jornalja.com.br\/geral\/senhora-das-emendas-ex-assessora-de-lira-que-distribuia-verbas-do-orcamento-secreto-e-alvo-da-pf\/","url_meta":{"origin":76842,"position":1},"title":"Senhora das Emendas: ex-assessora de Lira que distribu\u00eda verbas do or\u00e7amento secreto \u00e9 alvo da PF","author":"da Reda\u00e7\u00e3o","date":"12 de dezembro de 2025","format":false,"excerpt":"Mari\u00e2ngela Fialek, a Tuca, ex-assessora do ex-presidente da C\u00e2mara Arthur Lira (PP-AL) foi alvo de uma opera\u00e7\u00e3o da Pol\u00edcia Federal nesta sexta-feira. Segundo as investiga\u00e7\u00f5es, ela est\u00e1 no centro de um esquema que opera o or\u00e7amento secreto e organiza a indica\u00e7\u00e3o das emendas parlamentares. Tuca, atualmente, trabalha na lideran\u00e7a do\u2026","rel":"","context":"Em &quot;Geral-MAT\u00c9RIA&quot;","block_context":{"text":"Geral-MAT\u00c9RIA","link":"https:\/\/www.jornalja.com.br\/geral\/category\/geral\/"},"img":{"alt_text":"","src":"https:\/\/i0.wp.com\/www.jornalja.com.br\/geral\/wp-content\/uploads\/sites\/4\/2025\/12\/emendas-ssessora-de-lyra.png?resize=350%2C200&ssl=1","width":350,"height":200,"srcset":"https:\/\/i0.wp.com\/www.jornalja.com.br\/geral\/wp-content\/uploads\/sites\/4\/2025\/12\/emendas-ssessora-de-lyra.png?resize=350%2C200&ssl=1 1x, https:\/\/i0.wp.com\/www.jornalja.com.br\/geral\/wp-content\/uploads\/sites\/4\/2025\/12\/emendas-ssessora-de-lyra.png?resize=525%2C300&ssl=1 1.5x"},"classes":[]},{"id":100371,"url":"https:\/\/www.jornalja.com.br\/geral\/plano-diretor-decisao-fica-para-2026-oposicao-aposta-na-mobilizacao-das-comunidades-para-alterar-o-projeto\/","url_meta":{"origin":76842,"position":2},"title":"Plano Diretor: decis\u00e3o fica para 2026; oposi\u00e7\u00e3o aposta na mobiliza\u00e7\u00e3o das comunidades para alterar o projeto","author":"da Reda\u00e7\u00e3o","date":"11 de dezembro de 2025","format":false,"excerpt":"N\u00e3o houve surpresa. A Comiss\u00e3o Especial da C\u00e2mara Municipal aprovou seu relat\u00f3rio final sobre o novo Plano Diretor de Porto Alegre e as novas regras de uso do solo,\u00a0 nesta quarta-feira 10\/12. Foram nove votos favor\u00e1veis e cinco contr\u00e1rios. Na pr\u00f3xima semana, o texto entra em discuss\u00e3o para ser votado\u2026","rel":"","context":"Em &quot;Geral-MAT\u00c9RIA&quot;","block_context":{"text":"Geral-MAT\u00c9RIA","link":"https:\/\/www.jornalja.com.br\/geral\/category\/geral\/"},"img":{"alt_text":"","src":"https:\/\/i0.wp.com\/www.jornalja.com.br\/geral\/wp-content\/uploads\/sites\/4\/2025\/12\/plano-diretor-essa.jpg?resize=350%2C200&ssl=1","width":350,"height":200,"srcset":"https:\/\/i0.wp.com\/www.jornalja.com.br\/geral\/wp-content\/uploads\/sites\/4\/2025\/12\/plano-diretor-essa.jpg?resize=350%2C200&ssl=1 1x, https:\/\/i0.wp.com\/www.jornalja.com.br\/geral\/wp-content\/uploads\/sites\/4\/2025\/12\/plano-diretor-essa.jpg?resize=525%2C300&ssl=1 1.5x"},"classes":[]},{"id":80068,"url":"https:\/\/www.jornalja.com.br\/geral\/oposicao-vai-a-justica-para-derrubar-lei-aprovada-sobre-previdencia-de-servidores\/","url_meta":{"origin":76842,"position":3},"title":"Oposi\u00e7\u00e3o vai \u00e0 Justi\u00e7a para derrubar lei aprovada sobre previd\u00eancia de servidores","author":"da Reda\u00e7\u00e3o","date":"18 de dezembro de 2019","format":false,"excerpt":"Em vota\u00e7\u00e3o encerrada quase \u00e0s onze da noite, a Assembleia Legislativa do Rio Grande do Sul aprovou as novas al\u00edquotas e novas regras para a previd\u00eancia dos servidores civis do Estado. Foram 38 votos a favor e 15 contr\u00e1rios. A nova lei aumenta para 62 anos a idade m\u00ednima para\u2026","rel":"","context":"Em &quot;Geral-MAT\u00c9RIA&quot;","block_context":{"text":"Geral-MAT\u00c9RIA","link":"https:\/\/www.jornalja.com.br\/geral\/category\/geral\/"},"img":{"alt_text":"","src":"","width":0,"height":0},"classes":[]},{"id":100072,"url":"https:\/\/www.jornalja.com.br\/geral\/camara-autoriza-concessao-do-dmae-oposicao-diz-que-e-cheque-em-branco\/","url_meta":{"origin":76842,"position":4},"title":"Camara autoriza concess\u00e3o do DMAE; oposi\u00e7\u00e3o diz que \u00e9 cheque em branco","author":"da Reda\u00e7\u00e3o","date":"23 de outubro de 2025","format":false,"excerpt":"Durou onze horas e meia a sess\u00e3o da Camara Municipal de Porto Alegre que aprovou o projeto de concess\u00e3o parcial do Departamento Municipal de \u00c1guas e Esgotos, o DMAE, uma institui\u00e7\u00e3o da cidade com mais de 60 anos de servi\u00e7os prestados. A vota\u00e7\u00e3o foi tensa. Desde a manh\u00e3, foram colocados\u2026","rel":"","context":"Em &quot;Geral-MAT\u00c9RIA&quot;","block_context":{"text":"Geral-MAT\u00c9RIA","link":"https:\/\/www.jornalja.com.br\/geral\/category\/geral\/"},"img":{"alt_text":"","src":"https:\/\/i0.wp.com\/www.jornalja.com.br\/geral\/wp-content\/uploads\/sites\/4\/2025\/10\/dmae-plenario.jpg?resize=350%2C200&ssl=1","width":350,"height":200,"srcset":"https:\/\/i0.wp.com\/www.jornalja.com.br\/geral\/wp-content\/uploads\/sites\/4\/2025\/10\/dmae-plenario.jpg?resize=350%2C200&ssl=1 1x, https:\/\/i0.wp.com\/www.jornalja.com.br\/geral\/wp-content\/uploads\/sites\/4\/2025\/10\/dmae-plenario.jpg?resize=525%2C300&ssl=1 1.5x"},"classes":[]},{"id":81884,"url":"https:\/\/www.jornalja.com.br\/geral\/emenda-proibe-anistiar-policiais-amotinados-mas-situacao-e-tensa-no-ceara\/","url_meta":{"origin":76842,"position":5},"title":"Emenda proibe anistiar policiais amotinados, mas situa\u00e7\u00e3o \u00e9 tensa no Cear\u00e1","author":"da Reda\u00e7\u00e3o","date":"4 de mar\u00e7o de 2020","format":false,"excerpt":"A Assembleia do Cear\u00e1\u00a0 aprovou nesta ter\u00e7a-feira (3), uma emenda\u00a0 \u00e0 Constitui\u00e7\u00e3o estadual,\u00a0 que pro\u00edbe a concess\u00e3o de anistia por infra\u00e7\u00f5es disciplinares cometidas por militares\u00a0 envolvidos em movimentos de paralisa\u00e7\u00e3o ou motim. A emenda foi proposta no s\u00e1bado no \u00faltimo s\u00e1bado (29\/2), pelo governador Camilo Santana, em convoca\u00e7\u00e3o extraordin\u00e1ria do\u2026","rel":"","context":"Em &quot;Geral-MAT\u00c9RIA&quot;","block_context":{"text":"Geral-MAT\u00c9RIA","link":"https:\/\/www.jornalja.com.br\/geral\/category\/geral\/"},"img":{"alt_text":"","src":"https:\/\/i0.wp.com\/www.jornalja.com.br\/geral\/wp-content\/uploads\/sites\/4\/2020\/03\/Viol%C3%AAncia-no-Cear%C3%A1-For%C3%A7a-Nacional.jpg?resize=350%2C200&ssl=1","width":350,"height":200,"srcset":"https:\/\/i0.wp.com\/www.jornalja.com.br\/geral\/wp-content\/uploads\/sites\/4\/2020\/03\/Viol%C3%AAncia-no-Cear%C3%A1-For%C3%A7a-Nacional.jpg?resize=350%2C200&ssl=1 1x, https:\/\/i0.wp.com\/www.jornalja.com.br\/geral\/wp-content\/uploads\/sites\/4\/2020\/03\/Viol%C3%AAncia-no-Cear%C3%A1-For%C3%A7a-Nacional.jpg?resize=525%2C300&ssl=1 1.5x, https:\/\/i0.wp.com\/www.jornalja.com.br\/geral\/wp-content\/uploads\/sites\/4\/2020\/03\/Viol%C3%AAncia-no-Cear%C3%A1-For%C3%A7a-Nacional.jpg?resize=700%2C400&ssl=1 2x, https:\/\/i0.wp.com\/www.jornalja.com.br\/geral\/wp-content\/uploads\/sites\/4\/2020\/03\/Viol%C3%AAncia-no-Cear%C3%A1-For%C3%A7a-Nacional.jpg?resize=1050%2C600&ssl=1 3x"},"classes":[]}],"jetpack_sharing_enabled":true,"_links":{"self":[{"href":"https:\/\/www.jornalja.com.br\/geral\/wp-json\/wp\/v2\/posts\/76842","targetHints":{"allow":["GET"]}}],"collection":[{"href":"https:\/\/www.jornalja.com.br\/geral\/wp-json\/wp\/v2\/posts"}],"about":[{"href":"https:\/\/www.jornalja.com.br\/geral\/wp-json\/wp\/v2\/types\/post"}],"author":[{"embeddable":true,"href":"https:\/\/www.jornalja.com.br\/geral\/wp-json\/wp\/v2\/users\/12"}],"replies":[{"embeddable":true,"href":"https:\/\/www.jornalja.com.br\/geral\/wp-json\/wp\/v2\/comments?post=76842"}],"version-history":[{"count":0,"href":"https:\/\/www.jornalja.com.br\/geral\/wp-json\/wp\/v2\/posts\/76842\/revisions"}],"wp:featuredmedia":[{"embeddable":true,"href":"https:\/\/www.jornalja.com.br\/geral\/wp-json\/"}],"wp:attachment":[{"href":"https:\/\/www.jornalja.com.br\/geral\/wp-json\/wp\/v2\/media?parent=76842"}],"wp:term":[{"taxonomy":"category","embeddable":true,"href":"https:\/\/www.jornalja.com.br\/geral\/wp-json\/wp\/v2\/categories?post=76842"},{"taxonomy":"post_tag","embeddable":true,"href":"https:\/\/www.jornalja.com.br\/geral\/wp-json\/wp\/v2\/tags?post=76842"}],"curies":[{"name":"wp","href":"https:\/\/api.w.org\/{rel}","templated":true}]}}