{"id":76885,"date":"2019-08-30T14:36:48","date_gmt":"2019-08-30T17:36:48","guid":{"rendered":"https:\/\/www.jornalja.com.br\/?p=76885"},"modified":"2019-08-30T14:36:48","modified_gmt":"2019-08-30T17:36:48","slug":"detentas-da-capital-produzem-pecas-em-croche-para-o-instituto-do-cancer-infantil","status":"publish","type":"post","link":"https:\/\/www.jornalja.com.br\/geral\/detentas-da-capital-produzem-pecas-em-croche-para-o-instituto-do-cancer-infantil\/","title":{"rendered":"Detentas da capital produzem pe\u00e7as em croch\u00ea para o Instituto do C\u00e2ncer Infantil"},"content":{"rendered":"<p>Presas do Instituto Penal de Porto Alegre tiveram aulas de croch\u00ea para produzir perucas e outras pe\u00e7as doadas ao Instituto do C\u00e2ncer Infantil. Para que pudessem fazer o material, 20 detentas participaram da oficina La\u00e7os de Princesa, com 12 aulas durante 50 dias.<br \/>\nNa quarta-feira (28\/8), nove das 20 participantes do projeto receberam o certificado de conclus\u00e3o dos trabalhos. A administradora da unidade penal, Marlusa Netto, entregou os diplomas: \u201cA ideia era fazer uma atividade laboral aqui para ocupar o tempo ocioso delas, por isso a oficina foi muito importante. Apoio tudo o que for importante para reintegrar essas mulheres \u00e0 sociedade\u201d.<br \/>\nAs aulas foram ministradas pela artes\u00e3 Ceir Medina. A estimativa era que confeccionassem 20 perucas, por\u00e9m foram produzidas 74 pe\u00e7as, al\u00e9m de toalhas de mesa, cobertas, flores e materiais decorativos, entre outros artigos.<br \/>\nEstiveram presentes no evento T\u00e2nia Spoleder, representando o Conselho da Comunidade de Porto Alegre, a diretora do voluntariado do Instituto do C\u00e2ncer Infantil, Silvia Foster, e Maria Bernardete, do N\u00facleo de Aten\u00e7\u00e3o ao Paciente.<br \/>\nTamb\u00e9m marcaram presen\u00e7a a apoiadora principal do Conselho da Comunidade, Marilia Wedy, o vereador de Quara\u00ed, Mario Augusto Teixeira, al\u00e9m das assistentes sociais Ana Paula Borges e Danielle Dimare (coordenadora do projeto), al\u00e9m de outras autoridades.<br \/>\nDe acordo com Danielle, &#8220;as detentas, al\u00e9m de aprenderem a fazer croch\u00ea, poder\u00e3o ocupar seu tempo vago com artesanato, e estar\u00e3o ajudando as crian\u00e7as que passam por momentos dif\u00edceis&#8221;.<br \/>\nUma das detentas que participou da oficina revelou especial emo\u00e7\u00e3o ao produzir as pe\u00e7as: ela pensava na filha pequena e tamb\u00e9m no marido e no sogro, que morreram de c\u00e2ncer. \u201cTive que recome\u00e7ar 11 vezes a primeira touca\u201d, contou.<\/p>\n","protected":false},"excerpt":{"rendered":"<p>Presas do Instituto Penal de Porto Alegre tiveram aulas de croch\u00ea para produzir perucas e outras pe\u00e7as doadas ao Instituto do C\u00e2ncer Infantil. Para que pudessem fazer o material, 20 detentas participaram da oficina La\u00e7os de Princesa, com 12 aulas durante 50 dias. Na quarta-feira (28\/8), nove das 20 participantes do projeto receberam o certificado [&hellip;]<\/p>\n","protected":false},"author":12,"featured_media":76886,"comment_status":"open","ping_status":"closed","sticky":false,"template":"","format":"standard","meta":{"jetpack_post_was_ever_published":false,"_jetpack_newsletter_access":"","_jetpack_dont_email_post_to_subs":false,"_jetpack_newsletter_tier_id":0,"_jetpack_memberships_contains_paywalled_content":false,"_jetpack_memberships_contains_paid_content":false,"footnotes":"","jetpack_publicize_message":"","jetpack_publicize_feature_enabled":true,"jetpack_social_post_already_shared":true,"jetpack_social_options":{"image_generator_settings":{"template":"highway","default_image_id":0,"font":"","enabled":false},"version":2}},"categories":[2],"tags":[316,317,283],"class_list":["post-76885","post","type-post","status-publish","format-standard","has-post-thumbnail","hentry","category-geral","tag-bons-exemplos","tag-detentas","tag-governo-do-estado"],"aioseo_notices":[],"jetpack_publicize_connections":[],"jetpack_featured_media_url":"","jetpack_shortlink":"https:\/\/wp.me\/pbKhrD-k05","jetpack-related-posts":[{"id":82971,"url":"https:\/\/www.jornalja.com.br\/geral\/artistas-se-unem-para-ajudar-instituto-do-cancer-infantil\/","url_meta":{"origin":76885,"position":0},"title":"Artistas se unem para ajudar Instituto do C\u00e2ncer Infantil","author":"Cleber Dioni Tentardini","date":"23 de abril de 2020","format":false,"excerpt":"As lives nas redes sociais s\u00e3o alternativas comuns durante a quarentena e isolamento social para entreter e informar quem est\u00e1 em casa. Mas j\u00e1 pensou assistir a um show em casa e ainda poder contribuir para a causa do c\u00e2ncer infantojuvenil? O Instituto do C\u00e2ncer Infantil ser\u00e1 beneficiado em algumas\u2026","rel":"","context":"Em &quot;Geral-NOTAS&quot;","block_context":{"text":"Geral-NOTAS","link":"https:\/\/www.jornalja.com.br\/geral\/category\/geral-notas\/"},"img":{"alt_text":"","src":"","width":0,"height":0},"classes":[]},{"id":75876,"url":"https:\/\/www.jornalja.com.br\/geral\/presidio-onde-houve-massacre-tinha-145-detentos-aguardando-julgamento\/","url_meta":{"origin":76885,"position":1},"title":"Pres\u00eddio onde houve massacre tinha 145 detentos \u00e0 espera de julgamento","author":"da Reda\u00e7\u00e3o","date":"1 de agosto de 2019","format":false,"excerpt":"Subiu para 62 o n\u00famero de mortos no Centro de Recupera\u00e7\u00e3o de Altamira, no Par\u00e1 Cinquenta e oito foram mortos numa ala do pres\u00eddio, invadida por uma fac\u00e7\u00e3o rival na madrugada de segunda-feira : 16 foram decapitados e 42 morreram asfixiados no\u00a0 inc\u00eandio provocado pelos invasores. Os \u00faltimos quatro mortos\u2026","rel":"","context":"Em &quot;Geral-MAT\u00c9RIA&quot;","block_context":{"text":"Geral-MAT\u00c9RIA","link":"https:\/\/www.jornalja.com.br\/geral\/category\/geral\/"},"img":{"alt_text":"","src":"","width":0,"height":0},"classes":[]},{"id":72365,"url":"https:\/\/www.jornalja.com.br\/geral\/nova-administracao-ja-recolheu-2-300-celulares-dos-presidios-no-ceara\/","url_meta":{"origin":76885,"position":2},"title":"Nova administra\u00e7\u00e3o j\u00e1 recolheu 2.300 celulares dos pres\u00eddios no Cear\u00e1","author":"da Reda\u00e7\u00e3o","date":"22 de janeiro de 2019","format":false,"excerpt":"A Secretaria da Administra\u00e7\u00e3o Penitenci\u00e1ria\u00a0 do Cear\u00e1 divulgou o n\u00famero de celulares apreendidos nos pres\u00eddios do Estado\u00a0nesses 22 dias de janeiro:\u00a0 2.300, mais de 100 por dia na m\u00e9dia. A inten\u00e7\u00e3o segundo a secretaria \u00e9\u00a0 cortar a comunica\u00e7\u00e3o entre internos e criminosos que agem fora das pris\u00f5es. Outra medida adotada\u2026","rel":"","context":"Em &quot;Geral-MAT\u00c9RIA&quot;","block_context":{"text":"Geral-MAT\u00c9RIA","link":"https:\/\/www.jornalja.com.br\/geral\/category\/geral\/"},"img":{"alt_text":"","src":"","width":0,"height":0},"classes":[]},{"id":85653,"url":"https:\/\/www.jornalja.com.br\/geral\/prefeitura-de-porto-alegre-propoe-volta-as-aulas-presenciais-em-outubro\/","url_meta":{"origin":76885,"position":3},"title":"Prefeitura de Porto Alegre prop\u00f5e volta \u00e0s aulas presenciais em outubro","author":"da Reda\u00e7\u00e3o","date":"14 de setembro de 2020","format":false,"excerpt":"A prefeitura municipal de Porto Alegre apresentou, na tarde desta segunda-feira, 14\/09, uma proposta de cronograma e de protocolos para a retomada das atividades presenciais de ensino em Porto Alegre. Pela ideia, a Educa\u00e7\u00e3o Infantil poder\u00e1 ser aberta a partir de 28 de setembro para alimenta\u00e7\u00e3o, atividades de apoio e\u2026","rel":"","context":"Em &quot;Geral-MAT\u00c9RIA&quot;","block_context":{"text":"Geral-MAT\u00c9RIA","link":"https:\/\/www.jornalja.com.br\/geral\/category\/geral\/"},"img":{"alt_text":"","src":"https:\/\/i0.wp.com\/www.jornalja.com.br\/geral\/wp-content\/uploads\/sites\/4\/2020\/09\/aulas-2-scaled.jpg?resize=350%2C200&ssl=1","width":350,"height":200,"srcset":"https:\/\/i0.wp.com\/www.jornalja.com.br\/geral\/wp-content\/uploads\/sites\/4\/2020\/09\/aulas-2-scaled.jpg?resize=350%2C200&ssl=1 1x, https:\/\/i0.wp.com\/www.jornalja.com.br\/geral\/wp-content\/uploads\/sites\/4\/2020\/09\/aulas-2-scaled.jpg?resize=525%2C300&ssl=1 1.5x, https:\/\/i0.wp.com\/www.jornalja.com.br\/geral\/wp-content\/uploads\/sites\/4\/2020\/09\/aulas-2-scaled.jpg?resize=700%2C400&ssl=1 2x, https:\/\/i0.wp.com\/www.jornalja.com.br\/geral\/wp-content\/uploads\/sites\/4\/2020\/09\/aulas-2-scaled.jpg?resize=1050%2C600&ssl=1 3x, https:\/\/i0.wp.com\/www.jornalja.com.br\/geral\/wp-content\/uploads\/sites\/4\/2020\/09\/aulas-2-scaled.jpg?resize=1400%2C800&ssl=1 4x"},"classes":[]},{"id":85384,"url":"https:\/\/www.jornalja.com.br\/geral\/volta-as-aulas-presenciais-ainda-esta-indefinida-na-maioria-dos-estados\/","url_meta":{"origin":76885,"position":4},"title":"Volta \u00e0s aulas presenciais ainda est\u00e1 indefinida na maioria dos Estados","author":"da Reda\u00e7\u00e3o","date":"31 de agosto de 2020","format":false,"excerpt":"Desde o dia 10 de agosto as escolas da rede estadual retomaram as aulas presenciais no Amazonas. \u00c9, por enquanto, o \u00fanico Estado a voltar desde o in\u00edcio da pandemia, em mar\u00e7o. Entre os demais, apenas cinco estados t\u00eam previs\u00e3o para retomar\u00a0as aulas presenciais na rede estadual. S\u00e3o eles: Par\u00e1,\u2026","rel":"","context":"Em &quot;Geral-MAT\u00c9RIA&quot;","block_context":{"text":"Geral-MAT\u00c9RIA","link":"https:\/\/www.jornalja.com.br\/geral\/category\/geral\/"},"img":{"alt_text":"","src":"https:\/\/i0.wp.com\/www.jornalja.com.br\/geral\/wp-content\/uploads\/sites\/4\/2020\/06\/ensino-a-distancia.jpeg?resize=350%2C200&ssl=1","width":350,"height":200,"srcset":"https:\/\/i0.wp.com\/www.jornalja.com.br\/geral\/wp-content\/uploads\/sites\/4\/2020\/06\/ensino-a-distancia.jpeg?resize=350%2C200&ssl=1 1x, https:\/\/i0.wp.com\/www.jornalja.com.br\/geral\/wp-content\/uploads\/sites\/4\/2020\/06\/ensino-a-distancia.jpeg?resize=525%2C300&ssl=1 1.5x, https:\/\/i0.wp.com\/www.jornalja.com.br\/geral\/wp-content\/uploads\/sites\/4\/2020\/06\/ensino-a-distancia.jpeg?resize=700%2C400&ssl=1 2x"},"classes":[]},{"id":84254,"url":"https:\/\/www.jornalja.com.br\/geral\/rede-publica-expande-ensino-a-distancia-mas-nao-prepara-professores\/","url_meta":{"origin":76885,"position":5},"title":"Rede p\u00fablica expande ensino \u00e0 dist\u00e2ncia mas n\u00e3o prepara professores","author":"da Reda\u00e7\u00e3o","date":"24 de junho de 2020","format":false,"excerpt":"O isolamento social imposto pelo novo coronav\u00edrus est\u00e1 mostrando que o ensino \u00e0 dist\u00e2ncia veio para ficar. A suspens\u00e3o for\u00e7ada das atividades escolares para evitar o cont\u00e1gio levou escolas e professores a descobrir as enormes possibilidade das teleaulas para manter a continuidade do aprendizado durante a pandemia. Mesmo que n\u00e3o\u2026","rel":"","context":"Em &quot;Geral-MAT\u00c9RIA&quot;","block_context":{"text":"Geral-MAT\u00c9RIA","link":"https:\/\/www.jornalja.com.br\/geral\/category\/geral\/"},"img":{"alt_text":"","src":"https:\/\/i0.wp.com\/www.jornalja.com.br\/geral\/wp-content\/uploads\/sites\/4\/2020\/06\/ensino-a-distancia.jpeg?resize=350%2C200&ssl=1","width":350,"height":200,"srcset":"https:\/\/i0.wp.com\/www.jornalja.com.br\/geral\/wp-content\/uploads\/sites\/4\/2020\/06\/ensino-a-distancia.jpeg?resize=350%2C200&ssl=1 1x, https:\/\/i0.wp.com\/www.jornalja.com.br\/geral\/wp-content\/uploads\/sites\/4\/2020\/06\/ensino-a-distancia.jpeg?resize=525%2C300&ssl=1 1.5x, https:\/\/i0.wp.com\/www.jornalja.com.br\/geral\/wp-content\/uploads\/sites\/4\/2020\/06\/ensino-a-distancia.jpeg?resize=700%2C400&ssl=1 2x"},"classes":[]}],"jetpack_sharing_enabled":true,"_links":{"self":[{"href":"https:\/\/www.jornalja.com.br\/geral\/wp-json\/wp\/v2\/posts\/76885","targetHints":{"allow":["GET"]}}],"collection":[{"href":"https:\/\/www.jornalja.com.br\/geral\/wp-json\/wp\/v2\/posts"}],"about":[{"href":"https:\/\/www.jornalja.com.br\/geral\/wp-json\/wp\/v2\/types\/post"}],"author":[{"embeddable":true,"href":"https:\/\/www.jornalja.com.br\/geral\/wp-json\/wp\/v2\/users\/12"}],"replies":[{"embeddable":true,"href":"https:\/\/www.jornalja.com.br\/geral\/wp-json\/wp\/v2\/comments?post=76885"}],"version-history":[{"count":0,"href":"https:\/\/www.jornalja.com.br\/geral\/wp-json\/wp\/v2\/posts\/76885\/revisions"}],"wp:featuredmedia":[{"embeddable":true,"href":"https:\/\/www.jornalja.com.br\/geral\/wp-json\/"}],"wp:attachment":[{"href":"https:\/\/www.jornalja.com.br\/geral\/wp-json\/wp\/v2\/media?parent=76885"}],"wp:term":[{"taxonomy":"category","embeddable":true,"href":"https:\/\/www.jornalja.com.br\/geral\/wp-json\/wp\/v2\/categories?post=76885"},{"taxonomy":"post_tag","embeddable":true,"href":"https:\/\/www.jornalja.com.br\/geral\/wp-json\/wp\/v2\/tags?post=76885"}],"curies":[{"name":"wp","href":"https:\/\/api.w.org\/{rel}","templated":true}]}}