{"id":76894,"date":"2019-08-30T18:28:04","date_gmt":"2019-08-30T21:28:04","guid":{"rendered":"https:\/\/www.jornalja.com.br\/?p=76894"},"modified":"2019-08-30T18:28:04","modified_gmt":"2019-08-30T21:28:04","slug":"rbs-teria-pago-propina-por-perdao-de-multa-com-a-receita","status":"publish","type":"post","link":"https:\/\/www.jornalja.com.br\/geral\/rbs-teria-pago-propina-por-perdao-de-multa-com-a-receita\/","title":{"rendered":"RBS teria pago propina por perd\u00e3o de multa com a Receita"},"content":{"rendered":"<p>Em mais um trecho vazado da sua dela\u00e7\u00e3o premiada, o ex-ministro de governos petistas Antonio Palocci afirma que atuou para que o Conselho Administrativo de Recursos Fiscais (Carf) beneficiasse a RBS, afiliada da Rede Globo no Rio Grande do Sul.<br \/>\nSegundo Palocci, teriam sido pagas propinas a conselheiros do Carf para cancelar uma multa da empresa de R$ 500 milh\u00f5es com a Receita Federal.<br \/>\nA multa foi aplicada porque a Receita considerou que a fus\u00e3o da RBS com a Telef\u00f4nica, em 1999, tinha apenas a inten\u00e7\u00e3o de sonegar impostos. As informa\u00e7\u00f5es foram divulgadas pelo Jornal da Record.<br \/>\nA fus\u00e3o teria sido feita para a cria\u00e7\u00e3o de um provedor de internet. A sociedade teria durado apenas dois meses. A dela\u00e7\u00e3o premiada de Palocci narra ainda que 12 anos depois, em 2011, o ent\u00e3o ministro teria recebido em seu gabinete o presidente da RBS na \u00e9poca, Nelson Sirotsky, e vice-presidente de rela\u00e7\u00f5es institucionais do grupo Globo, Paulo Tonet Camargo.<br \/>\nNa reuni\u00e3o, eles teriam explicado que a multa tinha chegado ao Carf e que precisariam vencer, a qualquer custo, a quest\u00e3o junto ao Conselho.<br \/>\nSirotsky e Camargo teriam solicitado a ajuda de Palocci para obter o perd\u00e3o da d\u00edvida.<br \/>\nO ent\u00e3o ministro afirmou que poderia ajudar, mas sugeriu aos dois dirigentes que procurassem conselheiros do Carf para fazer um &#8220;acerto&#8221; entre RBS e os membros do \u00f3rg\u00e3o. A dela\u00e7\u00e3o de Palocci relata que, a partir da\u00ed, Sirotsky e Camargo teriam se comprometido a pagar propinas aos conselheiros.<br \/>\nEm 2018, o Minist\u00e9rio P\u00fablico Federal denunciou o grupo RBS na Opera\u00e7\u00e3o Zelotes, que desmontou um esquema de corrup\u00e7\u00e3o no Carf. De acordo com os procuradores, a empresa teria pago ao menos R$ 2 milh\u00f5es em propinas. Palocci afirmou ainda na dela\u00e7\u00e3o que teria iniciado uma &#8220;a\u00e7\u00e3o governamental&#8221; para resolver o problema e sugeriu que o grupo Globo entrasse na quest\u00e3o falando diretamente com a ent\u00e3o presidente Dilma Rousseff. Depois disso, a chefe de Estado teria dado o sinal verde para a resolu\u00e7\u00e3o do processo.<br \/>\nEm outra frente, Palocci teria procurado o secret\u00e1rio-executivo do Minist\u00e9rio da Fazenda, Nelson Barbosa, para dar a ordem de que a multa deveria ser resolvida de qualquer jeito porque era uma ordem presidencial.<br \/>\nProcurada pela reportagem, a ex-presidente Dilma Rousseff disse que n\u00e3o teve acesso aos autos do processo e por isso n\u00e3o tem posicionamento sobre o assunto. A diretoria do PT colocou que qualquer declara\u00e7\u00e3o de Palocci sobre o partido n\u00e3o tem credibilidade.<br \/>\nA assessoria da Globo disse que a empresa n\u00e3o tem rela\u00e7\u00e3o com o caso e explicou que Tonet Camargo era diretor da RBS \u00e0 \u00e9poca.<br \/>\nO Grupo RBS informou que &#8220;todas as rela\u00e7\u00f5es do Grupo RBS com o poder executivo e com os demais poderes sempre foram e s\u00e3o realizadas exclusivamente nos \u00e2mbitos institucional ou editorial&#8221;.<br \/>\nA dela\u00e7\u00e3o premiada de Ant\u00f4nio Palocci \u00e9 formada por 23 depoimentos dados ao longo de 2018 e suas afirma\u00e7\u00f5es at\u00e9 agora carecem de provas. Um dos trechos, que atingia o presidente Lula e o PT foi divulgado poucos antes da elei\u00e7\u00e3o do ano passado.<br \/>\n(Com informa\u00e7\u00f5es do Correio do Povo e R7)<\/p>\n","protected":false},"excerpt":{"rendered":"<p>Em mais um trecho vazado da sua dela\u00e7\u00e3o premiada, o ex-ministro de governos petistas Antonio Palocci afirma que atuou para que o Conselho Administrativo de Recursos Fiscais (Carf) beneficiasse a RBS, afiliada da Rede Globo no Rio Grande do Sul. Segundo Palocci, teriam sido pagas propinas a conselheiros do Carf para cancelar uma multa da [&hellip;]<\/p>\n","protected":false},"author":12,"featured_media":76895,"comment_status":"open","ping_status":"closed","sticky":false,"template":"","format":"standard","meta":{"jetpack_post_was_ever_published":false,"_jetpack_newsletter_access":"","_jetpack_dont_email_post_to_subs":false,"_jetpack_newsletter_tier_id":0,"_jetpack_memberships_contains_paywalled_content":false,"_jetpack_memberships_contains_paid_content":false,"footnotes":"","jetpack_publicize_message":"","jetpack_publicize_feature_enabled":true,"jetpack_social_post_already_shared":true,"jetpack_social_options":{"image_generator_settings":{"template":"highway","default_image_id":0,"font":"","enabled":false},"version":2}},"categories":[2],"tags":[318,274,319,320,94,75],"class_list":["post-76894","post","type-post","status-publish","format-standard","has-post-thumbnail","hentry","category-geral","tag-carf","tag-corrupcao","tag-palocci","tag-propina","tag-rbs","tag-receita-federal"],"aioseo_notices":[],"jetpack_publicize_connections":[],"jetpack_featured_media_url":"","jetpack_shortlink":"https:\/\/wp.me\/pbKhrD-k0e","jetpack-related-posts":[{"id":91586,"url":"https:\/\/www.jornalja.com.br\/geral\/guedes-negocia-com-auditores-fiscais-em-greve-1-288-ja-entregaram-cargos-de-chefia\/","url_meta":{"origin":76894,"position":0},"title":"Guedes negocia com auditores fiscais em greve: 1.288 j\u00e1 entregaram cargos de chefia","author":"da Reda\u00e7\u00e3o","date":"13 de janeiro de 2022","format":false,"excerpt":"Chega a 1.288 o n\u00famero de auditores fiscais da Receita Federal que j\u00e1 entregaram cargos de chefia,\u00a0 seguindo a orienta\u00e7\u00e3o do Sindifisco em rea\u00e7\u00e3o ao corte no or\u00e7amento para o setor. Segundo o Sindicato Nacional dos Auditores-Fiscais da Receita Federal do Brasil (Sindifisco Nacional), as primeiras exonera\u00e7\u00f5es come\u00e7aram a ser\u2026","rel":"","context":"Em &quot;Geral-NOTAS&quot;","block_context":{"text":"Geral-NOTAS","link":"https:\/\/www.jornalja.com.br\/geral\/category\/geral-notas\/"},"img":{"alt_text":"","src":"","width":0,"height":0},"classes":[]},{"id":100009,"url":"https:\/\/www.jornalja.com.br\/geral\/cpi-comecou-quente-com-denuncia-de-propina-e-testemunho-de-empresario\/","url_meta":{"origin":76894,"position":1},"title":"CPI come\u00e7ou quente com den\u00fancia e testemunho de empres\u00e1rio que pagou popina","author":"Elmar Bones","date":"13 de outubro de 2025","format":false,"excerpt":"O primeiro depoimento \u00e0 CPI do DMAE, em 14 de julho, foi da deputada Luciana Genro (PSOL) ouvida como testemunha. Ela relatou a den\u00fancia que lhe foi\u00a0 apresentada em 2023, pelo empres\u00e1rio Lu\u00eds Fran\u00e7a, ent\u00e3o executivo da empresa MG, que prestava servi\u00e7os \u00e0 Prefeitura de Porto Alegre. A MG tinha\u2026","rel":"","context":"Em &quot;Geral-MAT\u00c9RIA&quot;","block_context":{"text":"Geral-MAT\u00c9RIA","link":"https:\/\/www.jornalja.com.br\/geral\/category\/geral\/"},"img":{"alt_text":"","src":"https:\/\/i0.wp.com\/www.jornalja.com.br\/geral\/wp-content\/uploads\/sites\/4\/2025\/10\/cpi-dmae-franca-empresario.png?resize=350%2C200&ssl=1","width":350,"height":200,"srcset":"https:\/\/i0.wp.com\/www.jornalja.com.br\/geral\/wp-content\/uploads\/sites\/4\/2025\/10\/cpi-dmae-franca-empresario.png?resize=350%2C200&ssl=1 1x, https:\/\/i0.wp.com\/www.jornalja.com.br\/geral\/wp-content\/uploads\/sites\/4\/2025\/10\/cpi-dmae-franca-empresario.png?resize=525%2C300&ssl=1 1.5x"},"classes":[]},{"id":89635,"url":"https:\/\/www.jornalja.com.br\/geral\/microempresarios-com-dividas-de-impostos-tem-ate-terca-para-regularizar-situacao\/","url_meta":{"origin":76894,"position":2},"title":"Micro empreendedores com d\u00edvidas de impostos tem at\u00e9 ter\u00e7a (31\/08) para regularizar situa\u00e7\u00e3o","author":"da Reda\u00e7\u00e3o","date":"30 de agosto de 2021","format":false,"excerpt":"Os microempreendedores individuais (MEI) que tem d\u00edvidas de impostos tem at\u00e9 esta ter\u00e7a-feira, 31, para regularizar sua situa\u00e7\u00e3o. A partir dessa data, os devedores ser\u00e3o inclu\u00eddos na D\u00edvida Ativa da Uni\u00e3o e estar\u00e3o sujeitos a cobran\u00e7a judicial. Os interessados podem recorrer aos N\u00facleos de Apoio Fiscal, que a Receita Federal\u2026","rel":"","context":"Em &quot;Geral-NOTAS&quot;","block_context":{"text":"Geral-NOTAS","link":"https:\/\/www.jornalja.com.br\/geral\/category\/geral-notas\/"},"img":{"alt_text":"","src":"","width":0,"height":0},"classes":[]},{"id":92875,"url":"https:\/\/www.jornalja.com.br\/geral\/a-rbs-foi-vendida-comunicado-da-empresa-nao-esclarece\/","url_meta":{"origin":76894,"position":3},"title":"A RBS foi vendida? Comunicado da empresa n\u00e3o esclarece","author":"da Reda\u00e7\u00e3o","date":"21 de junho de 2022","format":false,"excerpt":"A manchete desta segunda-feira, 20, foi a \"reorganiza\u00e7\u00e3o societ\u00e1ria\" anunciada pela RBS, o maior grupo de comunica\u00e7\u00e3o do Sul do Brasil, que \"se abre para novos investidores\". A nota que a empresa distribuiu\u00a0 n\u00e3o \u00e9 esclarecedora quanto a n\u00fameros ou percentuais societ\u00e1rios negociados. O que transparece do comunicado amb\u00edguo \u00e9\u2026","rel":"","context":"Em &quot;Geral-MAT\u00c9RIA&quot;","block_context":{"text":"Geral-MAT\u00c9RIA","link":"https:\/\/www.jornalja.com.br\/geral\/category\/geral\/"},"img":{"alt_text":"","src":"https:\/\/i0.wp.com\/www.jornalja.com.br\/geral\/wp-content\/uploads\/sites\/4\/2022\/06\/rbs-nelson-mauricio-neto-e-jaime.jpg?resize=350%2C200&ssl=1","width":350,"height":200,"srcset":"https:\/\/i0.wp.com\/www.jornalja.com.br\/geral\/wp-content\/uploads\/sites\/4\/2022\/06\/rbs-nelson-mauricio-neto-e-jaime.jpg?resize=350%2C200&ssl=1 1x, https:\/\/i0.wp.com\/www.jornalja.com.br\/geral\/wp-content\/uploads\/sites\/4\/2022\/06\/rbs-nelson-mauricio-neto-e-jaime.jpg?resize=525%2C300&ssl=1 1.5x"},"classes":[]},{"id":83064,"url":"https:\/\/www.jornalja.com.br\/geral\/rbs-deve-ampliar-medidas-de-contencao-de-custos-alem-das-demissoes-anunciadas\/","url_meta":{"origin":76894,"position":4},"title":"RBS deve ampliar medidas de conten\u00e7\u00e3o de custos, al\u00e9m das demiss\u00f5es anunciadas","author":"da Reda\u00e7\u00e3o","date":"26 de abril de 2020","format":false,"excerpt":"As demiss\u00f5es que o grupo RBS anunciou na sexta-feira, 24, ser\u00e3o complementadas por outras medidas, como a suspens\u00e3o tempor\u00e1ria dos contratos ou redu\u00e7\u00e3o de jornada e de sal\u00e1rios. Os cortes j\u00e1 anunciados atingem em cheio a \"reda\u00e7\u00e3o integrada\", formada por 230 profissionais que produzem conte\u00fado para os jornais, r\u00e1dios, tv\u2026","rel":"","context":"Em &quot;Geral-MAT\u00c9RIA&quot;","block_context":{"text":"Geral-MAT\u00c9RIA","link":"https:\/\/www.jornalja.com.br\/geral\/category\/geral\/"},"img":{"alt_text":"","src":"https:\/\/i0.wp.com\/www.jornalja.com.br\/geral\/wp-content\/uploads\/sites\/4\/2020\/04\/RBS-toda-a-equipe-da-reda%C3%A7%C3%A3o-integrada-scaled.jpg?resize=350%2C200&ssl=1","width":350,"height":200,"srcset":"https:\/\/i0.wp.com\/www.jornalja.com.br\/geral\/wp-content\/uploads\/sites\/4\/2020\/04\/RBS-toda-a-equipe-da-reda%C3%A7%C3%A3o-integrada-scaled.jpg?resize=350%2C200&ssl=1 1x, https:\/\/i0.wp.com\/www.jornalja.com.br\/geral\/wp-content\/uploads\/sites\/4\/2020\/04\/RBS-toda-a-equipe-da-reda%C3%A7%C3%A3o-integrada-scaled.jpg?resize=525%2C300&ssl=1 1.5x, https:\/\/i0.wp.com\/www.jornalja.com.br\/geral\/wp-content\/uploads\/sites\/4\/2020\/04\/RBS-toda-a-equipe-da-reda%C3%A7%C3%A3o-integrada-scaled.jpg?resize=700%2C400&ssl=1 2x"},"classes":[]},{"id":83006,"url":"https:\/\/www.jornalja.com.br\/geral\/grupo-rbs-demite-31-jornalistas-da-teve-radio-e-jornais\/","url_meta":{"origin":76894,"position":5},"title":"Grupo RBS demite 31 jornalistas da tev\u00ea, r\u00e1dio e jornais","author":"da Reda\u00e7\u00e3o","date":"24 de abril de 2020","format":false,"excerpt":"Esta sexta-feira, 24, foi marcada por uma s\u00e9rie de movimenta\u00e7\u00f5es no Grupo RBS.\u00a0Coletiva.net apurou que 20 colaboradores do grupo midi\u00e1tico foram demitidos, entre profissionais com v\u00e1rios anos de casa e de destaque em suas \u00e1reas da RBS TV, da r\u00e1dio Ga\u00facha e de Zero Hora e do Pioneiro. Mas a\u2026","rel":"","context":"Em &quot;Geral-MAT\u00c9RIA&quot;","block_context":{"text":"Geral-MAT\u00c9RIA","link":"https:\/\/www.jornalja.com.br\/geral\/category\/geral\/"},"img":{"alt_text":"","src":"https:\/\/i0.wp.com\/www.jornalja.com.br\/geral\/wp-content\/uploads\/sites\/4\/2020\/04\/Captura-de-Tela-2020-04-24-a%CC%80s-14.02.24-scaled.jpg?resize=350%2C200&ssl=1","width":350,"height":200,"srcset":"https:\/\/i0.wp.com\/www.jornalja.com.br\/geral\/wp-content\/uploads\/sites\/4\/2020\/04\/Captura-de-Tela-2020-04-24-a%CC%80s-14.02.24-scaled.jpg?resize=350%2C200&ssl=1 1x, https:\/\/i0.wp.com\/www.jornalja.com.br\/geral\/wp-content\/uploads\/sites\/4\/2020\/04\/Captura-de-Tela-2020-04-24-a%CC%80s-14.02.24-scaled.jpg?resize=525%2C300&ssl=1 1.5x, https:\/\/i0.wp.com\/www.jornalja.com.br\/geral\/wp-content\/uploads\/sites\/4\/2020\/04\/Captura-de-Tela-2020-04-24-a%CC%80s-14.02.24-scaled.jpg?resize=700%2C400&ssl=1 2x"},"classes":[]}],"jetpack_sharing_enabled":true,"_links":{"self":[{"href":"https:\/\/www.jornalja.com.br\/geral\/wp-json\/wp\/v2\/posts\/76894","targetHints":{"allow":["GET"]}}],"collection":[{"href":"https:\/\/www.jornalja.com.br\/geral\/wp-json\/wp\/v2\/posts"}],"about":[{"href":"https:\/\/www.jornalja.com.br\/geral\/wp-json\/wp\/v2\/types\/post"}],"author":[{"embeddable":true,"href":"https:\/\/www.jornalja.com.br\/geral\/wp-json\/wp\/v2\/users\/12"}],"replies":[{"embeddable":true,"href":"https:\/\/www.jornalja.com.br\/geral\/wp-json\/wp\/v2\/comments?post=76894"}],"version-history":[{"count":0,"href":"https:\/\/www.jornalja.com.br\/geral\/wp-json\/wp\/v2\/posts\/76894\/revisions"}],"wp:featuredmedia":[{"embeddable":true,"href":"https:\/\/www.jornalja.com.br\/geral\/wp-json\/"}],"wp:attachment":[{"href":"https:\/\/www.jornalja.com.br\/geral\/wp-json\/wp\/v2\/media?parent=76894"}],"wp:term":[{"taxonomy":"category","embeddable":true,"href":"https:\/\/www.jornalja.com.br\/geral\/wp-json\/wp\/v2\/categories?post=76894"},{"taxonomy":"post_tag","embeddable":true,"href":"https:\/\/www.jornalja.com.br\/geral\/wp-json\/wp\/v2\/tags?post=76894"}],"curies":[{"name":"wp","href":"https:\/\/api.w.org\/{rel}","templated":true}]}}