{"id":76933,"date":"2019-09-02T15:20:14","date_gmt":"2019-09-02T18:20:14","guid":{"rendered":"https:\/\/www.jornalja.com.br\/?p=76933"},"modified":"2019-09-02T15:20:14","modified_gmt":"2019-09-02T18:20:14","slug":"setembro-amarelo-tera-foco-em-prevencao-do-suicidio-entre-os-jovens","status":"publish","type":"post","link":"https:\/\/www.jornalja.com.br\/geral\/setembro-amarelo-tera-foco-em-prevencao-do-suicidio-entre-os-jovens\/","title":{"rendered":"Setembro Amarelo ter\u00e1 foco em preven\u00e7\u00e3o do suic\u00eddio entre os jovens"},"content":{"rendered":"<p>O Minist\u00e9rio da Sa\u00fade vai aproveitar setembro, m\u00eas de conscientiza\u00e7\u00e3o sobre a import\u00e2ncia da preven\u00e7\u00e3o do suic\u00eddio, para enfatizar a necessidade de aten\u00e7\u00e3o especial com o bem-estar e a sa\u00fade mental de crian\u00e7as e adolescentes.<br \/>\nSegundo o ministro Luiz Henrique Mandetta, o foco das a\u00e7\u00f5es desenvolvidas pela pasta durante o Setembro Amarelo ser\u00e1 o p\u00fablico jovem, no qual vem aumentando o n\u00famero de casos e de tentativas de suic\u00eddio. &#8220;Vamos focar nesta quest\u00e3o dos jovens, tanto na quest\u00e3o do suic\u00eddio quanto das tentativas, procurando alternativas de pol\u00edticas p\u00fablicas indut\u00f3rias&#8221;, disse o ministro durante a 7\u00aa Reuni\u00e3o Ordin\u00e1ria da Comiss\u00e3o Intergestores Tripartite, realizada na manh\u00e3 desta quinta-feira (29), em Bras\u00edlia.<br \/>\nMandetta ressaltou que o aumento do suic\u00eddio entre os jovens \u00e9 um fen\u00f4meno mundial que, nos \u00faltimos anos, vem causando crescente preocupa\u00e7\u00e3o tamb\u00e9m no Brasil. Para o ministro, o problema \u00e9 complexo e n\u00e3o pode ser compreendido ou explicado por um s\u00f3 fator. &#8220;A barra est\u00e1 muito pesada, e isso est\u00e1 fazendo com que percamos muitos jovens&#8221;, afirmou o ministro, arriscando uma explica\u00e7\u00e3o. Segundo o ministro, os jovens brasileiros, que est\u00e3o entre os que passam mais tempo conectados \u00e0 internet, t\u00eam dificuldade para lidar com a confus\u00e3o entre o mundo online e as exig\u00eancias e frustra\u00e7\u00f5es cotidianas do mundo fora da rede mundial de computadores.<br \/>\nPara Mandetta, isso gera ansiedade e enfraquece v\u00ednculos sociais. &#8220;O mundo virtual \u00e9 maravilhoso, mas n\u00e3o condiz com a realidade. Ali, todo mundo est\u00e1 feliz, bem. Estamos tendo dificuldades de conviver com isto&#8221;, acrescentou Mandetta.<br \/>\nEle disse que o alcance e imediatismo das redes sociais podem potencializar quest\u00f5es que sempre causaram mal-estar entre os jovens. &#8220;O bullying, por exemplo. Na minha gera\u00e7\u00e3o, era algo circunscrito. Ficava limitado a uma sala de aula, ao p\u00e1tio do col\u00e9gio e, de alguma maneira, as pessoas faziam seus rearranjos. Hoje, com a internet, o bullying \u00e0s vezes ganha uma escala nacional&#8221;, disse o ministro. &#8220;Este \u00e9 o pano de fundo para o grande drama que esta gera\u00e7\u00e3o enfrenta.<br \/>\nPara Mandetta, a quest\u00e3o do suic\u00eddio e outros temas de sa\u00fade mental devem ser tratados, entre todas as faixas et\u00e1rias, com informa\u00e7\u00f5es claras e com o m\u00e1ximo de naturalidade poss\u00edvel. &#8220;Assuntos como depress\u00e3o, ansiedade e os cuidados com a sa\u00fade mental t\u00eam que ser inclu\u00eddos na agenda. Temos que dizer que a depress\u00e3o existe e que n\u00e3o se trata apenas de um estado de melancolia. Precisamos desmistific\u00e1-los, abord\u00e1-los como outros assuntos de sa\u00fade, como a hipertens\u00e3o ou a diabete e valorizar a vida&#8221;, exemplificou o ministro ao defender a a\u00e7\u00e3o conjunta de profissionais das \u00e1reas de e educa\u00e7\u00e3o.<br \/>\n&#8220;Acho que a sa\u00fade vai ter que ir para as escolas e organizar esta interface junto \u00e0 educa\u00e7\u00e3o. E acho que s\u00e3o os pr\u00f3prios adolescentes, dialogando entre si, que [com orienta\u00e7\u00e3o] v\u00e3o achar as necess\u00e1rias v\u00e1lvulas de escape. Porque eles n\u00e3o v\u00e3o achar com quem falar dentro de casa. N\u00e3o acham na familia. O meio est\u00e1 hostil, os amigos est\u00e3o vivendo no mundo virtual e, no mundo real, esses jovens se deparam com [as exig\u00eancias e frustra\u00e7\u00f5es do] dia a dia&#8221;, concluiu o ministro.<br \/>\nRealizada em quase todo o mundo, a campanha Setembro Amarelo ocorre anualmente em setembro e tem o objetivo de sensibilizar e conscientizar a popula\u00e7\u00e3o sobre a quest\u00e3o e informar sobre os sinais que precisam ser observados com aten\u00e7\u00e3o, bem como os locais onde procurar ajuda.<br \/>\n(Com informa\u00e7\u00f5es da Ag\u00eancia Brasil)<\/p>\n","protected":false},"excerpt":{"rendered":"<p>O Minist\u00e9rio da Sa\u00fade vai aproveitar setembro, m\u00eas de conscientiza\u00e7\u00e3o sobre a import\u00e2ncia da preven\u00e7\u00e3o do suic\u00eddio, para enfatizar a necessidade de aten\u00e7\u00e3o especial com o bem-estar e a sa\u00fade mental de crian\u00e7as e adolescentes. Segundo o ministro Luiz Henrique Mandetta, o foco das a\u00e7\u00f5es desenvolvidas pela pasta durante o Setembro Amarelo ser\u00e1 o p\u00fablico [&hellip;]<\/p>\n","protected":false},"author":12,"featured_media":76934,"comment_status":"open","ping_status":"closed","sticky":false,"template":"","format":"standard","meta":{"jetpack_post_was_ever_published":false,"_jetpack_newsletter_access":"","_jetpack_dont_email_post_to_subs":false,"_jetpack_newsletter_tier_id":0,"_jetpack_memberships_contains_paywalled_content":false,"_jetpack_memberships_contains_paid_content":false,"footnotes":"","jetpack_publicize_message":"","jetpack_publicize_feature_enabled":true,"jetpack_social_post_already_shared":true,"jetpack_social_options":{"image_generator_settings":{"template":"highway","default_image_id":0,"font":"","enabled":false},"version":2}},"categories":[2],"tags":[321,236,310],"class_list":["post-76933","post","type-post","status-publish","format-standard","has-post-thumbnail","hentry","category-geral","tag-campanha","tag-governo","tag-suicidio"],"aioseo_notices":[],"jetpack_publicize_connections":[],"jetpack_featured_media_url":"","jetpack_shortlink":"https:\/\/wp.me\/pbKhrD-k0R","jetpack-related-posts":[{"id":100343,"url":"https:\/\/www.jornalja.com.br\/geral\/estudo-aponta-perdas-de-r-38-bilhoes-por-ano-com-efeitos-colaterais-das-bets\/","url_meta":{"origin":76933,"position":0},"title":"Estudo aponta perdas de R$ 38 bilh\u00f5es por ano com efeitos colaterais das bets","author":"da Reda\u00e7\u00e3o","date":"2 de dezembro de 2025","format":false,"excerpt":"Jogos de azar e apostas\u00a0online, popularizadas pelas chamadas\u00a0bets, provocam perdas econ\u00f4micas e sociais ao pa\u00eds estimadas em R$ 38,8 bilh\u00f5es anualmente. Esse valor \u00e9 o somat\u00f3rio de danos \u00e0 sociedade, como suic\u00eddios, desemprego, gastos com sa\u00fade e afastamento do trabalho. O c\u00e1lculo \u00e9 do estudo in\u00e9dito\u00a0A sa\u00fade dos brasileiros em\u2026","rel":"","context":"Em &quot;Geral-MAT\u00c9RIA&quot;","block_context":{"text":"Geral-MAT\u00c9RIA","link":"https:\/\/www.jornalja.com.br\/geral\/category\/geral\/"},"img":{"alt_text":"","src":"https:\/\/i0.wp.com\/www.jornalja.com.br\/geral\/wp-content\/uploads\/sites\/4\/2025\/12\/bets-efeitos-colaterais.png?resize=350%2C200&ssl=1","width":350,"height":200,"srcset":"https:\/\/i0.wp.com\/www.jornalja.com.br\/geral\/wp-content\/uploads\/sites\/4\/2025\/12\/bets-efeitos-colaterais.png?resize=350%2C200&ssl=1 1x, https:\/\/i0.wp.com\/www.jornalja.com.br\/geral\/wp-content\/uploads\/sites\/4\/2025\/12\/bets-efeitos-colaterais.png?resize=525%2C300&ssl=1 1.5x"},"classes":[]},{"id":84041,"url":"https:\/\/www.jornalja.com.br\/geral\/estudo-relaciona-posse-de-arma-com-altas-taxas-de-suicidios-nos-eua\/","url_meta":{"origin":76933,"position":1},"title":"Estudo relaciona posse de arma com altas taxas de suic\u00eddios nos EUA","author":"da Reda\u00e7\u00e3o","date":"12 de junho de 2020","format":false,"excerpt":"Quem possui arma em casa tem quatro vezes mais chances de cometer suic\u00eddio. \u00c9 o que aponta o \u201cmaior estudo j\u00e1 feito sobre a conex\u00e3o entre suic\u00eddio e posse de armas\u201d, publicado no \u00a0The New England Journal of Medicine, assinado por tr\u00eas pesquisadores - David Studdert, Matthew Miller e Garen\u2026","rel":"","context":"Em &quot;Geral-MAT\u00c9RIA&quot;","block_context":{"text":"Geral-MAT\u00c9RIA","link":"https:\/\/www.jornalja.com.br\/geral\/category\/geral\/"},"img":{"alt_text":"","src":"","width":0,"height":0},"classes":[]},{"id":76791,"url":"https:\/\/www.jornalja.com.br\/geral\/rs-e-um-dos-estados-onde-mais-policiais-se-matam\/","url_meta":{"origin":76933,"position":2},"title":"RS \u00e9 um dos Estados onde mais policiais se matam","author":"Carlos Matsubara","date":"28 de agosto de 2019","format":false,"excerpt":"\u00a0 Por Carlos Matsubara No Rio Grande do Sul, ocorreram 50 suic\u00eddios de brigadianos, entre 2008 e 2018. Os dados s\u00e3o da Associa\u00e7\u00e3o dos Oficiais da Brigada Militar e do Corpo de Bombeiros (ASOFBM), e foram apresentados na manh\u00e3 desta quarta-feira (28), em Porto Alegre. Na popula\u00e7\u00e3o ga\u00facha, a incid\u00eancia\u2026","rel":"","context":"Em &quot;Geral-MAT\u00c9RIA&quot;","block_context":{"text":"Geral-MAT\u00c9RIA","link":"https:\/\/www.jornalja.com.br\/geral\/category\/geral\/"},"img":{"alt_text":"","src":"","width":0,"height":0},"classes":[]},{"id":76710,"url":"https:\/\/www.jornalja.com.br\/geral\/associacao-de-oficiais-fala-sobre-aumento-de-suicido-e-depressao-entre-brigadianos\/","url_meta":{"origin":76933,"position":3},"title":"Associa\u00e7\u00e3o de Oficiais fala sobre aumento de suic\u00eddos e depress\u00e3o entre brigadianos","author":"da Reda\u00e7\u00e3o","date":"26 de agosto de 2019","format":false,"excerpt":"O Rio Grande do Sul est\u00e1 na lideran\u00e7a do n\u00famero de suic\u00eddio de PMs no Pa\u00eds, segundo nota da Associa\u00e7\u00e3o dos Oficiais da Brigada Militar. A associa\u00e7\u00e3o convoca uma coletiva de imprensa na quarta-feira, quando ser\u00e3o divulgados os n\u00fameros relativos a suic\u00eddios, depress\u00e3o e outros transtornos que atingem os PMs,\u2026","rel":"","context":"Em &quot;Geral-MAT\u00c9RIA&quot;","block_context":{"text":"Geral-MAT\u00c9RIA","link":"https:\/\/www.jornalja.com.br\/geral\/category\/geral\/"},"img":{"alt_text":"","src":"","width":0,"height":0},"classes":[]},{"id":77287,"url":"https:\/\/www.jornalja.com.br\/geral\/suicidio-causou-mais-mortes-em-policiais-do-que-confronto-com-crime\/","url_meta":{"origin":76933,"position":4},"title":"Suic\u00eddio causou mais mortes em policiais do que confronto com crime","author":"Carlos Matsubara","date":"11 de setembro de 2019","format":false,"excerpt":"A 13\u00aa edi\u00e7\u00e3o do Anu\u00e1rio Brasileiro de Seguran\u00e7a P\u00fablica registra exposi\u00e7\u00e3o \u00e0 viol\u00eancia fatal a que os policiais brasileiros est\u00e3o sujeitos. Em 2018, 343 policiais civis e militares foram assassinados, 75% dos casos ocorreram quando estavam fora de servi\u00e7o e n\u00e3o durante opera\u00e7\u00f5es de combate \u00e0 criminalidade. A viol\u00eancia a\u2026","rel":"","context":"Em &quot;Geral-MAT\u00c9RIA&quot;","block_context":{"text":"Geral-MAT\u00c9RIA","link":"https:\/\/www.jornalja.com.br\/geral\/category\/geral\/"},"img":{"alt_text":"","src":"","width":0,"height":0},"classes":[]},{"id":86431,"url":"https:\/\/www.jornalja.com.br\/geral\/morte-de-voluntario-em-teste-para-a-coronavac-foi-suicidio-bolsonaro-se-precipitou\/","url_meta":{"origin":76933,"position":5},"title":"Morte de volunt\u00e1rio em teste para a Coronavac foi suic\u00eddio; Bolsonaro se precipitou","author":"da Reda\u00e7\u00e3o","date":"10 de novembro de 2020","format":false,"excerpt":"Foi suic\u00eddio a morte de um volunt\u00e1rio que participava dos testes da Coronavac e nada tem a ver com \"rea\u00e7\u00f5es adversas\" \u00e0 vacina. A informa\u00e7\u00e3o foi divulgada pela TV Cultura, na tarde desta ter\u00e7a-feira. A TV cultura \u00e9 uma funda\u00e7\u00e3o ligada ao governo de S\u00e3o Paulo, que tamb\u00e9m \u00e9 respons\u00e1vel\u2026","rel":"","context":"Em &quot;Geral-MAT\u00c9RIA&quot;","block_context":{"text":"Geral-MAT\u00c9RIA","link":"https:\/\/www.jornalja.com.br\/geral\/category\/geral\/"},"img":{"alt_text":"","src":"https:\/\/i0.wp.com\/www.jornalja.com.br\/geral\/wp-content\/uploads\/sites\/4\/2020\/11\/doria-mostra-caixa-da-vacina.jpg?resize=350%2C200&ssl=1","width":350,"height":200,"srcset":"https:\/\/i0.wp.com\/www.jornalja.com.br\/geral\/wp-content\/uploads\/sites\/4\/2020\/11\/doria-mostra-caixa-da-vacina.jpg?resize=350%2C200&ssl=1 1x, https:\/\/i0.wp.com\/www.jornalja.com.br\/geral\/wp-content\/uploads\/sites\/4\/2020\/11\/doria-mostra-caixa-da-vacina.jpg?resize=525%2C300&ssl=1 1.5x, https:\/\/i0.wp.com\/www.jornalja.com.br\/geral\/wp-content\/uploads\/sites\/4\/2020\/11\/doria-mostra-caixa-da-vacina.jpg?resize=700%2C400&ssl=1 2x"},"classes":[]}],"jetpack_sharing_enabled":true,"_links":{"self":[{"href":"https:\/\/www.jornalja.com.br\/geral\/wp-json\/wp\/v2\/posts\/76933","targetHints":{"allow":["GET"]}}],"collection":[{"href":"https:\/\/www.jornalja.com.br\/geral\/wp-json\/wp\/v2\/posts"}],"about":[{"href":"https:\/\/www.jornalja.com.br\/geral\/wp-json\/wp\/v2\/types\/post"}],"author":[{"embeddable":true,"href":"https:\/\/www.jornalja.com.br\/geral\/wp-json\/wp\/v2\/users\/12"}],"replies":[{"embeddable":true,"href":"https:\/\/www.jornalja.com.br\/geral\/wp-json\/wp\/v2\/comments?post=76933"}],"version-history":[{"count":0,"href":"https:\/\/www.jornalja.com.br\/geral\/wp-json\/wp\/v2\/posts\/76933\/revisions"}],"wp:featuredmedia":[{"embeddable":true,"href":"https:\/\/www.jornalja.com.br\/geral\/wp-json\/"}],"wp:attachment":[{"href":"https:\/\/www.jornalja.com.br\/geral\/wp-json\/wp\/v2\/media?parent=76933"}],"wp:term":[{"taxonomy":"category","embeddable":true,"href":"https:\/\/www.jornalja.com.br\/geral\/wp-json\/wp\/v2\/categories?post=76933"},{"taxonomy":"post_tag","embeddable":true,"href":"https:\/\/www.jornalja.com.br\/geral\/wp-json\/wp\/v2\/tags?post=76933"}],"curies":[{"name":"wp","href":"https:\/\/api.w.org\/{rel}","templated":true}]}}