{"id":77371,"date":"2019-09-13T11:11:58","date_gmt":"2019-09-13T14:11:58","guid":{"rendered":"https:\/\/www.jornalja.com.br\/?p=77371"},"modified":"2019-09-13T11:11:58","modified_gmt":"2019-09-13T14:11:58","slug":"itamaraty-censura-filme-sobre-chico-buarque-no-uruguai","status":"publish","type":"post","link":"https:\/\/www.jornalja.com.br\/geral\/itamaraty-censura-filme-sobre-chico-buarque-no-uruguai\/","title":{"rendered":"Itamaraty censura filme sobre Chico Buarque no Uruguai"},"content":{"rendered":"<p>A JBM Producciones do Uruguai comunicou ao diretor Miguel Faria Junior que seu filme &#8220;Chico: Artista Brasileiro&#8221;, 2015, sobre o grande m\u00fasico brasileiro, foi censurado pela Embaixada brasileira em Montevideo.<br \/>\nA Embaixada, uma das patrocinadoras do Festival Cine de Brasil 2019, a ser realizada em outubro, avisou aos produtores do evento que o filme, que narra a trajet\u00f3ria musical de Chico nos \u00faltimos 50 anos, estava proibido de integrar a mostra. Leia abaixo a carta enviada pela produtora ao diretor Miguel Faria: &#8221;<br \/>\n&#8220;Querido Miguel<br \/>\nQuiero informar c\u00f3mo van las cosas camino al estreno, finalmente, de CHICO en Uruguay. Junto a nuestra asociada ENEC quien adem\u00e1s de distribuidores son exhibidores, hab\u00edamos planificado estrenar el filme en el Festival de Cine de Brasil 2019 que se lleva a cabo en octubre y entre otros es auspiciado por la Embajada de Brasil en Montevideo. Esta ma\u00f1ana recibo un sorpresivo mensaje del exhibidor dici\u00e9ndome que los llamaron de la embajada para \u201cpedirles\u201d que NO se exhiba el filme de CHICO en ese festival. Si bien es l\u00f3gico debido a la situaci\u00f3n pol\u00edtica de Brasil, en Uruguay es muy grave que se censure la exhibici\u00f3n de una pel\u00edcula siendo que en este caso JMB Filmes de Uruguay es el distribuidor y este acto afecta nuestros intereses. Adjunto mas abajo copia del mensaje oficial de ENEC (due\u00f1os socios de la sala ALFA\/BETA) comunic\u00e1ndomelo y un archivo adjunto de audio de la llamada de una se\u00f1ora, suponemos desde Brasil, que avisa a la sala de la desici\u00f3n de la embajda de Brasil en Uruguay.&#8221;<br \/>\n(Com informa\u00e7\u00f5es do O Globo)<\/p>\n","protected":false},"excerpt":{"rendered":"<p>A JBM Producciones do Uruguai comunicou ao diretor Miguel Faria Junior que seu filme &#8220;Chico: Artista Brasileiro&#8221;, 2015, sobre o grande m\u00fasico brasileiro, foi censurado pela Embaixada brasileira em Montevideo. A Embaixada, uma das patrocinadoras do Festival Cine de Brasil 2019, a ser realizada em outubro, avisou aos produtores do evento que o filme, que [&hellip;]<\/p>\n","protected":false},"author":4,"featured_media":77372,"comment_status":"open","ping_status":"closed","sticky":false,"template":"","format":"standard","meta":{"jetpack_post_was_ever_published":false,"_jetpack_newsletter_access":"","_jetpack_dont_email_post_to_subs":false,"_jetpack_newsletter_tier_id":0,"_jetpack_memberships_contains_paywalled_content":false,"_jetpack_memberships_contains_paid_content":false,"footnotes":"","jetpack_publicize_message":"","jetpack_publicize_feature_enabled":true,"jetpack_social_post_already_shared":true,"jetpack_social_options":{"image_generator_settings":{"template":"highway","default_image_id":0,"font":"","enabled":false},"version":2}},"categories":[2],"tags":[285,330,286],"class_list":["post-77371","post","type-post","status-publish","format-standard","has-post-thumbnail","hentry","category-geral","tag-censura","tag-chico-buarque","tag-cinema"],"aioseo_notices":[],"jetpack_publicize_connections":[],"jetpack_featured_media_url":"","jetpack_shortlink":"https:\/\/wp.me\/pbKhrD-k7V","jetpack-related-posts":[{"id":77381,"url":"https:\/\/www.jornalja.com.br\/geral\/produtora-desconsidera-tentativa-de-censura-a-filme-sobre-chico-buarque\/","url_meta":{"origin":77371,"position":0},"title":"Produtora desconsidera tentativa de censura a filme sobre Chico Buarque","author":"da Reda\u00e7\u00e3o","date":"13 de setembro de 2019","format":false,"excerpt":"A Inffinito, a produtora respons\u00e1vel pelo 8\u00ba Cine Fest Brasil, em Montevid\u00e9u, decidiu incluir o filme \"Chico: Artista Brasileiro\", de 2015, informa Ancelmo Gois, em O Globo. A JBM Producciones do Uruguai havia comunicado ao diretor Miguel Faria Junior que seu filme \"Chico: Artista Brasileiro\" fora censurado pela embaixada brasileira\u2026","rel":"","context":"Em &quot;Geral-MAT\u00c9RIA&quot;","block_context":{"text":"Geral-MAT\u00c9RIA","link":"https:\/\/www.jornalja.com.br\/geral\/category\/geral\/"},"img":{"alt_text":"","src":"","width":0,"height":0},"classes":[]},{"id":77717,"url":"https:\/\/www.jornalja.com.br\/geral\/bolsonaro-e-pressionado-a-nao-assinar-premio-camoes-de-chico-buarque\/","url_meta":{"origin":77371,"position":1},"title":"Bolsonaro \u00e9 pressionado a n\u00e3o assinar pr\u00eamio Cam\u00f5es de Chico Buarque","author":"da Reda\u00e7\u00e3o","date":"24 de setembro de 2019","format":false,"excerpt":"O presidente Jair Bolsonaro pretende analisar uma quest\u00e3o delicada no Pal\u00e1cio do Planalto assim que voltar da Assembleia Geral da ONU (Organiza\u00e7\u00e3o das Na\u00e7\u00f5es Unidas), da qual participa nesta ter\u00e7a-feira (24), em Nova York. Bolsonaro vai decidir se assina o diploma que ser\u00e1 concedido ao cantor e escritor Chico Buarque\u2026","rel":"","context":"Em &quot;Geral-MAT\u00c9RIA&quot;","block_context":{"text":"Geral-MAT\u00c9RIA","link":"https:\/\/www.jornalja.com.br\/geral\/category\/geral\/"},"img":{"alt_text":"","src":"","width":0,"height":0},"classes":[]},{"id":80095,"url":"https:\/\/www.jornalja.com.br\/geral\/pelada-com-lula-e-chico-buarque-leva-4-mil-pessoas-ao-campo-do-mst\/","url_meta":{"origin":77371,"position":2},"title":"Pelada com Lula e Chico Buarque leva 4 mil pessoas ao campo do MST","author":"da Reda\u00e7\u00e3o","date":"23 de dezembro de 2019","format":false,"excerpt":"\"Uma celebra\u00e7\u00e3o das for\u00e7as progressistas e democr\u00e1ticas do pa\u00eds\". Assim foi definido pela milit\u00e2ncia o jogo de futebol em que o time do ex-presidente Luiz In\u00e1cio Lula da Silva e do cantor Chico Buarque venceu os integrantes do Movimento dos Trabalhadores Rurais Sem Terra (MST) por 2 a 1, neste\u2026","rel":"","context":"Em &quot;Geral-MAT\u00c9RIA&quot;","block_context":{"text":"Geral-MAT\u00c9RIA","link":"https:\/\/www.jornalja.com.br\/geral\/category\/geral\/"},"img":{"alt_text":"","src":"","width":0,"height":0},"classes":[]},{"id":80418,"url":"https:\/\/www.jornalja.com.br\/geral\/censura-justica-tira-do-ar-video-sobre-jesus\/","url_meta":{"origin":77371,"position":3},"title":"Censura: Justi\u00e7a tira do ar v\u00eddeo sobre Jesus","author":"da Reda\u00e7\u00e3o","date":"9 de janeiro de 2020","format":false,"excerpt":"A justi\u00e7a do Rio concedeu liminar que retira do ar o especial de Natal da produtora Porta dos Fundos. A decis\u00e3o \u00e9 do desembargador Benedicto Abicair, da 6\u00aa C\u00e2mara C\u00edvel, e\u00a0 atende a pedido em A\u00e7\u00e3o Civil P\u00fablica, ajuizada pela Associa\u00e7\u00e3o Centro Dom Bosco de F\u00e9 e Cultura. O pedido\u2026","rel":"","context":"Em &quot;Geral-MAT\u00c9RIA&quot;","block_context":{"text":"Geral-MAT\u00c9RIA","link":"https:\/\/www.jornalja.com.br\/geral\/category\/geral\/"},"img":{"alt_text":"","src":"","width":0,"height":0},"classes":[]},{"id":85635,"url":"https:\/\/www.jornalja.com.br\/geral\/em-ato-conjunto-pt-e-pcdob-lancam-manuela-davila-como-candidata-a-prefeita-da-capital-gaucha\/","url_meta":{"origin":77371,"position":4},"title":"Em ato conjunto, PT e PCdoB lan\u00e7am Manuela d&#8217;\u00c1vila como candidata a prefeita da Capital ga\u00facha","author":"da Reda\u00e7\u00e3o","date":"13 de setembro de 2020","format":false,"excerpt":"Em uma assembleia virtual conjunta, no final da tarde deste s\u00e1bado, 12\/09, foi oficializada a candidatura de Manuela d\u2019\u00c1vila (PCdoB) prefeita e Miguel Rossetto (PT) vice em Porto Alegre. O encontro virtual contou, segundo os organizadores, com a participa\u00e7\u00e3o de cerca de 600 pessoas diretamente via plataforma digital e teve\u2026","rel":"","context":"Em &quot;Geral-ELEI\u00c7\u00d5ES2020&quot;","block_context":{"text":"Geral-ELEI\u00c7\u00d5ES2020","link":"https:\/\/www.jornalja.com.br\/geral\/category\/eleicoes2020\/"},"img":{"alt_text":"","src":"https:\/\/i0.wp.com\/www.jornalja.com.br\/geral\/wp-content\/uploads\/sites\/4\/2020\/09\/reproducao-manuelarosseto.jpg?resize=350%2C200&ssl=1","width":350,"height":200,"srcset":"https:\/\/i0.wp.com\/www.jornalja.com.br\/geral\/wp-content\/uploads\/sites\/4\/2020\/09\/reproducao-manuelarosseto.jpg?resize=350%2C200&ssl=1 1x, https:\/\/i0.wp.com\/www.jornalja.com.br\/geral\/wp-content\/uploads\/sites\/4\/2020\/09\/reproducao-manuelarosseto.jpg?resize=525%2C300&ssl=1 1.5x"},"classes":[]},{"id":95696,"url":"https:\/\/www.jornalja.com.br\/geral\/ney-gastal-jornalista-e-ambientalista-anotacoes-para-um-perfil\/","url_meta":{"origin":77371,"position":5},"title":"Ney Gastal, jornalista e ambientalista (anota\u00e7\u00f5es para um perfil)","author":"da Reda\u00e7\u00e3o","date":"3 de julho de 2023","format":false,"excerpt":"Foi sepultado no S\u00e3o Miguel e Almas em Porto Alegre o jornalista Ney Gastal. Ele morreu na madrugada desta segunda-feira, aos 72 anos. Filho de Paulo Fontoura Gastal, criador e editor do \"Caderno de S\u00e1bado\", lend\u00e1rio suplemento cultural do Correio do Povo, dos anos 60, Ney cresceu correndo entre as\u2026","rel":"","context":"Em &quot;Geral-MAT\u00c9RIA&quot;","block_context":{"text":"Geral-MAT\u00c9RIA","link":"https:\/\/www.jornalja.com.br\/geral\/category\/geral\/"},"img":{"alt_text":"","src":"https:\/\/i0.wp.com\/www.jornalja.com.br\/geral\/wp-content\/uploads\/sites\/4\/2023\/07\/ney-gastal.jpg?resize=350%2C200&ssl=1","width":350,"height":200},"classes":[]}],"jetpack_sharing_enabled":true,"_links":{"self":[{"href":"https:\/\/www.jornalja.com.br\/geral\/wp-json\/wp\/v2\/posts\/77371","targetHints":{"allow":["GET"]}}],"collection":[{"href":"https:\/\/www.jornalja.com.br\/geral\/wp-json\/wp\/v2\/posts"}],"about":[{"href":"https:\/\/www.jornalja.com.br\/geral\/wp-json\/wp\/v2\/types\/post"}],"author":[{"embeddable":true,"href":"https:\/\/www.jornalja.com.br\/geral\/wp-json\/wp\/v2\/users\/4"}],"replies":[{"embeddable":true,"href":"https:\/\/www.jornalja.com.br\/geral\/wp-json\/wp\/v2\/comments?post=77371"}],"version-history":[{"count":0,"href":"https:\/\/www.jornalja.com.br\/geral\/wp-json\/wp\/v2\/posts\/77371\/revisions"}],"wp:featuredmedia":[{"embeddable":true,"href":"https:\/\/www.jornalja.com.br\/geral\/wp-json\/"}],"wp:attachment":[{"href":"https:\/\/www.jornalja.com.br\/geral\/wp-json\/wp\/v2\/media?parent=77371"}],"wp:term":[{"taxonomy":"category","embeddable":true,"href":"https:\/\/www.jornalja.com.br\/geral\/wp-json\/wp\/v2\/categories?post=77371"},{"taxonomy":"post_tag","embeddable":true,"href":"https:\/\/www.jornalja.com.br\/geral\/wp-json\/wp\/v2\/tags?post=77371"}],"curies":[{"name":"wp","href":"https:\/\/api.w.org\/{rel}","templated":true}]}}