{"id":77597,"date":"2019-09-19T10:47:21","date_gmt":"2019-09-19T13:47:21","guid":{"rendered":"https:\/\/www.jornalja.com.br\/?p=77597"},"modified":"2019-09-19T10:47:21","modified_gmt":"2019-09-19T13:47:21","slug":"confianca-de-empresarios-alemaes-no-brasil-cai-sob-bolsonaro","status":"publish","type":"post","link":"https:\/\/www.jornalja.com.br\/geral\/confianca-de-empresarios-alemaes-no-brasil-cai-sob-bolsonaro\/","title":{"rendered":"Confian\u00e7a de empres\u00e1rios alem\u00e3es no Brasil cai sob Bolsonaro"},"content":{"rendered":"<p>A confian\u00e7a dos empres\u00e1rios alem\u00e3es na economia e no ambiente de neg\u00f3cios do Brasil caiu nos oito primeiros meses no governo do presidente Jair Bolsonaro (PSL).<br \/>\nA conclus\u00e3o \u00e9 da pesquisa de conjuntura realizada pela C\u00e2mara de Com\u00e9rcio e Ind\u00fastria Brasil-Alemanha, divulgada esta semana durante a realiza\u00e7\u00e3o do Encontro Econ\u00f4mico Brasil-Alemanha, em Natal.<br \/>\nO levantamento, que ouviu cerca de 1.200 empresas filiadas \u00e0 entidade, revela que o otimismo dos empres\u00e1rios com o avan\u00e7o da economia brasileira caiu entre janeiro e setembro deste ano. As expectativas s\u00e3o um fator considerado crucial para empresas decidirem se investem ou n\u00e3o no Brasil.<br \/>\nOs n\u00fameros mostram que o n\u00famero de empresas que dizem acreditar que n\u00e3o ter\u00e3o nenhum crescimento em 2019 subiu de 5% para 26%. J\u00e1 o percentual de empres\u00e1rios que acredita o seu segmento de atua\u00e7\u00e3o se desenvolver\u00e1 positivamente no Brasil caiu de 84% para 61% nos \u00faltimos oito meses.<br \/>\nOs setores com maior potencial de crescimento no pa\u00eds, segundo os alem\u00e3es, s\u00e3o os de tecnologia da informa\u00e7\u00e3o, \u00f3leo e g\u00e1s, farmac\u00eautico e energias renov\u00e1veis. Por outro lado, segmentos o qu\u00edmico, automobil\u00edstico e de biog\u00e1s s\u00e3o considerados em baixa.<br \/>\nA pesquisa tamb\u00e9m mostra que caiu o otimismo dos empres\u00e1rios em rela\u00e7\u00e3o \u00e0 situa\u00e7\u00e3o pol\u00edtica do Brasil. Em janeiro, 74% deles achavam que o cen\u00e1rio pol\u00edtico iria melhorar, n\u00famero que caiu para 31% em setembro. Atualmente, 42% dos empres\u00e1rios acham que a situa\u00e7\u00e3o pol\u00edtica est\u00e1 piorando.<br \/>\nNa rela\u00e7\u00e3o com o governo brasileiro, os empres\u00e1rios consideram como priorit\u00e1rias pautas como avan\u00e7o da reforma tribut\u00e1ria e a retomada das negocia\u00e7\u00f5es para um acordo de bitributa\u00e7\u00e3o entre o Brasil e a Alemanha.<br \/>\n\u201cO avan\u00e7o das reformas previdenci\u00e1ria, fiscal e tribut\u00e1ria vai come\u00e7ar a gerar equil\u00edbrio fiscal para o futuro. E as privatiza\u00e7\u00f5es podem ajudar a trazer investimento estrangeiro\u201d, diz Martin Duisberg, representante do DZ Bank e vice-presidente da C\u00e2mara Brasil-Alemanha.<br \/>\nA queda na confian\u00e7a entre os alem\u00e3es acontece em um momento em que o Brasil j\u00e1 vinha perdendo espa\u00e7o na atra\u00e7\u00e3o de investimentos germ\u00e2nicos. Entre 2016 e 2018, o Brasil acumulou perdas de R$ 1,3 bilh\u00e3o em aportes da Alemanha.<br \/>\nNo mesmo per\u00edodo, concorrentes diretos na Am\u00e9rica Latina tiveram ganhos em aportes dos alem\u00e3es, caso do M\u00e9xico que atraiu o equivalente a R$ 6,4 bilh\u00f5es.<br \/>\n\u201cAinda temos muito investimento freado no Brasil porque as condi\u00e7\u00f5es do ambiente econ\u00f4mico ainda n\u00e3o s\u00e3o aquilo que as empresas consideram como o ideal\u201d, afirma Thomas Timm, tamb\u00e9m vice-presidente da C\u00e2mara Brasil-Alemanha.<br \/>\nMesmo com a queda no otimismo, os empres\u00e1rios alem\u00e3es consideram positiva a atua\u00e7\u00e3o da equipe econ\u00f4mica do governo Bolsonaro e celebram a aprova\u00e7\u00e3o da reforma da Previd\u00eancia na C\u00e2mara dos Deputados e a o acordo entre o Mercosul e a Uni\u00e3o Europeia. Para 81% dos empres\u00e1rios, o acordo ser\u00e1 ben\u00e9fico para os neg\u00f3cios de suas respectivas empresas.<br \/>\nOs alem\u00e3es ainda revelaram preocupa\u00e7\u00e3o com a agenda ambiental do Brasil. Em discurso durante o encontro dos empres\u00e1rios em Natal, o presidente da BDI (Federa\u00e7\u00e3o das Ind\u00fastrias Alem\u00e3s), Dieter Kempf, destacou a import\u00e2ncia o fator meio ambiente como fundamental para o sucesso do acordo entre Mercosul e Uni\u00e3o Europeia.<br \/>\n\u201cOs inc\u00eandios afetam os brasileiros, mas dizem a respeito a todos n\u00f3s. A prote\u00e7\u00e3o da floresta amaz\u00f4nica \u00e9 um tema da humanidade. [&#8230;] N\u00e3o normal \u00e9 a dimens\u00e3o das queimadas que est\u00e3o acontecendo\u201d, afirmou Kempf, fazendo coro ao discurso de l\u00edderes como o presidente da Fran\u00e7a Emmanuel Macron.<br \/>\nEle ainda fez refer\u00eancia \u00e0 postura de confronto do governo Bolsonaro e defendeu um clima de coopera\u00e7\u00e3o: \u201cFalar com os outros \u00e9 melhor do que falar sobre os outros\u201d. (Com informa\u00e7\u00f5es da Folha de S\u00e3o Paulo)<\/p>\n","protected":false},"excerpt":{"rendered":"<p>A confian\u00e7a dos empres\u00e1rios alem\u00e3es na economia e no ambiente de neg\u00f3cios do Brasil caiu nos oito primeiros meses no governo do presidente Jair Bolsonaro (PSL). A conclus\u00e3o \u00e9 da pesquisa de conjuntura realizada pela C\u00e2mara de Com\u00e9rcio e Ind\u00fastria Brasil-Alemanha, divulgada esta semana durante a realiza\u00e7\u00e3o do Encontro Econ\u00f4mico Brasil-Alemanha, em Natal. O levantamento, [&hellip;]<\/p>\n","protected":false},"author":4,"featured_media":77598,"comment_status":"open","ping_status":"closed","sticky":false,"template":"","format":"standard","meta":{"jetpack_post_was_ever_published":false,"_jetpack_newsletter_access":"","_jetpack_dont_email_post_to_subs":false,"_jetpack_newsletter_tier_id":0,"_jetpack_memberships_contains_paywalled_content":false,"_jetpack_memberships_contains_paid_content":false,"footnotes":"","jetpack_publicize_message":"","jetpack_publicize_feature_enabled":true,"jetpack_social_post_already_shared":true,"jetpack_social_options":{"image_generator_settings":{"template":"highway","default_image_id":0,"font":"","enabled":false},"version":2}},"categories":[2],"tags":[294,342],"class_list":["post-77597","post","type-post","status-publish","format-standard","has-post-thumbnail","hentry","category-geral","tag-governo-bolsonaro","tag-industria"],"aioseo_notices":[],"jetpack_publicize_connections":[],"jetpack_featured_media_url":"","jetpack_shortlink":"https:\/\/wp.me\/pbKhrD-kbz","jetpack-related-posts":[{"id":95111,"url":"https:\/\/www.jornalja.com.br\/geral\/pesquisa-da-fiergs-indice-de-confianca-dos-empresarios-esta-em-queda-desde-a-eleicao-de-lula\/","url_meta":{"origin":77597,"position":0},"title":"Pesquisa da FIERGS: \u00edndice de confian\u00e7a dos empres\u00e1rios est\u00e1 em queda desde a elei\u00e7\u00e3o de Lula","author":"da Reda\u00e7\u00e3o","date":"17 de fevereiro de 2023","format":false,"excerpt":"O \u00cdndice de Confian\u00e7a do Empres\u00e1rio que a Federa\u00e7\u00e3o das Ind\u00fastrias do Estado do Rio Grande do Sul afere mensalmente est\u00e1 em queda desde outubro do ano passado e \"continua a mostrar pessimismo disseminado entre os empres\u00e1rios\". O \u00faltimo resultado divulgado esta semana mostra queda de um por cento em\u2026","rel":"","context":"Em &quot;Geral-MAT\u00c9RIA&quot;","block_context":{"text":"Geral-MAT\u00c9RIA","link":"https:\/\/www.jornalja.com.br\/geral\/category\/geral\/"},"img":{"alt_text":"","src":"","width":0,"height":0},"classes":[]},{"id":75090,"url":"https:\/\/www.jornalja.com.br\/geral\/nivel-de-confianca-na-industria-e-o-menor-desde-outubro\/","url_meta":{"origin":77597,"position":1},"title":"N\u00edvel de confian\u00e7a na ind\u00fastria \u00e9 o menor desde outubro","author":"da Reda\u00e7\u00e3o","date":"25 de junho de 2019","format":false,"excerpt":"O \u00cdndice de Confian\u00e7a do Empres\u00e1rio Industrial ga\u00facho, divulgado nessa ter\u00e7a-feira (25), atingiu, o menor n\u00edvel desde outubro do ano passado. Caiu de 57,7 pontos para 55,8, entre maio e junho, o que representa uma retra\u00e7\u00e3o acumulada de 11 pontos nos \u00faltimos cinco meses. \u201cA frustra\u00e7\u00e3o com a desacelera\u00e7\u00e3o da\u2026","rel":"","context":"Em &quot;Geral-MAT\u00c9RIA&quot;","block_context":{"text":"Geral-MAT\u00c9RIA","link":"https:\/\/www.jornalja.com.br\/geral\/category\/geral\/"},"img":{"alt_text":"","src":"","width":0,"height":0},"classes":[]},{"id":92368,"url":"https:\/\/www.jornalja.com.br\/geral\/empresarios-defendem-politicas-publicas-e-projeto-para-crescimento-sustentavel\/","url_meta":{"origin":77597,"position":2},"title":"Empres\u00e1rios defendem pol\u00edticas p\u00fablicas e projeto para crescimento sustent\u00e1vel","author":"da Reda\u00e7\u00e3o","date":"28 de abril de 2022","format":false,"excerpt":"O presidente da Confedera\u00e7\u00e3o Nacional da Ind\u00fastria, Robson Braga de Andrade, disse\u00a0 que o Brasil precisa de um plano de desenvolvimento para\u00a0 superar a crise e construir um ciclo de crescimento com sustentabilidade ambiental. \"O Brasil tem todas as condi\u00e7\u00f5es de liderar o mundo em energia limpa, mas precisa de\u2026","rel":"","context":"Em &quot;Geral-MAT\u00c9RIA&quot;","block_context":{"text":"Geral-MAT\u00c9RIA","link":"https:\/\/www.jornalja.com.br\/geral\/category\/geral\/"},"img":{"alt_text":"","src":"https:\/\/i0.wp.com\/www.jornalja.com.br\/geral\/wp-content\/uploads\/sites\/4\/2022\/04\/empresarios-defendem-politicas-publicas.jpg?resize=350%2C200&ssl=1","width":350,"height":200,"srcset":"https:\/\/i0.wp.com\/www.jornalja.com.br\/geral\/wp-content\/uploads\/sites\/4\/2022\/04\/empresarios-defendem-politicas-publicas.jpg?resize=350%2C200&ssl=1 1x, https:\/\/i0.wp.com\/www.jornalja.com.br\/geral\/wp-content\/uploads\/sites\/4\/2022\/04\/empresarios-defendem-politicas-publicas.jpg?resize=525%2C300&ssl=1 1.5x, https:\/\/i0.wp.com\/www.jornalja.com.br\/geral\/wp-content\/uploads\/sites\/4\/2022\/04\/empresarios-defendem-politicas-publicas.jpg?resize=700%2C400&ssl=1 2x, https:\/\/i0.wp.com\/www.jornalja.com.br\/geral\/wp-content\/uploads\/sites\/4\/2022\/04\/empresarios-defendem-politicas-publicas.jpg?resize=1050%2C600&ssl=1 3x"},"classes":[]},{"id":100532,"url":"https:\/\/www.jornalja.com.br\/geral\/veto-a-dosimetria-manifestacoess-contra-anistia-a-golpistas-pesaram-na-decisao-de-lula\/","url_meta":{"origin":77597,"position":3},"title":"Veto \u00e0 dosimetria: manifesta\u00e7\u00f5es contra anistia a golpistas pesaram na decis\u00e3o de Lula","author":"Elmar Bones","date":"9 de janeiro de 2026","format":false,"excerpt":"Tr\u00eas anos depois do ataque golpista \u00e0 democracia em 2023, o dia 08 de janeiro \u00e9 marcado por manifesta\u00e7\u00f5es populares em todo o pa\u00eds em defesa da soberania do Brasil e que tamb\u00e9m exigiram o cumprimento da pena dos condenados pela tentativa de golpe de Estado, tentativa de aboli\u00e7\u00e3o violenta\u2026","rel":"","context":"Em &quot;Geral-MAT\u00c9RIA&quot;","block_context":{"text":"Geral-MAT\u00c9RIA","link":"https:\/\/www.jornalja.com.br\/geral\/category\/geral\/"},"img":{"alt_text":"","src":"https:\/\/i0.wp.com\/www.jornalja.com.br\/geral\/wp-content\/uploads\/sites\/4\/2026\/01\/dosimetria-fora-bozo.png?resize=350%2C200&ssl=1","width":350,"height":200,"srcset":"https:\/\/i0.wp.com\/www.jornalja.com.br\/geral\/wp-content\/uploads\/sites\/4\/2026\/01\/dosimetria-fora-bozo.png?resize=350%2C200&ssl=1 1x, https:\/\/i0.wp.com\/www.jornalja.com.br\/geral\/wp-content\/uploads\/sites\/4\/2026\/01\/dosimetria-fora-bozo.png?resize=525%2C300&ssl=1 1.5x"},"classes":[]},{"id":99589,"url":"https:\/\/www.jornalja.com.br\/geral\/pessimismo-dos-empresarios-gauchos-atinge-maior-indice-desde-a-pandemia\/","url_meta":{"origin":77597,"position":4},"title":"Pessimismo dos empres\u00e1rios ga\u00fachos atinge maior \u00edndice desde a pandemia","author":"Elmar Bones","date":"28 de agosto de 2025","format":false,"excerpt":"O \u00cdndice de Confian\u00e7a do Empres\u00e1rio Industrial (Icei-RS) registrou em agosto o menor n\u00edvel desde junho de 2020, na pandemia de coronav\u00edrus. A combina\u00e7\u00e3o de tarifas impostas pelos Estados Unidos com incertezas internas produziu o pessimismo. O indicador atingiu 44,1 pontos, uma queda de 2,6 pontos em rela\u00e7\u00e3o a julho.\u2026","rel":"","context":"Em &quot;Geral-NOTAS&quot;","block_context":{"text":"Geral-NOTAS","link":"https:\/\/www.jornalja.com.br\/geral\/category\/geral-notas\/"},"img":{"alt_text":"","src":"","width":0,"height":0},"classes":[]},{"id":100009,"url":"https:\/\/www.jornalja.com.br\/geral\/cpi-comecou-quente-com-denuncia-de-propina-e-testemunho-de-empresario\/","url_meta":{"origin":77597,"position":5},"title":"CPI come\u00e7ou quente com den\u00fancia e testemunho de empres\u00e1rio que pagou popina","author":"Elmar Bones","date":"13 de outubro de 2025","format":false,"excerpt":"O primeiro depoimento \u00e0 CPI do DMAE, em 14 de julho, foi da deputada Luciana Genro (PSOL) ouvida como testemunha. Ela relatou a den\u00fancia que lhe foi\u00a0 apresentada em 2023, pelo empres\u00e1rio Lu\u00eds Fran\u00e7a, ent\u00e3o executivo da empresa MG, que prestava servi\u00e7os \u00e0 Prefeitura de Porto Alegre. A MG tinha\u2026","rel":"","context":"Em &quot;Geral-MAT\u00c9RIA&quot;","block_context":{"text":"Geral-MAT\u00c9RIA","link":"https:\/\/www.jornalja.com.br\/geral\/category\/geral\/"},"img":{"alt_text":"","src":"https:\/\/i0.wp.com\/www.jornalja.com.br\/geral\/wp-content\/uploads\/sites\/4\/2025\/10\/cpi-dmae-franca-empresario.png?resize=350%2C200&ssl=1","width":350,"height":200,"srcset":"https:\/\/i0.wp.com\/www.jornalja.com.br\/geral\/wp-content\/uploads\/sites\/4\/2025\/10\/cpi-dmae-franca-empresario.png?resize=350%2C200&ssl=1 1x, https:\/\/i0.wp.com\/www.jornalja.com.br\/geral\/wp-content\/uploads\/sites\/4\/2025\/10\/cpi-dmae-franca-empresario.png?resize=525%2C300&ssl=1 1.5x"},"classes":[]}],"jetpack_sharing_enabled":true,"_links":{"self":[{"href":"https:\/\/www.jornalja.com.br\/geral\/wp-json\/wp\/v2\/posts\/77597","targetHints":{"allow":["GET"]}}],"collection":[{"href":"https:\/\/www.jornalja.com.br\/geral\/wp-json\/wp\/v2\/posts"}],"about":[{"href":"https:\/\/www.jornalja.com.br\/geral\/wp-json\/wp\/v2\/types\/post"}],"author":[{"embeddable":true,"href":"https:\/\/www.jornalja.com.br\/geral\/wp-json\/wp\/v2\/users\/4"}],"replies":[{"embeddable":true,"href":"https:\/\/www.jornalja.com.br\/geral\/wp-json\/wp\/v2\/comments?post=77597"}],"version-history":[{"count":0,"href":"https:\/\/www.jornalja.com.br\/geral\/wp-json\/wp\/v2\/posts\/77597\/revisions"}],"wp:featuredmedia":[{"embeddable":true,"href":"https:\/\/www.jornalja.com.br\/geral\/wp-json\/"}],"wp:attachment":[{"href":"https:\/\/www.jornalja.com.br\/geral\/wp-json\/wp\/v2\/media?parent=77597"}],"wp:term":[{"taxonomy":"category","embeddable":true,"href":"https:\/\/www.jornalja.com.br\/geral\/wp-json\/wp\/v2\/categories?post=77597"},{"taxonomy":"post_tag","embeddable":true,"href":"https:\/\/www.jornalja.com.br\/geral\/wp-json\/wp\/v2\/tags?post=77597"}],"curies":[{"name":"wp","href":"https:\/\/api.w.org\/{rel}","templated":true}]}}