{"id":77760,"date":"2019-09-25T10:34:56","date_gmt":"2019-09-25T13:34:56","guid":{"rendered":"https:\/\/www.jornalja.com.br\/?p=77760"},"modified":"2019-09-25T10:34:56","modified_gmt":"2019-09-25T13:34:56","slug":"prefeito-de-bage-e-13-funcionarios-afastados-por-fraude-em-licitacoes","status":"publish","type":"post","link":"https:\/\/www.jornalja.com.br\/geral\/prefeito-de-bage-e-13-funcionarios-afastados-por-fraude-em-licitacoes\/","title":{"rendered":"Prefeito de Bag\u00e9 e 13 funcion\u00e1rios afastados por fraude em licita\u00e7\u00f5es"},"content":{"rendered":"<p>Denunciado por forma\u00e7\u00e3o de quadrilha, desvio de verbas p\u00fablicas, fraude em licita\u00e7\u00e3o e crime de responsabilidade, o prefeito de Bag\u00e9, Divaldo Vieira Lara (PTB), foi afastado do cargo por 180 dias.<br \/>\nO prefeito foi notificado da decis\u00e3o, na manh\u00e3 desta quarta-feira (25), por procuradores do Minist\u00e9rio P\u00fablico (MP).<br \/>\nIrm\u00e3o do presidente da Assembleia Legislativa, Lu\u00eds Augusto Lara, Divaldo tamb\u00e9m foi proibido de frequentar as depend\u00eancias da prefeitura e da C\u00e2mara de Vereadores do munic\u00edpio.<br \/>\nAl\u00e9m do prefeito, tamb\u00e9m foram atingidos pela medida 13 funcion\u00e1rios, entre eles os ex-secret\u00e1rios municipais de Finan\u00e7as, Jos\u00e9 Ot\u00e1vio Ferrer Gon\u00e7alves, e do Meio Ambiente, Aroldo Quintana Garcia.<br \/>\nAmbos j\u00e1 estavam afastados do cargo desde outubro do ano passado, quando o MP deflagrou a Opera\u00e7\u00e3o Fact\u00f3tum.<br \/>\nNa ocasi\u00e3o, Divaldo foi alvo de mandados de busca e apreens\u00e3o e teve a casa e o gabinete vasculhados pelos procuradores. O grupo \u00e9 investigado por suposta fraude em licita\u00e7\u00f5es na coleta de lixo na cidade.<br \/>\nAs investiga\u00e7\u00f5es come\u00e7aram ap\u00f3s o MP identificar ind\u00edcios de irregularidades nas contrata\u00e7\u00f5es da prefeitura a partir de 2017, logo no in\u00edcio do mandato de Divaldo.<br \/>\nConforme o MP, teria havido dispensas de licita\u00e7\u00e3o, pagamentos fracionados e em duplicidade, sem pr\u00e9vio empenho ou mesmo sem contrato, para beneficiar empresas de tr\u00eas suspeitos.<br \/>\nUm dos contratos irregulares teria sido feito para a presta\u00e7\u00e3o de servi\u00e7o de coleta de res\u00edduos s\u00f3lidos, a partir de sele\u00e7\u00e3o com dispensa ilegal de licita\u00e7\u00e3o.<br \/>\nAlgumas das irregularidades foram detectadas pelo Laborat\u00f3rio de Lavagem de Dinheiro do MP, com suspeita de superfaturamento tanto na coleta de lixo quanto para servi\u00e7os de copa, higieniza\u00e7\u00e3o e desinfec\u00e7\u00e3o de postos de sa\u00fade, cujas atividades eram realizadas por outra empresa suspeita.<br \/>\nDivaldo tamb\u00e9m responde, na Justi\u00e7a Eleitoral, a uma a\u00e7\u00e3o que pode cassar seus direitos pol\u00edticos por oito anos.<br \/>\nEle e o presidente da Assembleia s\u00e3o r\u00e9us por abuso de poder pol\u00edtico, econ\u00f4mico e de autoridade na elei\u00e7\u00e3o do ano passado. Divaldo e Lu\u00eds Augusto foram acusados de coagir servidores e usar a m\u00e1quina do munic\u00edpio em favor da campanha do parlamentar, reeleito para o sexto mandato consecutivo. Lu\u00eds Augusto e Divaldo negam as acusa\u00e7\u00f5es. O processo est\u00e1 pronto para ser julgado.<br \/>\n&nbsp;<\/p>\n","protected":false},"excerpt":{"rendered":"<p>Denunciado por forma\u00e7\u00e3o de quadrilha, desvio de verbas p\u00fablicas, fraude em licita\u00e7\u00e3o e crime de responsabilidade, o prefeito de Bag\u00e9, Divaldo Vieira Lara (PTB), foi afastado do cargo por 180 dias. O prefeito foi notificado da decis\u00e3o, na manh\u00e3 desta quarta-feira (25), por procuradores do Minist\u00e9rio P\u00fablico (MP). Irm\u00e3o do presidente da Assembleia Legislativa, Lu\u00eds [&hellip;]<\/p>\n","protected":false},"author":4,"featured_media":77762,"comment_status":"open","ping_status":"closed","sticky":false,"template":"","format":"standard","meta":{"jetpack_post_was_ever_published":false,"_jetpack_newsletter_access":"","_jetpack_dont_email_post_to_subs":false,"_jetpack_newsletter_tier_id":0,"_jetpack_memberships_contains_paywalled_content":false,"_jetpack_memberships_contains_paid_content":false,"footnotes":"","jetpack_publicize_message":"","jetpack_publicize_feature_enabled":true,"jetpack_social_post_already_shared":true,"jetpack_social_options":{"image_generator_settings":{"template":"highway","default_image_id":0,"font":"","enabled":false},"version":2}},"categories":[2],"tags":[350,274,351],"class_list":["post-77760","post","type-post","status-publish","format-standard","has-post-thumbnail","hentry","category-geral","tag-bage","tag-corrupcao","tag-crimes"],"aioseo_notices":[],"jetpack_publicize_connections":[],"jetpack_featured_media_url":"","jetpack_shortlink":"https:\/\/wp.me\/pbKhrD-kec","jetpack-related-posts":[{"id":100843,"url":"https:\/\/www.jornalja.com.br\/geral\/policia-civil-indicia-34-pessoas-por-suspeitas-de-fraudes-milionarias-na-educacao-em-porto-alegre\/","url_meta":{"origin":77760,"position":0},"title":"Pol\u00edcia Civil indicia 34 pessoas por suspeitas de fraudes milion\u00e1rias na Educa\u00e7\u00e3o em Porto Alegre","author":"da Reda\u00e7\u00e3o","date":"19 de fevereiro de 2026","format":false,"excerpt":"Nesta quinta-feira, 19 de fevereiro de 2026, a Pol\u00edcia Civil ga\u00facha finalizou o conjunto de inqu\u00e9ritos da Opera\u00e7\u00e3o Capa Dura, no total foram 34 pessoas indiciadas. O esquema pode ter movimentado mais de R$ 58 milh\u00f5es e funcionou dentro da Secretaria Municipal de Educa\u00e7\u00e3o de Porto Alegre (Smed) entre 2021\u2026","rel":"","context":"Em &quot;Geral-MAT\u00c9RIA&quot;","block_context":{"text":"Geral-MAT\u00c9RIA","link":"https:\/\/www.jornalja.com.br\/geral\/category\/geral\/"},"img":{"alt_text":"","src":"https:\/\/i0.wp.com\/www.jornalja.com.br\/geral\/wp-content\/uploads\/sites\/4\/2026\/02\/12100524-515394-gdo.jpeg?resize=350%2C200&ssl=1","width":350,"height":200,"srcset":"https:\/\/i0.wp.com\/www.jornalja.com.br\/geral\/wp-content\/uploads\/sites\/4\/2026\/02\/12100524-515394-gdo.jpeg?resize=350%2C200&ssl=1 1x, https:\/\/i0.wp.com\/www.jornalja.com.br\/geral\/wp-content\/uploads\/sites\/4\/2026\/02\/12100524-515394-gdo.jpeg?resize=525%2C300&ssl=1 1.5x, https:\/\/i0.wp.com\/www.jornalja.com.br\/geral\/wp-content\/uploads\/sites\/4\/2026\/02\/12100524-515394-gdo.jpeg?resize=700%2C400&ssl=1 2x"},"classes":[]},{"id":96565,"url":"https:\/\/www.jornalja.com.br\/geral\/mprs-cumpre-139-ordens-judiciais-em-sete-municipios-incluindo-bloqueio-de-bens-e-o-afastamento-do-vice-prefeito-e-secretarios-de-santa-cruz-do-sul\/","url_meta":{"origin":77760,"position":1},"title":"MPRS cumpre 139 ordens judiciais em sete munic\u00edpios, incluindo bloqueio de bens e o afastamento do vice-prefeito e secret\u00e1rios de Santa Cruz do Sul","author":"Cleber Dioni Tentardini","date":"14 de novembro de 2023","format":false,"excerpt":"O Grupo de Atua\u00e7\u00e3o Especial de Combate ao Crime Organizado do Minist\u00e9rio P\u00fablico do Rio Grande do Sul (GAECO\/MPRS) realiza nesta ter\u00e7a-feira, dia 14 de novembro, a fase ostensiva da Opera\u00e7\u00e3o Controle, que tem como foco da investiga\u00e7\u00e3o a cidade de Santa Cruz do Sul. O objetivo \u00e9 desarticular organiza\u00e7\u00e3o\u2026","rel":"","context":"Em &quot;Geral-MAT\u00c9RIA&quot;","block_context":{"text":"Geral-MAT\u00c9RIA","link":"https:\/\/www.jornalja.com.br\/geral\/category\/geral\/"},"img":{"alt_text":"","src":"https:\/\/i0.wp.com\/www.jornalja.com.br\/geral\/wp-content\/uploads\/sites\/4\/2023\/11\/opcontrole-01.jpeg?resize=350%2C200&ssl=1","width":350,"height":200,"srcset":"https:\/\/i0.wp.com\/www.jornalja.com.br\/geral\/wp-content\/uploads\/sites\/4\/2023\/11\/opcontrole-01.jpeg?resize=350%2C200&ssl=1 1x, https:\/\/i0.wp.com\/www.jornalja.com.br\/geral\/wp-content\/uploads\/sites\/4\/2023\/11\/opcontrole-01.jpeg?resize=525%2C300&ssl=1 1.5x, https:\/\/i0.wp.com\/www.jornalja.com.br\/geral\/wp-content\/uploads\/sites\/4\/2023\/11\/opcontrole-01.jpeg?resize=700%2C400&ssl=1 2x"},"classes":[]},{"id":84701,"url":"https:\/\/www.jornalja.com.br\/geral\/por-que-o-silencio-em-torno-das-acoes-contra-a-propaganda-de-marchezan\/","url_meta":{"origin":77760,"position":2},"title":"Por que o sil\u00eancio em torno das a\u00e7\u00f5es contra a propaganda de Marchezan?","author":"da Reda\u00e7\u00e3o","date":"16 de julho de 2020","format":false,"excerpt":"Pelo menos tr\u00eas representa\u00e7\u00f5es j\u00e1 foram levadas ao Minist\u00e9rio P\u00fablico e ao Tribunal de Contas contra a aplica\u00e7\u00e3o que o prefeito Nelson Marchezan vem fazendo da verba de publicidade de R$ 34,9 milh\u00f5es aprovada para este ano em Porto Alegre. A primeira representa\u00e7\u00e3o foi protocolada no dia 29 de janeiro\u2026","rel":"","context":"Em &quot;Geral-MAT\u00c9RIA&quot;","block_context":{"text":"Geral-MAT\u00c9RIA","link":"https:\/\/www.jornalja.com.br\/geral\/category\/geral\/"},"img":{"alt_text":"","src":"https:\/\/i0.wp.com\/www.jornalja.com.br\/geral\/wp-content\/uploads\/sites\/4\/2020\/07\/propaganda-marchezan-anuncio-nos-jornais-1.jpg?resize=350%2C200&ssl=1","width":350,"height":200,"srcset":"https:\/\/i0.wp.com\/www.jornalja.com.br\/geral\/wp-content\/uploads\/sites\/4\/2020\/07\/propaganda-marchezan-anuncio-nos-jornais-1.jpg?resize=350%2C200&ssl=1 1x, https:\/\/i0.wp.com\/www.jornalja.com.br\/geral\/wp-content\/uploads\/sites\/4\/2020\/07\/propaganda-marchezan-anuncio-nos-jornais-1.jpg?resize=525%2C300&ssl=1 1.5x"},"classes":[]},{"id":72471,"url":"https:\/\/www.jornalja.com.br\/geral\/lara-na-possee-preciso-abrir-a-caixa-preta-dos-incentivos-fiscais\/","url_meta":{"origin":77760,"position":3},"title":"Lara na posse:  &quot;\u00c9 preciso abrir a Caixa Preta dos incentivos fiscais&quot;","author":"da Reda\u00e7\u00e3o","date":"31 de janeiro de 2019","format":false,"excerpt":"Lu\u00eds Augusto Barcellos Lara,de 50 anos, natural de Bag\u00e9 tomou posse nesta quinta-feira como 67\u00ba presidente da Assembl\u00e9ia Legislativa do Rio Grande do Sul. Lara, de 50 anos, cumpre o sexto mandato como deputado estadual, reeleito com 56.396 votos pelo Partido Trabalhista Brasileiro (PTB). Sua base eleitoral, Bag\u00e9, lhe deu\u2026","rel":"","context":"Em &quot;Geral-MAT\u00c9RIA&quot;","block_context":{"text":"Geral-MAT\u00c9RIA","link":"https:\/\/www.jornalja.com.br\/geral\/category\/geral\/"},"img":{"alt_text":"","src":"","width":0,"height":0},"classes":[]},{"id":84961,"url":"https:\/\/www.jornalja.com.br\/geral\/video-anonimo-tenho-certeza-que-veio-da-direita-diz-alfredo-fedrizzi\/","url_meta":{"origin":77760,"position":4},"title":"V\u00cdDEO AN\u00d4NIMO: &#8220;Tenho certeza que veio da direita&#8221;, diz Alfredo Fedrizzi","author":"Elmar Bones","date":"21 de agosto de 2020","format":false,"excerpt":"At\u00e9 a tarde desta quinta-feira, 20\/08, n\u00e3o havia na Delegacia de Repress\u00e3o aos Crimes Inform\u00e1ticos qualquer registro do mais recente e rumoroso crime digital cometido em Porto Alegre. Trata-se de um v\u00eddeo an\u00f4nimo, que circula nas redes sociais, com den\u00fancias envolvendo o prefeito Nelson Marchezan J\u00fanior, os publicit\u00e1rios Alfredo Fedrizzi\u2026","rel":"","context":"Em &quot;Geral-MAT\u00c9RIA&quot;","block_context":{"text":"Geral-MAT\u00c9RIA","link":"https:\/\/www.jornalja.com.br\/geral\/category\/geral\/"},"img":{"alt_text":"","src":"https:\/\/i0.wp.com\/www.jornalja.com.br\/geral\/wp-content\/uploads\/sites\/4\/2020\/08\/marquezanfedrizzi2.jpg?resize=350%2C200&ssl=1","width":350,"height":200,"srcset":"https:\/\/i0.wp.com\/www.jornalja.com.br\/geral\/wp-content\/uploads\/sites\/4\/2020\/08\/marquezanfedrizzi2.jpg?resize=350%2C200&ssl=1 1x, https:\/\/i0.wp.com\/www.jornalja.com.br\/geral\/wp-content\/uploads\/sites\/4\/2020\/08\/marquezanfedrizzi2.jpg?resize=525%2C300&ssl=1 1.5x"},"classes":[]},{"id":100744,"url":"https:\/\/www.jornalja.com.br\/geral\/afastamento-de-dias-toffoli-do-caso-master-sela-a-mais-grave-crise-do-judiciario-desde-o-imperio\/","url_meta":{"origin":77760,"position":5},"title":"Afastamento de Dias Toffoli do caso Master sela a mais grave crise do judici\u00e1rio desde o Imp\u00e9rio","author":"Elmar Bones","date":"16 de fevereiro de 2026","format":false,"excerpt":"A sa\u00edda do ministro Dias Toffoli da relatoria do caso Master, que se deu ap\u00f3s a Pol\u00edcia Federal encontrar no celular de Daniel Vorcaro, dono do Master, men\u00e7\u00f5es ao ministro da Suprema Corte, culmina em uma crise sem precedentes na hist\u00f3ria do judici\u00e1rio brasileiro. H\u00e1 juristas e historiadores que consideram\u2026","rel":"","context":"Em &quot;Geral-MAT\u00c9RIA&quot;","block_context":{"text":"Geral-MAT\u00c9RIA","link":"https:\/\/www.jornalja.com.br\/geral\/category\/geral\/"},"img":{"alt_text":"","src":"https:\/\/i0.wp.com\/www.jornalja.com.br\/geral\/wp-content\/uploads\/sites\/4\/2026\/02\/0d9a7589-1-4.jpg?resize=350%2C200&ssl=1","width":350,"height":200,"srcset":"https:\/\/i0.wp.com\/www.jornalja.com.br\/geral\/wp-content\/uploads\/sites\/4\/2026\/02\/0d9a7589-1-4.jpg?resize=350%2C200&ssl=1 1x, https:\/\/i0.wp.com\/www.jornalja.com.br\/geral\/wp-content\/uploads\/sites\/4\/2026\/02\/0d9a7589-1-4.jpg?resize=525%2C300&ssl=1 1.5x, https:\/\/i0.wp.com\/www.jornalja.com.br\/geral\/wp-content\/uploads\/sites\/4\/2026\/02\/0d9a7589-1-4.jpg?resize=700%2C400&ssl=1 2x"},"classes":[]}],"jetpack_sharing_enabled":true,"_links":{"self":[{"href":"https:\/\/www.jornalja.com.br\/geral\/wp-json\/wp\/v2\/posts\/77760","targetHints":{"allow":["GET"]}}],"collection":[{"href":"https:\/\/www.jornalja.com.br\/geral\/wp-json\/wp\/v2\/posts"}],"about":[{"href":"https:\/\/www.jornalja.com.br\/geral\/wp-json\/wp\/v2\/types\/post"}],"author":[{"embeddable":true,"href":"https:\/\/www.jornalja.com.br\/geral\/wp-json\/wp\/v2\/users\/4"}],"replies":[{"embeddable":true,"href":"https:\/\/www.jornalja.com.br\/geral\/wp-json\/wp\/v2\/comments?post=77760"}],"version-history":[{"count":0,"href":"https:\/\/www.jornalja.com.br\/geral\/wp-json\/wp\/v2\/posts\/77760\/revisions"}],"wp:featuredmedia":[{"embeddable":true,"href":"https:\/\/www.jornalja.com.br\/geral\/wp-json\/"}],"wp:attachment":[{"href":"https:\/\/www.jornalja.com.br\/geral\/wp-json\/wp\/v2\/media?parent=77760"}],"wp:term":[{"taxonomy":"category","embeddable":true,"href":"https:\/\/www.jornalja.com.br\/geral\/wp-json\/wp\/v2\/categories?post=77760"},{"taxonomy":"post_tag","embeddable":true,"href":"https:\/\/www.jornalja.com.br\/geral\/wp-json\/wp\/v2\/tags?post=77760"}],"curies":[{"name":"wp","href":"https:\/\/api.w.org\/{rel}","templated":true}]}}