{"id":78262,"date":"2019-10-13T23:32:10","date_gmt":"2019-10-14T02:32:10","guid":{"rendered":"https:\/\/www.jornalja.com.br\/?p=78262"},"modified":"2019-10-13T23:32:10","modified_gmt":"2019-10-14T02:32:10","slug":"dez-mil-brasileiros-foram-ao-vaticano-assistir-a-canonizacao-de-irma-dulce","status":"publish","type":"post","link":"https:\/\/www.jornalja.com.br\/geral\/dez-mil-brasileiros-foram-ao-vaticano-assistir-a-canonizacao-de-irma-dulce\/","title":{"rendered":"Dez mil brasileiros foram ao Vaticano assistir \u00e0 canoniza\u00e7\u00e3o de irm\u00e3 Dulce"},"content":{"rendered":"<p>Cerca de 50 mil pessoas acompanharam o rito de canoniza\u00e7\u00e3o da brasileira Maria Rita de Souza Brito Lopes Pontes, a irm\u00e3 Dulce, e de outros quatro beatos, realizado na manh\u00e3 de hoje (13), na Pra\u00e7a S\u00e3o Pedro, no Vaticano.<br \/>\nA Santa S\u00e9 estima que em torno de dez mil brasileiros participaram da celebra\u00e7\u00e3o lit\u00fargica. Entre eles, o vice-presidente da Rep\u00fablica, Hamilton Mour\u00e3o, e os presidentes da C\u00e2mara dos Deputados, Rodrigo Maia (DEM-RJ); do Senado, Davi Alcolumbre (DEM-AP), e do Supremo Tribunal Federal (STF), ministro Dias Toffolli.<br \/>\nAl\u00e9m da primeira\u00a0santa nascida no Brasil, o Papa Francisco tamb\u00e9m canonizou a italiana Giuseppina Vannini; a su\u00ed\u00e7a Margarida Bays; o ingl\u00eas John Henry Newman e a indiana Maria Teresa Chiramel Mankidiyan.<br \/>\nO vice-presidente, general Hamilton Mour\u00e3o e a esposa, Paula Mour\u00e3o, participam da cerim\u00f4nia de canoniza\u00e7\u00e3o de Irm\u00e3 Dulce na Santa S\u00e9, no Vaticano.<br \/>\nAo se dirigir \u00e0 multid\u00e3o que lotava a Pra\u00e7a S\u00e3o Pedro, o Papa citou trecho do Evangelho de Lucas para destacar a import\u00e2ncia da f\u00e9 e da solidariedade.<br \/>\n\u201cPrecisamos de ser curados da pouca confian\u00e7a em n\u00f3s mesmos, na vida, no futuro; curados de muitos medos; dos v\u00edcios de que somos escravos; de tantos fechamentos, depend\u00eancias e apegos: ao jogo, ao dinheiro, \u00e0 televis\u00e3o, ao celular, \u00e0 opini\u00e3o dos outros\u201d, comentou Francisco. \u201cMas a f\u00e9 caminhar juntos, jamais sozinhos. Constitui nossa tarefa ocuparmo-nos de quem deixou de caminhar, de quem se extraviou: somos guardi\u00f5es dos irm\u00e3os distantes. Quer crescer na f\u00e9? Ocupa-se dum irm\u00e3o distante\u201d, acrescentou o Papa.<br \/>\n<strong>Milagres de Irm\u00e3 Dulce<\/strong><br \/>\nNascida em 26 de maio de 1914, em Salvador, a soteropolitana passa agora a ser conhecida como Santa Dulce dos Pobres, grupo ao qual se dedicou desde o in\u00edcio da adolesc\u00eancia, quando passou a acolher moradores de rua e doentes em sua casa, transformando a resid\u00eancia da fam\u00edlia, no bairro de Nazar\u00e9, em um centro de atendimento. No processo de sua canoniza\u00e7\u00e3o, dois milagres lhe foram atribu\u00eddos.<br \/>\nO maestro soteropolitano Jos\u00e9 Maur\u00edcio Moreira \u00e9 o benefici\u00e1rio de um deles. Ap\u00f3s 14 anos sem enxergar, Moreira recuperou a vis\u00e3o ao pedir ajuda \u00e0 agora santa Dulce dos Pobres. Na cerim\u00f4nia de canoniza\u00e7\u00e3o, ele estava na Pra\u00e7a S\u00e3o Pedro, diante do Papa Francisco. Segundo sua esposa, Marize Ara\u00fajo Jorge de Mendon\u00e7a, o marido e todo o grupo de fi\u00e9is que viajou de Salvador estavam emocionados com o reconhecimento do trabalho assistencial e religioso de Irm\u00e3 Dulce.<br \/>\n\u201cEla continua operando milagres todos os dias. Seus milagres continuam acontecendo por meio do acolhimento oferecido a milhares de pessoas necessitadas, desesperadas, seja no Hospital Irm\u00e3 Dulce, seja em obras como o Centro Educacional Santo Ant\u00f4nio, em Sim\u00f5es Filho\u201d, comentou Marize, referindo-se ao hospital de Salvador onde, segundo ela, s\u00e3o feitos quase tr\u00eas mil atendimentos m\u00e9dicos di\u00e1rios; e \u00e0 escola da regi\u00e3o metropolitana de Salvador onde mais de 700 crian\u00e7as estudam em per\u00edodo integral.<br \/>\nAinda emocionada, Marize contou que pediu aos santos para ajud\u00e1-la a conter a emo\u00e7\u00e3o diante do Papa, que cumprimentou a Moreira e aos outros benefici\u00e1rios de milagres atribu\u00eddos aos cinco beatos santificados hoje. \u201cFoi algo maravilhoso. Faltam-me palavras para descrever todo o encanto e a beleza desta cerim\u00f4nia\u201d, comentou Marize, chorando ao falar sobre a \u201cfelicidade\u201d do Papa na escolha do tema de sua prega\u00e7\u00e3o. \u201cEle foi ultra feliz ao falar sobre a import\u00e2ncia da f\u00e9, da esperan\u00e7a, em um tempo de tanta desesperan\u00e7a. As pessoas precisam ter f\u00e9, tentar n\u00e3o se desesperar diante das atribui\u00e7\u00f5es\u201d, comentou, afirmando jamais ter duvidado de que Irm\u00e3 Dulce seria santificada<br \/>\n<strong>Papa Francisco: Pel\u00e9 ou Maradona?<\/strong><br \/>\nO vice-presidente Hamilton Mour\u00e3o usou sua conta no Twitter para manifestar a alegria de participar da canoniza\u00e7\u00e3o de Irm\u00e3 Dulce.<br \/>\n\u201cParticipei da cerim\u00f4nia de canoniza\u00e7\u00e3o do Anjo Bom da Bahia [como tamb\u00e9m era conhecida a santa] pelo Papa Francisco. Irm\u00e3 Dulce, que com grande amor e f\u00e9 intercedeu pela sa\u00fade e vida de milhares de brasileiros, torna-se santa de todo nosso Brasil e do mundo\u201d, comentou Mour\u00e3o, revelando que, ao cumprimentar o Papa Francisco, foi surpreendido por uma pergunta inusitada.<br \/>\n\u201cCumprimentando o Santo Padre, dele recebi uma pergunta dif\u00edcil: quem \u00e9 o melhor, Pel\u00e9 ou Maradona? Sa\u00ed-me diplomaticamente: os dois!\u201d, escreveu o vice-presidente na rede social.<br \/>\n<em>(Com a Ag\u00eancia Brasil)<\/em><\/p>\n","protected":false},"excerpt":{"rendered":"<p>Cerca de 50 mil pessoas acompanharam o rito de canoniza\u00e7\u00e3o da brasileira Maria Rita de Souza Brito Lopes Pontes, a irm\u00e3 Dulce, e de outros quatro beatos, realizado na manh\u00e3 de hoje (13), na Pra\u00e7a S\u00e3o Pedro, no Vaticano. A Santa S\u00e9 estima que em torno de dez mil brasileiros participaram da celebra\u00e7\u00e3o lit\u00fargica. Entre [&hellip;]<\/p>\n","protected":false},"author":4,"featured_media":78263,"comment_status":"open","ping_status":"closed","sticky":false,"template":"","format":"standard","meta":{"jetpack_post_was_ever_published":false,"_jetpack_newsletter_access":"","_jetpack_dont_email_post_to_subs":false,"_jetpack_newsletter_tier_id":0,"_jetpack_memberships_contains_paywalled_content":false,"_jetpack_memberships_contains_paid_content":false,"footnotes":"","jetpack_publicize_message":"","jetpack_publicize_feature_enabled":true,"jetpack_social_post_already_shared":true,"jetpack_social_options":{"image_generator_settings":{"template":"highway","default_image_id":0,"font":"","enabled":false},"version":2}},"categories":[2],"tags":[],"class_list":["post-78262","post","type-post","status-publish","format-standard","has-post-thumbnail","hentry","category-geral"],"aioseo_notices":[],"jetpack_publicize_connections":[],"jetpack_featured_media_url":"","jetpack_shortlink":"https:\/\/wp.me\/pbKhrD-kmi","jetpack-related-posts":[{"id":86060,"url":"https:\/\/www.jornalja.com.br\/geral\/ate-o-globo-detona-mourao-por-elogio-a-torturador\/","url_meta":{"origin":78262,"position":0},"title":"At\u00e9 o Globo detona Mour\u00e3o por elogio a torturador","author":"da Reda\u00e7\u00e3o","date":"9 de outubro de 2020","format":false,"excerpt":"A defesa que o vice-presidente Hamilton Mour\u00e3o fez do coronel Carlos Alberto Brilhante Ustra, um dos mais not\u00f3rios torturadores da ditadura, provocou rep\u00fadio at\u00e9 do jornal O Globo, que apoiou o regime militar. Horas depois que circulou a entrevista que Mour\u00e3o deu a rede alem\u00e3 Deutsche Welle, dizendo que \"Ustra\u2026","rel":"","context":"Em &quot;Geral-MAT\u00c9RIA&quot;","block_context":{"text":"Geral-MAT\u00c9RIA","link":"https:\/\/www.jornalja.com.br\/geral\/category\/geral\/"},"img":{"alt_text":"","src":"https:\/\/i0.wp.com\/www.jornalja.com.br\/geral\/wp-content\/uploads\/sites\/4\/2020\/10\/mourao-vice-presidente.jpg?resize=350%2C200&ssl=1","width":350,"height":200,"srcset":"https:\/\/i0.wp.com\/www.jornalja.com.br\/geral\/wp-content\/uploads\/sites\/4\/2020\/10\/mourao-vice-presidente.jpg?resize=350%2C200&ssl=1 1x, https:\/\/i0.wp.com\/www.jornalja.com.br\/geral\/wp-content\/uploads\/sites\/4\/2020\/10\/mourao-vice-presidente.jpg?resize=525%2C300&ssl=1 1.5x"},"classes":[]},{"id":83814,"url":"https:\/\/www.jornalja.com.br\/geral\/mourao-fake-news-e-crime-nao-liberdade-de-expressao\/","url_meta":{"origin":78262,"position":1},"title":"Mour\u00e3o: &#8220;Fake news \u00e9 crime, n\u00e3o liberdade de express\u00e3o&#8221;","author":"da Reda\u00e7\u00e3o","date":"29 de maio de 2020","format":false,"excerpt":"Pela primeira vez desde a posse, o vice-presidente Hamilton Mour\u00e3o deu declara\u00e7\u00f5es que contradizem o presidente Jair Bolsonaro. Na quinta de manh\u00e3, num discurso irado perante seus apoiadores na frente do Pal\u00e1cio do Planalto, Bolsonaro\u00a0 fez cr\u00edticas e amea\u00e7as ao Judici\u00e1rio por causa da opera\u00e7\u00e3o da Pol\u00edcia Federal que, no\u2026","rel":"","context":"Em &quot;Geral-NOTAS&quot;","block_context":{"text":"Geral-NOTAS","link":"https:\/\/www.jornalja.com.br\/geral\/category\/geral-notas\/"},"img":{"alt_text":"","src":"","width":0,"height":0},"classes":[]},{"id":85414,"url":"https:\/\/www.jornalja.com.br\/geral\/mourao-garante-aos-chineses-que-nao-havera-restricoes-no-leilao-do-5g\/","url_meta":{"origin":78262,"position":2},"title":"Mour\u00e3o garante aos chineses que n\u00e3o haver\u00e1 restri\u00e7\u00f5es no leil\u00e3o do 5G","author":"da Reda\u00e7\u00e3o","date":"2 de setembro de 2020","format":false,"excerpt":"O vice-presidente Hamilton Mour\u00e3o deu uma entrevista exclusiva \u00e0 Xinhua, a maior ag\u00eancia de not\u00edcias do governo chin\u00eas, nesta ter\u00e7a-feira, 01, no Rio. Assinada por Jana\u00edna C\u00e2mara e Zhao Yan, a entrevista destacou as declara\u00e7\u00f5es de Mour\u00e3o sobre o leil\u00e3o das frequ\u00eancias de 5G no Brasil, previsto para o primeiro\u2026","rel":"","context":"Em &quot;Geral-MAT\u00c9RIA&quot;","block_context":{"text":"Geral-MAT\u00c9RIA","link":"https:\/\/www.jornalja.com.br\/geral\/category\/geral\/"},"img":{"alt_text":"Vice-presidente Mour\u00e3o","src":"https:\/\/i0.wp.com\/www.jornalja.com.br\/geral\/wp-content\/uploads\/sites\/4\/2020\/09\/mourao5g.jpg?resize=350%2C200&ssl=1","width":350,"height":200,"srcset":"https:\/\/i0.wp.com\/www.jornalja.com.br\/geral\/wp-content\/uploads\/sites\/4\/2020\/09\/mourao5g.jpg?resize=350%2C200&ssl=1 1x, https:\/\/i0.wp.com\/www.jornalja.com.br\/geral\/wp-content\/uploads\/sites\/4\/2020\/09\/mourao5g.jpg?resize=525%2C300&ssl=1 1.5x, https:\/\/i0.wp.com\/www.jornalja.com.br\/geral\/wp-content\/uploads\/sites\/4\/2020\/09\/mourao5g.jpg?resize=700%2C400&ssl=1 2x, https:\/\/i0.wp.com\/www.jornalja.com.br\/geral\/wp-content\/uploads\/sites\/4\/2020\/09\/mourao5g.jpg?resize=1050%2C600&ssl=1 3x"},"classes":[]},{"id":83696,"url":"https:\/\/www.jornalja.com.br\/geral\/comite-pela-democracia-debate-a-militarizacao-do-governo-bolsonaro\/","url_meta":{"origin":78262,"position":3},"title":"Comit\u00ea pela Democracia debate a &#8220;militariza\u00e7\u00e3o do governo Bolsonaro&#8221;","author":"da Reda\u00e7\u00e3o","date":"22 de maio de 2020","format":false,"excerpt":"Mais de dois mil cargos, inclusive nove dos 22 minist\u00e9rios,\u00a0 do governo Bolsonaro s\u00e3o ocupados por militares.\u00a0 O pr\u00f3prio presidente, capit\u00e3o reformado, e seu vice, o general Hamilton Mour\u00e3o s\u00e3o oriundos da caserna. \"H\u00e1 mais militares no governo brasileiro do que na Venezuela, acusada por muitos de ser uma ditadura\u2026","rel":"","context":"Em &quot;Geral-MAT\u00c9RIA&quot;","block_context":{"text":"Geral-MAT\u00c9RIA","link":"https:\/\/www.jornalja.com.br\/geral\/category\/geral\/"},"img":{"alt_text":"","src":"https:\/\/i0.wp.com\/www.jornalja.com.br\/geral\/wp-content\/uploads\/sites\/4\/2020\/05\/Bolsonaro-posse-scaled.jpg?resize=350%2C200&ssl=1","width":350,"height":200,"srcset":"https:\/\/i0.wp.com\/www.jornalja.com.br\/geral\/wp-content\/uploads\/sites\/4\/2020\/05\/Bolsonaro-posse-scaled.jpg?resize=350%2C200&ssl=1 1x, https:\/\/i0.wp.com\/www.jornalja.com.br\/geral\/wp-content\/uploads\/sites\/4\/2020\/05\/Bolsonaro-posse-scaled.jpg?resize=525%2C300&ssl=1 1.5x, https:\/\/i0.wp.com\/www.jornalja.com.br\/geral\/wp-content\/uploads\/sites\/4\/2020\/05\/Bolsonaro-posse-scaled.jpg?resize=700%2C400&ssl=1 2x"},"classes":[]},{"id":89163,"url":"https:\/\/www.jornalja.com.br\/geral\/senado-2022-mourao-e-sartori-largam-na-frente-para-pegar-a-vaga-de-lasier-aponta-pesquisa\/","url_meta":{"origin":78262,"position":4},"title":"Senado 2022: Mour\u00e3o e Sartori largam na frente para ocupar a vaga de Lasier aponta pesquisa","author":"da Reda\u00e7\u00e3o","date":"6 de agosto de 2021","format":false,"excerpt":"Uma pesquisa divulgada pelo instituto Orbis nesta quinta-feira,5, apontou o ex-governador Jos\u00e9 Ivo Sartori e o atual vice-presidente Hamilton Mour\u00e3o na lideran\u00e7a pela corrida ao Senado com 15,7% e 14,6% respectivamente. O atual Senador Lasier Martins aparece apenas na s\u00e9tima coloca\u00e7\u00e3o com 6,3%. Ainda foram lembrados para o Senado, pelos\u2026","rel":"","context":"Em &quot;Geral-NOTAS&quot;","block_context":{"text":"Geral-NOTAS","link":"https:\/\/www.jornalja.com.br\/geral\/category\/geral-notas\/"},"img":{"alt_text":"","src":"","width":0,"height":0},"classes":[]},{"id":77251,"url":"https:\/\/www.jornalja.com.br\/geral\/carlos-bolsonaro-diz-que-pais-nao-tera-transformacao-rapida-por-vias-democraticas\/","url_meta":{"origin":78262,"position":5},"title":"Carlos Bolsonaro diz que pa\u00eds n\u00e3o ter\u00e1 transforma\u00e7\u00e3o r\u00e1pida por vias democr\u00e1ticas","author":"Carlos Matsubara","date":"10 de setembro de 2019","format":false,"excerpt":"O vereador Carlos Bolsonaro (PSC-RJ), filho do presidente Jair Bolsonaro (PSL), escreveu na noite desta segunda-feira (9) em rede social que, por vias democr\u00e1ticas, n\u00e3o haver\u00e1 as mudan\u00e7as r\u00e1pidas desejadas no pa\u00eds. A postagem do filho do presidente foi alvo de cr\u00edticas de pol\u00edticos e da OAB (Ordem dos Advogados\u2026","rel":"","context":"Em &quot;Geral-MAT\u00c9RIA&quot;","block_context":{"text":"Geral-MAT\u00c9RIA","link":"https:\/\/www.jornalja.com.br\/geral\/category\/geral\/"},"img":{"alt_text":"","src":"","width":0,"height":0},"classes":[]}],"jetpack_sharing_enabled":true,"_links":{"self":[{"href":"https:\/\/www.jornalja.com.br\/geral\/wp-json\/wp\/v2\/posts\/78262","targetHints":{"allow":["GET"]}}],"collection":[{"href":"https:\/\/www.jornalja.com.br\/geral\/wp-json\/wp\/v2\/posts"}],"about":[{"href":"https:\/\/www.jornalja.com.br\/geral\/wp-json\/wp\/v2\/types\/post"}],"author":[{"embeddable":true,"href":"https:\/\/www.jornalja.com.br\/geral\/wp-json\/wp\/v2\/users\/4"}],"replies":[{"embeddable":true,"href":"https:\/\/www.jornalja.com.br\/geral\/wp-json\/wp\/v2\/comments?post=78262"}],"version-history":[{"count":0,"href":"https:\/\/www.jornalja.com.br\/geral\/wp-json\/wp\/v2\/posts\/78262\/revisions"}],"wp:featuredmedia":[{"embeddable":true,"href":"https:\/\/www.jornalja.com.br\/geral\/wp-json\/"}],"wp:attachment":[{"href":"https:\/\/www.jornalja.com.br\/geral\/wp-json\/wp\/v2\/media?parent=78262"}],"wp:term":[{"taxonomy":"category","embeddable":true,"href":"https:\/\/www.jornalja.com.br\/geral\/wp-json\/wp\/v2\/categories?post=78262"},{"taxonomy":"post_tag","embeddable":true,"href":"https:\/\/www.jornalja.com.br\/geral\/wp-json\/wp\/v2\/tags?post=78262"}],"curies":[{"name":"wp","href":"https:\/\/api.w.org\/{rel}","templated":true}]}}