{"id":78622,"date":"2019-10-25T15:05:42","date_gmt":"2019-10-25T18:05:42","guid":{"rendered":"https:\/\/www.jornalja.com.br\/?p=78622"},"modified":"2019-10-25T15:05:42","modified_gmt":"2019-10-25T18:05:42","slug":"projeto-o-museu-vai-a-escola-do-mcn-comemora-20-anos","status":"publish","type":"post","link":"https:\/\/www.jornalja.com.br\/geral\/projeto-o-museu-vai-a-escola-do-mcn-comemora-20-anos\/","title":{"rendered":"Projeto O Museu vai \u00e0 Escola, do MCN, comemora 20 anos"},"content":{"rendered":"<p>Educadores e pesquisadores do Museu de Ci\u00eancias Naturais (MCN) comemoraram 20 anos do Projeto O Museu vai \u00e0 Escola, junto \u00e0 comunidade escolar do Tiradentes, col\u00e9gio estadual da Brigada Militar, em Porto Alegre.<br \/>\nEssa edi\u00e7\u00e3o teve mostra de grupos de algas, mam\u00edferos, plantas herborizadas, al\u00e9m da apresenta\u00e7\u00e3o do kit did\u00e1tico de &#8220;vertebrados f\u00f3sseis do RS&#8221;. Tamb\u00e9m teve palestra do bi\u00f3logo\u00a0Roberto\u00a0Oliveira sobre as serpentes do Rio Grande do Sul.<br \/>\n<figure id=\"attachment_78624\" aria-describedby=\"caption-attachment-78624\" style=\"width: 720px\" class=\"wp-caption alignnone\"><img decoding=\"async\" class=\"wp-image-78624 size-full\" src=\"https:\/\/www.jornalja.com.br\/wp-content\/uploads\/2019\/10\/74888329_143700430335146_2416947727192555520_n.jpg\" alt=\"\" width=\"720\" height=\"960\" \/><figcaption id=\"caption-attachment-78624\" class=\"wp-caption-text\">Alunos conferem o kit de vertebrados f\u00f3sseis do RS<\/figcaption><\/figure><br \/>\nM\u00e1rcia Severo Spadoni, da Se\u00e7\u00e3o de Educa\u00e7\u00e3o Ambiental e Museologia do MCN, diz que o objetivo \u00e9 aproximar os estudantes do mundo cient\u00edfico, atrav\u00e9s do contato com pe\u00e7as de acervo. \u201cUm museu como o nosso, com trabalhos fant\u00e1sticos, tem um papel fundamental na sociedade e, portanto, tem que ir al\u00e9m das pesquisas e de suas cole\u00e7\u00f5es\u201d, diz a educadora ambiental, formada em Hist\u00f3ria com especializa\u00e7\u00e3o em psicopedagogia.<br \/>\n<figure id=\"attachment_78628\" aria-describedby=\"caption-attachment-78628\" style=\"width: 960px\" class=\"wp-caption alignnone\"><img decoding=\"async\" class=\"wp-image-78628 size-full\" src=\"https:\/\/www.jornalja.com.br\/wp-content\/uploads\/2019\/10\/72855121_143700087001847_4052382891672338432_n.jpg\" alt=\"\" width=\"960\" height=\"720\" \/><figcaption id=\"caption-attachment-78628\" class=\"wp-caption-text\">Roberto falou sobre as serpentes no Rio Grande do Sul<\/figcaption><\/figure><br \/>\n<span class=\"intertit\">Cole\u00e7\u00f5es s\u00e3o refer\u00eancias no pa\u00eds e exterior <strong>*<\/strong><\/span><br \/>\nAs cole\u00e7\u00f5es cient\u00edficas do MCN s\u00e3o consideradas pelos especialistas o maior acervo de material testemunho da biodiversidade dos ecossistemas terrestres e aqu\u00e1ticos do RS. A cole\u00e7\u00e3o de insetos, por exemplo, \u00e9 considerada a melhor do Estado, com cerca de 400 mil exemplares, e est\u00e1 entre as cinco melhores do Brasil, no que diz respeito \u00e0 conserva\u00e7\u00e3o e organiza\u00e7\u00e3o.<br \/>\nAl\u00e9m da quantidade, a qualidade das cole\u00e7\u00f5es \u00e9 outro fator que chama a aten\u00e7\u00e3o dos pesquisadores de fora. Acervos conservados, atualizados e devidamente identificados frequentemente rendem elogios aos servidores, ambos indissoci\u00e1veis das cole\u00e7\u00f5es.<br \/>\nO Museu realiza ainda outras atividades como Ci\u00eancia na Pra\u00e7a e Museu de portas abertas, que oportuniza visitas guiadas \u00e0s cole\u00e7\u00f5es. O MCN est\u00e1 aberto para visita\u00e7\u00e3o de ter\u00e7a a domingo, das 10h \u00e0s 17h.<br \/>\n<a href=\"https:\/\/www.jornalja.com.br\/colecoes-da-zoobotanica-somam-mais-de-600-mil-exemplares-da-fauna-e-flora-nativas\/\">Conhe\u00e7a um pouco mais na reportagem Cole\u00e7\u00f5es da Zoobot\u00e2nica somam mais de 600 mil exemplares da fauna e flora nativas.<\/a><br \/>\n<strong>* Do livro Patrim\u00f4nio Amea\u00e7ado (2019)<\/strong><\/p>\n","protected":false},"excerpt":{"rendered":"<p>Educadores e pesquisadores do Museu de Ci\u00eancias Naturais (MCN) comemoraram 20 anos do Projeto O Museu vai \u00e0 Escola, junto \u00e0 comunidade escolar do Tiradentes, col\u00e9gio estadual da Brigada Militar, em Porto Alegre. Essa edi\u00e7\u00e3o teve mostra de grupos de algas, mam\u00edferos, plantas herborizadas, al\u00e9m da apresenta\u00e7\u00e3o do kit did\u00e1tico de &#8220;vertebrados f\u00f3sseis do RS&#8221;. [&hellip;]<\/p>\n","protected":false},"author":2,"featured_media":78623,"comment_status":"open","ping_status":"closed","sticky":false,"template":"","format":"standard","meta":{"jetpack_post_was_ever_published":false,"_jetpack_newsletter_access":"","_jetpack_dont_email_post_to_subs":false,"_jetpack_newsletter_tier_id":0,"_jetpack_memberships_contains_paywalled_content":false,"_jetpack_memberships_contains_paid_content":false,"footnotes":"","jetpack_publicize_message":"","jetpack_publicize_feature_enabled":true,"jetpack_social_post_already_shared":true,"jetpack_social_options":{"image_generator_settings":{"template":"highway","default_image_id":0,"font":"","enabled":false},"version":2}},"categories":[2],"tags":[],"class_list":["post-78622","post","type-post","status-publish","format-standard","has-post-thumbnail","hentry","category-geral"],"aioseo_notices":[],"jetpack_publicize_connections":[],"jetpack_featured_media_url":"","jetpack_shortlink":"https:\/\/wp.me\/pbKhrD-ks6","jetpack-related-posts":[{"id":90836,"url":"https:\/\/www.jornalja.com.br\/geral\/instituto-de-educacao-documento-ja-tem-mais-de-6-mil-assinaturas-contra-o-projeto-do-governo\/","url_meta":{"origin":78622,"position":0},"title":"Instituto de Educa\u00e7\u00e3o: abaixo-assinado de quase 7 mil assinaturas contra projeto do governo","author":"da Reda\u00e7\u00e3o","date":"9 de novembro de 2021","format":false,"excerpt":"Manifestantes, com faixas e cartazes,\u00a0 ocuparam a frente do Instituto de Educa\u00e7\u00e3o Flores da Cunha, na avenida Osvaldo Aranha, no s\u00e1bado, 6. Foi mais um ato dos professores, pais, alunos e funcion\u00e1rios para chamar aten\u00e7\u00e3o para a situa\u00e7\u00e3o do centen\u00e1rio estabelecimento. S\u00edmbolo de um tempo em que a educa\u00e7\u00e3o no\u2026","rel":"","context":"Em &quot;Geral-MAT\u00c9RIA&quot;","block_context":{"text":"Geral-MAT\u00c9RIA","link":"https:\/\/www.jornalja.com.br\/geral\/category\/geral\/"},"img":{"alt_text":"","src":"https:\/\/i0.wp.com\/www.jornalja.com.br\/geral\/wp-content\/uploads\/sites\/4\/2021\/11\/instituto-de-educacao-protestos.jpeg?resize=350%2C200&ssl=1","width":350,"height":200,"srcset":"https:\/\/i0.wp.com\/www.jornalja.com.br\/geral\/wp-content\/uploads\/sites\/4\/2021\/11\/instituto-de-educacao-protestos.jpeg?resize=350%2C200&ssl=1 1x, https:\/\/i0.wp.com\/www.jornalja.com.br\/geral\/wp-content\/uploads\/sites\/4\/2021\/11\/instituto-de-educacao-protestos.jpeg?resize=525%2C300&ssl=1 1.5x, https:\/\/i0.wp.com\/www.jornalja.com.br\/geral\/wp-content\/uploads\/sites\/4\/2021\/11\/instituto-de-educacao-protestos.jpeg?resize=700%2C400&ssl=1 2x, https:\/\/i0.wp.com\/www.jornalja.com.br\/geral\/wp-content\/uploads\/sites\/4\/2021\/11\/instituto-de-educacao-protestos.jpeg?resize=1050%2C600&ssl=1 3x"},"classes":[]},{"id":96605,"url":"https:\/\/www.jornalja.com.br\/geral\/predio-da-melnick-na-rua-duque-de-caxias-em-debate-na-camara\/","url_meta":{"origin":78622,"position":1},"title":"Pr\u00e9dio da Melnick na rua Duque de Caxias em debate na C\u00e2mara","author":"S\u00e9rgio Lagranha","date":"26 de novembro de 2023","format":false,"excerpt":"O pol\u00eamico projeto de 41 andares no terreno ao lado do Museu J\u00falio de Castilhos, no Centro Hist\u00f3rico de Porto Alegre, entrou na pauta da Comiss\u00e3o de Educa\u00e7\u00e3o, Cultura, Esporte e Juventude (Cece), na C\u00e2mara de Vereadores de Porto Alegre.\u00a0 O projeto \u00e9 da Construtora e Incorporadora Melnick, A constru\u00e7\u00e3o,\u2026","rel":"","context":"Em &quot;Geral-MAT\u00c9RIA&quot;","block_context":{"text":"Geral-MAT\u00c9RIA","link":"https:\/\/www.jornalja.com.br\/geral\/category\/geral\/"},"img":{"alt_text":"","src":"https:\/\/i0.wp.com\/www.jornalja.com.br\/geral\/wp-content\/uploads\/sites\/4\/2023\/11\/espigao-na-duque-de-caxias-melnick-2-1.jpg?resize=350%2C200&ssl=1","width":350,"height":200,"srcset":"https:\/\/i0.wp.com\/www.jornalja.com.br\/geral\/wp-content\/uploads\/sites\/4\/2023\/11\/espigao-na-duque-de-caxias-melnick-2-1.jpg?resize=350%2C200&ssl=1 1x, https:\/\/i0.wp.com\/www.jornalja.com.br\/geral\/wp-content\/uploads\/sites\/4\/2023\/11\/espigao-na-duque-de-caxias-melnick-2-1.jpg?resize=525%2C300&ssl=1 1.5x"},"classes":[]},{"id":80615,"url":"https:\/\/www.jornalja.com.br\/geral\/mes-da-visibilidade-trans-une-secretarias-contra-o-preconceito\/","url_meta":{"origin":78622,"position":2},"title":"M\u00eas da Visibilidade Trans une secretarias contra o preconceito","author":"da Reda\u00e7\u00e3o","date":"20 de janeiro de 2020","format":false,"excerpt":"No m\u00eas em que se celebra no Brasil o Dia da Visibilidade Trans (29 de janeiro), diversas secretarias do Estado estar\u00e3o envolvidas em atividades para a comunidade trans e propor reflex\u00f5es sobre identidade de g\u00eanero, liberdade e direitos humanos. A data foi criada em 2004, quando, pela primeira vez, travestis\u2026","rel":"","context":"Em &quot;Geral-MAT\u00c9RIA&quot;","block_context":{"text":"Geral-MAT\u00c9RIA","link":"https:\/\/www.jornalja.com.br\/geral\/category\/geral\/"},"img":{"alt_text":"","src":"https:\/\/i0.wp.com\/www.jornalja.com.br\/geral\/wp-content\/uploads\/sites\/4\/2020\/01\/Trans-foto-PR.jpg?resize=350%2C200&ssl=1","width":350,"height":200,"srcset":"https:\/\/i0.wp.com\/www.jornalja.com.br\/geral\/wp-content\/uploads\/sites\/4\/2020\/01\/Trans-foto-PR.jpg?resize=350%2C200&ssl=1 1x, https:\/\/i0.wp.com\/www.jornalja.com.br\/geral\/wp-content\/uploads\/sites\/4\/2020\/01\/Trans-foto-PR.jpg?resize=525%2C300&ssl=1 1.5x, https:\/\/i0.wp.com\/www.jornalja.com.br\/geral\/wp-content\/uploads\/sites\/4\/2020\/01\/Trans-foto-PR.jpg?resize=700%2C400&ssl=1 2x"},"classes":[]},{"id":95701,"url":"https:\/\/www.jornalja.com.br\/geral\/ex-faxineira-hoje-deputada-lanca-livro-sobre-mulheres-negras-na-politica\/","url_meta":{"origin":78622,"position":3},"title":"Livro sobre mulheres negras na pol\u00edtica tem lan\u00e7amento em Brasilia","author":"da Reda\u00e7\u00e3o","date":"3 de julho de 2023","format":false,"excerpt":"\"Mulher Preta na Pol\u00edtica\" \u00e9 o t\u00edtulo do livro que a deputada Ol\u00edvia Santana (PCdoB-BA), lan\u00e7a, no Festival Latinidades, em Bras\u00edlia (DF), neste s\u00e1bado, 8 de julho. Ex-faxineira que, aos 56 anos, exerce seu segundo mandato na Assembleia da Bahia, ela descreve n\u00e3o s\u00f3 sua experi\u00eancia, mas de outras mulheres\u2026","rel":"","context":"Em &quot;Geral-MAT\u00c9RIA&quot;","block_context":{"text":"Geral-MAT\u00c9RIA","link":"https:\/\/www.jornalja.com.br\/geral\/category\/geral\/"},"img":{"alt_text":"","src":"https:\/\/i0.wp.com\/www.jornalja.com.br\/geral\/wp-content\/uploads\/sites\/4\/2023\/07\/deputada-lanca-livro-sobre-mulheres-negras-na-politica.jpg?resize=350%2C200&ssl=1","width":350,"height":200,"srcset":"https:\/\/i0.wp.com\/www.jornalja.com.br\/geral\/wp-content\/uploads\/sites\/4\/2023\/07\/deputada-lanca-livro-sobre-mulheres-negras-na-politica.jpg?resize=350%2C200&ssl=1 1x, https:\/\/i0.wp.com\/www.jornalja.com.br\/geral\/wp-content\/uploads\/sites\/4\/2023\/07\/deputada-lanca-livro-sobre-mulheres-negras-na-politica.jpg?resize=525%2C300&ssl=1 1.5x, https:\/\/i0.wp.com\/www.jornalja.com.br\/geral\/wp-content\/uploads\/sites\/4\/2023\/07\/deputada-lanca-livro-sobre-mulheres-negras-na-politica.jpg?resize=700%2C400&ssl=1 2x, https:\/\/i0.wp.com\/www.jornalja.com.br\/geral\/wp-content\/uploads\/sites\/4\/2023\/07\/deputada-lanca-livro-sobre-mulheres-negras-na-politica.jpg?resize=1050%2C600&ssl=1 3x"},"classes":[]},{"id":83601,"url":"https:\/\/www.jornalja.com.br\/geral\/fundacao-zoobotanica-do-rio-grande-do-sul-esta-oficialmente-extinta\/","url_meta":{"origin":78622,"position":4},"title":"Funda\u00e7\u00e3o Zoobot\u00e2nica do Rio Grande do Sul est\u00e1 oficialmente extinta","author":"Cleber Dioni Tentardini","date":"15 de maio de 2020","format":false,"excerpt":"Cleber Dioni Tentardini\u00a0 A Funda\u00e7\u00e3o Zoobot\u00e2nica do Rio Grande do Sul, uma das institui\u00e7\u00f5es de pesquisa em meio ambiente mais respeitadas do Brasil, foi oficialmente extinta na manh\u00e3 desta sexta-feira pela Receita Federal. O \u00f3rg\u00e3o deu baixa no CNPJ - Cadastro Nacional de Pessoa Jur\u00eddica \u2013 n\u00ba 87.912.929\/0001-75, registrado h\u00e1\u2026","rel":"","context":"Em &quot;Geral-MAT\u00c9RIA&quot;","block_context":{"text":"Geral-MAT\u00c9RIA","link":"https:\/\/www.jornalja.com.br\/geral\/category\/geral\/"},"img":{"alt_text":"","src":"https:\/\/i0.wp.com\/www.jornalja.com.br\/geral\/wp-content\/uploads\/sites\/4\/2020\/05\/20170902_180746-2-1024x606-1.jpg?resize=350%2C200&ssl=1","width":350,"height":200,"srcset":"https:\/\/i0.wp.com\/www.jornalja.com.br\/geral\/wp-content\/uploads\/sites\/4\/2020\/05\/20170902_180746-2-1024x606-1.jpg?resize=350%2C200&ssl=1 1x, https:\/\/i0.wp.com\/www.jornalja.com.br\/geral\/wp-content\/uploads\/sites\/4\/2020\/05\/20170902_180746-2-1024x606-1.jpg?resize=525%2C300&ssl=1 1.5x, https:\/\/i0.wp.com\/www.jornalja.com.br\/geral\/wp-content\/uploads\/sites\/4\/2020\/05\/20170902_180746-2-1024x606-1.jpg?resize=700%2C400&ssl=1 2x"},"classes":[]},{"id":101200,"url":"https:\/\/www.jornalja.com.br\/geral\/viaduto-restaurado-2-quase-centenaria-a-grande-obra-nunca-teve-uma-inauguracao-oficial\/","url_meta":{"origin":78622,"position":5},"title":"Viaduto restaurado (2): Quase centen\u00e1ria, a grande obra nunca teve  uma inaugura\u00e7\u00e3o oficial","author":"Elmar Bones","date":"30 de abril de 2026","format":false,"excerpt":"Depois de aberta a passagem, a primeira etapa foi restabelecer o tr\u00e1fego na Rua da Igreja, hoje Duque de Caxias. Pela primeira vez, quase aos cem anos, o Viaduto Ot\u00e1vio Rocha ter\u00e1 uma \u201cinaugura\u00e7\u00e3o festiva\u201d. Pelo menos \u00e9 o que est\u00e1 previsto para marcar a \u00a0restaura\u00e7\u00e3o rec\u00e9m conclu\u00edda. Quando foi\u2026","rel":"","context":"Em &quot;Geral-MAT\u00c9RIA&quot;","block_context":{"text":"Geral-MAT\u00c9RIA","link":"https:\/\/www.jornalja.com.br\/geral\/category\/geral\/"},"img":{"alt_text":"","src":"https:\/\/i0.wp.com\/www.jornalja.com.br\/geral\/wp-content\/uploads\/sites\/4\/2026\/04\/viaduto-concluido.png?resize=350%2C200&ssl=1","width":350,"height":200,"srcset":"https:\/\/i0.wp.com\/www.jornalja.com.br\/geral\/wp-content\/uploads\/sites\/4\/2026\/04\/viaduto-concluido.png?resize=350%2C200&ssl=1 1x, https:\/\/i0.wp.com\/www.jornalja.com.br\/geral\/wp-content\/uploads\/sites\/4\/2026\/04\/viaduto-concluido.png?resize=525%2C300&ssl=1 1.5x, https:\/\/i0.wp.com\/www.jornalja.com.br\/geral\/wp-content\/uploads\/sites\/4\/2026\/04\/viaduto-concluido.png?resize=700%2C400&ssl=1 2x"},"classes":[]}],"jetpack_sharing_enabled":true,"_links":{"self":[{"href":"https:\/\/www.jornalja.com.br\/geral\/wp-json\/wp\/v2\/posts\/78622","targetHints":{"allow":["GET"]}}],"collection":[{"href":"https:\/\/www.jornalja.com.br\/geral\/wp-json\/wp\/v2\/posts"}],"about":[{"href":"https:\/\/www.jornalja.com.br\/geral\/wp-json\/wp\/v2\/types\/post"}],"author":[{"embeddable":true,"href":"https:\/\/www.jornalja.com.br\/geral\/wp-json\/wp\/v2\/users\/2"}],"replies":[{"embeddable":true,"href":"https:\/\/www.jornalja.com.br\/geral\/wp-json\/wp\/v2\/comments?post=78622"}],"version-history":[{"count":0,"href":"https:\/\/www.jornalja.com.br\/geral\/wp-json\/wp\/v2\/posts\/78622\/revisions"}],"wp:featuredmedia":[{"embeddable":true,"href":"https:\/\/www.jornalja.com.br\/geral\/wp-json\/"}],"wp:attachment":[{"href":"https:\/\/www.jornalja.com.br\/geral\/wp-json\/wp\/v2\/media?parent=78622"}],"wp:term":[{"taxonomy":"category","embeddable":true,"href":"https:\/\/www.jornalja.com.br\/geral\/wp-json\/wp\/v2\/categories?post=78622"},{"taxonomy":"post_tag","embeddable":true,"href":"https:\/\/www.jornalja.com.br\/geral\/wp-json\/wp\/v2\/tags?post=78622"}],"curies":[{"name":"wp","href":"https:\/\/api.w.org\/{rel}","templated":true}]}}