{"id":79618,"date":"2019-11-29T20:16:44","date_gmt":"2019-11-29T23:16:44","guid":{"rendered":"https:\/\/www.jornalja.com.br\/?p=79618"},"modified":"2019-11-29T20:16:44","modified_gmt":"2019-11-29T23:16:44","slug":"governo-estima-que-135-mil-brasileiros-tem-o-virus-da-aids-e-nao-sabem-jovens-a-fazer-o-teste-para-virus-da-aids","status":"publish","type":"post","link":"https:\/\/www.jornalja.com.br\/geral\/governo-estima-que-135-mil-brasileiros-tem-o-virus-da-aids-e-nao-sabem-jovens-a-fazer-o-teste-para-virus-da-aids\/","title":{"rendered":"Governo estima que 135 mil brasileiros t\u00eam o v\u00edrus da Aids e n\u00e3o sabem"},"content":{"rendered":"<p>Cerca de 135 mil brasileiros n\u00e3o sabem que t\u00eam o v\u00edrus HIV, e a maioria contraiu por n\u00e3o usar camisinha nas rela\u00e7\u00f5es sexuais.<br \/>\nMais de 900 mil pessoas vivem com o HIV no pa\u00eds. Desse total, em torno de 80% foram diagnosticados, segundo o Minist\u00e9rio da Sa\u00fade. A maioria dos infectados s\u00e3o jovens de 20 a 34 anos.<br \/>\nPara convencer essas pessoas a fazerem o teste, o Minist\u00e9rio da Sa\u00fade lan\u00e7ou nesta sexta-feira a Campanha contra o HIV\/Aids: \u201cSe a d\u00favida acaba, a vida continua\u201d.<br \/>\n<span style=\"font-weight: 300\">A ideia \u00e9 explicar que, se o teste der negativo, basta se cuidar. Se der positivo, entrar\u00a0 com medicamento o quanto antes faz baixar a carga viral, e assim parar de proliferar o v\u00edrus.\u00a0<\/span><br \/>\nA rede p\u00fablica de sa\u00fade oferece a testagem gratuitamente, inclusive com testes r\u00e1pidos, quando os resultados saem em 30 minutos.<br \/>\nO principal medicamento disponibilizado de gra\u00e7a \u00e9 o dolutegravir, que diminuiu a quantidade do v\u00edrus no sangue. Assim o paciente tem menos chance de ficar doente, de transmitir o v\u00edrus nas rela\u00e7\u00f5es sexuais e de desenvolver a Aids.<br \/>\nChristiano Ramos convive com o HIV h\u00e1 32 anos. Ele revela que hoje o mais dif\u00edcil n\u00e3o \u00e9 o tratamento, mas sim combater o preconceito.<br \/>\n\u201cA discrimina\u00e7\u00e3o que existia no in\u00edcio da epidemia continua. Esse \u00e9 o maior desafio nosso, realmente, combater esse preconceito e discrimina\u00e7\u00e3o a que n\u00f3s portadores somos submetidos no conv\u00edvio social\u201d.<br \/>\nDevido ao tratamento cada vez mais precoce, o n\u00famero de mortes caiu nos \u00faltimos cinco anos. Em 2014, mais de 12,5 mil pessoas morreram devido a complica\u00e7\u00f5es da Aids. No ano passado, foram 10,9 mil.<\/p>\n","protected":false},"excerpt":{"rendered":"<p>Cerca de 135 mil brasileiros n\u00e3o sabem que t\u00eam o v\u00edrus HIV, e a maioria contraiu por n\u00e3o usar camisinha nas rela\u00e7\u00f5es sexuais. Mais de 900 mil pessoas vivem com o HIV no pa\u00eds. Desse total, em torno de 80% foram diagnosticados, segundo o Minist\u00e9rio da Sa\u00fade. A maioria dos infectados s\u00e3o jovens de 20 [&hellip;]<\/p>\n","protected":false},"author":4,"featured_media":79615,"comment_status":"open","ping_status":"closed","sticky":false,"template":"","format":"standard","meta":{"jetpack_post_was_ever_published":false,"_jetpack_newsletter_access":"","_jetpack_dont_email_post_to_subs":false,"_jetpack_newsletter_tier_id":0,"_jetpack_memberships_contains_paywalled_content":false,"_jetpack_memberships_contains_paid_content":false,"footnotes":"","jetpack_publicize_message":"","jetpack_publicize_feature_enabled":true,"jetpack_social_post_already_shared":true,"jetpack_social_options":{"image_generator_settings":{"template":"highway","default_image_id":0,"font":"","enabled":false},"version":2}},"categories":[2],"tags":[375,376,38],"class_list":["post-79618","post","type-post","status-publish","format-standard","has-post-thumbnail","hentry","category-geral","tag-aids","tag-hiv","tag-saude"],"aioseo_notices":[],"jetpack_publicize_connections":[],"jetpack_featured_media_url":"","jetpack_shortlink":"https:\/\/wp.me\/pbKhrD-kIa","jetpack-related-posts":[{"id":93019,"url":"https:\/\/www.jornalja.com.br\/geral\/variola-dos-macacos-levantamento-registra-106-casos-confirmados-no-pais\/","url_meta":{"origin":79618,"position":0},"title":"Var\u00edola dos macacos: levantamento registra 106 casos confirmados no pa\u00eds","author":"Elmar Bones","date":"7 de julho de 2022","format":false,"excerpt":"O Brasil tem 106 casos confirmados de var\u00edola dos macacos (Monkeypox), segundo levantamento do Minist\u00e9rio da Sa\u00fade. A maioria (75) foi registrada em S\u00e3o Paulo. Em seguida, est\u00e1 o Rio de Janeiro, com 20 casos. Em Minas Gerais, foram tr\u00eas casos da doen\u00e7a. No Cear\u00e1, no Paran\u00e1 e no Rio\u2026","rel":"","context":"Em &quot;Geral-MAT\u00c9RIA&quot;","block_context":{"text":"Geral-MAT\u00c9RIA","link":"https:\/\/www.jornalja.com.br\/geral\/category\/geral\/"},"img":{"alt_text":"","src":"https:\/\/i0.wp.com\/www.jornalja.com.br\/geral\/wp-content\/uploads\/sites\/4\/2022\/07\/variola-dos-macacos-frascos-para-analise.jpg?resize=350%2C200&ssl=1","width":350,"height":200},"classes":[]},{"id":75903,"url":"https:\/\/www.jornalja.com.br\/geral\/frente-global-reune-deputados-para-enfrentar-avanco-da-tuberculose\/","url_meta":{"origin":79618,"position":1},"title":"Frente Global re\u00fane deputados para enfrentar avan\u00e7o da tuberculose","author":"da Reda\u00e7\u00e3o","date":"1 de agosto de 2019","format":false,"excerpt":"M\u00e1rcia Turcato Na contram\u00e3o do cen\u00e1rio mundial, o Brasil v\u00ea a aumentar o n\u00famero de casos de tuberculose desde 2017, passando de uma estimativa de 87 mil casos para cerca de 91 mil, de acordo com a Organiza\u00e7\u00e3o Mundial de Sa\u00fade (OMS). De um modo objetivo, isso ocorreu porque a\u2026","rel":"","context":"Em &quot;Geral-MAT\u00c9RIA&quot;","block_context":{"text":"Geral-MAT\u00c9RIA","link":"https:\/\/www.jornalja.com.br\/geral\/category\/geral\/"},"img":{"alt_text":"","src":"","width":0,"height":0},"classes":[]},{"id":92817,"url":"https:\/\/www.jornalja.com.br\/geral\/ministerio-confirma-primeiro-caso-brasileiro-de-variola-dos-macacos-em-sao-paulo\/","url_meta":{"origin":79618,"position":2},"title":"Minist\u00e9rio confirma primeiro caso brasileiro de variola dos macacos em S\u00e3o Paulo","author":"Elmar Bones","date":"9 de junho de 2022","format":false,"excerpt":"As secretarias Estadual e Municipal da Sa\u00fade de S\u00e3o Paulo confirmaram\u00a0hoje\u00a0(9) o primeiro caso de var\u00edola dos macacos (Monkeypox) no\u00a0Brasil. O caso se refere a um homem de 41 anos, residente na cidade de S\u00e3o Paulo, com hist\u00f3rico de viagem para Portugal e Espanha. Ele est\u00e1 internado no Instituto de\u2026","rel":"","context":"Em &quot;Geral-MAT\u00c9RIA&quot;","block_context":{"text":"Geral-MAT\u00c9RIA","link":"https:\/\/www.jornalja.com.br\/geral\/category\/geral\/"},"img":{"alt_text":"","src":"https:\/\/i0.wp.com\/www.jornalja.com.br\/geral\/wp-content\/uploads\/sites\/4\/2022\/06\/variola-dos-macacos-foto-divulgacao.jpg?resize=350%2C200&ssl=1","width":350,"height":200,"srcset":"https:\/\/i0.wp.com\/www.jornalja.com.br\/geral\/wp-content\/uploads\/sites\/4\/2022\/06\/variola-dos-macacos-foto-divulgacao.jpg?resize=350%2C200&ssl=1 1x, https:\/\/i0.wp.com\/www.jornalja.com.br\/geral\/wp-content\/uploads\/sites\/4\/2022\/06\/variola-dos-macacos-foto-divulgacao.jpg?resize=525%2C300&ssl=1 1.5x"},"classes":[]},{"id":81993,"url":"https:\/\/www.jornalja.com.br\/geral\/ministerio-da-saude-amplia-os-testes-para-detectar-novos-casos-de-coronavirus\/","url_meta":{"origin":79618,"position":3},"title":"Minist\u00e9rio da Sa\u00fade amplia os testes para detectar novos casos de coronavirus","author":"da Reda\u00e7\u00e3o","date":"10 de mar\u00e7o de 2020","format":false,"excerpt":"Em cidades que j\u00e1 t\u00eam casos de coronav\u00edrus confirmados, todo o paciente que apresentar sintoma de gripe, febre e problema respirat\u00f3rio, e que der negativo para outros v\u00edrus, vai entrar na lista de suspeito e realizar teste para detectar se tem a doen\u00e7a. At\u00e9 agora, eram considerados suspeitos os casos\u2026","rel":"","context":"Em &quot;Geral-MAT\u00c9RIA&quot;","block_context":{"text":"Geral-MAT\u00c9RIA","link":"https:\/\/www.jornalja.com.br\/geral\/category\/geral\/"},"img":{"alt_text":"","src":"https:\/\/i0.wp.com\/www.jornalja.com.br\/geral\/wp-content\/uploads\/sites\/4\/2020\/03\/Coronavirus-ministro.jpg?resize=350%2C200&ssl=1","width":350,"height":200,"srcset":"https:\/\/i0.wp.com\/www.jornalja.com.br\/geral\/wp-content\/uploads\/sites\/4\/2020\/03\/Coronavirus-ministro.jpg?resize=350%2C200&ssl=1 1x, https:\/\/i0.wp.com\/www.jornalja.com.br\/geral\/wp-content\/uploads\/sites\/4\/2020\/03\/Coronavirus-ministro.jpg?resize=525%2C300&ssl=1 1.5x, https:\/\/i0.wp.com\/www.jornalja.com.br\/geral\/wp-content\/uploads\/sites\/4\/2020\/03\/Coronavirus-ministro.jpg?resize=700%2C400&ssl=1 2x"},"classes":[]},{"id":91077,"url":"https:\/\/www.jornalja.com.br\/geral\/camara-aprova-projeto-que-corta-isencoes-no-transporte-publico-de-porto-alegre\/","url_meta":{"origin":79618,"position":4},"title":"C\u00e2mara aprova projeto que corta isen\u00e7\u00f5es no transporte p\u00fablico de Porto Alegre","author":"Felipe Uhr","date":"24 de novembro de 2021","format":false,"excerpt":"Foi aprovado por 24 favor\u00e1veis e oito contr\u00e1rios o projeto que retira oito isen\u00e7\u00f5es do transporte p\u00fablico em Porto Alegre. Permanecer\u00e3o isentos idosos acima de 65 anos, brigadianos em servi\u00e7o, assistidos da FASE,FASC e FPE e acompanhantes, pessoas com defici\u00eancia e acompanhantes, portadores de HIV\u00a0 e estudantes de baixa renda.\u2026","rel":"","context":"Em &quot;Geral-MAT\u00c9RIA&quot;","block_context":{"text":"Geral-MAT\u00c9RIA","link":"https:\/\/www.jornalja.com.br\/geral\/category\/geral\/"},"img":{"alt_text":"","src":"https:\/\/i0.wp.com\/www.jornalja.com.br\/geral\/wp-content\/uploads\/sites\/4\/2021\/11\/ede-9031.jpg?resize=350%2C200&ssl=1","width":350,"height":200,"srcset":"https:\/\/i0.wp.com\/www.jornalja.com.br\/geral\/wp-content\/uploads\/sites\/4\/2021\/11\/ede-9031.jpg?resize=350%2C200&ssl=1 1x, https:\/\/i0.wp.com\/www.jornalja.com.br\/geral\/wp-content\/uploads\/sites\/4\/2021\/11\/ede-9031.jpg?resize=525%2C300&ssl=1 1.5x"},"classes":[]},{"id":83512,"url":"https:\/\/www.jornalja.com.br\/geral\/universidade-de-passo-fundo-vai-realizar-dois-mil-testes-do-coronavirus\/","url_meta":{"origin":79618,"position":5},"title":"Universidade de Passo Fundo vai realizar dois mil testes do coronav\u00edrus","author":"da Reda\u00e7\u00e3o","date":"13 de maio de 2020","format":false,"excerpt":"Os testes para diagn\u00f3stico da covid-19, doen\u00e7a causada pelo coronav\u00edrus SARS-CoV-2, iniciaram nesta semana. A parceria entre a Prefeitura de Passo Fundo e a Universidade de Passo Fundo (UPF), prev\u00ea a realiza\u00e7\u00e3o de dois mil testes, sendo que a capacidade da institui\u00e7\u00e3o \u00e9 de realizar diariamente a an\u00e1lise de 50\u2026","rel":"","context":"Em &quot;Geral-MAT\u00c9RIA&quot;","block_context":{"text":"Geral-MAT\u00c9RIA","link":"https:\/\/www.jornalja.com.br\/geral\/category\/geral\/"},"img":{"alt_text":"","src":"https:\/\/i0.wp.com\/www.jornalja.com.br\/geral\/wp-content\/uploads\/sites\/4\/2020\/05\/UPF-testagem_13052020_Luiz-Carlos-Kreutz_UPF-scaled.jpg?resize=350%2C200&ssl=1","width":350,"height":200,"srcset":"https:\/\/i0.wp.com\/www.jornalja.com.br\/geral\/wp-content\/uploads\/sites\/4\/2020\/05\/UPF-testagem_13052020_Luiz-Carlos-Kreutz_UPF-scaled.jpg?resize=350%2C200&ssl=1 1x, https:\/\/i0.wp.com\/www.jornalja.com.br\/geral\/wp-content\/uploads\/sites\/4\/2020\/05\/UPF-testagem_13052020_Luiz-Carlos-Kreutz_UPF-scaled.jpg?resize=525%2C300&ssl=1 1.5x, https:\/\/i0.wp.com\/www.jornalja.com.br\/geral\/wp-content\/uploads\/sites\/4\/2020\/05\/UPF-testagem_13052020_Luiz-Carlos-Kreutz_UPF-scaled.jpg?resize=700%2C400&ssl=1 2x"},"classes":[]}],"jetpack_sharing_enabled":true,"_links":{"self":[{"href":"https:\/\/www.jornalja.com.br\/geral\/wp-json\/wp\/v2\/posts\/79618","targetHints":{"allow":["GET"]}}],"collection":[{"href":"https:\/\/www.jornalja.com.br\/geral\/wp-json\/wp\/v2\/posts"}],"about":[{"href":"https:\/\/www.jornalja.com.br\/geral\/wp-json\/wp\/v2\/types\/post"}],"author":[{"embeddable":true,"href":"https:\/\/www.jornalja.com.br\/geral\/wp-json\/wp\/v2\/users\/4"}],"replies":[{"embeddable":true,"href":"https:\/\/www.jornalja.com.br\/geral\/wp-json\/wp\/v2\/comments?post=79618"}],"version-history":[{"count":0,"href":"https:\/\/www.jornalja.com.br\/geral\/wp-json\/wp\/v2\/posts\/79618\/revisions"}],"wp:featuredmedia":[{"embeddable":true,"href":"https:\/\/www.jornalja.com.br\/geral\/wp-json\/"}],"wp:attachment":[{"href":"https:\/\/www.jornalja.com.br\/geral\/wp-json\/wp\/v2\/media?parent=79618"}],"wp:term":[{"taxonomy":"category","embeddable":true,"href":"https:\/\/www.jornalja.com.br\/geral\/wp-json\/wp\/v2\/categories?post=79618"},{"taxonomy":"post_tag","embeddable":true,"href":"https:\/\/www.jornalja.com.br\/geral\/wp-json\/wp\/v2\/tags?post=79618"}],"curies":[{"name":"wp","href":"https:\/\/api.w.org\/{rel}","templated":true}]}}