{"id":80615,"date":"2020-01-20T07:31:51","date_gmt":"2020-01-20T10:31:51","guid":{"rendered":"https:\/\/www.jornalja.com.br\/?p=80615"},"modified":"2020-01-20T07:31:51","modified_gmt":"2020-01-20T10:31:51","slug":"mes-da-visibilidade-trans-une-secretarias-contra-o-preconceito","status":"publish","type":"post","link":"https:\/\/www.jornalja.com.br\/geral\/mes-da-visibilidade-trans-une-secretarias-contra-o-preconceito\/","title":{"rendered":"M\u00eas da Visibilidade Trans une secretarias contra o preconceito"},"content":{"rendered":"<p>No m\u00eas em que se celebra no Brasil o Dia da Visibilidade Trans (29 de janeiro), diversas secretarias do Estado estar\u00e3o envolvidas em atividades para a comunidade trans e propor reflex\u00f5es sobre identidade de g\u00eanero, liberdade e direitos humanos.<br \/>\nA data foi criada em 2004, quando, pela primeira vez, travestis e transexuais foram ao Congresso Nacional cobrar dos parlamentares pol\u00edticas de igualdade e lan\u00e7ar a campanha nacional \u201cTravesti e Respeito\u201d \u2013 a primeira organizada por transexuais para a promo\u00e7\u00e3o do respeito e da cidadania.<br \/>\nO preconceito, a baixa escolaridade, o desemprego, a discrimina\u00e7\u00e3o e a viol\u00eancia fazem do Brasil o pa\u00eds que mais mata transexuais no mundo.<br \/>\nEnquanto a expectativa de vida m\u00e9dia da popula\u00e7\u00e3o brasileira \u00e9 de 74 anos, segundo o IBGE, a das pessoas trans \u00e9 de apenas 35 anos.<br \/>\n\u201cO cen\u00e1rio d\u00e1 a dimens\u00e3o da urg\u00eancia com que a sociedade brasileira deve ser sensibilizada para a constru\u00e7\u00e3o da cultura de paz e respeito\u201d, afirma a assessora de Diversidade da Secretaria da Cultura, Gabriella Meindrad.<br \/>\nSegundo ela, os casos de assassinato de pessoas LGBT no Brasil corresponde a quase 50% do total mundial.<br \/>\nA programa\u00e7\u00e3o do M\u00eas da Visibilidade Trans ocorre de 22 a 31 de janeiro, reunindo as secretarias da Cultura; de Justi\u00e7a, Cidadania e Direitos Humanos; da Educa\u00e7\u00e3o; de Planejamento, Or\u00e7amento e Gest\u00e3o; e de Seguran\u00e7a P\u00fablica.<br \/>\nCursos<br \/>\nO programa RS Criativo, da Secretaria da Cultura, instalado no 3\u00ba andar da Casa de Cultura Mario Quintana (Rua dos Andradas, 736), realiza dois cursos de capacita\u00e7\u00e3o para a comunidade trans: \u201cInova\u00e7\u00e3o de m\u00eddia: al\u00e9m do feij\u00e3o com arroz\u201d, nos dias 22 e 29, das 9h \u00e0s 13h, e \u201cProdu\u00e7\u00e3o de conte\u00fado para redes sociais: relev\u00e2ncia e engajamento ao alcance de pequenos neg\u00f3cios\u201d, nos dias 23 e 30, das 14h \u00e0s 17h. Inscri\u00e7\u00f5es no site da Secretaria da Cultura.<br \/>\nFotografia<br \/>\nNo dia 24, \u00e0s 10h, no audit\u00f3rio do andar t\u00e9rreo do Centro Administrativo Fernando Ferrari (Caff), ser\u00e1 aberta a exposi\u00e7\u00e3o fotogr\u00e1fica \u201cEm nome de todas\u201d, organizada pela Secretaria de Justi\u00e7a, Cidadania e Direitos Humanos, por meio da Coordenadoria Estadual de Diversidade Sexual. A mostra destaca a viv\u00eancia de transexuais, algumas j\u00e1 falecidas. \u201cA exposi\u00e7\u00e3o deve despertar a conscientiza\u00e7\u00e3o sobre o n\u00famero de mortes e a viol\u00eancia sofrida especialmente por trans, no Rio Grande do Sul\u201d, afirma o coordenador de Diversidade Sexual do Estado, L\u00e9o Beone. A exposi\u00e7\u00e3o \u00e9 gratuita, aberta ao p\u00fablico e pode ser visitada at\u00e9 31 de janeiro, das 8h30 \u00e0s 18h.<br \/>\nInterven\u00e7\u00e3o cultural<br \/>\nDia 25, das 18h \u00e0s 22h, o Museu de Arte Contempor\u00e2nea (MACRS) promove a interven\u00e7\u00e3o cultural &#8220;Entre sem (me) bater&#8221;, com curadoria de Val\u00e9ria Barcellos. O evento ser\u00e1 realizado na futura sede do museu, na rua Comendador Azevedo, 256, bairro Floresta, 4\u00ba Distrito de Porto Alegre.<br \/>\nCinema<br \/>\nDia 27, o Museu da Comunica\u00e7\u00e3o Hip\u00f3lito Jos\u00e9 da Costa (Rua dos Andradas, 959) exibe o filme \u201cMeninos n\u00e3o choram\u201d, \u00e0s 19h, seguido de debate promovido pelo Museu Antropol\u00f3gico do RS. Esta atividade tem apoio do Coletivo para Educa\u00e7\u00e3o Popular TransEnem \u2013 Por uma educa\u00e7\u00e3o emancipadora e plural, de Porto Alegre.<br \/>\nA Cinemateca Paulo Amorim, no t\u00e9rreo na Casa de Cultura Mario Quintana, vai exibir e debater outros tr\u00eas filmes com tem\u00e1tica trans: \u201cMinha vida em cor de rosa\u201d (28\/1), \u201cDivinas divas\u201d (29\/1) e \u201cTransam\u00e9rica\u201d (30\/1), sempre \u00e0s 19h30.<br \/>\nPol\u00edticas de seguran\u00e7a<br \/>\nNo dia 29, \u00e0s 10h, o espa\u00e7o para debates se amplia com roda de conversa e relatos de viv\u00eancias e mem\u00f3rias sobre visibilidade trans no Memorial do RS (Rua 7 de setembro, 1.020). A atividade \u00e9 realizada pelo Museu Antropol\u00f3gico, com a participa\u00e7\u00e3o da Secretaria da Seguran\u00e7a P\u00fablica, por meio do Departamento de Prote\u00e7\u00e3o a Grupos Vulner\u00e1veis (DPGV), que abordar\u00e1 as pol\u00edticas de seguran\u00e7a e dar\u00e1 esclarecimentos sobre o encaminhamento da popula\u00e7\u00e3o trans \u00e0s Delegacias Especializadas de Atendimento \u00e0 Mulher (DEAMs). Esta atividade tamb\u00e9m tem apoio do TransEnem.<br \/>\nRegi\u00e3o Metropolitana<br \/>\nDia 29, das 9h \u00e0s 15h, no cal\u00e7ad\u00e3o de Canoas, haver\u00e1 apresenta\u00e7\u00f5es art\u00edsticas e distribui\u00e7\u00e3o de material informativo e preservativos. \u00c0s 18h30, no Audit\u00f3rio Sady Schivitz, na prefeitura (Rua Quinze de Janeiro, 11, Centro), ocorre a terceira edi\u00e7\u00e3o do Cine Diversidade, com apresenta\u00e7\u00e3o do document\u00e1rio \u201c(Com)Viv\u00eancias\u201d, produzido por M\u00f4nica de Souza Chaves. Ap\u00f3s, a produtora promove uma roda de conversa para debater a vida de mulheres trans da regi\u00e3o metropolitana de Porto Alegre. As atividades s\u00e3o promovidas pela Diretoria das Pol\u00edticas das Diversidades e Comunidades Tradicionais da prefeitura de Canoas.<br \/>\nTrof\u00e9u RS sem Preconceito<br \/>\nNo encerramento da programa\u00e7\u00e3o, dia 31 de janeiro, \u00e0s 14h, o Trof\u00e9u RS sem Preconceito ser\u00e1 entregue no audit\u00f3rio do t\u00e9rreo do Caff. \u201cA entrega faz parte da campanha estadual que leva o mesmo nome do trof\u00e9u, lan\u00e7ada no dia 24 de janeiro. A inten\u00e7\u00e3o \u00e9 prestar agradecimento aos servi\u00e7os volunt\u00e1rios de transexuais de todo o Estado, no combate \u00e0 discrimina\u00e7\u00e3o e \u00e0 transfobia\u201d, explica L\u00e9o Beone.<br \/>\n&nbsp;<\/p>\n","protected":false},"excerpt":{"rendered":"<p>No m\u00eas em que se celebra no Brasil o Dia da Visibilidade Trans (29 de janeiro), diversas secretarias do Estado estar\u00e3o envolvidas em atividades para a comunidade trans e propor reflex\u00f5es sobre identidade de g\u00eanero, liberdade e direitos humanos. A data foi criada em 2004, quando, pela primeira vez, travestis e transexuais foram ao Congresso [&hellip;]<\/p>\n","protected":false},"author":4,"featured_media":80616,"comment_status":"open","ping_status":"closed","sticky":false,"template":"","format":"standard","meta":{"jetpack_post_was_ever_published":false,"_jetpack_newsletter_access":"","_jetpack_dont_email_post_to_subs":false,"_jetpack_newsletter_tier_id":0,"_jetpack_memberships_contains_paywalled_content":false,"_jetpack_memberships_contains_paid_content":false,"footnotes":"","jetpack_publicize_message":"","jetpack_publicize_feature_enabled":true,"jetpack_social_post_already_shared":true,"jetpack_social_options":{"image_generator_settings":{"template":"highway","default_image_id":0,"font":"","enabled":false},"version":2}},"categories":[2],"tags":[],"class_list":["post-80615","post","type-post","status-publish","format-standard","has-post-thumbnail","hentry","category-geral"],"aioseo_notices":[],"jetpack_publicize_connections":[],"jetpack_featured_media_url":"https:\/\/www.jornalja.com.br\/geral\/wp-content\/uploads\/sites\/4\/2020\/01\/Trans-foto-PR.jpg","jetpack_shortlink":"https:\/\/wp.me\/pbKhrD-kYf","jetpack-related-posts":[{"id":84357,"url":"https:\/\/www.jornalja.com.br\/geral\/89-assassinatos-em-seis-meses-recorde-de-violencia-contra-pessoas-trans-no-brasil\/","url_meta":{"origin":80615,"position":0},"title":"89 assassinatos em seis meses, recorde de viol\u00eancia contra pessoas trans no Brasil","author":"da Reda\u00e7\u00e3o","date":"29 de junho de 2020","format":false,"excerpt":"No primeiro semestre deste ano, 89 pessoas transg\u00eanero foram assassinadas no Brasil, revela uma pesquisa. \u00c9 um aumento de 39% na compara\u00e7\u00e3o com o mesmo per\u00edodo de 2019, de acordo com a Associa\u00e7\u00e3o Nacional de Travestis e Transexuais (Antra). Para a entidade, os n\u00fameros \"escancaram como a omiss\u00e3o de autoridades\u2026","rel":"","context":"Em &quot;Geral-MAT\u00c9RIA&quot;","block_context":{"text":"Geral-MAT\u00c9RIA","link":"https:\/\/www.jornalja.com.br\/geral\/category\/geral\/"},"img":{"alt_text":"","src":"https:\/\/i0.wp.com\/www.jornalja.com.br\/geral\/wp-content\/uploads\/sites\/4\/2020\/06\/929655-homofobia-9-scaled.jpg?resize=350%2C200&ssl=1","width":350,"height":200,"srcset":"https:\/\/i0.wp.com\/www.jornalja.com.br\/geral\/wp-content\/uploads\/sites\/4\/2020\/06\/929655-homofobia-9-scaled.jpg?resize=350%2C200&ssl=1 1x, https:\/\/i0.wp.com\/www.jornalja.com.br\/geral\/wp-content\/uploads\/sites\/4\/2020\/06\/929655-homofobia-9-scaled.jpg?resize=525%2C300&ssl=1 1.5x, https:\/\/i0.wp.com\/www.jornalja.com.br\/geral\/wp-content\/uploads\/sites\/4\/2020\/06\/929655-homofobia-9-scaled.jpg?resize=700%2C400&ssl=1 2x"},"classes":[]},{"id":94909,"url":"https:\/\/www.jornalja.com.br\/geral\/ambulatorio-trans-acompanha-mais-de-16-mil-pessoas-em-porto-alegre\/","url_meta":{"origin":80615,"position":1},"title":"Ambulat\u00f3rio Trans acompanha mais de 1,6 mil pessoas em Porto Alegre","author":"da Reda\u00e7\u00e3o","date":"17 de janeiro de 2023","format":false,"excerpt":"Em Porto Alegre, \u00a01.643 pessoas recebem acompanhamento nos dois ambulat\u00f3rios voltados ao p\u00fablico transexual. Ao longo de 2022, o setor teve avan\u00e7os importantes no sentido de ampliar o atendimento a essa popula\u00e7\u00e3o. Em\u00a0abril, foi inaugurado o Ambulat\u00f3rio T Zona Sul, que funciona na Cl\u00ednica da Fam\u00edlia \u00c1lvaro Difini, bairro Restinga.\u2026","rel":"","context":"Em &quot;Geral-MAT\u00c9RIA&quot;","block_context":{"text":"Geral-MAT\u00c9RIA","link":"https:\/\/www.jornalja.com.br\/geral\/category\/geral\/"},"img":{"alt_text":"","src":"https:\/\/i0.wp.com\/www.jornalja.com.br\/geral\/wp-content\/uploads\/sites\/4\/2023\/01\/ambulatorio-trans-2.jpg?resize=350%2C200&ssl=1","width":350,"height":200,"srcset":"https:\/\/i0.wp.com\/www.jornalja.com.br\/geral\/wp-content\/uploads\/sites\/4\/2023\/01\/ambulatorio-trans-2.jpg?resize=350%2C200&ssl=1 1x, https:\/\/i0.wp.com\/www.jornalja.com.br\/geral\/wp-content\/uploads\/sites\/4\/2023\/01\/ambulatorio-trans-2.jpg?resize=525%2C300&ssl=1 1.5x, https:\/\/i0.wp.com\/www.jornalja.com.br\/geral\/wp-content\/uploads\/sites\/4\/2023\/01\/ambulatorio-trans-2.jpg?resize=700%2C400&ssl=1 2x, https:\/\/i0.wp.com\/www.jornalja.com.br\/geral\/wp-content\/uploads\/sites\/4\/2023\/01\/ambulatorio-trans-2.jpg?resize=1050%2C600&ssl=1 3x, https:\/\/i0.wp.com\/www.jornalja.com.br\/geral\/wp-content\/uploads\/sites\/4\/2023\/01\/ambulatorio-trans-2.jpg?resize=1400%2C800&ssl=1 4x"},"classes":[]},{"id":76842,"url":"https:\/\/www.jornalja.com.br\/geral\/deputada-quer-proibir-terapia-hormonal-para-criancas-e-adolescentes-trans\/","url_meta":{"origin":80615,"position":2},"title":"Deputada quer proibir terapia hormonal para crian\u00e7as e adolescentes trans","author":"Carlos Matsubara","date":"29 de agosto de 2019","format":false,"excerpt":"\u00a0 Uma emenda a um projeto de lei que tramita na Assembleia Legislativa de S\u00e3o Paulo quer proibir a oferta de terapia hormonal a crian\u00e7as e adolescentes transexuais menores de 18 anos e a cirurgia de redesigna\u00e7\u00e3o sexual a menores de 21 anos pelas redes p\u00fablica e privada paulistas. A\u2026","rel":"","context":"Em &quot;Geral-MAT\u00c9RIA&quot;","block_context":{"text":"Geral-MAT\u00c9RIA","link":"https:\/\/www.jornalja.com.br\/geral\/category\/geral\/"},"img":{"alt_text":"","src":"https:\/\/i0.wp.com\/www.jornalja.com.br\/wp-content\/uploads\/2019\/08\/15670399355d6721bfc5a44_1567039935_2x3_lg-300x450.jpg?resize=350%2C200&ssl=1","width":350,"height":200},"classes":[]},{"id":76265,"url":"https:\/\/www.jornalja.com.br\/geral\/sine-municipal-tem-cursos-gratuitos-para-populacao-lgbtqi\/","url_meta":{"origin":80615,"position":3},"title":"Sine Municipal tem cursos gratuitos para popula\u00e7\u00e3o LGBTQI+","author":"Carlos Matsubara","date":"13 de agosto de 2019","format":false,"excerpt":"Cursos presenciais e \u00e0 dist\u00e2ncia para a popula\u00e7\u00e3o LGBTQI+ ser\u00e3o disponibilizados nesta ter\u00e7a-feira, 13, \u00e0s 13h30, no Sine Municipal (avenida Sep\u00falveda esquina com Mau\u00e1). As inscri\u00e7\u00f5es devem ser feitas pelo telefone (51) 99108-3449 ou pelo e-mail\u00a0grupodesobedeca@gmail.com.\u00a0A promo\u00e7\u00e3o da Coordenadoria da Diversidade Sexual e de G\u00eanero da Secretaria Municipal de Desenvolvimento\u2026","rel":"","context":"Em &quot;Geral-MAT\u00c9RIA&quot;","block_context":{"text":"Geral-MAT\u00c9RIA","link":"https:\/\/www.jornalja.com.br\/geral\/category\/geral\/"},"img":{"alt_text":"","src":"","width":0,"height":0},"classes":[]},{"id":86768,"url":"https:\/\/www.jornalja.com.br\/geral\/quem-vai-resolver-as-coisas-no-pais-e-a-cidadania-autonoma-diz-sociologo\/","url_meta":{"origin":80615,"position":4},"title":"&#8220;Quem vai resolver as coisas no pa\u00eds \u00e9 a cidadania aut\u00f4noma&#8221;, diz soci\u00f3logo","author":"da Reda\u00e7\u00e3o","date":"7 de dezembro de 2020","format":false,"excerpt":"Eduardo Maretti, da RBA A taxa de desemprego vem batendo recordes,\u00a0chegando a 14,6% no trimestre encerrado em setembro\u00a0(14 milh\u00f5es de pessoas), segundo o IBGE. O\u00a0Produto Interno Bruto (PIB) do pa\u00eds caiu 3,9%\u00a0em rela\u00e7\u00e3o ao mesmo per\u00edodo de 2019, com retra\u00e7\u00e3o de 3,4% no acumulado em 12 meses. Mas o cen\u00e1rio\u2026","rel":"","context":"Em &quot;Geral-MAT\u00c9RIA&quot;","block_context":{"text":"Geral-MAT\u00c9RIA","link":"https:\/\/www.jornalja.com.br\/geral\/category\/geral\/"},"img":{"alt_text":"","src":"https:\/\/i0.wp.com\/www.jornalja.com.br\/geral\/wp-content\/uploads\/sites\/4\/2020\/12\/50678344648-15a4c6da6e-k.jpg?resize=350%2C200&ssl=1","width":350,"height":200,"srcset":"https:\/\/i0.wp.com\/www.jornalja.com.br\/geral\/wp-content\/uploads\/sites\/4\/2020\/12\/50678344648-15a4c6da6e-k.jpg?resize=350%2C200&ssl=1 1x, https:\/\/i0.wp.com\/www.jornalja.com.br\/geral\/wp-content\/uploads\/sites\/4\/2020\/12\/50678344648-15a4c6da6e-k.jpg?resize=525%2C300&ssl=1 1.5x, https:\/\/i0.wp.com\/www.jornalja.com.br\/geral\/wp-content\/uploads\/sites\/4\/2020\/12\/50678344648-15a4c6da6e-k.jpg?resize=700%2C400&ssl=1 2x, https:\/\/i0.wp.com\/www.jornalja.com.br\/geral\/wp-content\/uploads\/sites\/4\/2020\/12\/50678344648-15a4c6da6e-k.jpg?resize=1050%2C600&ssl=1 3x, https:\/\/i0.wp.com\/www.jornalja.com.br\/geral\/wp-content\/uploads\/sites\/4\/2020\/12\/50678344648-15a4c6da6e-k.jpg?resize=1400%2C800&ssl=1 4x"},"classes":[]},{"id":94787,"url":"https:\/\/www.jornalja.com.br\/geral\/psol-nao-perdoa-quer-bolsonaro-na-cadeia\/","url_meta":{"origin":80615,"position":5},"title":"Psol n\u00e3o perdoa, quer Bolsonaro na cadeia","author":"da Reda\u00e7\u00e3o","date":"3 de janeiro de 2023","format":false,"excerpt":"A bancada do Psol n\u00e3o perdeu tempo. Nesta segunda-feira,2,\u00a0 entrou no Supremo Tribunal Superior com um pedido da pris\u00e3o preventiva contra o ex-presidente Jair Bolsonaro. O pedido vincula Bolsonaro\u00a0 a atos anti-democr\u00e1ticos e incentivo a atos criminosos., como os bloqueios em estradas. \u00c9 pedida tamb\u00e9m a quebra do sigilo telef\u00f4nico\u2026","rel":"","context":"Em &quot;Geral-MAT\u00c9RIA&quot;","block_context":{"text":"Geral-MAT\u00c9RIA","link":"https:\/\/www.jornalja.com.br\/geral\/category\/geral\/"},"img":{"alt_text":"","src":"https:\/\/i0.wp.com\/www.jornalja.com.br\/geral\/wp-content\/uploads\/sites\/4\/2023\/01\/psol-bancada-federal.png?resize=350%2C200&ssl=1","width":350,"height":200},"classes":[]}],"jetpack_sharing_enabled":true,"_links":{"self":[{"href":"https:\/\/www.jornalja.com.br\/geral\/wp-json\/wp\/v2\/posts\/80615","targetHints":{"allow":["GET"]}}],"collection":[{"href":"https:\/\/www.jornalja.com.br\/geral\/wp-json\/wp\/v2\/posts"}],"about":[{"href":"https:\/\/www.jornalja.com.br\/geral\/wp-json\/wp\/v2\/types\/post"}],"author":[{"embeddable":true,"href":"https:\/\/www.jornalja.com.br\/geral\/wp-json\/wp\/v2\/users\/4"}],"replies":[{"embeddable":true,"href":"https:\/\/www.jornalja.com.br\/geral\/wp-json\/wp\/v2\/comments?post=80615"}],"version-history":[{"count":0,"href":"https:\/\/www.jornalja.com.br\/geral\/wp-json\/wp\/v2\/posts\/80615\/revisions"}],"wp:featuredmedia":[{"embeddable":true,"href":"https:\/\/www.jornalja.com.br\/geral\/wp-json\/wp\/v2\/media\/80616"}],"wp:attachment":[{"href":"https:\/\/www.jornalja.com.br\/geral\/wp-json\/wp\/v2\/media?parent=80615"}],"wp:term":[{"taxonomy":"category","embeddable":true,"href":"https:\/\/www.jornalja.com.br\/geral\/wp-json\/wp\/v2\/categories?post=80615"},{"taxonomy":"post_tag","embeddable":true,"href":"https:\/\/www.jornalja.com.br\/geral\/wp-json\/wp\/v2\/tags?post=80615"}],"curies":[{"name":"wp","href":"https:\/\/api.w.org\/{rel}","templated":true}]}}