{"id":82041,"date":"2020-03-11T23:09:03","date_gmt":"2020-03-12T02:09:03","guid":{"rendered":"https:\/\/www.jornalja.com.br\/geral\/?p=82041"},"modified":"2021-11-16T09:10:58","modified_gmt":"2021-11-16T12:10:58","slug":"os-movimentos-de-eduardo-leite-para-unir-o-rio-grande","status":"publish","type":"post","link":"https:\/\/www.jornalja.com.br\/geral\/os-movimentos-de-eduardo-leite-para-unir-o-rio-grande\/","title":{"rendered":"Os movimentos de Eduardo Leite para &#8220;unir o Rio Grande&#8221;"},"content":{"rendered":"<p>Dois fatos divulgados nesta quarta-feira indicam uma inflex\u00e3o na estrat\u00e9gia pol\u00edtica do governador Eduardo Leite.<\/p>\n<p>O primeiro \u00e9 a reuni\u00e3o dos deputados da bancada do Partido dos Trabalhadores\u00a0 com o chefe da Casa Civil do governo estadual, Otomar Vivian, para uma troca de ideias sobre o enfrentamento \u00e0 estiagem que j\u00e1 causa s\u00e9rios preju\u00edzos \u00e0s lavouras.<\/p>\n<p>Emitido na segunda-feira, para a reuni\u00e3o na ter\u00e7a, o convite surpreendeu a bancada do PT, o principal partido de oposi\u00e7\u00e3o ao governo Eduardo Leite (PSDB).<\/p>\n<p>Na reuni\u00e3o da bancada,\u00a0 houve quem tomasse por brincadeira: um governo tucano convidando deputados petistas para saber de a\u00e7\u00f5es acertadas de um governo do PT, num ano de elei\u00e7\u00e3o?<\/p>\n<p>Al\u00e9m do mais, se quisesse saber como o governo Tarso Genro (PT) enfrentou a estiagem em 2011, o governo Eduardo Leite n\u00e3o precisaria ouvir deputados do PT, bastava consultar os arquivos do Piratini.<\/p>\n<p>Foi um gesto pol\u00edtico, entenderam todos. O PT retribuiu, mesmo sem entender bem o significado do convite, e saiu do encontro\u00a0 entendendo menos ainda.<\/p>\n<p>Foi levantada a hip\u00f3tese de ser uma atitude preventiva, ante uma iminente mobiliza\u00e7\u00e3o do MST no Estado, logo descartada ante a constata\u00e7\u00e3o da escassa influ\u00eancia do PT nas decis\u00f5es do MST.<\/p>\n<p>No fim da manh\u00e3 desta quarta-feira 11,\u00a0 24 horas depois do encontro, ainda n\u00e3o havia uma avalia\u00e7\u00e3o na bancada do partido. \u00c9 ineg\u00e1vel, por\u00e9m, a import\u00e2ncia dessa atitude, de ambos os lados.<\/p>\n<p>O segundo fato tamb\u00e9m ocorreu na ter\u00e7a-feira, desta vez no gabinete do governador, onde Eduardo Leite recebeu uma\u00a0 comitiva de deputados de dez partidos, capitaneados pelo ex-governador Pedro Simon (MDB) e o presidente da Assembleia, Ernani Polo (PP).<\/p>\n<p>Eles foram pedir que o governador assuma a lideran\u00e7a de um movimento nacional pelo ressarcimento das perdas de arrecada\u00e7\u00e3o de ICMS causadas pela Lei Kandir.<\/p>\n<p>A Lei Kandir, aprovada em 1996 para estimular as exporta\u00e7\u00f5es, \u00e9 uma das causas principais da crise das finan\u00e7as estaduais.<\/p>\n<p>Um c\u00e1lculo feito pela Secretaria da Fazenda diz que o Rio Grande do Sul tem 67 bilh\u00f5es de reais para receber como ressarcimento pelas perdas com a isen\u00e7\u00e3o total de impostos sobre a exporta\u00e7\u00e3o de produtos prim\u00e1rios.<\/p>\n<p>O estudo da Fazenda que chegou a esse n\u00famero foi feito em agosto. At\u00e9 agora o governador havia evitado esse assunto. Seus porta-vozes dizem que falar em perdas da Lei Kandir &#8220;\u00e9 acreditar em Papai Noel&#8221; ou &#8220;vender ilus\u00f5es&#8221;.<\/p>\n<p>Entende-se. O governador est\u00e1 numa negocia\u00e7\u00e3o, que herdou do governo anterior, para suspender o pagamento da d\u00edvida do Estado com a Uni\u00e3o por seis anos.<\/p>\n<p>Para isso precisaria aderir ao Programa de Ajuste Fiscal transformado em lei no governo Temer e que condiciona o socorro aos Estados, entre outras coisas, \u00e0 n\u00e3o cobran\u00e7a de pend\u00eancias com a Uni\u00e3o, como a Lei Kandir.<\/p>\n<p>Nestas circunst\u00e2ncias, a \u00faltima pessoa a querer pegar a bandeira\u00a0 da Lei Kandir, seria o governador\u00a0 Eduardo Leite.<\/p>\n<p>Ele n\u00e3o assumiu a causa, mas o fato de ter recebido uma frente parlamentar com representantes de dez partidos, tendo como padrinho Pedro Simon, aos 90 anos, \u00e9 revelador.<\/p>\n<p>Embora tenha dito que esta n\u00e3o \u00e9 a solu\u00e7\u00e3o para a crise financeira, Leite determinou a cria\u00e7\u00e3o de um grupo de trabalho com participa\u00e7\u00e3o da Secretaria da Fazenda, e sugeriu uma articula\u00e7\u00e3o com os demais governadores mobilizados.<\/p>\n<p>Esses dois movimentos do governador se decifrar\u00e3o nos pr\u00f3ximos dias, provavelmente.<\/p>\n<p>Por enquanto o que eles indicam, claramente,\u00a0 \u00e9 que Eduardo Leite est\u00e1 levando a s\u00e9rio aquela senten\u00e7a que corre no meio pol\u00edtico, de que ele s\u00f3 ter\u00e1\u00a0 chance no plano nacional se conseguir &#8220;unir o Rio Grande&#8221;.<\/p>\n<p>Sen\u00e3o, ser\u00e1 o d\u00e9cimo governador tragado pelo buraco do d\u00e9ficit p\u00fablico. O primeiro foi exatamente Pedro Simon.<\/p>\n","protected":false},"excerpt":{"rendered":"<p>Dois fatos divulgados nesta quarta-feira indicam uma inflex\u00e3o na estrat\u00e9gia pol\u00edtica do governador Eduardo Leite. O primeiro \u00e9 a reuni\u00e3o dos deputados da bancada do Partido dos Trabalhadores\u00a0 com o chefe da Casa Civil do governo estadual, Otomar Vivian, para uma troca de ideias sobre o enfrentamento \u00e0 estiagem que j\u00e1 causa s\u00e9rios preju\u00edzos \u00e0s [&hellip;]<\/p>\n","protected":false},"author":5,"featured_media":82062,"comment_status":"open","ping_status":"open","sticky":false,"template":"","format":"standard","meta":{"jetpack_post_was_ever_published":false,"_jetpack_newsletter_access":"","_jetpack_dont_email_post_to_subs":false,"_jetpack_newsletter_tier_id":0,"_jetpack_memberships_contains_paywalled_content":false,"_jetpack_memberships_contains_paid_content":false,"footnotes":"","jetpack_publicize_message":"","jetpack_publicize_feature_enabled":true,"jetpack_social_post_already_shared":true,"jetpack_social_options":{"image_generator_settings":{"template":"highway","default_image_id":0,"font":"","enabled":false},"version":2}},"categories":[2],"tags":[81,32,82,33,13,15],"class_list":["post-82041","post","type-post","status-publish","format-standard","has-post-thumbnail","hentry","category-geral","tag-crise-financeira","tag-eduardo-leite","tag-ernani-polo","tag-lei-kandir","tag-pedro-simon","tag-rs"],"aioseo_notices":[],"jetpack_publicize_connections":[],"jetpack_featured_media_url":"https:\/\/www.jornalja.com.br\/geral\/wp-content\/uploads\/sites\/4\/2020\/03\/Leite-recebe-representantes-de-dez-partidos-para-ouvir-sobre-a-Lei-Kandir.-Foto-Felipe-Dalla-Valle-Pal\u00e1cio-Piratini.jpg","jetpack_shortlink":"https:\/\/wp.me\/pbKhrD-llf","jetpack-related-posts":[{"id":100399,"url":"https:\/\/www.jornalja.com.br\/geral\/pt-e-pp-terao-maioria-na-cpi-dos-pedagios-leite-diz-que-governo-nao-se-acovardara\/","url_meta":{"origin":82041,"position":0},"title":"PT e PP ter\u00e3o maioria na CPI dos Ped\u00e1gios; Leite diz que governo &#8220;n\u00e3o se acovardar\u00e1&#8221;","author":"da Reda\u00e7\u00e3o","date":"15 de dezembro de 2025","format":false,"excerpt":"Ser\u00e1 instalada nesta ter\u00e7a-feira,\u00a0 CPI dos Ped\u00e1gios, para investigar os contratos de concess\u00e3o de rodovias pelo governo do Estado do Rio Grande do Sul. O in\u00edcio efetivo das atividades ser\u00e1 na sexta-feira (19), quando os titulares se re\u00fanem pela primeira vez para definir o relator, o vice-presidente e o plano\u2026","rel":"","context":"Em &quot;Geral-MAT\u00c9RIA&quot;","block_context":{"text":"Geral-MAT\u00c9RIA","link":"https:\/\/www.jornalja.com.br\/geral\/category\/geral\/"},"img":{"alt_text":"","src":"https:\/\/i0.wp.com\/www.jornalja.com.br\/geral\/wp-content\/uploads\/sites\/4\/2025\/12\/eduardo-leite-pedagios.jpeg?resize=350%2C200&ssl=1","width":350,"height":200,"srcset":"https:\/\/i0.wp.com\/www.jornalja.com.br\/geral\/wp-content\/uploads\/sites\/4\/2025\/12\/eduardo-leite-pedagios.jpeg?resize=350%2C200&ssl=1 1x, https:\/\/i0.wp.com\/www.jornalja.com.br\/geral\/wp-content\/uploads\/sites\/4\/2025\/12\/eduardo-leite-pedagios.jpeg?resize=525%2C300&ssl=1 1.5x, https:\/\/i0.wp.com\/www.jornalja.com.br\/geral\/wp-content\/uploads\/sites\/4\/2025\/12\/eduardo-leite-pedagios.jpeg?resize=700%2C400&ssl=1 2x"},"classes":[]},{"id":100908,"url":"https:\/\/www.jornalja.com.br\/geral\/com-pressao-de-cpi-e-auditoria-do-tce-governo-leite-adia-leilao-para-concessao-de-rodovias\/","url_meta":{"origin":82041,"position":1},"title":"Com press\u00e3o de CPI e auditoria do TCE, governo Leite adia leil\u00e3o para concess\u00e3o de rodovias","author":"da Reda\u00e7\u00e3o","date":"3 de mar\u00e7o de 2026","format":false,"excerpt":"O governador Eduardo Leite, em coletiva de imprensa realizada no Pal\u00e1cio Piratini nesta ter\u00e7a-feira (3\/3), prometeu uma redu\u00e7\u00e3o da tarifa e mudan\u00e7a na data do leil\u00e3o do Bloco 2 de rodovias no Estado. O bloco envolve estradas localizadas no Vale do Taquari e Norte do Rio Grande Sul. A tarifa\u2026","rel":"","context":"Em &quot;Geral-MAT\u00c9RIA&quot;","block_context":{"text":"Geral-MAT\u00c9RIA","link":"https:\/\/www.jornalja.com.br\/geral\/category\/geral\/"},"img":{"alt_text":"","src":"https:\/\/i0.wp.com\/www.jornalja.com.br\/geral\/wp-content\/uploads\/sites\/4\/2026\/03\/leite-faz-anuncio-no-palacio-piratini-sobre-bloco-2-de-rodovias-fev26.jpg?resize=350%2C200&ssl=1","width":350,"height":200,"srcset":"https:\/\/i0.wp.com\/www.jornalja.com.br\/geral\/wp-content\/uploads\/sites\/4\/2026\/03\/leite-faz-anuncio-no-palacio-piratini-sobre-bloco-2-de-rodovias-fev26.jpg?resize=350%2C200&ssl=1 1x, https:\/\/i0.wp.com\/www.jornalja.com.br\/geral\/wp-content\/uploads\/sites\/4\/2026\/03\/leite-faz-anuncio-no-palacio-piratini-sobre-bloco-2-de-rodovias-fev26.jpg?resize=525%2C300&ssl=1 1.5x, https:\/\/i0.wp.com\/www.jornalja.com.br\/geral\/wp-content\/uploads\/sites\/4\/2026\/03\/leite-faz-anuncio-no-palacio-piratini-sobre-bloco-2-de-rodovias-fev26.jpg?resize=700%2C400&ssl=1 2x, https:\/\/i0.wp.com\/www.jornalja.com.br\/geral\/wp-content\/uploads\/sites\/4\/2026\/03\/leite-faz-anuncio-no-palacio-piratini-sobre-bloco-2-de-rodovias-fev26.jpg?resize=1050%2C600&ssl=1 3x, https:\/\/i0.wp.com\/www.jornalja.com.br\/geral\/wp-content\/uploads\/sites\/4\/2026\/03\/leite-faz-anuncio-no-palacio-piratini-sobre-bloco-2-de-rodovias-fev26.jpg?resize=1400%2C800&ssl=1 4x"},"classes":[]},{"id":100009,"url":"https:\/\/www.jornalja.com.br\/geral\/cpi-comecou-quente-com-denuncia-de-propina-e-testemunho-de-empresario\/","url_meta":{"origin":82041,"position":2},"title":"CPI come\u00e7ou quente com den\u00fancia e testemunho de empres\u00e1rio que pagou popina","author":"Elmar Bones","date":"13 de outubro de 2025","format":false,"excerpt":"O primeiro depoimento \u00e0 CPI do DMAE, em 14 de julho, foi da deputada Luciana Genro (PSOL) ouvida como testemunha. Ela relatou a den\u00fancia que lhe foi\u00a0 apresentada em 2023, pelo empres\u00e1rio Lu\u00eds Fran\u00e7a, ent\u00e3o executivo da empresa MG, que prestava servi\u00e7os \u00e0 Prefeitura de Porto Alegre. A MG tinha\u2026","rel":"","context":"Em &quot;Geral-MAT\u00c9RIA&quot;","block_context":{"text":"Geral-MAT\u00c9RIA","link":"https:\/\/www.jornalja.com.br\/geral\/category\/geral\/"},"img":{"alt_text":"","src":"https:\/\/i0.wp.com\/www.jornalja.com.br\/geral\/wp-content\/uploads\/sites\/4\/2025\/10\/cpi-dmae-franca-empresario.png?resize=350%2C200&ssl=1","width":350,"height":200,"srcset":"https:\/\/i0.wp.com\/www.jornalja.com.br\/geral\/wp-content\/uploads\/sites\/4\/2025\/10\/cpi-dmae-franca-empresario.png?resize=350%2C200&ssl=1 1x, https:\/\/i0.wp.com\/www.jornalja.com.br\/geral\/wp-content\/uploads\/sites\/4\/2025\/10\/cpi-dmae-franca-empresario.png?resize=525%2C300&ssl=1 1.5x"},"classes":[]},{"id":97562,"url":"https:\/\/www.jornalja.com.br\/geral\/enchente-pt-acusa-eduardo-leite-de-criar-conflito-para-esconder-apoio-do-governo-federal\/","url_meta":{"origin":82041,"position":3},"title":"Enchente: PT acusa Eduardo Leite de criar conflito para esconder apoio do governo federal","author":"da Reda\u00e7\u00e3o","date":"17 de julho de 2024","format":false,"excerpt":"\u201cSaia dessa rota de conflito, governador. Trabalhe! Saia dessa posi\u00e7\u00e3o de ser um comentarista das a\u00e7\u00f5es do governo (federal) e honre o cargo de governador que o senhor ocupa neste momento\u201d. O recado foi dado pelo novo l\u00edder da bancada do PT na Assembleia Legislativa, deputado Miguel Rossetto, na sess\u00e3o\u2026","rel":"","context":"Em &quot;Geral-MAT\u00c9RIA&quot;","block_context":{"text":"Geral-MAT\u00c9RIA","link":"https:\/\/www.jornalja.com.br\/geral\/category\/geral\/"},"img":{"alt_text":"","src":"https:\/\/i0.wp.com\/www.jornalja.com.br\/geral\/wp-content\/uploads\/sites\/4\/2024\/07\/enchente-miguel-rossetto-critica-leite-pelo-conflito-com-lula.jpg?resize=350%2C200&ssl=1","width":350,"height":200,"srcset":"https:\/\/i0.wp.com\/www.jornalja.com.br\/geral\/wp-content\/uploads\/sites\/4\/2024\/07\/enchente-miguel-rossetto-critica-leite-pelo-conflito-com-lula.jpg?resize=350%2C200&ssl=1 1x, https:\/\/i0.wp.com\/www.jornalja.com.br\/geral\/wp-content\/uploads\/sites\/4\/2024\/07\/enchente-miguel-rossetto-critica-leite-pelo-conflito-com-lula.jpg?resize=525%2C300&ssl=1 1.5x, https:\/\/i0.wp.com\/www.jornalja.com.br\/geral\/wp-content\/uploads\/sites\/4\/2024\/07\/enchente-miguel-rossetto-critica-leite-pelo-conflito-com-lula.jpg?resize=700%2C400&ssl=1 2x, https:\/\/i0.wp.com\/www.jornalja.com.br\/geral\/wp-content\/uploads\/sites\/4\/2024\/07\/enchente-miguel-rossetto-critica-leite-pelo-conflito-com-lula.jpg?resize=1050%2C600&ssl=1 3x"},"classes":[]},{"id":99001,"url":"https:\/\/www.jornalja.com.br\/geral\/documentario-pt-diz-que-eduardo-leite-faz-promocao-pessoal-com-dinheiro-publico\/","url_meta":{"origin":82041,"position":4},"title":"Document\u00e1rio: PT diz que Eduardo Leite faz promo\u00e7\u00e3o pessoal com dinheiro p\u00fablico","author":"da Reda\u00e7\u00e3o","date":"19 de maio de 2025","format":false,"excerpt":"\"Autopromo\u00e7\u00e3o com recursos p\u00fablicos\", \u00e9 a acusa\u00e7\u00e3o que o Partido dos Trabalhadores levou ao Minist\u00e9rio P\u00fablico do Rio Grande do Sul contra o governador Eduardo Leite (PSDB). O alvo \u00e9 o document\u00e1rio \u201cTodos N\u00f3s por Todos N\u00f3s\u201d, lan\u00e7ado para marcar um ano das enchentes de maio de 2024 no estado.\u2026","rel":"","context":"Em &quot;Geral-MAT\u00c9RIA&quot;","block_context":{"text":"Geral-MAT\u00c9RIA","link":"https:\/\/www.jornalja.com.br\/geral\/category\/geral\/"},"img":{"alt_text":"","src":"https:\/\/i0.wp.com\/www.jornalja.com.br\/geral\/wp-content\/uploads\/sites\/4\/2025\/05\/eduardo-leite-doc.jpg?resize=350%2C200&ssl=1","width":350,"height":200,"srcset":"https:\/\/i0.wp.com\/www.jornalja.com.br\/geral\/wp-content\/uploads\/sites\/4\/2025\/05\/eduardo-leite-doc.jpg?resize=350%2C200&ssl=1 1x, https:\/\/i0.wp.com\/www.jornalja.com.br\/geral\/wp-content\/uploads\/sites\/4\/2025\/05\/eduardo-leite-doc.jpg?resize=525%2C300&ssl=1 1.5x, https:\/\/i0.wp.com\/www.jornalja.com.br\/geral\/wp-content\/uploads\/sites\/4\/2025\/05\/eduardo-leite-doc.jpg?resize=700%2C400&ssl=1 2x"},"classes":[]},{"id":98793,"url":"https:\/\/www.jornalja.com.br\/geral\/enchente-jornal-diz-que-choque-eleitoral-atrasa-obras-e-apoio-a-vitimas-no-rs\/","url_meta":{"origin":82041,"position":5},"title":"Enchente: jornal diz que disputa pol\u00edtica atrasa obras e apoio a v\u00edtimas no RS","author":"Elmar Bones","date":"9 de maio de 2025","format":false,"excerpt":"\"Embates pol\u00edticos prejudicam a recupera\u00e7\u00e3o do Rio Grande do Sul\". \u00c9 o t\u00edtulo do editorial do jornal O Globo desta quarta-feira, 30\/05. Diz o texto: \"Um ano depois do desastre ambiental que atingiu 2 milh\u00f5es em quase 500 munic\u00edpios do Rio Grande do Sul, o enfrentamento entre o governador Eduardo\u2026","rel":"","context":"Em &quot;Geral-MAT\u00c9RIA&quot;","block_context":{"text":"Geral-MAT\u00c9RIA","link":"https:\/\/www.jornalja.com.br\/geral\/category\/geral\/"},"img":{"alt_text":"","src":"https:\/\/i0.wp.com\/www.jornalja.com.br\/geral\/wp-content\/uploads\/sites\/4\/2025\/05\/leite-e-seu-vice-gabriel-de-souza-pre-candidado-a-sucessao-no-piratini.jpeg?resize=350%2C200&ssl=1","width":350,"height":200,"srcset":"https:\/\/i0.wp.com\/www.jornalja.com.br\/geral\/wp-content\/uploads\/sites\/4\/2025\/05\/leite-e-seu-vice-gabriel-de-souza-pre-candidado-a-sucessao-no-piratini.jpeg?resize=350%2C200&ssl=1 1x, https:\/\/i0.wp.com\/www.jornalja.com.br\/geral\/wp-content\/uploads\/sites\/4\/2025\/05\/leite-e-seu-vice-gabriel-de-souza-pre-candidado-a-sucessao-no-piratini.jpeg?resize=525%2C300&ssl=1 1.5x, https:\/\/i0.wp.com\/www.jornalja.com.br\/geral\/wp-content\/uploads\/sites\/4\/2025\/05\/leite-e-seu-vice-gabriel-de-souza-pre-candidado-a-sucessao-no-piratini.jpeg?resize=700%2C400&ssl=1 2x"},"classes":[]}],"jetpack_sharing_enabled":true,"_links":{"self":[{"href":"https:\/\/www.jornalja.com.br\/geral\/wp-json\/wp\/v2\/posts\/82041","targetHints":{"allow":["GET"]}}],"collection":[{"href":"https:\/\/www.jornalja.com.br\/geral\/wp-json\/wp\/v2\/posts"}],"about":[{"href":"https:\/\/www.jornalja.com.br\/geral\/wp-json\/wp\/v2\/types\/post"}],"author":[{"embeddable":true,"href":"https:\/\/www.jornalja.com.br\/geral\/wp-json\/wp\/v2\/users\/5"}],"replies":[{"embeddable":true,"href":"https:\/\/www.jornalja.com.br\/geral\/wp-json\/wp\/v2\/comments?post=82041"}],"version-history":[{"count":5,"href":"https:\/\/www.jornalja.com.br\/geral\/wp-json\/wp\/v2\/posts\/82041\/revisions"}],"predecessor-version":[{"id":82063,"href":"https:\/\/www.jornalja.com.br\/geral\/wp-json\/wp\/v2\/posts\/82041\/revisions\/82063"}],"wp:featuredmedia":[{"embeddable":true,"href":"https:\/\/www.jornalja.com.br\/geral\/wp-json\/wp\/v2\/media\/82062"}],"wp:attachment":[{"href":"https:\/\/www.jornalja.com.br\/geral\/wp-json\/wp\/v2\/media?parent=82041"}],"wp:term":[{"taxonomy":"category","embeddable":true,"href":"https:\/\/www.jornalja.com.br\/geral\/wp-json\/wp\/v2\/categories?post=82041"},{"taxonomy":"post_tag","embeddable":true,"href":"https:\/\/www.jornalja.com.br\/geral\/wp-json\/wp\/v2\/tags?post=82041"}],"curies":[{"name":"wp","href":"https:\/\/api.w.org\/{rel}","templated":true}]}}