{"id":82806,"date":"2020-04-18T20:19:50","date_gmt":"2020-04-18T23:19:50","guid":{"rendered":"https:\/\/www.jornalja.com.br\/geral\/?p=82806"},"modified":"2021-11-16T08:55:21","modified_gmt":"2021-11-16T11:55:21","slug":"coronavirus-faz-pib-da-china-cair-68-no-primeiro-trimestre","status":"publish","type":"post","link":"https:\/\/www.jornalja.com.br\/geral\/coronavirus-faz-pib-da-china-cair-68-no-primeiro-trimestre\/","title":{"rendered":"Coronav\u00edrus faz PIB da China cair 6,8% no primeiro trimestre"},"content":{"rendered":"<p>O Produto Interno Bruto da China foi de 20,65 trilh\u00f5es de yuans (2,91 trilh\u00f5es de d\u00f3lares) no primeiro trimestre de 2020 em meio ao impacto da pandemia do novo coronav\u00edrus.<\/p>\n<p>Esse resultado representa uma queda 6,8% em rela\u00e7\u00e3o ao mesmo per\u00edodo do ano anterior, conforme os dados divulgados na sexta-feira\u00a0 pelo Departamento Nacional de Estat\u00edsticas.<\/p>\n<p>Os dados mostraram que a produ\u00e7\u00e3o do setor de servi\u00e7os, que representa cerca de 60% do total do PIB, caiu 5,2%, enquanto a ind\u00fastria prim\u00e1ria e a secund\u00e1ria registraram baixas de 3,2% e 9,6%, respectivamente.<\/p>\n<p>&#8220;A situa\u00e7\u00e3o de controle e preven\u00e7\u00e3o da epidemia continuou melhorando com uma interrup\u00e7\u00e3o b\u00e1sica na transmiss\u00e3o epid\u00eamica no pa\u00eds&#8221;, informou o Departamento, acrescentando que a retomada do trabalho e da produ\u00e7\u00e3o est\u00e1 acelerando e as ind\u00fastrias fundamentais est\u00e3o crescendo constantemente.<\/p>\n<p>As cifras da sexta-feira apontaram que o mercado de trabalho da China melhorou ligeiramente em mar\u00e7o, com a taxa de desemprego pesquisada nas \u00e1reas urbanas em 5,9%, queda de 0,3 ponto percentual ante o m\u00eas anterior.<\/p>\n<p><em>(Com informa\u00e7\u00f5es da Xinhua Press)<\/em><\/p>\n","protected":false},"excerpt":{"rendered":"<p>O Produto Interno Bruto da China foi de 20,65 trilh\u00f5es de yuans (2,91 trilh\u00f5es de d\u00f3lares) no primeiro trimestre de 2020 em meio ao impacto da pandemia do novo coronav\u00edrus. Esse resultado representa uma queda 6,8% em rela\u00e7\u00e3o ao mesmo per\u00edodo do ano anterior, conforme os dados divulgados na sexta-feira\u00a0 pelo Departamento Nacional de Estat\u00edsticas. [&hellip;]<\/p>\n","protected":false},"author":4,"featured_media":82807,"comment_status":"open","ping_status":"open","sticky":false,"template":"","format":"standard","meta":{"jetpack_post_was_ever_published":false,"_jetpack_newsletter_access":"","_jetpack_dont_email_post_to_subs":false,"_jetpack_newsletter_tier_id":0,"_jetpack_memberships_contains_paywalled_content":false,"_jetpack_memberships_contains_paid_content":false,"footnotes":"","jetpack_publicize_message":"","jetpack_publicize_feature_enabled":true,"jetpack_social_post_already_shared":true,"jetpack_social_options":{"image_generator_settings":{"template":"highway","default_image_id":0,"font":"","enabled":false},"version":2}},"categories":[2],"tags":[418,36,420,7,419],"class_list":["post-82806","post","type-post","status-publish","format-standard","has-post-thumbnail","hentry","category-geral","tag-china","tag-coronavirus","tag-desemprego","tag-economia","tag-pib"],"aioseo_notices":[],"jetpack_publicize_connections":[],"jetpack_featured_media_url":"https:\/\/www.jornalja.com.br\/geral\/wp-content\/uploads\/sites\/4\/2020\/04\/Coronavirus-na-china-economia-cai.jpg","jetpack_shortlink":"https:\/\/wp.me\/pbKhrD-lxA","jetpack-related-posts":[{"id":91588,"url":"https:\/\/www.jornalja.com.br\/geral\/economia-chinesa-cresce-81-e-renda-per-capita-no-pais-chega-a-5-mil-dolares\/","url_meta":{"origin":82806,"position":0},"title":"Economia chinesa cresce 8,1% e renda per capita no pa\u00eds chega a 5 mil d\u00f3lares","author":"da Reda\u00e7\u00e3o","date":"17 de janeiro de 2022","format":false,"excerpt":"O produto interno bruto (PIB) da China cresceu 8,1% em 2021, segundo divulgou a ag\u00eancia oficial chinesa nesta segunda-feira,17. Em valores absolutos, a economia chinesa produziu 114,367 trilh\u00f5es de yuans (cerca de 16 trilh\u00f5es de d\u00f3lares) no ano passado, de acordo com o Departamento Nacional de Estat\u00edsticas (DNE). O resultado\u2026","rel":"","context":"Em &quot;Geral-MAT\u00c9RIA&quot;","block_context":{"text":"Geral-MAT\u00c9RIA","link":"https:\/\/www.jornalja.com.br\/geral\/category\/geral\/"},"img":{"alt_text":"","src":"https:\/\/i0.wp.com\/www.jornalja.com.br\/geral\/wp-content\/uploads\/sites\/4\/2022\/01\/china-cresce-81.jpg?resize=350%2C200&ssl=1","width":350,"height":200,"srcset":"https:\/\/i0.wp.com\/www.jornalja.com.br\/geral\/wp-content\/uploads\/sites\/4\/2022\/01\/china-cresce-81.jpg?resize=350%2C200&ssl=1 1x, https:\/\/i0.wp.com\/www.jornalja.com.br\/geral\/wp-content\/uploads\/sites\/4\/2022\/01\/china-cresce-81.jpg?resize=525%2C300&ssl=1 1.5x, https:\/\/i0.wp.com\/www.jornalja.com.br\/geral\/wp-content\/uploads\/sites\/4\/2022\/01\/china-cresce-81.jpg?resize=700%2C400&ssl=1 2x"},"classes":[]},{"id":98669,"url":"https:\/\/www.jornalja.com.br\/geral\/estimulo-ao-consumo-faz-economia-chinesa-crescer-55-no-primeiro-trimestre\/","url_meta":{"origin":82806,"position":1},"title":"Est\u00edmulo ao consumo interno faz economia chinesa crescer 5,5% no primeiro trimestre","author":"da Reda\u00e7\u00e3o","date":"16 de abril de 2025","format":false,"excerpt":"Ganhou manchetes no mundo inteiro o crescimento de 5,5% do PIB da China no primeiro trimestre de 2025. O resultado, divulgado ontem,\u00a0 superou at\u00e9 a previs\u00e3o otimista do governo chin\u00eas, que era crescer 5%, o mesmo \u00edndice de 2024. Na imprensa brasileira, a not\u00edcia foi dada com a advert\u00eancia de\u2026","rel":"","context":"Em &quot;Geral-MAT\u00c9RIA&quot;","block_context":{"text":"Geral-MAT\u00c9RIA","link":"https:\/\/www.jornalja.com.br\/geral\/category\/geral\/"},"img":{"alt_text":"","src":"https:\/\/i0.wp.com\/www.jornalja.com.br\/geral\/wp-content\/uploads\/sites\/4\/2025\/04\/china-cresce-55.png?resize=350%2C200&ssl=1","width":350,"height":200,"srcset":"https:\/\/i0.wp.com\/www.jornalja.com.br\/geral\/wp-content\/uploads\/sites\/4\/2025\/04\/china-cresce-55.png?resize=350%2C200&ssl=1 1x, https:\/\/i0.wp.com\/www.jornalja.com.br\/geral\/wp-content\/uploads\/sites\/4\/2025\/04\/china-cresce-55.png?resize=525%2C300&ssl=1 1.5x"},"classes":[]},{"id":89726,"url":"https:\/\/www.jornalja.com.br\/geral\/dados-do-ibge-mostram-economia-estagnada-no-segundo-trimestre\/","url_meta":{"origin":82806,"position":2},"title":"Dados do IBGE mostram economia estagnada no segundo trimestre","author":"da Reda\u00e7\u00e3o","date":"1 de setembro de 2021","format":false,"excerpt":"Pesquisa indica que a economia brasileira se manteve no patamar pr\u00e9-pandemia no segundo trimestre do ano Nesta quarta-feira (01), o Instituto Brasileiro de Geografia e Estat\u00edstica divulgou os dados do Produto Interno Bruto (PIB) brasileiro referente ao segundo trimestre de 2021. As pesquisas indicam que o PIB recuou 0,1% entre\u2026","rel":"","context":"Em &quot;Geral-NOTAS&quot;","block_context":{"text":"Geral-NOTAS","link":"https:\/\/www.jornalja.com.br\/geral\/category\/geral-notas\/"},"img":{"alt_text":"","src":"","width":0,"height":0},"classes":[]},{"id":79729,"url":"https:\/\/www.jornalja.com.br\/geral\/analista-diz-que-alta-do-pib-ainda-nao-reflete-recuperacao\/","url_meta":{"origin":82806,"position":3},"title":"Analista diz que alta do PIB ainda n\u00e3o reflete recupera\u00e7\u00e3o","author":"da Reda\u00e7\u00e3o","date":"3 de dezembro de 2019","format":false,"excerpt":"A coordenadora de Contas Nacionais do Instituto Brasileiro de Geografia e Estat\u00edstica (IBGE), Rebeca Palis, disse hoje (3), que o crescimento do Produto Interno Bruto\u00a0 no terceiro trimestre de 2019, de 0,6%, \u00e9 uma recupera\u00e7\u00e3o em rela\u00e7\u00e3o ao pior momento da economia do pa\u00eds, que foi no quarto trimestre de\u2026","rel":"","context":"Em &quot;Geral-MAT\u00c9RIA&quot;","block_context":{"text":"Geral-MAT\u00c9RIA","link":"https:\/\/www.jornalja.com.br\/geral\/category\/geral\/"},"img":{"alt_text":"","src":"","width":0,"height":0},"classes":[]},{"id":82421,"url":"https:\/\/www.jornalja.com.br\/geral\/coronavirus-nao-afetou-os-investimentos-da-china-no-exterior\/","url_meta":{"origin":82806,"position":4},"title":"Coronavirus n\u00e3o afetou os investimentos da China no exterior","author":"da Reda\u00e7\u00e3o","date":"27 de mar\u00e7o de 2020","format":false,"excerpt":"A crise provocada pelo coronavirus, n\u00e3o afetou os investimentos feito pela China no exterior, em setores n\u00e3o financeiros. Nos dois primeiros meses do ano, quando a epidemia teve seu pico pais, o volume de investimentos externos\u00a0 aumentou 1,8% em termos anuais, segundo\u00a0 informou nesta quinta-feira o Minist\u00e9rio do Com\u00e9rcio. O\u2026","rel":"","context":"Em &quot;Geral-MAT\u00c9RIA&quot;","block_context":{"text":"Geral-MAT\u00c9RIA","link":"https:\/\/www.jornalja.com.br\/geral\/category\/geral\/"},"img":{"alt_text":"","src":"https:\/\/i0.wp.com\/www.jornalja.com.br\/geral\/wp-content\/uploads\/sites\/4\/2020\/03\/Coronavirus-China-amplia-investimentos-no-estrangeiros.jpg?resize=350%2C200&ssl=1","width":350,"height":200,"srcset":"https:\/\/i0.wp.com\/www.jornalja.com.br\/geral\/wp-content\/uploads\/sites\/4\/2020\/03\/Coronavirus-China-amplia-investimentos-no-estrangeiros.jpg?resize=350%2C200&ssl=1 1x, https:\/\/i0.wp.com\/www.jornalja.com.br\/geral\/wp-content\/uploads\/sites\/4\/2020\/03\/Coronavirus-China-amplia-investimentos-no-estrangeiros.jpg?resize=525%2C300&ssl=1 1.5x, https:\/\/i0.wp.com\/www.jornalja.com.br\/geral\/wp-content\/uploads\/sites\/4\/2020\/03\/Coronavirus-China-amplia-investimentos-no-estrangeiros.jpg?resize=700%2C400&ssl=1 2x"},"classes":[]},{"id":82081,"url":"https:\/\/www.jornalja.com.br\/geral\/agencia-oficial-chinesa-fala-em-retorno-a-normalidade-e-otimismo-cauteloso\/","url_meta":{"origin":82806,"position":5},"title":"Ag\u00eancia oficial chinesa fala em &#8220;retorno \u00e0 normalidade&#8221; e &#8220;otimismo cauteloso&#8221;","author":"da Reda\u00e7\u00e3o","date":"13 de mar\u00e7o de 2020","format":false,"excerpt":"\"\u00c0 medida que o resto da economia global \u00e9 cada vez mais dominado pelos temores do surto, o retorno da China \u00e0 normalidade econ\u00f4mica oferece o conforto necess\u00e1rio\". Assim come\u00e7a um extenso relato distribuido nesta quinta feira pela Xinhua Press, a ag\u00eancia oficial de not\u00edcias da China. O texto diz\u2026","rel":"","context":"Em &quot;Geral-MAT\u00c9RIA&quot;","block_context":{"text":"Geral-MAT\u00c9RIA","link":"https:\/\/www.jornalja.com.br\/geral\/category\/geral\/"},"img":{"alt_text":"","src":"https:\/\/i0.wp.com\/www.jornalja.com.br\/geral\/wp-content\/uploads\/sites\/4\/2020\/03\/Coronavirus-Xi.jpg?resize=350%2C200&ssl=1","width":350,"height":200,"srcset":"https:\/\/i0.wp.com\/www.jornalja.com.br\/geral\/wp-content\/uploads\/sites\/4\/2020\/03\/Coronavirus-Xi.jpg?resize=350%2C200&ssl=1 1x, https:\/\/i0.wp.com\/www.jornalja.com.br\/geral\/wp-content\/uploads\/sites\/4\/2020\/03\/Coronavirus-Xi.jpg?resize=525%2C300&ssl=1 1.5x, https:\/\/i0.wp.com\/www.jornalja.com.br\/geral\/wp-content\/uploads\/sites\/4\/2020\/03\/Coronavirus-Xi.jpg?resize=700%2C400&ssl=1 2x"},"classes":[]}],"jetpack_sharing_enabled":true,"_links":{"self":[{"href":"https:\/\/www.jornalja.com.br\/geral\/wp-json\/wp\/v2\/posts\/82806","targetHints":{"allow":["GET"]}}],"collection":[{"href":"https:\/\/www.jornalja.com.br\/geral\/wp-json\/wp\/v2\/posts"}],"about":[{"href":"https:\/\/www.jornalja.com.br\/geral\/wp-json\/wp\/v2\/types\/post"}],"author":[{"embeddable":true,"href":"https:\/\/www.jornalja.com.br\/geral\/wp-json\/wp\/v2\/users\/4"}],"replies":[{"embeddable":true,"href":"https:\/\/www.jornalja.com.br\/geral\/wp-json\/wp\/v2\/comments?post=82806"}],"version-history":[{"count":4,"href":"https:\/\/www.jornalja.com.br\/geral\/wp-json\/wp\/v2\/posts\/82806\/revisions"}],"predecessor-version":[{"id":82855,"href":"https:\/\/www.jornalja.com.br\/geral\/wp-json\/wp\/v2\/posts\/82806\/revisions\/82855"}],"wp:featuredmedia":[{"embeddable":true,"href":"https:\/\/www.jornalja.com.br\/geral\/wp-json\/wp\/v2\/media\/82807"}],"wp:attachment":[{"href":"https:\/\/www.jornalja.com.br\/geral\/wp-json\/wp\/v2\/media?parent=82806"}],"wp:term":[{"taxonomy":"category","embeddable":true,"href":"https:\/\/www.jornalja.com.br\/geral\/wp-json\/wp\/v2\/categories?post=82806"},{"taxonomy":"post_tag","embeddable":true,"href":"https:\/\/www.jornalja.com.br\/geral\/wp-json\/wp\/v2\/tags?post=82806"}],"curies":[{"name":"wp","href":"https:\/\/api.w.org\/{rel}","templated":true}]}}