{"id":82858,"date":"2020-04-20T08:04:10","date_gmt":"2020-04-20T11:04:10","guid":{"rendered":"https:\/\/www.jornalja.com.br\/geral\/?p=82858"},"modified":"2021-11-16T08:54:18","modified_gmt":"2021-11-16T11:54:18","slug":"fim-da-quarentena-comeca-lento-e-incerto-na-alemanha","status":"publish","type":"post","link":"https:\/\/www.jornalja.com.br\/geral\/fim-da-quarentena-comeca-lento-e-incerto-na-alemanha\/","title":{"rendered":"Fim da quarentena come\u00e7a lento e incerto na Alemanha"},"content":{"rendered":"<p><strong>Mariano Senna, de Berlim<\/strong><\/p>\n<p>A postura insegura, quase em tom de desculpas, em que a primeira ministra da Alemanha, <a href=\"http:\/\/www.youtube.com\/watch?v=Ki5vx3jEvJI\">Angela Merkel, anunciou o chamado plano para o relaxamento da quarentena<\/a>, entrega a incerteza relacionada \u00e0s medidas adotadas at\u00e9 agora.<\/p>\n<p>\u201cObtivemos fr\u00e1gil sucesso na luta contra essa epidemia\u201d, ressaltou Merkel, em refer\u00eancia a n\u00e3o sobrecarga do sistema de sa\u00fade do pa\u00eds por conta da infec\u00e7\u00e3o por covid-19.<\/p>\n<p>Quando indagada sobre a perspectiva para o setor de gastronomia e turismo, especialmente a ajuda (Hilfspaket) do governo, ela baixou o olhar fitando seus dedos juntos e por um instante se viu um semblante de desola\u00e7\u00e3o:<\/p>\n<p>\u201cEssa resposta n\u00e3o podemos dar hoje. Estamos avan\u00e7ando a retomada em pequenos passos e vendo como essas medidas funcionam. Num restaurante \u00e9 imposs\u00edvel controlar a dist\u00e2ncia de quem est\u00e1 sentado ao seu lado\u201d, explicou a mulher que completar\u00e1 em novembro uma d\u00e9cada e meia de governo.<\/p>\n<p>Ao lado dela, o governador da Bav\u00e1ria, Marcus S\u00f6der, o governador de Hamburgo, Peter Tschentscher, e o vice-primeiro-ministro, Olaf Scholz, tamb\u00e9m fizeram de tudo para justificar o que na pr\u00e1tica \u00e9 o prolongamento por mais quinze dias das medidas que paralisaram a na\u00e7\u00e3o. E isso sem justificar porque um supermercado de 1.000 metros quadrados pode abrir, mas uma loja de m\u00f3veis do mesmo tamanho n\u00e3o.<\/p>\n<p>Saudando o fr\u00e1gil sucesso obtido atrav\u00e9s do consenso entre Federa\u00e7\u00e3o e os 16 Estados, a chefe do governo em Berlim passou seguran\u00e7a mesmo sem elucidar nenhuma incerteza. \u201cDepender\u00e1 da evolu\u00e7\u00e3o da pandemia, em 15 dias avaliaremos e decidiremos o pr\u00f3ximo passo\u201d, justificou Merkel, anunciando o rein\u00edcio das aulas nas escolas em uma forma \u201creduzida\u201d a partir de 04 de maio. Tudo ainda dependendo de planos excepcionais de higiene e preven\u00e7\u00e3o ainda em elabora\u00e7\u00e3o.<\/p>\n<p>Encontros ou festividades, assim como missas e cultos est\u00e3o proibidos at\u00e9 o inicio de Agosto. \u201cImportante \u00e9 que o com\u00e9rcio n\u00e3o seja paralisado, por isso estabelecimentos de at\u00e9 800 metros quadrados poder\u00e3o funcionar desde que respeitando as normas de higiene e preven\u00e7\u00e3o\u201d, ressaltou a primeira ministra.<\/p>\n<p>Evitar filas na porta de cada loja, considerando a dist\u00e2ncia m\u00ednima entre um cliente e outro de um metro e meio, \u00e9 uma tarefa ainda a ser planejada, segundo ela.<\/p>\n<p>Nas ruas da capital alem\u00e3, o dia a dia nessa segunda metade de Abril de 2020 parece normal. Enquanto a maioria das lojas e com\u00e9rcios continuam fechados, nos supermercados e nas farm\u00e1cias as pessoas raramente usam m\u00e1scaras.<\/p>\n<p>A dist\u00e2ncia de dois metros tamb\u00e9m est\u00e1 na pr\u00e1tica flexibilizada. \u201cUm m\u00eas de distanciamento \u00e9 suficiente\u201d, brinca Rosa Pankowa, caixa de supermercado no bairro de Neuk\u00f6ln.<\/p>\n<p>Ela sabe, pelos informes oficiais, que ainda \u00e9 muito cedo para relaxar. Mesmo com as principais medidas de emerg\u00eancia j\u00e1 implementadas, para grandes e pequenas empresas, o que falta no momento \u00e9 uma perspectiva para o pr\u00f3ximo m\u00eas.<\/p>\n<p>A <a href=\"http:\/\/www.tui.com\">gigante do turismo Tui<\/a> recebeu logo nas primeiras semanas da crise ajuda de 1,5 bilh\u00e3o de Euros. Agora j\u00e1 pediu mais tr\u00eas bilh\u00f5es, ainda n\u00e3o liberados. Bom lembrar que a empresa, com faturamento de 4,75 bilh\u00f5es de Euros por ano, vinha apresentando problemas financeiros desde a metade do ano passado.<\/p>\n<p>Para os pequenos empreendedores a ajuda tamb\u00e9m chegou r\u00e1pido num primeiro momento. Empres\u00e1rios que empregavam at\u00e9 20 funcion\u00e1rios receberam at\u00e9 9 mil Euros de ajuda. Profissionais liberais at\u00e9 cinco mil Euros. A maior parte a fundo perdido. E o dinheiro saiu em at\u00e9 48 horas ap\u00f3s o pedido online.<\/p>\n<p>T\u00e3o r\u00e1pido que, na primeira semana da libera\u00e7\u00e3o da ajuda, as autoridades de um \u00fanico estado, Nordhein-Westfahlen, contabilizaram mais de quatro mil fraudes, for\u00e7ando a paralisa\u00e7\u00e3o nos pagamentos.<\/p>\n<p>Para Petter Warschijevd a ajuda chegou, mas n\u00e3o adiantou muito. Dono de uma pizzaria e de um restaurante de degusta\u00e7\u00e3o rec\u00e9m aberto, o empres\u00e1rio n\u00e3o sabe o que fazer. \u201cO dinheiro do governo n\u00e3o paga nem os meus alugu\u00e9is. Meu neg\u00f3cio est\u00e1 no ch\u00e3o e n\u00e3o sei nem se vou conseguir reerguer\u201d, admite ele. Mesmo fazendo pizzas para entrega, Petter viu o movimento da cozinha do restaurante cair mais de 50%. \u201cEstou trabalhando para ter o que comer\u201d, reclama.<\/p>\n<p>Um dia antes do pronunciamento do gabinete do governo, <a href=\"http:\/\/www.youtube.com\/watch?v=c9-Yz_cngcY\">Dr. Lothar Wieler, presidente do &#8220;Robert-Koch-Institut&#8221;, a Fiocruz da Alemanha, fez um Press Briefing<\/a> atualizando a evolu\u00e7\u00e3o do quadro epidemiol\u00f3gico.<\/p>\n<p>Al\u00e9m dos elogios de praxe, o que ele disse tamb\u00e9m possibilita o questionamento de muitas medidas adotadas. \u201cAt\u00e9 o momento n\u00e3o existe nenhuma pessoa no mundo que possa dizer se as pessoas que j\u00e1 ficaram doentes e se curaram, realmente est\u00e3o imunes ao virus. E tamb\u00e9m ningu\u00e9m sabe dizer o tempo que vai durar essa imunidade, caso ela exista\u201d.<\/p>\n<p>Trocando em mi\u00fados, o medo \u00e9 que o Corona inicie uma nova onda de infec\u00e7\u00e3o at\u00e9 meados de junho, o que for\u00e7aria o retorno \u00e0 quarentena total.<\/p>\n<p>Uma das formas de lidar com essa quest\u00e3o \u00e9 testar todo mundo, mas isso \u00e9 imposs\u00edvel mesmo para a superburocracia da poderosa Alemanha. No pa\u00eds, por exemplo, s\u00f3 os casos positivos s\u00e3o notificados. Os testes negativos normalmente n\u00e3o s\u00e3o informados \u00e0s autoridades centrais.<\/p>\n<p><strong>Anexos<\/strong><\/p>\n<p>Visualizar o v\u00eddeo Corona-Lockerungen? Merkel \u00e4u\u00dfert sich do YouTube<\/p>\n<p>Corona-Lockerungen? Merkel \u00e4u\u00dfert sich<\/p>\n<p>Visualizar o v\u00eddeo Coronavirus-Krise: Robert Koch-Institut Update vom 14.04.2020 do YouTube<\/p>\n<p>Coronavirus-Krise: Robert Koch-Institut Update vom 14.04.2020<\/p>\n","protected":false},"excerpt":{"rendered":"<p>Mariano Senna, de Berlim A postura insegura, quase em tom de desculpas, em que a primeira ministra da Alemanha, Angela Merkel, anunciou o chamado plano para o relaxamento da quarentena, entrega a incerteza relacionada \u00e0s medidas adotadas at\u00e9 agora. \u201cObtivemos fr\u00e1gil sucesso na luta contra essa epidemia\u201d, ressaltou Merkel, em refer\u00eancia a n\u00e3o sobrecarga do [&hellip;]<\/p>\n","protected":false},"author":4,"featured_media":82864,"comment_status":"open","ping_status":"open","sticky":false,"template":"","format":"standard","meta":{"jetpack_post_was_ever_published":false,"_jetpack_newsletter_access":"","_jetpack_dont_email_post_to_subs":false,"_jetpack_newsletter_tier_id":0,"_jetpack_memberships_contains_paywalled_content":false,"_jetpack_memberships_contains_paid_content":false,"footnotes":"","jetpack_publicize_message":"","jetpack_publicize_feature_enabled":true,"jetpack_social_post_already_shared":true,"jetpack_social_options":{"image_generator_settings":{"template":"highway","default_image_id":0,"font":"","enabled":false},"version":2}},"categories":[2],"tags":[],"class_list":["post-82858","post","type-post","status-publish","format-standard","has-post-thumbnail","hentry","category-geral"],"aioseo_notices":[],"jetpack_publicize_connections":[],"jetpack_featured_media_url":"https:\/\/www.jornalja.com.br\/geral\/wp-content\/uploads\/sites\/4\/2020\/04\/IMG-20200420-WA0000.jpg","jetpack_shortlink":"https:\/\/wp.me\/pbKhrD-lyq","jetpack-related-posts":[{"id":83224,"url":"https:\/\/www.jornalja.com.br\/geral\/maio-comeca-atipico-e-sem-coesao-contra-a-pandemia-na-alemanha\/","url_meta":{"origin":82858,"position":0},"title":"Maio come\u00e7a at\u00edpico e sem coes\u00e3o contra a pandemia na Alemanha","author":"da Reda\u00e7\u00e3o","date":"4 de maio de 2020","format":false,"excerpt":"Mariano Senna, de Berlim Mesmo obrigat\u00f3rio, o uso de m\u00e1scara protetora continua sendo ignorado pelos alem\u00e3es. Quase uma semana ap\u00f3s a medida ter entrado em vigor, nas ruas, lojas, supermercados e no transporte coletivo, muitas pessoas ainda n\u00e3o a adotaram. Alguns poucos estabelecimentos, como ag\u00eancias banc\u00e1rias ou dos correios, exigem\u2026","rel":"","context":"Em &quot;Geral-MAT\u00c9RIA&quot;","block_context":{"text":"Geral-MAT\u00c9RIA","link":"https:\/\/www.jornalja.com.br\/geral\/category\/geral\/"},"img":{"alt_text":"","src":"https:\/\/i0.wp.com\/www.jornalja.com.br\/geral\/wp-content\/uploads\/sites\/4\/2020\/04\/Berlim-obrigatoriedade-de-m%C3%A1scara-n%C3%A3o-%C3%A9-respeitada_Mariano_Senna.jpg?resize=350%2C200&ssl=1","width":350,"height":200,"srcset":"https:\/\/i0.wp.com\/www.jornalja.com.br\/geral\/wp-content\/uploads\/sites\/4\/2020\/04\/Berlim-obrigatoriedade-de-m%C3%A1scara-n%C3%A3o-%C3%A9-respeitada_Mariano_Senna.jpg?resize=350%2C200&ssl=1 1x, https:\/\/i0.wp.com\/www.jornalja.com.br\/geral\/wp-content\/uploads\/sites\/4\/2020\/04\/Berlim-obrigatoriedade-de-m%C3%A1scara-n%C3%A3o-%C3%A9-respeitada_Mariano_Senna.jpg?resize=525%2C300&ssl=1 1.5x, https:\/\/i0.wp.com\/www.jornalja.com.br\/geral\/wp-content\/uploads\/sites\/4\/2020\/04\/Berlim-obrigatoriedade-de-m%C3%A1scara-n%C3%A3o-%C3%A9-respeitada_Mariano_Senna.jpg?resize=700%2C400&ssl=1 2x"},"classes":[]},{"id":89585,"url":"https:\/\/www.jornalja.com.br\/geral\/tempestade-afega-aprofunda-crise-do-fim-da-era-merkel\/","url_meta":{"origin":82858,"position":1},"title":"Tempestade afeg\u00e3 aprofunda crise do fim da era Merkel","author":"Mariano Senna","date":"27 de agosto de 2021","format":false,"excerpt":"\u00c0s v\u00e9speras da elei\u00e7\u00e3o-geral que definir\u00e1 o sucessor (a) de Angela Dorothea Merkel, primeira-ministra desde 2005, a Alemanha enfrenta um transe pol\u00edtico e institucional sem precedentes em sua hist\u00f3ria recente. Com consequ\u00eancias que podem colocar definitivamente em cheque todo o projeto de democracia-liberal representado pela Uni\u00e3o Europeia. N\u00e3o bastasse a\u2026","rel":"","context":"Em &quot;Geral-MAT\u00c9RIA&quot;","block_context":{"text":"Geral-MAT\u00c9RIA","link":"https:\/\/www.jornalja.com.br\/geral\/category\/geral\/"},"img":{"alt_text":"","src":"https:\/\/i0.wp.com\/www.jornalja.com.br\/geral\/wp-content\/uploads\/sites\/4\/2021\/08\/afegaos.jpg?resize=350%2C200&ssl=1","width":350,"height":200,"srcset":"https:\/\/i0.wp.com\/www.jornalja.com.br\/geral\/wp-content\/uploads\/sites\/4\/2021\/08\/afegaos.jpg?resize=350%2C200&ssl=1 1x, https:\/\/i0.wp.com\/www.jornalja.com.br\/geral\/wp-content\/uploads\/sites\/4\/2021\/08\/afegaos.jpg?resize=525%2C300&ssl=1 1.5x"},"classes":[]},{"id":83142,"url":"https:\/\/www.jornalja.com.br\/geral\/primeiro-de-maio-e-incognita-em-meio-a-saida-da-crise-na-europa\/","url_meta":{"origin":82858,"position":2},"title":"Primeiro de Maio \u00e9 inc\u00f3gnita em meio \u00e0 sa\u00edda da crise na Europa","author":"da Reda\u00e7\u00e3o","date":"29 de abril de 2020","format":false,"excerpt":"Mariano Senna, de Berlim \u00c0s v\u00e9speras do fim oficial do confinamento por conta da pandemia pelo Covid-19 na Europa, a chamada retomada das atividades, uma inc\u00f3gnita paira sobre o Continente. Ser\u00e3o respeitadas as regras de distanciamento e preven\u00e7\u00e3o durante o primeiro de maio? Ou melhor, como far\u00e3o os governos para\u2026","rel":"","context":"Em &quot;Geral-MAT\u00c9RIA&quot;","block_context":{"text":"Geral-MAT\u00c9RIA","link":"https:\/\/www.jornalja.com.br\/geral\/category\/geral\/"},"img":{"alt_text":"","src":"https:\/\/i0.wp.com\/www.jornalja.com.br\/geral\/wp-content\/uploads\/sites\/4\/2020\/04\/WhatsApp-Image-2020-04-28-at-22.16.15-scaled.jpeg?resize=350%2C200&ssl=1","width":350,"height":200,"srcset":"https:\/\/i0.wp.com\/www.jornalja.com.br\/geral\/wp-content\/uploads\/sites\/4\/2020\/04\/WhatsApp-Image-2020-04-28-at-22.16.15-scaled.jpeg?resize=350%2C200&ssl=1 1x, https:\/\/i0.wp.com\/www.jornalja.com.br\/geral\/wp-content\/uploads\/sites\/4\/2020\/04\/WhatsApp-Image-2020-04-28-at-22.16.15-scaled.jpeg?resize=525%2C300&ssl=1 1.5x, https:\/\/i0.wp.com\/www.jornalja.com.br\/geral\/wp-content\/uploads\/sites\/4\/2020\/04\/WhatsApp-Image-2020-04-28-at-22.16.15-scaled.jpeg?resize=700%2C400&ssl=1 2x"},"classes":[]},{"id":90360,"url":"https:\/\/www.jornalja.com.br\/geral\/geopolitica-antagonica-e-desafio-para-sucessor-de-merkel\/","url_meta":{"origin":82858,"position":3},"title":"Geopol\u00edtica antag\u00f4nica \u00e9 desafio para sucessor de Merkel","author":"Mariano Senna","date":"3 de outubro de 2021","format":false,"excerpt":"Um ditado muito comum da pol\u00edtica diz que o presente \u00e9 cego para o futuro. A rec\u00e9m encerrada elei\u00e7\u00e3o geral da Rep\u00fablica Federal da Alemanha (BRD) confirma a imprevis\u00e3o contida nessa cren\u00e7a. Ap\u00f3s 16 anos no poder, logrados em tr\u00eas reelei\u00e7\u00f5es consecutivas (2009, 2013 e 2017), a primeira-ministra, Angela Merkel,\u2026","rel":"","context":"Em &quot;Geral-MAT\u00c9RIA&quot;","block_context":{"text":"Geral-MAT\u00c9RIA","link":"https:\/\/www.jornalja.com.br\/geral\/category\/geral\/"},"img":{"alt_text":"","src":"https:\/\/i0.wp.com\/www.jornalja.com.br\/geral\/wp-content\/uploads\/sites\/4\/2021\/10\/ramstein-scaled.jpg?resize=350%2C200&ssl=1","width":350,"height":200,"srcset":"https:\/\/i0.wp.com\/www.jornalja.com.br\/geral\/wp-content\/uploads\/sites\/4\/2021\/10\/ramstein-scaled.jpg?resize=350%2C200&ssl=1 1x, https:\/\/i0.wp.com\/www.jornalja.com.br\/geral\/wp-content\/uploads\/sites\/4\/2021\/10\/ramstein-scaled.jpg?resize=525%2C300&ssl=1 1.5x, https:\/\/i0.wp.com\/www.jornalja.com.br\/geral\/wp-content\/uploads\/sites\/4\/2021\/10\/ramstein-scaled.jpg?resize=700%2C400&ssl=1 2x, https:\/\/i0.wp.com\/www.jornalja.com.br\/geral\/wp-content\/uploads\/sites\/4\/2021\/10\/ramstein-scaled.jpg?resize=1050%2C600&ssl=1 3x, https:\/\/i0.wp.com\/www.jornalja.com.br\/geral\/wp-content\/uploads\/sites\/4\/2021\/10\/ramstein-scaled.jpg?resize=1400%2C800&ssl=1 4x"},"classes":[]},{"id":83654,"url":"https:\/\/www.jornalja.com.br\/geral\/apesar-da-ajuda-governamental-onda-de-demissoes-ameaca-europeus-apos-confinamento\/","url_meta":{"origin":82858,"position":4},"title":"Onda de demiss\u00f5es amea\u00e7a europeus ap\u00f3s confinamento","author":"Cleber Dioni Tentardini","date":"19 de maio de 2020","format":false,"excerpt":"Mariano Senna, de Berlim Enquanto o Brasil sofre para conseguir respiradores e unidades de terapia intensiva no mercado internacional, a economia mais forte da Europa, com UTIs sobrando, n\u00e3o sabe como evitar algo pior do que j\u00e1 aconteceu at\u00e9 agora. Seja em quest\u00f5es de sa\u00fade ou econ\u00f4micas. O Produto Interno\u2026","rel":"","context":"Em &quot;Geral-MAT\u00c9RIA&quot;","block_context":{"text":"Geral-MAT\u00c9RIA","link":"https:\/\/www.jornalja.com.br\/geral\/category\/geral\/"},"img":{"alt_text":"","src":"https:\/\/i0.wp.com\/www.jornalja.com.br\/geral\/wp-content\/uploads\/sites\/4\/2020\/05\/TUI-Plane-1024x576-1.jpg?resize=350%2C200&ssl=1","width":350,"height":200,"srcset":"https:\/\/i0.wp.com\/www.jornalja.com.br\/geral\/wp-content\/uploads\/sites\/4\/2020\/05\/TUI-Plane-1024x576-1.jpg?resize=350%2C200&ssl=1 1x, https:\/\/i0.wp.com\/www.jornalja.com.br\/geral\/wp-content\/uploads\/sites\/4\/2020\/05\/TUI-Plane-1024x576-1.jpg?resize=525%2C300&ssl=1 1.5x, https:\/\/i0.wp.com\/www.jornalja.com.br\/geral\/wp-content\/uploads\/sites\/4\/2020\/05\/TUI-Plane-1024x576-1.jpg?resize=700%2C400&ssl=1 2x"},"classes":[]},{"id":82780,"url":"https:\/\/www.jornalja.com.br\/geral\/incertezas-e-falsas-estatisticas-efeitos-colaterais-do-coronavirus-pelo-mundo\/","url_meta":{"origin":82858,"position":5},"title":"Incertezas e falsas estat\u00edsticas, efeitos colaterais do coronav\u00edrus pelo mundo","author":"da Reda\u00e7\u00e3o","date":"18 de abril de 2020","format":false,"excerpt":"Mariano Senna De Berlim\/Alemanha O caso do m\u00fasico e educador brasileiro Jo\u00e3o de Alencar Rego ilustra bem o tipo de disfun\u00e7\u00e3o que o novo coronav\u00edrus provocou no sistema de sa\u00fade das principais pot\u00eancias mundiais. Vivendo h\u00e1 sete anos em Berlim na Alemanha, Jo\u00e3o vem se tratando de um c\u00e2ncer no\u2026","rel":"","context":"Em &quot;Geral-MAT\u00c9RIA&quot;","block_context":{"text":"Geral-MAT\u00c9RIA","link":"https:\/\/www.jornalja.com.br\/geral\/category\/geral\/"},"img":{"alt_text":"","src":"","width":0,"height":0},"classes":[]}],"jetpack_sharing_enabled":true,"_links":{"self":[{"href":"https:\/\/www.jornalja.com.br\/geral\/wp-json\/wp\/v2\/posts\/82858","targetHints":{"allow":["GET"]}}],"collection":[{"href":"https:\/\/www.jornalja.com.br\/geral\/wp-json\/wp\/v2\/posts"}],"about":[{"href":"https:\/\/www.jornalja.com.br\/geral\/wp-json\/wp\/v2\/types\/post"}],"author":[{"embeddable":true,"href":"https:\/\/www.jornalja.com.br\/geral\/wp-json\/wp\/v2\/users\/4"}],"replies":[{"embeddable":true,"href":"https:\/\/www.jornalja.com.br\/geral\/wp-json\/wp\/v2\/comments?post=82858"}],"version-history":[{"count":3,"href":"https:\/\/www.jornalja.com.br\/geral\/wp-json\/wp\/v2\/posts\/82858\/revisions"}],"predecessor-version":[{"id":82866,"href":"https:\/\/www.jornalja.com.br\/geral\/wp-json\/wp\/v2\/posts\/82858\/revisions\/82866"}],"wp:featuredmedia":[{"embeddable":true,"href":"https:\/\/www.jornalja.com.br\/geral\/wp-json\/wp\/v2\/media\/82864"}],"wp:attachment":[{"href":"https:\/\/www.jornalja.com.br\/geral\/wp-json\/wp\/v2\/media?parent=82858"}],"wp:term":[{"taxonomy":"category","embeddable":true,"href":"https:\/\/www.jornalja.com.br\/geral\/wp-json\/wp\/v2\/categories?post=82858"},{"taxonomy":"post_tag","embeddable":true,"href":"https:\/\/www.jornalja.com.br\/geral\/wp-json\/wp\/v2\/tags?post=82858"}],"curies":[{"name":"wp","href":"https:\/\/api.w.org\/{rel}","templated":true}]}}