{"id":82938,"date":"2020-04-22T12:38:05","date_gmt":"2020-04-22T15:38:05","guid":{"rendered":"https:\/\/www.jornalja.com.br\/geral\/?p=82938"},"modified":"2020-04-22T13:27:32","modified_gmt":"2020-04-22T16:27:32","slug":"em-meio-a-pandemia-alemanha-cancela-oktoberfest-2020","status":"publish","type":"post","link":"https:\/\/www.jornalja.com.br\/geral\/em-meio-a-pandemia-alemanha-cancela-oktoberfest-2020\/","title":{"rendered":"Alemanha cancela Oktoberfest 2020; preju\u00edzo ser\u00e1 de 1 bilh\u00e3o de euros"},"content":{"rendered":"<p><strong>Mariano Senna, de Berlim, especial para o J\u00c1<\/strong><\/p>\n<p>Agora o bagulho ficou s\u00e9rio! O governador da Bav\u00e1ria, maior e dos mais importantes Estados da federa\u00e7\u00e3o alem\u00e3, Markus S\u00f6der (CSU) anunciou nesta ter\u00e7a-feira, 21 de abril, o cancelamento da Oktoberfest 2020.<\/p>\n<p>\u00c9 como se o Brasil cancelasse o carnaval. O preju\u00edzo m\u00ednimo estimado \u00e9 de um bilh\u00e3o de euros, segundo Dieter Reiter (SPD), prefeito da capital Munique, sede da festa.<\/p>\n<p>\u201cN\u00e3o h\u00e1 como garantirmos as regras de higiene e preven\u00e7\u00e3o para os visitantes de todo o mundo que v\u00eam para Munique por causa da festa\u201d, justificou S\u00f6der, ressaltando a extrema cautela com que as autoridades do pa\u00eds est\u00e3o conduzindo o processo de retomada das atividades.<\/p>\n<p>\u201cEstamos prontos para acelerar ou reduzir o ritmo do relaxamento das restri\u00e7\u00f5es de acordo com os resultados das medidas j\u00e1 tomadas\u201d, declarou em refer\u00eancia ao acompanhamento da pandemia por institui\u00e7\u00f5es como o Robert-Koch Institut (RKI), que aconselha e ajuda no embasamento t\u00e9cnico da pol\u00edtica de preven\u00e7\u00e3o do governo federal.<\/p>\n<p>Mesmo com o inicio da reabertura do com\u00e9rcio, para grandes festividades n\u00e3o h\u00e1 perspectiva de ocorrerem de forma segura este ano. \u201cJ\u00e1 estamos focados no Natal\u201d, conforma-se Hugo Seybold, que h\u00e1 30 anos produz p\u00e3es de mel e doces de am\u00eandoa queimada em Munique.<\/p>\n<p>O ministro das Rela\u00e7\u00f5es Exteriores, Heiko Maas (SPD), tamb\u00e9m adiantou que a temporada de ver\u00e3o ser\u00e1 restringida. \u201cN\u00e3o temos ideia ainda das regras para permitir a entrada de turistas ou a viagem de cidad\u00e3os alem\u00e3es para outros pa\u00edses, mas seguramente n\u00e3o ser\u00e1 uma temporada normal\u201d, garantiu o social-democrata.<\/p>\n<p>A boa not\u00edcia \u00e9 que cultos e missas est\u00e3o permitidas a partir de 04 de Maio, desde que respeitadas as regras de preven\u00e7\u00e3o como o limite de at\u00e9 50 participantes e a dist\u00e2ncia m\u00ednima de 1,5 metro entre eles. Partidas de futebol tamb\u00e9m poder\u00e3o ocorrer a partir do dia 09, mas sem p\u00fablico.<\/p>\n<p>E os jogadores dever\u00e3o ser testados para o corona antes de cada jogo. Tamb\u00e9m continuam proibidos qualquer tipo de comemora\u00e7\u00e3o em grupo, no que tange os jogos. Tudo parte de um plano de seguran\u00e7a epidemiol\u00f3gico elaborado em tempo recorde pela Federa\u00e7\u00e3o Alem\u00e3 de Futebol (DFB).<\/p>\n<p>No desenrolar da infec\u00e7\u00e3o, pouco a pouco se torna obrigat\u00f3rio o uso de m\u00e1scaras de prote\u00e7\u00e3o. J\u00e1 s\u00e3o nove dos 16 Estados da Alemanha que adotaram a medida.<\/p>\n<p>Em paralelo se acumulam estudos que contestam at\u00e9 mesmo os dados do governo. Oficialmente s\u00e3o 148 mil casos registrados, 4.948 mortos e 95.200 pacientes curados. Cerca de 87% dos mortos pelo Corona v\u00edrus no pa\u00eds possu\u00edam mais de 70 anos de idade.<\/p>\n<p>O professor Klaus P\u00fcschel, diretor do Instituto de Medicina Legal da Universidade de Hamburgo-Eppendorf, examinou pessoalmente v\u00e1rios dos mortos pelo Covid-19 na cidade. \u201cAlguns deles haviam na realidade falecido por ataque card\u00edaco, isso sem mostrar nenhum sintoma de infec\u00e7\u00e3o pulmonar\u201d, denunciou ele. \u201cOutros doentes estavam praticamente mortos, como dizemos no jarg\u00e3o m\u00e9dico, por conta de um longo hist\u00f3rico m\u00e9dico\u201d, acrescentou.<\/p>\n<p>Em contra-ponto, o presidente da Federa\u00e7\u00e3o Alem\u00e3 de Patologia, professor Karl-Friedrich B\u00fcrrig, aponta para diversos casos documentados em diversas cidades como Dresden, Stuttgart, Leipzig que desafiam essa regra.<\/p>\n<p>\u201cH\u00e1 relatos de esportistas, na metade dos quarenta anos que surpreendentemente acabaram morrendo da infec\u00e7\u00e3o causada pelo Covid-19\u201d, lembra ele.<\/p>\n<p>Detalhe importante, at\u00e9 agora n\u00e3o existe obrigatoriedade de aut\u00f3psia em todos os mortos, muito menos dos diagnosticados com corona v\u00edrus. \u201cEm todos os institutos de patologia do pa\u00eds o percentual de autopsias em rela\u00e7\u00e3o ao n\u00famero de mortos varia entre 1 e 4%, ou menos\u201d, informa o professor Johannes Friemann, diretor do Instituto de Patologia de L\u00fcdenscheid.<\/p>\n","protected":false},"excerpt":{"rendered":"<p>Mariano Senna, de Berlim, especial para o J\u00c1 Agora o bagulho ficou s\u00e9rio! O governador da Bav\u00e1ria, maior e dos mais importantes Estados da federa\u00e7\u00e3o alem\u00e3, Markus S\u00f6der (CSU) anunciou nesta ter\u00e7a-feira, 21 de abril, o cancelamento da Oktoberfest 2020. \u00c9 como se o Brasil cancelasse o carnaval. O preju\u00edzo m\u00ednimo estimado \u00e9 de um [&hellip;]<\/p>\n","protected":false},"author":4,"featured_media":82941,"comment_status":"open","ping_status":"open","sticky":false,"template":"","format":"standard","meta":{"jetpack_post_was_ever_published":false,"_jetpack_newsletter_access":"","_jetpack_dont_email_post_to_subs":false,"_jetpack_newsletter_tier_id":0,"_jetpack_memberships_contains_paywalled_content":false,"_jetpack_memberships_contains_paid_content":false,"footnotes":"","jetpack_publicize_message":"","jetpack_publicize_feature_enabled":true,"jetpack_social_post_already_shared":true,"jetpack_social_options":{"image_generator_settings":{"template":"highway","default_image_id":0,"font":"","enabled":false},"version":2}},"categories":[2],"tags":[],"class_list":["post-82938","post","type-post","status-publish","format-standard","has-post-thumbnail","hentry","category-geral"],"aioseo_notices":[],"jetpack_publicize_connections":[],"jetpack_featured_media_url":"https:\/\/www.jornalja.com.br\/geral\/wp-content\/uploads\/sites\/4\/2020\/04\/Oktoberfest2019_DPA-a-ag\u00eancia-scaled.jpg","jetpack_shortlink":"https:\/\/wp.me\/pbKhrD-lzI","jetpack-related-posts":[{"id":82858,"url":"https:\/\/www.jornalja.com.br\/geral\/fim-da-quarentena-comeca-lento-e-incerto-na-alemanha\/","url_meta":{"origin":82938,"position":0},"title":"Fim da quarentena come\u00e7a lento e incerto na Alemanha","author":"da Reda\u00e7\u00e3o","date":"20 de abril de 2020","format":false,"excerpt":"Mariano Senna, de Berlim A postura insegura, quase em tom de desculpas, em que a primeira ministra da Alemanha, Angela Merkel, anunciou o chamado plano para o relaxamento da quarentena, entrega a incerteza relacionada \u00e0s medidas adotadas at\u00e9 agora. \u201cObtivemos fr\u00e1gil sucesso na luta contra essa epidemia\u201d, ressaltou Merkel, em\u2026","rel":"","context":"Em &quot;Geral-MAT\u00c9RIA&quot;","block_context":{"text":"Geral-MAT\u00c9RIA","link":"https:\/\/www.jornalja.com.br\/geral\/category\/geral\/"},"img":{"alt_text":"","src":"https:\/\/i0.wp.com\/www.jornalja.com.br\/geral\/wp-content\/uploads\/sites\/4\/2020\/04\/IMG-20200420-WA0000.jpg?resize=350%2C200&ssl=1","width":350,"height":200,"srcset":"https:\/\/i0.wp.com\/www.jornalja.com.br\/geral\/wp-content\/uploads\/sites\/4\/2020\/04\/IMG-20200420-WA0000.jpg?resize=350%2C200&ssl=1 1x, https:\/\/i0.wp.com\/www.jornalja.com.br\/geral\/wp-content\/uploads\/sites\/4\/2020\/04\/IMG-20200420-WA0000.jpg?resize=525%2C300&ssl=1 1.5x, https:\/\/i0.wp.com\/www.jornalja.com.br\/geral\/wp-content\/uploads\/sites\/4\/2020\/04\/IMG-20200420-WA0000.jpg?resize=700%2C400&ssl=1 2x"},"classes":[]},{"id":91119,"url":"https:\/\/www.jornalja.com.br\/geral\/alemanha-anuncia-ajuda-para-empresas-na-quarta-onda-da-pandemia\/","url_meta":{"origin":82938,"position":1},"title":"Alemanha anuncia ajuda para empresas na quarta onda da pandemia","author":"da Reda\u00e7\u00e3o","date":"25 de novembro de 2021","format":false,"excerpt":"Peter Altmeier (CDU), ainda ministro da Economia da Alemanha, fez sua \u00faltima confer\u00eancia de imprensa na quarta-feira (24\/11). Em poucos dias assume a nova coaliz\u00e3o de governo e ele deixar\u00e1 o cargo que ocupou por quase quatro anos. \"H\u00e1 uma escassez de mat\u00e9rias-primas e componentes em n\u00edvel mundial, por conta\u2026","rel":"","context":"Em &quot;Geral-NOTAS&quot;","block_context":{"text":"Geral-NOTAS","link":"https:\/\/www.jornalja.com.br\/geral\/category\/geral-notas\/"},"img":{"alt_text":"","src":"","width":0,"height":0},"classes":[]},{"id":83224,"url":"https:\/\/www.jornalja.com.br\/geral\/maio-comeca-atipico-e-sem-coesao-contra-a-pandemia-na-alemanha\/","url_meta":{"origin":82938,"position":2},"title":"Maio come\u00e7a at\u00edpico e sem coes\u00e3o contra a pandemia na Alemanha","author":"da Reda\u00e7\u00e3o","date":"4 de maio de 2020","format":false,"excerpt":"Mariano Senna, de Berlim Mesmo obrigat\u00f3rio, o uso de m\u00e1scara protetora continua sendo ignorado pelos alem\u00e3es. Quase uma semana ap\u00f3s a medida ter entrado em vigor, nas ruas, lojas, supermercados e no transporte coletivo, muitas pessoas ainda n\u00e3o a adotaram. Alguns poucos estabelecimentos, como ag\u00eancias banc\u00e1rias ou dos correios, exigem\u2026","rel":"","context":"Em &quot;Geral-MAT\u00c9RIA&quot;","block_context":{"text":"Geral-MAT\u00c9RIA","link":"https:\/\/www.jornalja.com.br\/geral\/category\/geral\/"},"img":{"alt_text":"","src":"https:\/\/i0.wp.com\/www.jornalja.com.br\/geral\/wp-content\/uploads\/sites\/4\/2020\/04\/Berlim-obrigatoriedade-de-m%C3%A1scara-n%C3%A3o-%C3%A9-respeitada_Mariano_Senna.jpg?resize=350%2C200&ssl=1","width":350,"height":200,"srcset":"https:\/\/i0.wp.com\/www.jornalja.com.br\/geral\/wp-content\/uploads\/sites\/4\/2020\/04\/Berlim-obrigatoriedade-de-m%C3%A1scara-n%C3%A3o-%C3%A9-respeitada_Mariano_Senna.jpg?resize=350%2C200&ssl=1 1x, https:\/\/i0.wp.com\/www.jornalja.com.br\/geral\/wp-content\/uploads\/sites\/4\/2020\/04\/Berlim-obrigatoriedade-de-m%C3%A1scara-n%C3%A3o-%C3%A9-respeitada_Mariano_Senna.jpg?resize=525%2C300&ssl=1 1.5x, https:\/\/i0.wp.com\/www.jornalja.com.br\/geral\/wp-content\/uploads\/sites\/4\/2020\/04\/Berlim-obrigatoriedade-de-m%C3%A1scara-n%C3%A3o-%C3%A9-respeitada_Mariano_Senna.jpg?resize=700%2C400&ssl=1 2x"},"classes":[]},{"id":83654,"url":"https:\/\/www.jornalja.com.br\/geral\/apesar-da-ajuda-governamental-onda-de-demissoes-ameaca-europeus-apos-confinamento\/","url_meta":{"origin":82938,"position":3},"title":"Onda de demiss\u00f5es amea\u00e7a europeus ap\u00f3s confinamento","author":"Cleber Dioni Tentardini","date":"19 de maio de 2020","format":false,"excerpt":"Mariano Senna, de Berlim Enquanto o Brasil sofre para conseguir respiradores e unidades de terapia intensiva no mercado internacional, a economia mais forte da Europa, com UTIs sobrando, n\u00e3o sabe como evitar algo pior do que j\u00e1 aconteceu at\u00e9 agora. Seja em quest\u00f5es de sa\u00fade ou econ\u00f4micas. O Produto Interno\u2026","rel":"","context":"Em &quot;Geral-MAT\u00c9RIA&quot;","block_context":{"text":"Geral-MAT\u00c9RIA","link":"https:\/\/www.jornalja.com.br\/geral\/category\/geral\/"},"img":{"alt_text":"","src":"https:\/\/i0.wp.com\/www.jornalja.com.br\/geral\/wp-content\/uploads\/sites\/4\/2020\/05\/TUI-Plane-1024x576-1.jpg?resize=350%2C200&ssl=1","width":350,"height":200,"srcset":"https:\/\/i0.wp.com\/www.jornalja.com.br\/geral\/wp-content\/uploads\/sites\/4\/2020\/05\/TUI-Plane-1024x576-1.jpg?resize=350%2C200&ssl=1 1x, https:\/\/i0.wp.com\/www.jornalja.com.br\/geral\/wp-content\/uploads\/sites\/4\/2020\/05\/TUI-Plane-1024x576-1.jpg?resize=525%2C300&ssl=1 1.5x, https:\/\/i0.wp.com\/www.jornalja.com.br\/geral\/wp-content\/uploads\/sites\/4\/2020\/05\/TUI-Plane-1024x576-1.jpg?resize=700%2C400&ssl=1 2x"},"classes":[]},{"id":82979,"url":"https:\/\/www.jornalja.com.br\/geral\/pandemia-economica-e-climatica-sao-os-outros-fronts-na-europa\/","url_meta":{"origin":82938,"position":4},"title":"Pandemia econ\u00f4mica e clim\u00e1tica s\u00e3o os outros fronts na Europa","author":"Mariano Senna","date":"24 de abril de 2020","format":false,"excerpt":"No dia em que a Uni\u00e3o Europ\u00e9ia obteve consenso sobre o \u201cpacote de resgate\u201d da economia do bloco, um total de 500 bilh\u00f5es de euros, ag\u00eancias de not\u00edcias informavam o in\u00edcio das negocia\u00e7\u00f5es entre governo e empresas a\u00e9reas. A gigante do turismo TUI recebeu 1,6 bilh\u00e3o de euros nas primeiras\u2026","rel":"","context":"Em &quot;Geral-MAT\u00c9RIA&quot;","block_context":{"text":"Geral-MAT\u00c9RIA","link":"https:\/\/www.jornalja.com.br\/geral\/category\/geral\/"},"img":{"alt_text":"","src":"https:\/\/i0.wp.com\/www.jornalja.com.br\/geral\/wp-content\/uploads\/sites\/4\/2020\/04\/Alemanha-2_MarianoSenna.jpg?resize=350%2C200&ssl=1","width":350,"height":200,"srcset":"https:\/\/i0.wp.com\/www.jornalja.com.br\/geral\/wp-content\/uploads\/sites\/4\/2020\/04\/Alemanha-2_MarianoSenna.jpg?resize=350%2C200&ssl=1 1x, https:\/\/i0.wp.com\/www.jornalja.com.br\/geral\/wp-content\/uploads\/sites\/4\/2020\/04\/Alemanha-2_MarianoSenna.jpg?resize=525%2C300&ssl=1 1.5x, https:\/\/i0.wp.com\/www.jornalja.com.br\/geral\/wp-content\/uploads\/sites\/4\/2020\/04\/Alemanha-2_MarianoSenna.jpg?resize=700%2C400&ssl=1 2x"},"classes":[]},{"id":87113,"url":"https:\/\/www.jornalja.com.br\/geral\/china-conta-como-venceu-a-covid-em-tres-meses-o-ocidente-silencia\/","url_meta":{"origin":82938,"position":5},"title":"China conta como controlou a Covid em tr\u00eas meses, o Ocidente silencia","author":"Elmar Bones","date":"4 de fevereiro de 2021","format":false,"excerpt":"No dia 7 de janeiro de 2020, o presidente Xi Jinping convocou o Comit\u00ea Central do Partido Comunista Chin\u00eas para discutir provid\u00eancias sobre uma \u201cepidemia de pneumonia de causa desconhecida\u201d. No dia 22 de janeiro, o governo chin\u00eas decretou lockdown em Wuhan, com fechamento de todas entradas e sa\u00eddas da\u2026","rel":"","context":"Em &quot;Geral-MAT\u00c9RIA&quot;","block_context":{"text":"Geral-MAT\u00c9RIA","link":"https:\/\/www.jornalja.com.br\/geral\/category\/geral\/"},"img":{"alt_text":"","src":"https:\/\/i0.wp.com\/www.jornalja.com.br\/geral\/wp-content\/uploads\/sites\/4\/2021\/02\/xi-jinping-tele-conferencia.jpg?resize=350%2C200&ssl=1","width":350,"height":200,"srcset":"https:\/\/i0.wp.com\/www.jornalja.com.br\/geral\/wp-content\/uploads\/sites\/4\/2021\/02\/xi-jinping-tele-conferencia.jpg?resize=350%2C200&ssl=1 1x, https:\/\/i0.wp.com\/www.jornalja.com.br\/geral\/wp-content\/uploads\/sites\/4\/2021\/02\/xi-jinping-tele-conferencia.jpg?resize=525%2C300&ssl=1 1.5x, https:\/\/i0.wp.com\/www.jornalja.com.br\/geral\/wp-content\/uploads\/sites\/4\/2021\/02\/xi-jinping-tele-conferencia.jpg?resize=700%2C400&ssl=1 2x"},"classes":[]}],"jetpack_sharing_enabled":true,"_links":{"self":[{"href":"https:\/\/www.jornalja.com.br\/geral\/wp-json\/wp\/v2\/posts\/82938","targetHints":{"allow":["GET"]}}],"collection":[{"href":"https:\/\/www.jornalja.com.br\/geral\/wp-json\/wp\/v2\/posts"}],"about":[{"href":"https:\/\/www.jornalja.com.br\/geral\/wp-json\/wp\/v2\/types\/post"}],"author":[{"embeddable":true,"href":"https:\/\/www.jornalja.com.br\/geral\/wp-json\/wp\/v2\/users\/4"}],"replies":[{"embeddable":true,"href":"https:\/\/www.jornalja.com.br\/geral\/wp-json\/wp\/v2\/comments?post=82938"}],"version-history":[{"count":5,"href":"https:\/\/www.jornalja.com.br\/geral\/wp-json\/wp\/v2\/posts\/82938\/revisions"}],"predecessor-version":[{"id":82950,"href":"https:\/\/www.jornalja.com.br\/geral\/wp-json\/wp\/v2\/posts\/82938\/revisions\/82950"}],"wp:featuredmedia":[{"embeddable":true,"href":"https:\/\/www.jornalja.com.br\/geral\/wp-json\/wp\/v2\/media\/82941"}],"wp:attachment":[{"href":"https:\/\/www.jornalja.com.br\/geral\/wp-json\/wp\/v2\/media?parent=82938"}],"wp:term":[{"taxonomy":"category","embeddable":true,"href":"https:\/\/www.jornalja.com.br\/geral\/wp-json\/wp\/v2\/categories?post=82938"},{"taxonomy":"post_tag","embeddable":true,"href":"https:\/\/www.jornalja.com.br\/geral\/wp-json\/wp\/v2\/tags?post=82938"}],"curies":[{"name":"wp","href":"https:\/\/api.w.org\/{rel}","templated":true}]}}