{"id":82951,"date":"2020-04-22T15:37:02","date_gmt":"2020-04-22T18:37:02","guid":{"rendered":"https:\/\/www.jornalja.com.br\/geral\/?p=82951"},"modified":"2020-04-22T15:37:02","modified_gmt":"2020-04-22T18:37:02","slug":"justica-suspende-decreto-municipal-e-proibe-acesso-as-praias-de-balneario-camboriu","status":"publish","type":"post","link":"https:\/\/www.jornalja.com.br\/geral\/justica-suspende-decreto-municipal-e-proibe-acesso-as-praias-de-balneario-camboriu\/","title":{"rendered":"Justi\u00e7a suspende decreto municipal e pro\u00edbe acesso \u00e0s praias de Balne\u00e1rio Cambori\u00fa"},"content":{"rendered":"<p>TJ acolhe mandado de seguran\u00e7a impetrado pelo MPSC e suspende decreto municipal que permite a frequ\u00eancia das praias de Balne\u00e1rio Camboriu<\/p>\n<p>Com a decis\u00e3o liminar, o acesso \u00e0s praias de Balne\u00e1rio Cambori\u00fa volta a ser proibido, em conson\u00e2ncia com os decretos estaduais que determinam as medidas de distanciamento social para evitar os riscos de cont\u00e1gio pela covid-19. Com isso, prevalece o entendimento de que a defesa da sa\u00fade \u00e9 um direito maior e os munic\u00edpios n\u00e3o podem adotar medidas menos restritivas do que os decretos estaduais que tratam da conten\u00e7\u00e3o da pandemia do novo coronav\u00edrus.<\/p>\n<p>O Tribunal de Justi\u00e7a de Santa Catarina (TJSC) atendeu ao pedido do Minist\u00e9rio P\u00fablico de Santa Catarina (MPSC) e suspendeu, por meio de liminar, o Decreto n. 9.876\/2020, do Munic\u00edpio de Balne\u00e1rio Cambori\u00fa\/SC, que permitia a pr\u00e1tica de esportes individuais nas praias do munic\u00edpio, o que contraria as medidas de distanciamento social determinadas pelos decretos estaduais emitidos para combater a pandemia de covid-19 no estado. A decis\u00e3o foi proferida pela Desembargadora Denise Volpato por volta das 15 horas deste domingo (19\/4).<\/p>\n<p>O MPSC ingressou com um mandado de seguran\u00e7a junto ao Tribunal de Justi\u00e7a ap\u00f3s decis\u00e3o monocr\u00e1tica que manteve abertas as praias de Balne\u00e1rio Cambori\u00fa ao negar o recurso do MPSC contra o decreto municipal que contraria os decretos estaduais sobre o enfrentamento \u00e0 covid-19.<\/p>\n<p>Decis\u00f5es recentes do Supremo Tribunal Federal reconheceram que, em situa\u00e7\u00f5es de emerg\u00eancia como a que vive o estado neste momento, os munic\u00edpios s\u00f3 podem adotar medidas mais restritivas que as definidas nos decretos estaduais ou federais.<\/p>\n<p>No caso de Balne\u00e1rio Cambori\u00fa, o Minist\u00e9rio P\u00fablico atacou a inconstitucionalidade do Decreto Municipal n. 9.876\/2020, por contrariar diretrizes sanit\u00e1rias estabelecidas pelo Estado de Santa Catarina no Decreto n. 562\/2020.<\/p>\n<p>Em sua decis\u00e3o, a Desembargadora argumentou que reconhece os preju\u00edzos econ\u00f4micos e sociais das medidas de distanciamento social estabelecidas para combater a covid-19, mas afirmou que, &#8220;no choque entre o direito ao lazer (e seus consect\u00e1rios para o turismo e atividade econ\u00f4mica local) e o princ\u00edpio de preserva\u00e7\u00e3o da vida e sa\u00fade dos cidad\u00e3os, imperioso reconhecer a preval\u00eancia do primeiro&#8221;.<\/p>\n","protected":false},"excerpt":{"rendered":"<p>TJ acolhe mandado de seguran\u00e7a impetrado pelo MPSC e suspende decreto municipal que permite a frequ\u00eancia das praias de Balne\u00e1rio Camboriu Com a decis\u00e3o liminar, o acesso \u00e0s praias de Balne\u00e1rio Cambori\u00fa volta a ser proibido, em conson\u00e2ncia com os decretos estaduais que determinam as medidas de distanciamento social para evitar os riscos de cont\u00e1gio [&hellip;]<\/p>\n","protected":false},"author":2,"featured_media":0,"comment_status":"open","ping_status":"open","sticky":false,"template":"","format":"standard","meta":{"jetpack_post_was_ever_published":false,"_jetpack_newsletter_access":"","_jetpack_dont_email_post_to_subs":false,"_jetpack_newsletter_tier_id":0,"_jetpack_memberships_contains_paywalled_content":false,"_jetpack_memberships_contains_paid_content":false,"footnotes":"","jetpack_publicize_message":"","jetpack_publicize_feature_enabled":true,"jetpack_social_post_already_shared":true,"jetpack_social_options":{"image_generator_settings":{"template":"highway","default_image_id":0,"font":"","enabled":false},"version":2}},"categories":[28],"tags":[],"class_list":["post-82951","post","type-post","status-publish","format-standard","hentry","category-geral-notas"],"aioseo_notices":[],"jetpack_publicize_connections":[],"jetpack_featured_media_url":"","jetpack_shortlink":"https:\/\/wp.me\/pbKhrD-lzV","jetpack-related-posts":[{"id":83180,"url":"https:\/\/www.jornalja.com.br\/geral\/sites-que-vendiam-receitas-de-cloroquina-para-tratamento-para-covid-19-sao-tirados-do-ar-a-pedido-do-mpsc\/","url_meta":{"origin":82951,"position":0},"title":"Sites que vendiam receitas de cloroquina para tratamento para covid-19 s\u00e3o tirados do ar a pedido do MPSC","author":"da Reda\u00e7\u00e3o","date":"29 de abril de 2020","format":false,"excerpt":"Cinco\u00a0sites\u00a0ligados a um m\u00e9dico com endere\u00e7o em Balne\u00e1rio Cambori\u00fa, utilizados para venda de atestados e receitas de diversas doen\u00e7as, inclusive supostos rem\u00e9dios para covid-19 - como a cloroquina, por exemplo -, foram tirados do ar ap\u00f3s pedido do Minist\u00e9rio P\u00fablico de Santa Catarina (MPSC). Os documentos eram encaminhados ao paciente\u2026","rel":"","context":"Em &quot;Geral-NOTAS&quot;","block_context":{"text":"Geral-NOTAS","link":"https:\/\/www.jornalja.com.br\/geral\/category\/geral-notas\/"},"img":{"alt_text":"","src":"","width":0,"height":0},"classes":[]},{"id":95002,"url":"https:\/\/www.jornalja.com.br\/geral\/operacao-fim-de-mundo-puxa-fio-do-novelo-da-lavagem-de-dinheiro-no-mercado-imobiliario\/","url_meta":{"origin":82951,"position":1},"title":"Opera\u00e7\u00e3o &#8220;Fim de Mundo&#8221; puxa fio do novelo da lavagem de dinheiro no mercado imobili\u00e1rio","author":"da Reda\u00e7\u00e3o","date":"27 de janeiro de 2023","format":false,"excerpt":"Dez pessoas foram presas nesta quinta-feira, 26\/01, na opera\u00e7\u00e3o \"Fim de Mundo\", que resulta de uma investiga\u00e7\u00e3o iniciada em maio de 2020, sobre a lavagem de dinheiro do tr\u00e1fico de drogas e armas\u00a0 atrav\u00e9s de investimentos no mercado de im\u00f3veis. Pol\u00edcia Federal e Minist\u00e9rio P\u00fablico do Rio de Janeiro atuaram\u2026","rel":"","context":"Em &quot;Geral-MAT\u00c9RIA&quot;","block_context":{"text":"Geral-MAT\u00c9RIA","link":"https:\/\/www.jornalja.com.br\/geral\/category\/geral\/"},"img":{"alt_text":"","src":"https:\/\/i0.wp.com\/www.jornalja.com.br\/geral\/wp-content\/uploads\/sites\/4\/2023\/01\/camboriu-degrau-na-praia.png?resize=350%2C200&ssl=1","width":350,"height":200,"srcset":"https:\/\/i0.wp.com\/www.jornalja.com.br\/geral\/wp-content\/uploads\/sites\/4\/2023\/01\/camboriu-degrau-na-praia.png?resize=350%2C200&ssl=1 1x, https:\/\/i0.wp.com\/www.jornalja.com.br\/geral\/wp-content\/uploads\/sites\/4\/2023\/01\/camboriu-degrau-na-praia.png?resize=525%2C300&ssl=1 1.5x"},"classes":[]},{"id":95474,"url":"https:\/\/www.jornalja.com.br\/geral\/construtora-de-condominio-no-santinho-ja-foi-condenada-por-danos-ambientais\/","url_meta":{"origin":82951,"position":2},"title":"Construtora de condom\u00ednio no Santinho j\u00e1 foi condenada por danos ambientais","author":"da Reda\u00e7\u00e3o","date":"28 de maio de 2023","format":false,"excerpt":"A Procave Investimentos e Incorpora\u00e7\u00f5es, que deu inicio \u00e0s obras de um pol\u00eamico cond\u00f4minio na praia do Santinho, em Florian\u00f3polis, tem pelo menos uma condena\u00e7\u00e3o por danos ambientais, em Balne\u00e1rio Camboriu. Em A\u00e7\u00e3o Civil P\u00fablica*\u00a0 movida pelo Minist\u00e9rio P\u00fablico Federal, a empresa junto com outros r\u00e9us, inclusive a Funda\u00e7\u00e3o de\u2026","rel":"","context":"Em &quot;Geral-MAT\u00c9RIA&quot;","block_context":{"text":"Geral-MAT\u00c9RIA","link":"https:\/\/www.jornalja.com.br\/geral\/category\/geral\/"},"img":{"alt_text":"","src":"https:\/\/i0.wp.com\/www.jornalja.com.br\/geral\/wp-content\/uploads\/sites\/4\/2023\/05\/santinho-procave-ibiza-towers-2.jpg?resize=350%2C200&ssl=1","width":350,"height":200,"srcset":"https:\/\/i0.wp.com\/www.jornalja.com.br\/geral\/wp-content\/uploads\/sites\/4\/2023\/05\/santinho-procave-ibiza-towers-2.jpg?resize=350%2C200&ssl=1 1x, https:\/\/i0.wp.com\/www.jornalja.com.br\/geral\/wp-content\/uploads\/sites\/4\/2023\/05\/santinho-procave-ibiza-towers-2.jpg?resize=525%2C300&ssl=1 1.5x"},"classes":[]},{"id":100738,"url":"https:\/\/www.jornalja.com.br\/geral\/dinheiro-pela-janela-investigacao-sobre-fraudes-do-banco-master-chega-a-balneario-camboriu\/","url_meta":{"origin":82951,"position":3},"title":"Dinheiro pela janela: investiga\u00e7\u00e3o sobre fraudes do Banco Master chega a Balne\u00e1rio Cambori\u00fa","author":"da Reda\u00e7\u00e3o","date":"12 de fevereiro de 2026","format":false,"excerpt":"Chegou a Balne\u00e1rio Cambori\u00fa a terceira fase da Opera\u00e7\u00e3o Barco de Papel, que investiga crimes contra o sistema financeiro relacionados ao banco Master. Segundo a PF, ao chegarem para cumprir mandado de busca e apreens\u00e3o em um im\u00f3vel em Balne\u00e1rio Cambori\u00fa, em Santa Catarina, um dos ocupantes do apartamento, no\u2026","rel":"","context":"Em &quot;Geral-MAT\u00c9RIA&quot;","block_context":{"text":"Geral-MAT\u00c9RIA","link":"https:\/\/www.jornalja.com.br\/geral\/category\/geral\/"},"img":{"alt_text":"","src":"https:\/\/i0.wp.com\/www.jornalja.com.br\/geral\/wp-content\/uploads\/sites\/4\/2026\/02\/185a1837-3fc4-4b1f-b396-5bfc87c8d964.jpg?resize=350%2C200&ssl=1","width":350,"height":200,"srcset":"https:\/\/i0.wp.com\/www.jornalja.com.br\/geral\/wp-content\/uploads\/sites\/4\/2026\/02\/185a1837-3fc4-4b1f-b396-5bfc87c8d964.jpg?resize=350%2C200&ssl=1 1x, https:\/\/i0.wp.com\/www.jornalja.com.br\/geral\/wp-content\/uploads\/sites\/4\/2026\/02\/185a1837-3fc4-4b1f-b396-5bfc87c8d964.jpg?resize=525%2C300&ssl=1 1.5x, https:\/\/i0.wp.com\/www.jornalja.com.br\/geral\/wp-content\/uploads\/sites\/4\/2026\/02\/185a1837-3fc4-4b1f-b396-5bfc87c8d964.jpg?resize=700%2C400&ssl=1 2x"},"classes":[]},{"id":83385,"url":"https:\/\/www.jornalja.com.br\/geral\/justica-suspende-obras-em-loteamento-no-entorno-de-lagoa-em-garopaba\/","url_meta":{"origin":82951,"position":4},"title":"Justi\u00e7a suspende obras em loteamento no entorno de lagoa em Garopaba","author":"da Reda\u00e7\u00e3o","date":"7 de maio de 2020","format":false,"excerpt":"Est\u00e3o suspensas, por decis\u00e3o liminar obtida pelo Minist\u00e9rio P\u00fablico de Santa Catarina (MPSC), quaisquer\u00a0atividades p\u00fablicas ou privadas no entorno da \u00e1rea originalmente ocupada pela Lagoa das Capivaras, no munic\u00edpio de Garopaba. Na a\u00e7\u00e3o, que busca a recupera\u00e7\u00e3o da \u00e1rea degradada, o Minist\u00e9rio P\u00fablico aponta que obras para a implanta\u00e7\u00e3o de\u2026","rel":"","context":"Em &quot;Geral-NOTAS&quot;","block_context":{"text":"Geral-NOTAS","link":"https:\/\/www.jornalja.com.br\/geral\/category\/geral-notas\/"},"img":{"alt_text":"","src":"","width":0,"height":0},"classes":[]},{"id":85408,"url":"https:\/\/www.jornalja.com.br\/geral\/liminar-da-justica-suspende-processo-de-impeachment-e-marchezan-ganha-tempo-na-corrida-pela-reeleicao\/","url_meta":{"origin":82951,"position":5},"title":"Liminar da Justi\u00e7a suspende processo de impeachment e Marchezan ganha tempo na corrida pela reelei\u00e7\u00e3o","author":"da Reda\u00e7\u00e3o","date":"1 de setembro de 2020","format":false,"excerpt":"O jogo pol\u00edtico na Capital ga\u00facha ganhou um novo componente nesta ter\u00e7a-feira, 01\/09, com a decis\u00e3o do Tribunal de Justi\u00e7a do Rio Grande do Sul de suspender o processo de impeachment contra o prefeito Nelson Marchezan J\u00fanior. Com rela\u00e7\u00e3o b\u00e9lica na C\u00e2mara de Vereadores, onde a proje\u00e7\u00e3o para o desfecho\u2026","rel":"","context":"Em &quot;Geral-MAT\u00c9RIA&quot;","block_context":{"text":"Geral-MAT\u00c9RIA","link":"https:\/\/www.jornalja.com.br\/geral\/category\/geral\/"},"img":{"alt_text":"","src":"https:\/\/i0.wp.com\/www.jornalja.com.br\/geral\/wp-content\/uploads\/sites\/4\/2020\/09\/ede-2184.jpg?resize=350%2C200&ssl=1","width":350,"height":200,"srcset":"https:\/\/i0.wp.com\/www.jornalja.com.br\/geral\/wp-content\/uploads\/sites\/4\/2020\/09\/ede-2184.jpg?resize=350%2C200&ssl=1 1x, https:\/\/i0.wp.com\/www.jornalja.com.br\/geral\/wp-content\/uploads\/sites\/4\/2020\/09\/ede-2184.jpg?resize=525%2C300&ssl=1 1.5x, https:\/\/i0.wp.com\/www.jornalja.com.br\/geral\/wp-content\/uploads\/sites\/4\/2020\/09\/ede-2184.jpg?resize=700%2C400&ssl=1 2x, https:\/\/i0.wp.com\/www.jornalja.com.br\/geral\/wp-content\/uploads\/sites\/4\/2020\/09\/ede-2184.jpg?resize=1050%2C600&ssl=1 3x, https:\/\/i0.wp.com\/www.jornalja.com.br\/geral\/wp-content\/uploads\/sites\/4\/2020\/09\/ede-2184.jpg?resize=1400%2C800&ssl=1 4x"},"classes":[]}],"jetpack_sharing_enabled":true,"_links":{"self":[{"href":"https:\/\/www.jornalja.com.br\/geral\/wp-json\/wp\/v2\/posts\/82951","targetHints":{"allow":["GET"]}}],"collection":[{"href":"https:\/\/www.jornalja.com.br\/geral\/wp-json\/wp\/v2\/posts"}],"about":[{"href":"https:\/\/www.jornalja.com.br\/geral\/wp-json\/wp\/v2\/types\/post"}],"author":[{"embeddable":true,"href":"https:\/\/www.jornalja.com.br\/geral\/wp-json\/wp\/v2\/users\/2"}],"replies":[{"embeddable":true,"href":"https:\/\/www.jornalja.com.br\/geral\/wp-json\/wp\/v2\/comments?post=82951"}],"version-history":[{"count":1,"href":"https:\/\/www.jornalja.com.br\/geral\/wp-json\/wp\/v2\/posts\/82951\/revisions"}],"predecessor-version":[{"id":82952,"href":"https:\/\/www.jornalja.com.br\/geral\/wp-json\/wp\/v2\/posts\/82951\/revisions\/82952"}],"wp:attachment":[{"href":"https:\/\/www.jornalja.com.br\/geral\/wp-json\/wp\/v2\/media?parent=82951"}],"wp:term":[{"taxonomy":"category","embeddable":true,"href":"https:\/\/www.jornalja.com.br\/geral\/wp-json\/wp\/v2\/categories?post=82951"},{"taxonomy":"post_tag","embeddable":true,"href":"https:\/\/www.jornalja.com.br\/geral\/wp-json\/wp\/v2\/tags?post=82951"}],"curies":[{"name":"wp","href":"https:\/\/api.w.org\/{rel}","templated":true}]}}