{"id":82971,"date":"2020-04-23T16:04:23","date_gmt":"2020-04-23T19:04:23","guid":{"rendered":"https:\/\/www.jornalja.com.br\/geral\/?p=82971"},"modified":"2020-04-23T16:04:23","modified_gmt":"2020-04-23T19:04:23","slug":"artistas-se-unem-para-ajudar-instituto-do-cancer-infantil","status":"publish","type":"post","link":"https:\/\/www.jornalja.com.br\/geral\/artistas-se-unem-para-ajudar-instituto-do-cancer-infantil\/","title":{"rendered":"Artistas se unem para ajudar Instituto do C\u00e2ncer Infantil"},"content":{"rendered":"<p>As lives nas redes sociais s\u00e3o alternativas comuns durante a quarentena e isolamento social para entreter e informar quem est\u00e1 em casa. Mas j\u00e1 pensou assistir a um show em casa e ainda poder contribuir para a causa do c\u00e2ncer infantojuvenil? O Instituto do C\u00e2ncer Infantil ser\u00e1 beneficiado em algumas dessas atividades.<\/p>\n<p>Durante as transmiss\u00f5es ao vivo, os interessados poder\u00e3o doar atrav\u00e9s do QR Code na tela &#8211; que reencaminhar\u00e1 para a p\u00e1gina de doa\u00e7\u00f5es do ICI &#8211; ou poder\u00e3o entrar em contato atrav\u00e9s do WhatsApp da institui\u00e7\u00e3o no (51) 99230-9593. O ICI precisa de alimentos, material de higiene e limpeza, m\u00e1scaras descart\u00e1veis, \u00e1lcool em gel, luvas e vestu\u00e1rio.<\/p>\n<p>Confira a lista de artistas que far\u00e3o transmiss\u00f5es em prol do ICI. Assista, contribua e se divirta:<\/p>\n<p>25\/04 &#8211; Live no YouTube do Mc Jean Paul \u00e0s 20h<\/p>\n<p>26\/04 &#8211; Live no Youtube do Ehexpresso \u00e0s 20h<\/p>\n<p>27\/04 &#8211; Live no Instagram @Virozueira \u00e0s 18h30<\/p>\n","protected":false},"excerpt":{"rendered":"<p>As lives nas redes sociais s\u00e3o alternativas comuns durante a quarentena e isolamento social para entreter e informar quem est\u00e1 em casa. Mas j\u00e1 pensou assistir a um show em casa e ainda poder contribuir para a causa do c\u00e2ncer infantojuvenil? O Instituto do C\u00e2ncer Infantil ser\u00e1 beneficiado em algumas dessas atividades. Durante as transmiss\u00f5es [&hellip;]<\/p>\n","protected":false},"author":2,"featured_media":0,"comment_status":"open","ping_status":"open","sticky":false,"template":"","format":"standard","meta":{"jetpack_post_was_ever_published":false,"_jetpack_newsletter_access":"","_jetpack_dont_email_post_to_subs":false,"_jetpack_newsletter_tier_id":0,"_jetpack_memberships_contains_paywalled_content":false,"_jetpack_memberships_contains_paid_content":false,"footnotes":"","jetpack_publicize_message":"","jetpack_publicize_feature_enabled":true,"jetpack_social_post_already_shared":true,"jetpack_social_options":{"image_generator_settings":{"template":"highway","default_image_id":0,"font":"","enabled":false},"version":2}},"categories":[28],"tags":[],"class_list":["post-82971","post","type-post","status-publish","format-standard","hentry","category-geral-notas"],"aioseo_notices":[],"jetpack_publicize_connections":[],"jetpack_featured_media_url":"","jetpack_shortlink":"https:\/\/wp.me\/pbKhrD-lAf","jetpack-related-posts":[{"id":76885,"url":"https:\/\/www.jornalja.com.br\/geral\/detentas-da-capital-produzem-pecas-em-croche-para-o-instituto-do-cancer-infantil\/","url_meta":{"origin":82971,"position":0},"title":"Detentas da capital produzem pe\u00e7as em croch\u00ea para o Instituto do C\u00e2ncer Infantil","author":"Carlos Matsubara","date":"30 de agosto de 2019","format":false,"excerpt":"Presas do Instituto Penal de Porto Alegre tiveram aulas de croch\u00ea para produzir perucas e outras pe\u00e7as doadas ao Instituto do C\u00e2ncer Infantil. Para que pudessem fazer o material, 20 detentas participaram da oficina La\u00e7os de Princesa, com 12 aulas durante 50 dias. Na quarta-feira (28\/8), nove das 20 participantes\u2026","rel":"","context":"Em &quot;Geral-MAT\u00c9RIA&quot;","block_context":{"text":"Geral-MAT\u00c9RIA","link":"https:\/\/www.jornalja.com.br\/geral\/category\/geral\/"},"img":{"alt_text":"","src":"","width":0,"height":0},"classes":[]},{"id":85067,"url":"https:\/\/www.jornalja.com.br\/geral\/eleicoes-2020-tse-amplia-horario-de-votacao-em-uma-hora-e-eleitores-irao-as-urnas-das-7h-as-17h\/","url_meta":{"origin":82971,"position":1},"title":"Elei\u00e7\u00f5es 2020: TSE amplia hor\u00e1rio de vota\u00e7\u00e3o em uma hora, e eleitores ir\u00e3o \u00e0s urnas das 7h \u00e0s 17h","author":"da Reda\u00e7\u00e3o","date":"28 de agosto de 2020","format":false,"excerpt":"O presidente do Tribunal Superior Eleitoral, ministro Lu\u00eds Roberto Barroso, decidiu ampliar o hor\u00e1rio de vota\u00e7\u00e3o nas Elei\u00e7\u00f5es Municipais de 2020 em uma hora por conta da pandemia da Covid-19. A inten\u00e7\u00e3o \u00e9 garantir mais tempo para que eleitores votem com seguran\u00e7a e tentar reduzir as possibilidades de aglomera\u00e7\u00e3o nos\u2026","rel":"","context":"Em &quot;Geral-ELEI\u00c7\u00d5ES2020&quot;","block_context":{"text":"Geral-ELEI\u00c7\u00d5ES2020","link":"https:\/\/www.jornalja.com.br\/geral\/category\/eleicoes2020\/"},"img":{"alt_text":"","src":"https:\/\/i0.wp.com\/www.jornalja.com.br\/geral\/wp-content\/uploads\/sites\/4\/2020\/08\/urna.jpg?resize=350%2C200&ssl=1","width":350,"height":200,"srcset":"https:\/\/i0.wp.com\/www.jornalja.com.br\/geral\/wp-content\/uploads\/sites\/4\/2020\/08\/urna.jpg?resize=350%2C200&ssl=1 1x, https:\/\/i0.wp.com\/www.jornalja.com.br\/geral\/wp-content\/uploads\/sites\/4\/2020\/08\/urna.jpg?resize=525%2C300&ssl=1 1.5x, https:\/\/i0.wp.com\/www.jornalja.com.br\/geral\/wp-content\/uploads\/sites\/4\/2020\/08\/urna.jpg?resize=700%2C400&ssl=1 2x"},"classes":[]},{"id":83659,"url":"https:\/\/www.jornalja.com.br\/geral\/covid-19-tem-evolucao-mais-grave-e-maior-letalidade-entre-fumantes\/","url_meta":{"origin":82971,"position":2},"title":"Covid-19 tem evolu\u00e7\u00e3o mais grave e maior letalidade entre fumantes","author":"da Reda\u00e7\u00e3o","date":"19 de maio de 2020","format":false,"excerpt":"\"Combina\u00e7\u00e3o catastr\u00f3fica\". Assim o diretor executivo da Funda\u00e7\u00e3o do C\u00e2ncer, Luiz Augusto Maltoni, define a rela\u00e7\u00e3o entre o tabagismo e coronavirus. Fator de risco para infec\u00e7\u00f5es respirat\u00f3rias, doen\u00e7as vasculares, cardiovasculares e pulmonares, o tabagismo \u00e9 uma \"porta de entrada principal\" para o coronavirus, segundo o especialista. An\u00e1lise publicada na China,\u2026","rel":"","context":"Em &quot;Geral-MAT\u00c9RIA&quot;","block_context":{"text":"Geral-MAT\u00c9RIA","link":"https:\/\/www.jornalja.com.br\/geral\/category\/geral\/"},"img":{"alt_text":"","src":"https:\/\/i0.wp.com\/www.jornalja.com.br\/geral\/wp-content\/uploads\/sites\/4\/2020\/05\/Covid-e-tabagismo-foto-Marcelo-Camargo-Ag%C3%AAncia-Brasil-scaled.jpg?resize=350%2C200&ssl=1","width":350,"height":200,"srcset":"https:\/\/i0.wp.com\/www.jornalja.com.br\/geral\/wp-content\/uploads\/sites\/4\/2020\/05\/Covid-e-tabagismo-foto-Marcelo-Camargo-Ag%C3%AAncia-Brasil-scaled.jpg?resize=350%2C200&ssl=1 1x, https:\/\/i0.wp.com\/www.jornalja.com.br\/geral\/wp-content\/uploads\/sites\/4\/2020\/05\/Covid-e-tabagismo-foto-Marcelo-Camargo-Ag%C3%AAncia-Brasil-scaled.jpg?resize=525%2C300&ssl=1 1.5x, https:\/\/i0.wp.com\/www.jornalja.com.br\/geral\/wp-content\/uploads\/sites\/4\/2020\/05\/Covid-e-tabagismo-foto-Marcelo-Camargo-Ag%C3%AAncia-Brasil-scaled.jpg?resize=700%2C400&ssl=1 2x"},"classes":[]},{"id":93214,"url":"https:\/\/www.jornalja.com.br\/geral\/cancer-ingleses-nao-querem-nitrito-no-bacon\/","url_meta":{"origin":82971,"position":3},"title":"C\u00e2ncer: Ingleses n\u00e3o querem nitrito no bacon","author":"da Reda\u00e7\u00e3o","date":"17 de julho de 2022","format":false,"excerpt":"Ganha adeptos no parlamento na Inglaterra campanha contra o uso no bacon de produtos qu\u00edmicos, que aumentam o risco de v\u00e1rias formas de c\u00e2ncer. Eles querem que o governo diga \u00e0 ind\u00fastria de su\u00ednos para eliminar gradualmente o uso de nitritos, que s\u00e3o usados \u200b\u200bpara curar o bacon e dar\u2026","rel":"","context":"Em &quot;Geral-NOTAS&quot;","block_context":{"text":"Geral-NOTAS","link":"https:\/\/www.jornalja.com.br\/geral\/category\/geral-notas\/"},"img":{"alt_text":"","src":"","width":0,"height":0},"classes":[]},{"id":85653,"url":"https:\/\/www.jornalja.com.br\/geral\/prefeitura-de-porto-alegre-propoe-volta-as-aulas-presenciais-em-outubro\/","url_meta":{"origin":82971,"position":4},"title":"Prefeitura de Porto Alegre prop\u00f5e volta \u00e0s aulas presenciais em outubro","author":"da Reda\u00e7\u00e3o","date":"14 de setembro de 2020","format":false,"excerpt":"A prefeitura municipal de Porto Alegre apresentou, na tarde desta segunda-feira, 14\/09, uma proposta de cronograma e de protocolos para a retomada das atividades presenciais de ensino em Porto Alegre. Pela ideia, a Educa\u00e7\u00e3o Infantil poder\u00e1 ser aberta a partir de 28 de setembro para alimenta\u00e7\u00e3o, atividades de apoio e\u2026","rel":"","context":"Em &quot;Geral-MAT\u00c9RIA&quot;","block_context":{"text":"Geral-MAT\u00c9RIA","link":"https:\/\/www.jornalja.com.br\/geral\/category\/geral\/"},"img":{"alt_text":"","src":"https:\/\/i0.wp.com\/www.jornalja.com.br\/geral\/wp-content\/uploads\/sites\/4\/2020\/09\/aulas-2-scaled.jpg?resize=350%2C200&ssl=1","width":350,"height":200,"srcset":"https:\/\/i0.wp.com\/www.jornalja.com.br\/geral\/wp-content\/uploads\/sites\/4\/2020\/09\/aulas-2-scaled.jpg?resize=350%2C200&ssl=1 1x, https:\/\/i0.wp.com\/www.jornalja.com.br\/geral\/wp-content\/uploads\/sites\/4\/2020\/09\/aulas-2-scaled.jpg?resize=525%2C300&ssl=1 1.5x, https:\/\/i0.wp.com\/www.jornalja.com.br\/geral\/wp-content\/uploads\/sites\/4\/2020\/09\/aulas-2-scaled.jpg?resize=700%2C400&ssl=1 2x, https:\/\/i0.wp.com\/www.jornalja.com.br\/geral\/wp-content\/uploads\/sites\/4\/2020\/09\/aulas-2-scaled.jpg?resize=1050%2C600&ssl=1 3x, https:\/\/i0.wp.com\/www.jornalja.com.br\/geral\/wp-content\/uploads\/sites\/4\/2020\/09\/aulas-2-scaled.jpg?resize=1400%2C800&ssl=1 4x"},"classes":[]},{"id":82780,"url":"https:\/\/www.jornalja.com.br\/geral\/incertezas-e-falsas-estatisticas-efeitos-colaterais-do-coronavirus-pelo-mundo\/","url_meta":{"origin":82971,"position":5},"title":"Incertezas e falsas estat\u00edsticas, efeitos colaterais do coronav\u00edrus pelo mundo","author":"da Reda\u00e7\u00e3o","date":"18 de abril de 2020","format":false,"excerpt":"Mariano Senna De Berlim\/Alemanha O caso do m\u00fasico e educador brasileiro Jo\u00e3o de Alencar Rego ilustra bem o tipo de disfun\u00e7\u00e3o que o novo coronav\u00edrus provocou no sistema de sa\u00fade das principais pot\u00eancias mundiais. Vivendo h\u00e1 sete anos em Berlim na Alemanha, Jo\u00e3o vem se tratando de um c\u00e2ncer no\u2026","rel":"","context":"Em &quot;Geral-MAT\u00c9RIA&quot;","block_context":{"text":"Geral-MAT\u00c9RIA","link":"https:\/\/www.jornalja.com.br\/geral\/category\/geral\/"},"img":{"alt_text":"","src":"","width":0,"height":0},"classes":[]}],"jetpack_sharing_enabled":true,"_links":{"self":[{"href":"https:\/\/www.jornalja.com.br\/geral\/wp-json\/wp\/v2\/posts\/82971","targetHints":{"allow":["GET"]}}],"collection":[{"href":"https:\/\/www.jornalja.com.br\/geral\/wp-json\/wp\/v2\/posts"}],"about":[{"href":"https:\/\/www.jornalja.com.br\/geral\/wp-json\/wp\/v2\/types\/post"}],"author":[{"embeddable":true,"href":"https:\/\/www.jornalja.com.br\/geral\/wp-json\/wp\/v2\/users\/2"}],"replies":[{"embeddable":true,"href":"https:\/\/www.jornalja.com.br\/geral\/wp-json\/wp\/v2\/comments?post=82971"}],"version-history":[{"count":1,"href":"https:\/\/www.jornalja.com.br\/geral\/wp-json\/wp\/v2\/posts\/82971\/revisions"}],"predecessor-version":[{"id":82972,"href":"https:\/\/www.jornalja.com.br\/geral\/wp-json\/wp\/v2\/posts\/82971\/revisions\/82972"}],"wp:attachment":[{"href":"https:\/\/www.jornalja.com.br\/geral\/wp-json\/wp\/v2\/media?parent=82971"}],"wp:term":[{"taxonomy":"category","embeddable":true,"href":"https:\/\/www.jornalja.com.br\/geral\/wp-json\/wp\/v2\/categories?post=82971"},{"taxonomy":"post_tag","embeddable":true,"href":"https:\/\/www.jornalja.com.br\/geral\/wp-json\/wp\/v2\/tags?post=82971"}],"curies":[{"name":"wp","href":"https:\/\/api.w.org\/{rel}","templated":true}]}}