{"id":82979,"date":"2020-04-24T12:50:47","date_gmt":"2020-04-24T15:50:47","guid":{"rendered":"https:\/\/www.jornalja.com.br\/geral\/?p=82979"},"modified":"2021-11-23T18:30:58","modified_gmt":"2021-11-23T21:30:58","slug":"pandemia-economica-e-climatica-sao-os-outros-fronts-na-europa","status":"publish","type":"post","link":"https:\/\/www.jornalja.com.br\/geral\/pandemia-economica-e-climatica-sao-os-outros-fronts-na-europa\/","title":{"rendered":"Pandemia econ\u00f4mica e clim\u00e1tica s\u00e3o os outros fronts na Europa"},"content":{"rendered":"<p>No dia em que a Uni\u00e3o Europ\u00e9ia obteve consenso sobre o \u201cpacote de resgate\u201d da economia do bloco, um total de 500 bilh\u00f5es de euros, ag\u00eancias de not\u00edcias informavam o in\u00edcio das negocia\u00e7\u00f5es entre governo e empresas a\u00e9reas. A gigante do turismo TUI recebeu 1,6 bilh\u00e3o de euros nas primeiras semanas da pandemia, e agora pleiteia pelo menos o dobro. A Lufthansa pede outro um bilhao de Euros. A quarentena do coronav\u00edrus j\u00e1 custou 166 bilh\u00f5es de euros ao tesouro alem\u00e3o na forma de ajuda a empresas e trabalhadores.<\/p>\n<p>\u201cDevemos evitar a imagem de um Estado que nos ajuda distribuindo dinheiro numa emerg\u00eancia como essa. Em algum momento teremos que pagar essa conta\u201d, aponta Reiner Hoznagel, presidente da Federa\u00e7\u00e3o Alem\u00e3 dos Contribuintes.<\/p>\n<p>Na linha de frente, um quinto das empresas do pa\u00eds pretendem demitir funcion\u00e1rios, segundo o IFO-Institut (www.ifo.de). Em meio a esse turbilh\u00e3o, a pergunta do dia foi: como uma sociedade democraticamente organizada assume o desafio contra uma massiva amea\u00e7a contra a vida? Olhando para tr\u00e1s, \u00e9 inevit\u00e1vel a pergunta sobre se tudo isso era necess\u00e1rio.<\/p>\n<p>Dr. Christian Drosten, Vir\u00f3logo da Charit\u00e9 de Berlin, e um dos principais respons\u00e1veis pela estrat\u00e9gia adotada pelo governo alem\u00e3o para conter a pandemia, ajuda a responder.<\/p>\n<p>\u201cNo mundo todo, 2,6% das pessoas infectadas pelo coronav\u00edrus, independente da idade, precisam ir para o hospital. Para termos uma informa\u00e7\u00e3o mais precisa sobre a situa\u00e7\u00e3o, precisamos saber tamb\u00e9m o que ocorre fora dos centros de sa\u00fade. Segundo os modelos estat\u00edsticos mais avan\u00e7ados, 0,5 % de todas as pessoas infectadas pelo v\u00edrus morrem\u201d, explica ele. Detalhe, para os acima de 80 anos a mortalidade \u00e9 de 8,3%.<\/p>\n<p>Parece nada, um peido molhado na taxa de mortalidade. Cerca de 70% da popula\u00e7\u00e3o de 85 milh\u00f5es da Alemanha deve ser contaminada pelo v\u00edrus, de um jeito ou de outro, de acordo com os dados apresentados pelo co-descobridor do coronav\u00edrus da SARS em 2003. Fazendo as contas com calma, ser\u00e3o 280 mil pessoas que morrer\u00e3o quando a contamina\u00e7\u00e3o atingir esse n\u00famero de pessoas, e a taxa de mortalidade da doen\u00e7a for mantida.<\/p>\n<p><img decoding=\"async\" data-attachment-id=\"82988\" data-permalink=\"https:\/\/www.jornalja.com.br\/geral\/pandemia-economica-e-climatica-sao-os-outros-fronts-na-europa\/alemanha_marianosenna\/\" data-orig-file=\"https:\/\/www.jornalja.com.br\/geral\/wp-content\/uploads\/sites\/4\/2020\/04\/Alemanha_MarianoSenna.jpg\" data-orig-size=\"1024,1024\" data-comments-opened=\"1\" data-image-meta=\"{&quot;aperture&quot;:&quot;0&quot;,&quot;credit&quot;:&quot;&quot;,&quot;camera&quot;:&quot;&quot;,&quot;caption&quot;:&quot;&quot;,&quot;created_timestamp&quot;:&quot;1587729840&quot;,&quot;copyright&quot;:&quot;&quot;,&quot;focal_length&quot;:&quot;0&quot;,&quot;iso&quot;:&quot;0&quot;,&quot;shutter_speed&quot;:&quot;0&quot;,&quot;title&quot;:&quot;&quot;,&quot;orientation&quot;:&quot;1&quot;}\" data-image-title=\"Alemanha_MarianoSenna\" data-image-description=\"\" data-image-caption=\"\" data-large-file=\"https:\/\/www.jornalja.com.br\/geral\/wp-content\/uploads\/sites\/4\/2020\/04\/Alemanha_MarianoSenna-900x900.jpg\" class=\"alignnone size-full wp-image-82988\" src=\"https:\/\/www.jornalja.com.br\/geral\/wp-content\/uploads\/sites\/4\/2020\/04\/Alemanha_MarianoSenna.jpg\" alt=\"\" width=\"1024\" height=\"1024\" srcset=\"https:\/\/www.jornalja.com.br\/geral\/wp-content\/uploads\/sites\/4\/2020\/04\/Alemanha_MarianoSenna.jpg 1024w, https:\/\/www.jornalja.com.br\/geral\/wp-content\/uploads\/sites\/4\/2020\/04\/Alemanha_MarianoSenna-450x450.jpg 450w, https:\/\/www.jornalja.com.br\/geral\/wp-content\/uploads\/sites\/4\/2020\/04\/Alemanha_MarianoSenna-900x900.jpg 900w, https:\/\/www.jornalja.com.br\/geral\/wp-content\/uploads\/sites\/4\/2020\/04\/Alemanha_MarianoSenna-250x250.jpg 250w, https:\/\/www.jornalja.com.br\/geral\/wp-content\/uploads\/sites\/4\/2020\/04\/Alemanha_MarianoSenna-768x768.jpg 768w\" sizes=\"(max-width: 1024px) 100vw, 1024px\" \/><\/p>\n<p>Christian Drosten lembra que se as pessoas n\u00e3o puderem ser atendidas nos hospitais por conta da superlota\u00e7\u00e3o, o percentual de mortos em rela\u00e7\u00e3o ao n\u00famero de infectados aumenta. \u201cEm algumas regi\u00f5es da It\u00e1lia esse percentual chegou a 12%\u201d.<\/p>\n<p>Dr. Drosten aposta sua reputa\u00e7\u00e3o contra aquilo que chama de \u201cboa vontade pol\u00edtica\u201d. \u201cH\u00e1 tanta fantasia a respeito de como podemos regular nosso comportamento no sentido de proteger-nos de um v\u00edrus assim\u201d, conta ele, sem esquecer de frisar que m\u00e1scaras e luvas n\u00e3o ser\u00e3o suficientes para garantir seguran\u00e7a. \u201cN\u00e3o ficarei surpreso se observarmos nas pr\u00f3ximas semanas um retorno da corrente de infec\u00e7\u00f5es que tivemos nas primeiras semanas da epidemia\u201d.<\/p>\n<p>Contr\u00e1rio a qualquer apelo dram\u00e1tico, o mais importante vir\u00f3logo alem\u00e3o invoca a cautela recomendada pelas autoridades. \u201cPassamos por um teste, como n\u00e3o viv\u00edamos desde o fim da segunda guerra mundial, ningu\u00e9m faz com prazer, mas \u00e9 a verdade, temos, hoje, n\u00e3o o final da pandemia, mas o come\u00e7o\u201d, consentiu a primeira ministra, Angela Merkel, durante seu discurso no Parlamento.<\/p>\n<p>\u201cO Estado \u00e9 absolutamente dispens\u00e1vel. \u00c9 tempo de relaxar a restri\u00e7\u00e3o de direitos fundamentais, e delegar a responsabilidade pelas medidas de prote\u00e7\u00e3o a cada individuo\u201d, defendeu Alexander Gauland, uma das proeminentes figuras do Afd (Alternative f\u00fcr Deutschland), partido de extrema direita da Alemanha.<\/p>\n<p>Para o l\u00edder do Partido Verde no Reichtag, Anton Hofreiter, se o assunto \u00e9 preven\u00e7\u00e3o, ent\u00e3o n\u00e3o podemos esquecer da quest\u00e3o clim\u00e1tica. Enquanto \u201ca crise do Cororna\u201d monopoliza aten\u00e7\u00f5es, o Hemisf\u00e9rio Norte arde, com inc\u00eandios florestais espalhados pela Ucr\u00e2nia, Russia, Pol\u00f4nia, Alemanha e Holanda.<\/p>\n<p>Na Alemanha a seca \u00e9 recorde desde 2018. Ainda assim, os alem\u00e3es assistem impass\u00edveis a recordes de temperatura e de redu\u00e7\u00e3o pluvial. Dados oficiais apontam que praticamente um ter\u00e7o do pa\u00eds vive uma seca extraordin\u00e1ria para os padr\u00f5es observados pela ci\u00eancia h\u00e1 pelo menos cem anos. \u201c\u00c9 uma verdadeira cat\u00e1strofe\u201d, diz Philipp F\u00f6lsch, diretor da Produtos Agr\u00e1rios Dambec enquanto cava no solo seco e arenoso da sua planta\u00e7\u00e3o de milho. Segundo Dr. Andreas Marx, do Centro Helmholtz de Pesquisa em Meio Ambiente, as medi\u00e7\u00f5es de umidade do solo indicam que a seca ir\u00e1 perdurar por toda temporada de ver\u00e3o.<\/p>\n","protected":false},"excerpt":{"rendered":"<p>No dia em que a Uni\u00e3o Europ\u00e9ia obteve consenso sobre o \u201cpacote de resgate\u201d da economia do bloco, um total de 500 bilh\u00f5es de euros, ag\u00eancias de not\u00edcias informavam o in\u00edcio das negocia\u00e7\u00f5es entre governo e empresas a\u00e9reas. A gigante do turismo TUI recebeu 1,6 bilh\u00e3o de euros nas primeiras semanas da pandemia, e agora [&hellip;]<\/p>\n","protected":false},"author":22,"featured_media":82986,"comment_status":"open","ping_status":"open","sticky":false,"template":"","format":"standard","meta":{"jetpack_post_was_ever_published":false,"_jetpack_newsletter_access":"","_jetpack_dont_email_post_to_subs":false,"_jetpack_newsletter_tier_id":0,"_jetpack_memberships_contains_paywalled_content":false,"_jetpack_memberships_contains_paid_content":false,"footnotes":"","jetpack_publicize_message":"","jetpack_publicize_feature_enabled":true,"jetpack_social_post_already_shared":true,"jetpack_social_options":{"image_generator_settings":{"template":"highway","default_image_id":0,"font":"","enabled":false},"version":2}},"categories":[2],"tags":[36,91,425],"class_list":["post-82979","post","type-post","status-publish","format-standard","has-post-thumbnail","hentry","category-geral","tag-coronavirus","tag-covid-19","tag-pandemia"],"aioseo_notices":[],"jetpack_publicize_connections":[],"jetpack_featured_media_url":"https:\/\/www.jornalja.com.br\/geral\/wp-content\/uploads\/sites\/4\/2020\/04\/Alemanha-2_MarianoSenna.jpg","jetpack_shortlink":"https:\/\/wp.me\/pbKhrD-lAn","jetpack-related-posts":[{"id":91088,"url":"https:\/\/www.jornalja.com.br\/geral\/efeito-da-pandemia-alemanha-estima-24-mil-falencias-em-2021\/","url_meta":{"origin":82979,"position":0},"title":"Efeito da pandemia, Alemanha estima 24 mil fal\u00eancias em 2021","author":"da Reda\u00e7\u00e3o","date":"23 de novembro de 2021","format":false,"excerpt":"Os bancos privados da Alemanha esperam um aumento no n\u00famero de insolv\u00eancias por conta da crise provocada pelos Lockdowns de combate da pandemia. \"Menos do que esper\u00e1vamos, mas ainda preocupante\", declara Christian Ossig, CEO da Federa\u00e7\u00e3o dos Bancos Alem\u00e3es (https:\/\/bankenverband.de\/ - BdB). T\u00e9cnicos da entidade estimam 24 mil fal\u00eancias em\u2026","rel":"","context":"Em &quot;Geral-NOTAS&quot;","block_context":{"text":"Geral-NOTAS","link":"https:\/\/www.jornalja.com.br\/geral\/category\/geral-notas\/"},"img":{"alt_text":"","src":"","width":0,"height":0},"classes":[]},{"id":91119,"url":"https:\/\/www.jornalja.com.br\/geral\/alemanha-anuncia-ajuda-para-empresas-na-quarta-onda-da-pandemia\/","url_meta":{"origin":82979,"position":1},"title":"Alemanha anuncia ajuda para empresas na quarta onda da pandemia","author":"da Reda\u00e7\u00e3o","date":"25 de novembro de 2021","format":false,"excerpt":"Peter Altmeier (CDU), ainda ministro da Economia da Alemanha, fez sua \u00faltima confer\u00eancia de imprensa na quarta-feira (24\/11). Em poucos dias assume a nova coaliz\u00e3o de governo e ele deixar\u00e1 o cargo que ocupou por quase quatro anos. \"H\u00e1 uma escassez de mat\u00e9rias-primas e componentes em n\u00edvel mundial, por conta\u2026","rel":"","context":"Em &quot;Geral-NOTAS&quot;","block_context":{"text":"Geral-NOTAS","link":"https:\/\/www.jornalja.com.br\/geral\/category\/geral-notas\/"},"img":{"alt_text":"","src":"","width":0,"height":0},"classes":[]},{"id":83654,"url":"https:\/\/www.jornalja.com.br\/geral\/apesar-da-ajuda-governamental-onda-de-demissoes-ameaca-europeus-apos-confinamento\/","url_meta":{"origin":82979,"position":2},"title":"Onda de demiss\u00f5es amea\u00e7a europeus ap\u00f3s confinamento","author":"Cleber Dioni Tentardini","date":"19 de maio de 2020","format":false,"excerpt":"Mariano Senna, de Berlim Enquanto o Brasil sofre para conseguir respiradores e unidades de terapia intensiva no mercado internacional, a economia mais forte da Europa, com UTIs sobrando, n\u00e3o sabe como evitar algo pior do que j\u00e1 aconteceu at\u00e9 agora. Seja em quest\u00f5es de sa\u00fade ou econ\u00f4micas. O Produto Interno\u2026","rel":"","context":"Em &quot;Geral-MAT\u00c9RIA&quot;","block_context":{"text":"Geral-MAT\u00c9RIA","link":"https:\/\/www.jornalja.com.br\/geral\/category\/geral\/"},"img":{"alt_text":"","src":"https:\/\/i0.wp.com\/www.jornalja.com.br\/geral\/wp-content\/uploads\/sites\/4\/2020\/05\/TUI-Plane-1024x576-1.jpg?resize=350%2C200&ssl=1","width":350,"height":200,"srcset":"https:\/\/i0.wp.com\/www.jornalja.com.br\/geral\/wp-content\/uploads\/sites\/4\/2020\/05\/TUI-Plane-1024x576-1.jpg?resize=350%2C200&ssl=1 1x, https:\/\/i0.wp.com\/www.jornalja.com.br\/geral\/wp-content\/uploads\/sites\/4\/2020\/05\/TUI-Plane-1024x576-1.jpg?resize=525%2C300&ssl=1 1.5x, https:\/\/i0.wp.com\/www.jornalja.com.br\/geral\/wp-content\/uploads\/sites\/4\/2020\/05\/TUI-Plane-1024x576-1.jpg?resize=700%2C400&ssl=1 2x"},"classes":[]},{"id":82858,"url":"https:\/\/www.jornalja.com.br\/geral\/fim-da-quarentena-comeca-lento-e-incerto-na-alemanha\/","url_meta":{"origin":82979,"position":3},"title":"Fim da quarentena come\u00e7a lento e incerto na Alemanha","author":"da Reda\u00e7\u00e3o","date":"20 de abril de 2020","format":false,"excerpt":"Mariano Senna, de Berlim A postura insegura, quase em tom de desculpas, em que a primeira ministra da Alemanha, Angela Merkel, anunciou o chamado plano para o relaxamento da quarentena, entrega a incerteza relacionada \u00e0s medidas adotadas at\u00e9 agora. \u201cObtivemos fr\u00e1gil sucesso na luta contra essa epidemia\u201d, ressaltou Merkel, em\u2026","rel":"","context":"Em &quot;Geral-MAT\u00c9RIA&quot;","block_context":{"text":"Geral-MAT\u00c9RIA","link":"https:\/\/www.jornalja.com.br\/geral\/category\/geral\/"},"img":{"alt_text":"","src":"https:\/\/i0.wp.com\/www.jornalja.com.br\/geral\/wp-content\/uploads\/sites\/4\/2020\/04\/IMG-20200420-WA0000.jpg?resize=350%2C200&ssl=1","width":350,"height":200,"srcset":"https:\/\/i0.wp.com\/www.jornalja.com.br\/geral\/wp-content\/uploads\/sites\/4\/2020\/04\/IMG-20200420-WA0000.jpg?resize=350%2C200&ssl=1 1x, https:\/\/i0.wp.com\/www.jornalja.com.br\/geral\/wp-content\/uploads\/sites\/4\/2020\/04\/IMG-20200420-WA0000.jpg?resize=525%2C300&ssl=1 1.5x, https:\/\/i0.wp.com\/www.jornalja.com.br\/geral\/wp-content\/uploads\/sites\/4\/2020\/04\/IMG-20200420-WA0000.jpg?resize=700%2C400&ssl=1 2x"},"classes":[]},{"id":83224,"url":"https:\/\/www.jornalja.com.br\/geral\/maio-comeca-atipico-e-sem-coesao-contra-a-pandemia-na-alemanha\/","url_meta":{"origin":82979,"position":4},"title":"Maio come\u00e7a at\u00edpico e sem coes\u00e3o contra a pandemia na Alemanha","author":"da Reda\u00e7\u00e3o","date":"4 de maio de 2020","format":false,"excerpt":"Mariano Senna, de Berlim Mesmo obrigat\u00f3rio, o uso de m\u00e1scara protetora continua sendo ignorado pelos alem\u00e3es. Quase uma semana ap\u00f3s a medida ter entrado em vigor, nas ruas, lojas, supermercados e no transporte coletivo, muitas pessoas ainda n\u00e3o a adotaram. Alguns poucos estabelecimentos, como ag\u00eancias banc\u00e1rias ou dos correios, exigem\u2026","rel":"","context":"Em &quot;Geral-MAT\u00c9RIA&quot;","block_context":{"text":"Geral-MAT\u00c9RIA","link":"https:\/\/www.jornalja.com.br\/geral\/category\/geral\/"},"img":{"alt_text":"","src":"https:\/\/i0.wp.com\/www.jornalja.com.br\/geral\/wp-content\/uploads\/sites\/4\/2020\/04\/Berlim-obrigatoriedade-de-m%C3%A1scara-n%C3%A3o-%C3%A9-respeitada_Mariano_Senna.jpg?resize=350%2C200&ssl=1","width":350,"height":200,"srcset":"https:\/\/i0.wp.com\/www.jornalja.com.br\/geral\/wp-content\/uploads\/sites\/4\/2020\/04\/Berlim-obrigatoriedade-de-m%C3%A1scara-n%C3%A3o-%C3%A9-respeitada_Mariano_Senna.jpg?resize=350%2C200&ssl=1 1x, https:\/\/i0.wp.com\/www.jornalja.com.br\/geral\/wp-content\/uploads\/sites\/4\/2020\/04\/Berlim-obrigatoriedade-de-m%C3%A1scara-n%C3%A3o-%C3%A9-respeitada_Mariano_Senna.jpg?resize=525%2C300&ssl=1 1.5x, https:\/\/i0.wp.com\/www.jornalja.com.br\/geral\/wp-content\/uploads\/sites\/4\/2020\/04\/Berlim-obrigatoriedade-de-m%C3%A1scara-n%C3%A3o-%C3%A9-respeitada_Mariano_Senna.jpg?resize=700%2C400&ssl=1 2x"},"classes":[]},{"id":83142,"url":"https:\/\/www.jornalja.com.br\/geral\/primeiro-de-maio-e-incognita-em-meio-a-saida-da-crise-na-europa\/","url_meta":{"origin":82979,"position":5},"title":"Primeiro de Maio \u00e9 inc\u00f3gnita em meio \u00e0 sa\u00edda da crise na Europa","author":"da Reda\u00e7\u00e3o","date":"29 de abril de 2020","format":false,"excerpt":"Mariano Senna, de Berlim \u00c0s v\u00e9speras do fim oficial do confinamento por conta da pandemia pelo Covid-19 na Europa, a chamada retomada das atividades, uma inc\u00f3gnita paira sobre o Continente. Ser\u00e3o respeitadas as regras de distanciamento e preven\u00e7\u00e3o durante o primeiro de maio? Ou melhor, como far\u00e3o os governos para\u2026","rel":"","context":"Em &quot;Geral-MAT\u00c9RIA&quot;","block_context":{"text":"Geral-MAT\u00c9RIA","link":"https:\/\/www.jornalja.com.br\/geral\/category\/geral\/"},"img":{"alt_text":"","src":"https:\/\/i0.wp.com\/www.jornalja.com.br\/geral\/wp-content\/uploads\/sites\/4\/2020\/04\/WhatsApp-Image-2020-04-28-at-22.16.15-scaled.jpeg?resize=350%2C200&ssl=1","width":350,"height":200,"srcset":"https:\/\/i0.wp.com\/www.jornalja.com.br\/geral\/wp-content\/uploads\/sites\/4\/2020\/04\/WhatsApp-Image-2020-04-28-at-22.16.15-scaled.jpeg?resize=350%2C200&ssl=1 1x, https:\/\/i0.wp.com\/www.jornalja.com.br\/geral\/wp-content\/uploads\/sites\/4\/2020\/04\/WhatsApp-Image-2020-04-28-at-22.16.15-scaled.jpeg?resize=525%2C300&ssl=1 1.5x, https:\/\/i0.wp.com\/www.jornalja.com.br\/geral\/wp-content\/uploads\/sites\/4\/2020\/04\/WhatsApp-Image-2020-04-28-at-22.16.15-scaled.jpeg?resize=700%2C400&ssl=1 2x"},"classes":[]}],"jetpack_sharing_enabled":true,"_links":{"self":[{"href":"https:\/\/www.jornalja.com.br\/geral\/wp-json\/wp\/v2\/posts\/82979","targetHints":{"allow":["GET"]}}],"collection":[{"href":"https:\/\/www.jornalja.com.br\/geral\/wp-json\/wp\/v2\/posts"}],"about":[{"href":"https:\/\/www.jornalja.com.br\/geral\/wp-json\/wp\/v2\/types\/post"}],"author":[{"embeddable":true,"href":"https:\/\/www.jornalja.com.br\/geral\/wp-json\/wp\/v2\/users\/22"}],"replies":[{"embeddable":true,"href":"https:\/\/www.jornalja.com.br\/geral\/wp-json\/wp\/v2\/comments?post=82979"}],"version-history":[{"count":5,"href":"https:\/\/www.jornalja.com.br\/geral\/wp-json\/wp\/v2\/posts\/82979\/revisions"}],"predecessor-version":[{"id":91090,"href":"https:\/\/www.jornalja.com.br\/geral\/wp-json\/wp\/v2\/posts\/82979\/revisions\/91090"}],"wp:featuredmedia":[{"embeddable":true,"href":"https:\/\/www.jornalja.com.br\/geral\/wp-json\/wp\/v2\/media\/82986"}],"wp:attachment":[{"href":"https:\/\/www.jornalja.com.br\/geral\/wp-json\/wp\/v2\/media?parent=82979"}],"wp:term":[{"taxonomy":"category","embeddable":true,"href":"https:\/\/www.jornalja.com.br\/geral\/wp-json\/wp\/v2\/categories?post=82979"},{"taxonomy":"post_tag","embeddable":true,"href":"https:\/\/www.jornalja.com.br\/geral\/wp-json\/wp\/v2\/tags?post=82979"}],"curies":[{"name":"wp","href":"https:\/\/api.w.org\/{rel}","templated":true}]}}