{"id":83064,"date":"2020-04-26T10:33:10","date_gmt":"2020-04-26T13:33:10","guid":{"rendered":"https:\/\/www.jornalja.com.br\/geral\/?p=83064"},"modified":"2021-11-16T08:48:09","modified_gmt":"2021-11-16T11:48:09","slug":"rbs-deve-ampliar-medidas-de-contencao-de-custos-alem-das-demissoes-anunciadas","status":"publish","type":"post","link":"https:\/\/www.jornalja.com.br\/geral\/rbs-deve-ampliar-medidas-de-contencao-de-custos-alem-das-demissoes-anunciadas\/","title":{"rendered":"RBS deve ampliar medidas de conten\u00e7\u00e3o de custos, al\u00e9m das demiss\u00f5es anunciadas"},"content":{"rendered":"<p>As demiss\u00f5es que o grupo RBS anunciou na sexta-feira, 24, ser\u00e3o complementadas por outras medidas, como a suspens\u00e3o tempor\u00e1ria dos contratos ou redu\u00e7\u00e3o de jornada e de sal\u00e1rios.<\/p>\n<p>Os cortes j\u00e1 anunciados atingem em cheio a &#8220;reda\u00e7\u00e3o integrada&#8221;, formada por 230 profissionais que produzem conte\u00fado para os jornais, r\u00e1dios, tv e portais do grupo, o maior da regi\u00e3o Sul.<\/p>\n<p>N\u00e3o foi poss\u00edvel precisar o n\u00famero de demitidos at\u00e9 agora, nem confirmar o alcance das demais medidas de conten\u00e7\u00e3o de custos previstas.<\/p>\n<p>O portal Coletiva, dedicado a carreiras e neg\u00f3cios na \u00e1rea de comunica\u00e7\u00e3o e marketing, informou na sexta-feira que a &#8220;readequa\u00e7\u00e3o no quadro de funcion\u00e1rios&#8221; implicar\u00e1 no corte de 20 profissionais e o UOL disse que ser\u00e3o 25 demiss\u00f5es. Nas redes sociais circula uma lista com 31 nomes, sendo que nem todos foram afastados.<\/p>\n<p>A empresa limitou-se a emitir uma nota afirmando que est\u00e1 &#8220;adaptando sua opera\u00e7\u00e3o&#8221; para enfrentar os impactos econ\u00f4micos da pandemia do coronav\u00edrus e &#8220;para estar preparada frente a um cen\u00e1rio ainda incerto&#8221;.<\/p>\n<p>A presidente do Sindicato dos Jornalistas do RS, Vera Daisy Barcellos, disse ao J\u00c1 que durante toda a tarde de sexta-feira tentou obter a informa\u00e7\u00e3o\u00a0 junto \u00e0 empresa, sem resultado. &#8220;Pelo que conseguimos saber \u00e9 em torno de 30, por enquanto&#8221;, disse ela.\u00a0 A medida ser\u00e1 efetivada em primeiro de maio.<\/p>\n<p>Segundo a presidente do Sindicato, a redu\u00e7\u00e3o tempor\u00e1ria de jornada de trabalho e do respectivo sal\u00e1rio poder\u00e1 ser negociada individualmente com os empregados, seguindo as regras estabelecidas na Conven\u00e7\u00e3o Coletiva Emergencial, assinada no dia 20 de abril com o sindicato das empresas.<\/p>\n<p>A redu\u00e7\u00e3o poder\u00e1 ser de 25%, 50% ou at\u00e9 70%\u00a0 da jornada, com a respectiva redu\u00e7\u00e3o do sal\u00e1rio. O empregado far\u00e1 jus ao seguro desemprego, no percentual da redu\u00e7\u00e3o do sal\u00e1rio.<\/p>\n<p>A cl\u00e1usula d\u00e9cima da conven\u00e7\u00e3o emergencial permite tamb\u00e9m a suspens\u00e3o do contrato de trabalho por 60 dias. Nas empresas com faturamento anual at\u00e9 R$ 4,8 milh\u00f5es, o trabalhador far\u00e1 jus a 100% do seguro desemprego. No caso das empresas com faturamento acima de R$ 4,8 milh\u00f5es, o trabalhador receber\u00e1 70% do seguro desemprego pago pelo governo e\u00a0 30% do respectivo sal\u00e1rio pago pela empresa.<\/p>\n<p>Em seu balan\u00e7o de 2019, a RBS Participa\u00e7\u00f5es S.A., controladora dos ve\u00edculos do Grupo RBS, registrou um lucro l\u00edquido de R$ 36,9 milh\u00f5es.<\/p>\n<p>O lucro l\u00edquido do grupo foi de R$ 47,9 milh\u00f5es no ano de 2018.<\/p>\n<section class=\"news blue single\">\n<article class=\"single-article full-post\">\n<div class=\"post entry\">\n<p>Pelo balan\u00e7o, o grupo tem uma estrutura financeira consistente, com uma liquidez corrente de 2,12 &#8211; ou seja, para cada R$ 1,0\u00a0 que a empresa deve no curto prazo, conta com uma disponibilidade\u00a0 de R$ 2,12.<\/p>\n<p>Embora, nominalmente, tenha ca\u00eddo o saldo de recursos l\u00edquidos de caixa, vale destacar que, no exerc\u00edcio de 2019, n\u00e3o houve ingresso de faturamento proveniente de venda de participa\u00e7\u00f5es acion\u00e1rias, como em 2018. Al\u00e9m disto, nota-se uma consider\u00e1vel amortiza\u00e7\u00e3o de deb\u00eantures (t\u00edtulos de d\u00edvida) com redu\u00e7\u00e3o do Passivo Circulante de um ano para outro, o que torna a situa\u00e7\u00e3o bastante positiva.<\/p>\n<\/div>\n<\/article>\n<\/section>\n","protected":false},"excerpt":{"rendered":"<p>As demiss\u00f5es que o grupo RBS anunciou na sexta-feira, 24, ser\u00e3o complementadas por outras medidas, como a suspens\u00e3o tempor\u00e1ria dos contratos ou redu\u00e7\u00e3o de jornada e de sal\u00e1rios. Os cortes j\u00e1 anunciados atingem em cheio a &#8220;reda\u00e7\u00e3o integrada&#8221;, formada por 230 profissionais que produzem conte\u00fado para os jornais, r\u00e1dios, tv e portais do grupo, o [&hellip;]<\/p>\n","protected":false},"author":4,"featured_media":83052,"comment_status":"open","ping_status":"open","sticky":false,"template":"","format":"standard","meta":{"jetpack_post_was_ever_published":false,"_jetpack_newsletter_access":"","_jetpack_dont_email_post_to_subs":false,"_jetpack_newsletter_tier_id":0,"_jetpack_memberships_contains_paywalled_content":false,"_jetpack_memberships_contains_paid_content":false,"footnotes":"","jetpack_publicize_message":"","jetpack_publicize_feature_enabled":true,"jetpack_social_post_already_shared":true,"jetpack_social_options":{"image_generator_settings":{"template":"highway","default_image_id":0,"font":"","enabled":false},"version":2}},"categories":[2],"tags":[],"class_list":["post-83064","post","type-post","status-publish","format-standard","has-post-thumbnail","hentry","category-geral"],"aioseo_notices":[],"jetpack_publicize_connections":[],"jetpack_featured_media_url":"https:\/\/www.jornalja.com.br\/geral\/wp-content\/uploads\/sites\/4\/2020\/04\/RBS-toda-a-equipe-da-reda\u00e7\u00e3o-integrada-scaled.jpg","jetpack_shortlink":"https:\/\/wp.me\/pbKhrD-lBK","jetpack-related-posts":[{"id":83006,"url":"https:\/\/www.jornalja.com.br\/geral\/grupo-rbs-demite-31-jornalistas-da-teve-radio-e-jornais\/","url_meta":{"origin":83064,"position":0},"title":"Grupo RBS demite 31 jornalistas da tev\u00ea, r\u00e1dio e jornais","author":"da Reda\u00e7\u00e3o","date":"24 de abril de 2020","format":false,"excerpt":"Esta sexta-feira, 24, foi marcada por uma s\u00e9rie de movimenta\u00e7\u00f5es no Grupo RBS.\u00a0Coletiva.net apurou que 20 colaboradores do grupo midi\u00e1tico foram demitidos, entre profissionais com v\u00e1rios anos de casa e de destaque em suas \u00e1reas da RBS TV, da r\u00e1dio Ga\u00facha e de Zero Hora e do Pioneiro. Mas a\u2026","rel":"","context":"Em &quot;Geral-MAT\u00c9RIA&quot;","block_context":{"text":"Geral-MAT\u00c9RIA","link":"https:\/\/www.jornalja.com.br\/geral\/category\/geral\/"},"img":{"alt_text":"","src":"https:\/\/i0.wp.com\/www.jornalja.com.br\/geral\/wp-content\/uploads\/sites\/4\/2020\/04\/Captura-de-Tela-2020-04-24-a%CC%80s-14.02.24-scaled.jpg?resize=350%2C200&ssl=1","width":350,"height":200,"srcset":"https:\/\/i0.wp.com\/www.jornalja.com.br\/geral\/wp-content\/uploads\/sites\/4\/2020\/04\/Captura-de-Tela-2020-04-24-a%CC%80s-14.02.24-scaled.jpg?resize=350%2C200&ssl=1 1x, https:\/\/i0.wp.com\/www.jornalja.com.br\/geral\/wp-content\/uploads\/sites\/4\/2020\/04\/Captura-de-Tela-2020-04-24-a%CC%80s-14.02.24-scaled.jpg?resize=525%2C300&ssl=1 1.5x, https:\/\/i0.wp.com\/www.jornalja.com.br\/geral\/wp-content\/uploads\/sites\/4\/2020\/04\/Captura-de-Tela-2020-04-24-a%CC%80s-14.02.24-scaled.jpg?resize=700%2C400&ssl=1 2x"},"classes":[]},{"id":83654,"url":"https:\/\/www.jornalja.com.br\/geral\/apesar-da-ajuda-governamental-onda-de-demissoes-ameaca-europeus-apos-confinamento\/","url_meta":{"origin":83064,"position":1},"title":"Onda de demiss\u00f5es amea\u00e7a europeus ap\u00f3s confinamento","author":"Cleber Dioni Tentardini","date":"19 de maio de 2020","format":false,"excerpt":"Mariano Senna, de Berlim Enquanto o Brasil sofre para conseguir respiradores e unidades de terapia intensiva no mercado internacional, a economia mais forte da Europa, com UTIs sobrando, n\u00e3o sabe como evitar algo pior do que j\u00e1 aconteceu at\u00e9 agora. Seja em quest\u00f5es de sa\u00fade ou econ\u00f4micas. O Produto Interno\u2026","rel":"","context":"Em &quot;Geral-MAT\u00c9RIA&quot;","block_context":{"text":"Geral-MAT\u00c9RIA","link":"https:\/\/www.jornalja.com.br\/geral\/category\/geral\/"},"img":{"alt_text":"","src":"https:\/\/i0.wp.com\/www.jornalja.com.br\/geral\/wp-content\/uploads\/sites\/4\/2020\/05\/TUI-Plane-1024x576-1.jpg?resize=350%2C200&ssl=1","width":350,"height":200,"srcset":"https:\/\/i0.wp.com\/www.jornalja.com.br\/geral\/wp-content\/uploads\/sites\/4\/2020\/05\/TUI-Plane-1024x576-1.jpg?resize=350%2C200&ssl=1 1x, https:\/\/i0.wp.com\/www.jornalja.com.br\/geral\/wp-content\/uploads\/sites\/4\/2020\/05\/TUI-Plane-1024x576-1.jpg?resize=525%2C300&ssl=1 1.5x, https:\/\/i0.wp.com\/www.jornalja.com.br\/geral\/wp-content\/uploads\/sites\/4\/2020\/05\/TUI-Plane-1024x576-1.jpg?resize=700%2C400&ssl=1 2x"},"classes":[]},{"id":86142,"url":"https:\/\/www.jornalja.com.br\/geral\/prefeitura-de-porto-alegre-recorre-de-decisao-que-adia-demissoes-no-imesf\/","url_meta":{"origin":83064,"position":2},"title":"Prefeitura de Porto Alegre recorre de decis\u00e3o que adia demiss\u00f5es no Imesf","author":"da Reda\u00e7\u00e3o","date":"16 de outubro de 2020","format":false,"excerpt":"A Prefeitura de Porto Alegre divulgou nota oficial sobre a decis\u00e3o da Justi\u00e7a do Trabalho de suspender demiss\u00f5es de servidores do Imesf at\u00e9 dezembro. Segundo o texto, \"a decis\u00e3o expedida pelo Tribunal Regional do Trabalho da 4\u00aa Regi\u00e3o (TRT-4) nessa quinta-feira, 15, sobre a manuten\u00e7\u00e3o dos v\u00ednculos empregat\u00edcios de profissionais\u2026","rel":"","context":"Em &quot;Geral-NOTAS&quot;","block_context":{"text":"Geral-NOTAS","link":"https:\/\/www.jornalja.com.br\/geral\/category\/geral-notas\/"},"img":{"alt_text":"","src":"","width":0,"height":0},"classes":[]},{"id":86139,"url":"https:\/\/www.jornalja.com.br\/geral\/justica-do-trabalho-suspende-ate-dezembro-demissoes-no-imesf-em-porto-alegre\/","url_meta":{"origin":83064,"position":3},"title":"Justi\u00e7a do trabalho suspende, at\u00e9 dezembro, demiss\u00f5es no Imesf em Porto Alegre","author":"da Reda\u00e7\u00e3o","date":"16 de outubro de 2020","format":false,"excerpt":"A justi\u00e7a do trabalho determinou que a prefeitura de Porto Alegre suspenda a demiss\u00e3o dos trabalhadores do Instituto Municipal de Estrat\u00e9gia de Sa\u00fade da Fam\u00edlia (Imesf), pelo menos at\u00e9 dezembro. A desembargadora Maria Madalena Telesca concedeu liminar favor\u00e1vel ao pleito do Sindisa\u00fade-RS, Sergs, Soergs, MPF e MP-RS. Com isso, ap\u00f3s\u2026","rel":"","context":"Em &quot;Geral-MAT\u00c9RIA&quot;","block_context":{"text":"Geral-MAT\u00c9RIA","link":"https:\/\/www.jornalja.com.br\/geral\/category\/geral\/"},"img":{"alt_text":"","src":"https:\/\/i0.wp.com\/www.jornalja.com.br\/geral\/wp-content\/uploads\/sites\/4\/2020\/10\/15-10-audiencia-imesf.jpg?resize=350%2C200&ssl=1","width":350,"height":200,"srcset":"https:\/\/i0.wp.com\/www.jornalja.com.br\/geral\/wp-content\/uploads\/sites\/4\/2020\/10\/15-10-audiencia-imesf.jpg?resize=350%2C200&ssl=1 1x, https:\/\/i0.wp.com\/www.jornalja.com.br\/geral\/wp-content\/uploads\/sites\/4\/2020\/10\/15-10-audiencia-imesf.jpg?resize=525%2C300&ssl=1 1.5x, https:\/\/i0.wp.com\/www.jornalja.com.br\/geral\/wp-content\/uploads\/sites\/4\/2020\/10\/15-10-audiencia-imesf.jpg?resize=700%2C400&ssl=1 2x"},"classes":[]},{"id":84310,"url":"https:\/\/www.jornalja.com.br\/geral\/fechamento-pode-causar-mais-12-mil-demissoes-em-bares-e-restaurantes-de-porto-alegre\/","url_meta":{"origin":83064,"position":4},"title":"Fechamento pode causar mais 12 mil demiss\u00f5es em bares e restaurantes de Porto Alegre","author":"da Reda\u00e7\u00e3o","date":"25 de junho de 2020","format":false,"excerpt":"Est\u00e1 valendo, a partir desta quinta-feira, 25\/06, o novo decreto de Porto Alegre que restringe o funcionamento de bares e restaurantes ao sistema de pega e leve ou telentrega. A medida foi adotada para frear a circula\u00e7\u00e3o de pessoas e diminuir o impacto do Covid-19 no sistema de sa\u00fade. Com\u2026","rel":"","context":"Em &quot;Geral-MAT\u00c9RIA&quot;","block_context":{"text":"Geral-MAT\u00c9RIA","link":"https:\/\/www.jornalja.com.br\/geral\/category\/geral\/"},"img":{"alt_text":"","src":"https:\/\/i0.wp.com\/www.jornalja.com.br\/geral\/wp-content\/uploads\/sites\/4\/2020\/06\/dsc8423.jpg?resize=350%2C200&ssl=1","width":350,"height":200,"srcset":"https:\/\/i0.wp.com\/www.jornalja.com.br\/geral\/wp-content\/uploads\/sites\/4\/2020\/06\/dsc8423.jpg?resize=350%2C200&ssl=1 1x, https:\/\/i0.wp.com\/www.jornalja.com.br\/geral\/wp-content\/uploads\/sites\/4\/2020\/06\/dsc8423.jpg?resize=525%2C300&ssl=1 1.5x, https:\/\/i0.wp.com\/www.jornalja.com.br\/geral\/wp-content\/uploads\/sites\/4\/2020\/06\/dsc8423.jpg?resize=700%2C400&ssl=1 2x"},"classes":[]},{"id":84476,"url":"https:\/\/www.jornalja.com.br\/geral\/as-maquinas-estao-parando-crise-dos-jornais-impressos-atinge-em-cheio-o-interior\/","url_meta":{"origin":83064,"position":5},"title":"As m\u00e1quinas est\u00e3o parando: crise dos jornais impressos atinge em cheio o Interior","author":"Elmar Bones","date":"6 de julho de 2020","format":false,"excerpt":"Pelo menos sete impressoras rotativas est\u00e3o paradas e empacotadas no interior do Rio Grande do sul. S\u00e3o m\u00e1quinas potentes e modernas capazes de imprimir milhares de exemplares em poucas horas, mas que, de repente, perderam a fun\u00e7\u00e3o: os jornais impressos est\u00e3o fechando ou reduzindo tiragens e periodicidade, as impressoras est\u00e3o\u2026","rel":"","context":"Em &quot;Geral-ESPECIAL Jornais&quot;","block_context":{"text":"Geral-ESPECIAL Jornais","link":"https:\/\/www.jornalja.com.br\/geral\/category\/geral-especial-jornais\/"},"img":{"alt_text":"","src":"https:\/\/i0.wp.com\/www.jornalja.com.br\/geral\/wp-content\/uploads\/sites\/4\/2020\/07\/crise-dos-jornais-grafica-gazeta-foto-divulgacao-rafaelly-machado.jpg?resize=350%2C200&ssl=1","width":350,"height":200,"srcset":"https:\/\/i0.wp.com\/www.jornalja.com.br\/geral\/wp-content\/uploads\/sites\/4\/2020\/07\/crise-dos-jornais-grafica-gazeta-foto-divulgacao-rafaelly-machado.jpg?resize=350%2C200&ssl=1 1x, https:\/\/i0.wp.com\/www.jornalja.com.br\/geral\/wp-content\/uploads\/sites\/4\/2020\/07\/crise-dos-jornais-grafica-gazeta-foto-divulgacao-rafaelly-machado.jpg?resize=525%2C300&ssl=1 1.5x, https:\/\/i0.wp.com\/www.jornalja.com.br\/geral\/wp-content\/uploads\/sites\/4\/2020\/07\/crise-dos-jornais-grafica-gazeta-foto-divulgacao-rafaelly-machado.jpg?resize=700%2C400&ssl=1 2x"},"classes":[]}],"jetpack_sharing_enabled":true,"_links":{"self":[{"href":"https:\/\/www.jornalja.com.br\/geral\/wp-json\/wp\/v2\/posts\/83064","targetHints":{"allow":["GET"]}}],"collection":[{"href":"https:\/\/www.jornalja.com.br\/geral\/wp-json\/wp\/v2\/posts"}],"about":[{"href":"https:\/\/www.jornalja.com.br\/geral\/wp-json\/wp\/v2\/types\/post"}],"author":[{"embeddable":true,"href":"https:\/\/www.jornalja.com.br\/geral\/wp-json\/wp\/v2\/users\/4"}],"replies":[{"embeddable":true,"href":"https:\/\/www.jornalja.com.br\/geral\/wp-json\/wp\/v2\/comments?post=83064"}],"version-history":[{"count":3,"href":"https:\/\/www.jornalja.com.br\/geral\/wp-json\/wp\/v2\/posts\/83064\/revisions"}],"predecessor-version":[{"id":83067,"href":"https:\/\/www.jornalja.com.br\/geral\/wp-json\/wp\/v2\/posts\/83064\/revisions\/83067"}],"wp:featuredmedia":[{"embeddable":true,"href":"https:\/\/www.jornalja.com.br\/geral\/wp-json\/wp\/v2\/media\/83052"}],"wp:attachment":[{"href":"https:\/\/www.jornalja.com.br\/geral\/wp-json\/wp\/v2\/media?parent=83064"}],"wp:term":[{"taxonomy":"category","embeddable":true,"href":"https:\/\/www.jornalja.com.br\/geral\/wp-json\/wp\/v2\/categories?post=83064"},{"taxonomy":"post_tag","embeddable":true,"href":"https:\/\/www.jornalja.com.br\/geral\/wp-json\/wp\/v2\/tags?post=83064"}],"curies":[{"name":"wp","href":"https:\/\/api.w.org\/{rel}","templated":true}]}}