{"id":83142,"date":"2020-04-29T06:23:31","date_gmt":"2020-04-29T09:23:31","guid":{"rendered":"https:\/\/www.jornalja.com.br\/geral\/?p=83142"},"modified":"2020-04-29T15:22:29","modified_gmt":"2020-04-29T18:22:29","slug":"primeiro-de-maio-e-incognita-em-meio-a-saida-da-crise-na-europa","status":"publish","type":"post","link":"https:\/\/www.jornalja.com.br\/geral\/primeiro-de-maio-e-incognita-em-meio-a-saida-da-crise-na-europa\/","title":{"rendered":"Primeiro de Maio \u00e9 inc\u00f3gnita em meio \u00e0 sa\u00edda da crise na Europa"},"content":{"rendered":"<p><strong>Mariano Senna, de Berlim<\/strong><\/p>\n<p>\u00c0s v\u00e9speras do fim oficial do confinamento por conta da pandemia pelo Covid-19 na Europa, a chamada retomada das atividades, uma inc\u00f3gnita paira sobre o Continente. Ser\u00e3o respeitadas as regras de distanciamento e preven\u00e7\u00e3o durante o primeiro de maio? Ou melhor, como far\u00e3o os governos para evitarem que as pessoas saiam as ruas no feriado para protestarem contra quest\u00f5es relacionadas \u00e0 crise atual?<\/p>\n<p>O notici\u00e1rio europeu d\u00e1 conta da crescente insatisfa\u00e7\u00e3o especialmente dos setores de entretenimento, gastronomia e turismo. \u201cDonos de estabelecimentos n\u00e3o sabem como v\u00e3o pagar suas contas, funcion\u00e1rios n\u00e3o sabem se receber\u00e3o algum tipo de ajuda. Vivemos em clima de total incerteza e inseguran\u00e7a\u201d, reclama Pascuale Tascaari, diretor da Associa\u00e7\u00e3o de Restaurantes da Toscana. Na It\u00e1lia, um dos pa\u00edses mais castigados pelo Corona, 13% do PIB prov\u00e9m de hot\u00e9is, bares, restaurantes, ag\u00eancias de viagem etc.<\/p>\n<p>Na Alemanha, a situa\u00e7\u00e3o \u00e9 um pouco melhor, mas n\u00e3o menos incerta. Antonio D&#8217;Ambrosi comanda a cozinha de um pequeno restaurante no bairro de Neuk\u00f6lln, em Berlin. Lugar pequeno, aconchegante, de decora\u00e7\u00e3o simples, pratos originalmente deliciosos e uma carta de vinhos italianos de dar inveja \u00e0s melhores casas do Brasil. D&#8217;Ambrosi reabriu o restaurante apenas para entregas h\u00e1 duas semanas. \u201c\u00c9 a \u00fanica forma de sobreviver\u201d, conta o Chef, contabilizando, apesar do esfor\u00e7o, uma perda de 70% no faturamento.<\/p>\n<p>A pergunta que todos fazem \u00e9: quando poderemos voltar a trabalhar normalmente? \u201cH\u00e1 duas semanas me dizem que amanha saberemos\u201d, conta Curgy Lopes, gerente do Hostel Plus, em frente a esta\u00e7\u00e3o WarschauerStr., uma das preferidas pelos turistas em Berlin. O Hostel com 240 camas, foi fechado logo no in\u00edcio da crise. Todos os funcion\u00e1rios recebem desde ent\u00e3o o chamado \u201cKurzarbeit\u201d, o que equivale a 60% do sal\u00e1rio. \u201cMal paga o aluguel e a comida\u201d, reclama o gerente.<\/p>\n<p><img decoding=\"async\" data-attachment-id=\"83144\" data-permalink=\"https:\/\/www.jornalja.com.br\/geral\/primeiro-de-maio-e-incognita-em-meio-a-saida-da-crise-na-europa\/whatsapp-image-2020-04-28-at-22-20-53\/\" data-orig-file=\"https:\/\/www.jornalja.com.br\/geral\/wp-content\/uploads\/sites\/4\/2020\/04\/WhatsApp-Image-2020-04-28-at-22.20.53-scaled.jpeg\" data-orig-size=\"1024,1024\" data-comments-opened=\"1\" data-image-meta=\"{&quot;aperture&quot;:&quot;0&quot;,&quot;credit&quot;:&quot;&quot;,&quot;camera&quot;:&quot;&quot;,&quot;caption&quot;:&quot;&quot;,&quot;created_timestamp&quot;:&quot;0&quot;,&quot;copyright&quot;:&quot;&quot;,&quot;focal_length&quot;:&quot;0&quot;,&quot;iso&quot;:&quot;0&quot;,&quot;shutter_speed&quot;:&quot;0&quot;,&quot;title&quot;:&quot;&quot;,&quot;orientation&quot;:&quot;0&quot;}\" data-image-title=\"WhatsApp Image 2020-04-28 at 22.20.53\" data-image-description=\"\" data-image-caption=\"&lt;p&gt;Movimentos nas ruas de Berlim&lt;\/p&gt;\n\" data-large-file=\"https:\/\/www.jornalja.com.br\/geral\/wp-content\/uploads\/sites\/4\/2020\/04\/WhatsApp-Image-2020-04-28-at-22.20.53-900x900.jpeg\" class=\"wp-image-83144 size-full\" style=\"font-weight: bold;background-color: transparent;text-align: inherit\" src=\"https:\/\/www.jornalja.com.br\/geral\/wp-content\/uploads\/sites\/4\/2020\/04\/WhatsApp-Image-2020-04-28-at-22.20.53-scaled.jpeg\" alt=\"\" width=\"1024\" height=\"1024\" srcset=\"https:\/\/www.jornalja.com.br\/geral\/wp-content\/uploads\/sites\/4\/2020\/04\/WhatsApp-Image-2020-04-28-at-22.20.53-scaled.jpeg 1024w, https:\/\/www.jornalja.com.br\/geral\/wp-content\/uploads\/sites\/4\/2020\/04\/WhatsApp-Image-2020-04-28-at-22.20.53-450x450.jpeg 450w, https:\/\/www.jornalja.com.br\/geral\/wp-content\/uploads\/sites\/4\/2020\/04\/WhatsApp-Image-2020-04-28-at-22.20.53-900x900.jpeg 900w, https:\/\/www.jornalja.com.br\/geral\/wp-content\/uploads\/sites\/4\/2020\/04\/WhatsApp-Image-2020-04-28-at-22.20.53-250x250.jpeg 250w, https:\/\/www.jornalja.com.br\/geral\/wp-content\/uploads\/sites\/4\/2020\/04\/WhatsApp-Image-2020-04-28-at-22.20.53-768x768.jpeg 768w, https:\/\/www.jornalja.com.br\/geral\/wp-content\/uploads\/sites\/4\/2020\/04\/WhatsApp-Image-2020-04-28-at-22.20.53-1536x1536.jpeg 1536w, https:\/\/www.jornalja.com.br\/geral\/wp-content\/uploads\/sites\/4\/2020\/04\/WhatsApp-Image-2020-04-28-at-22.20.53-1200x1200.jpeg 1200w\" sizes=\"(max-width: 1024px) 100vw, 1024px\" \/><\/p>\n<p>Nos \u00faltimos dias o movimento foi intenso nas ruas de BerlimCom escolas, creches e grandes lojas ainda fechadas, a vida nas ruas da capital da Alemanha voltou ao normal. Uma das novidades s\u00e3o as filas. Elas est\u00e3o por todo o lado. Para ir no banco, na farm\u00e1cia, no supermercado. Fora isso, tudo igual.<\/p>\n<p>At\u00e9 os mendigos voltaram a pedir dinheiro no metr\u00f4 e os junkies voltaram a se drogar em plena cal\u00e7ada \u00e0 luz do dia. Em alguns momentos \u00e9 inevit\u00e1vel mesmo a impress\u00e3o de multid\u00e3o, pois parece que h\u00e1 mais pessoas andando na rua do que antes da pandemia.<\/p>\n<figure id=\"attachment_83147\" aria-describedby=\"caption-attachment-83147\" style=\"width: 1024px\" class=\"wp-caption alignnone\"><img decoding=\"async\" data-attachment-id=\"83147\" data-permalink=\"https:\/\/www.jornalja.com.br\/geral\/primeiro-de-maio-e-incognita-em-meio-a-saida-da-crise-na-europa\/whatsapp-image-2020-04-28-at-22-19-00\/\" data-orig-file=\"https:\/\/www.jornalja.com.br\/geral\/wp-content\/uploads\/sites\/4\/2020\/04\/WhatsApp-Image-2020-04-28-at-22.19.00-scaled.jpeg\" data-orig-size=\"1024,1024\" data-comments-opened=\"1\" data-image-meta=\"{&quot;aperture&quot;:&quot;0&quot;,&quot;credit&quot;:&quot;&quot;,&quot;camera&quot;:&quot;&quot;,&quot;caption&quot;:&quot;&quot;,&quot;created_timestamp&quot;:&quot;0&quot;,&quot;copyright&quot;:&quot;&quot;,&quot;focal_length&quot;:&quot;0&quot;,&quot;iso&quot;:&quot;0&quot;,&quot;shutter_speed&quot;:&quot;0&quot;,&quot;title&quot;:&quot;&quot;,&quot;orientation&quot;:&quot;0&quot;}\" data-image-title=\"WhatsApp Image 2020-04-28 at 22.19.00\" data-image-description=\"\" data-image-caption=\"\" data-large-file=\"https:\/\/www.jornalja.com.br\/geral\/wp-content\/uploads\/sites\/4\/2020\/04\/WhatsApp-Image-2020-04-28-at-22.19.00-900x900.jpeg\" class=\"wp-image-83147 size-full\" src=\"https:\/\/www.jornalja.com.br\/geral\/wp-content\/uploads\/sites\/4\/2020\/04\/WhatsApp-Image-2020-04-28-at-22.19.00-scaled.jpeg\" alt=\"\" width=\"1024\" height=\"1024\" srcset=\"https:\/\/www.jornalja.com.br\/geral\/wp-content\/uploads\/sites\/4\/2020\/04\/WhatsApp-Image-2020-04-28-at-22.19.00-scaled.jpeg 1024w, https:\/\/www.jornalja.com.br\/geral\/wp-content\/uploads\/sites\/4\/2020\/04\/WhatsApp-Image-2020-04-28-at-22.19.00-450x450.jpeg 450w, https:\/\/www.jornalja.com.br\/geral\/wp-content\/uploads\/sites\/4\/2020\/04\/WhatsApp-Image-2020-04-28-at-22.19.00-900x900.jpeg 900w, https:\/\/www.jornalja.com.br\/geral\/wp-content\/uploads\/sites\/4\/2020\/04\/WhatsApp-Image-2020-04-28-at-22.19.00-250x250.jpeg 250w, https:\/\/www.jornalja.com.br\/geral\/wp-content\/uploads\/sites\/4\/2020\/04\/WhatsApp-Image-2020-04-28-at-22.19.00-768x768.jpeg 768w, https:\/\/www.jornalja.com.br\/geral\/wp-content\/uploads\/sites\/4\/2020\/04\/WhatsApp-Image-2020-04-28-at-22.19.00-1536x1536.jpeg 1536w, https:\/\/www.jornalja.com.br\/geral\/wp-content\/uploads\/sites\/4\/2020\/04\/WhatsApp-Image-2020-04-28-at-22.19.00-1200x1200.jpeg 1200w\" sizes=\"(max-width: 1024px) 100vw, 1024px\" \/><figcaption id=\"caption-attachment-83147\" class=\"wp-caption-text\">At\u00e9 os junkies voltaram a se drogar em plena cal\u00e7ada \u00e0 luz do dia<\/figcaption><\/figure>\n<p>O movimento nas ruas hoje lan\u00e7a d\u00favidas inevit\u00e1veis sobre as reais razoes para o p\u00e2nico das primeiras semanas de marco. Um m\u00eas antes da quarentena, os jornais do pa\u00eds davam em p\u00e1gina inteira os poss\u00edveis preju\u00edzos de uma paralisa\u00e7\u00e3o pand\u00eamica. O assunto principal especulava sobre a flexibiliza\u00e7\u00e3o do limite de endividamento do setor p\u00fablico para poder lidar com uma crise como a que se desenhava na \u00e9poca. De l\u00e1 pra c\u00e1, os europeus aprovaram um pacote de ajuda de 540 bilh\u00f5es de Euros, 100 bilh\u00f5es a fundo perdido, e o restante a ser concedido em condi\u00e7\u00f5es ainda em discuss\u00e3o.<\/p>\n<p>Os recursos s\u00e3o fundamentais para a sobreviv\u00eancia de alguns pilares da economia do continente. \u00c1reas como a avia\u00e7\u00e3o tamb\u00e9m est\u00e3o no ch\u00e3o. Desde 12 de Marco at\u00e9 o 24 de Abril a Lufthansa cancelou 23 mil v\u00f4os. A m\u00e9dia di\u00e1ria era de 350 mil pessoas voando por dia, hoje s\u00e3o menos de tr\u00eas mil. Uma quebra de 95% no n\u00famero de passageiros transportados.<\/p>\n<figure id=\"attachment_83149\" aria-describedby=\"caption-attachment-83149\" style=\"width: 1024px\" class=\"wp-caption alignnone\"><img decoding=\"async\" data-attachment-id=\"83149\" data-permalink=\"https:\/\/www.jornalja.com.br\/geral\/primeiro-de-maio-e-incognita-em-meio-a-saida-da-crise-na-europa\/lufthansa200323_nw_bahn_parken_020\/\" data-orig-file=\"https:\/\/www.jornalja.com.br\/geral\/wp-content\/uploads\/sites\/4\/2020\/04\/Lufthansa200323_NW_Bahn_Parken_020-scaled.jpg\" data-orig-size=\"1024,576\" data-comments-opened=\"1\" data-image-meta=\"{&quot;aperture&quot;:&quot;0&quot;,&quot;credit&quot;:&quot;Oliver Roesler&quot;,&quot;camera&quot;:&quot;&quot;,&quot;caption&quot;:&quot;&quot;,&quot;created_timestamp&quot;:&quot;0&quot;,&quot;copyright&quot;:&quot;&quot;,&quot;focal_length&quot;:&quot;0&quot;,&quot;iso&quot;:&quot;0&quot;,&quot;shutter_speed&quot;:&quot;0&quot;,&quot;title&quot;:&quot;&quot;,&quot;orientation&quot;:&quot;0&quot;}\" data-image-title=\"Lufthansa200323_NW_Bahn_Parken_020\" data-image-description=\"\" data-image-caption=\"&lt;p&gt;Lufthansa&lt;\/p&gt;\n\" data-large-file=\"https:\/\/www.jornalja.com.br\/geral\/wp-content\/uploads\/sites\/4\/2020\/04\/Lufthansa200323_NW_Bahn_Parken_020-900x506.jpg\" class=\"wp-image-83149 size-full\" src=\"https:\/\/www.jornalja.com.br\/geral\/wp-content\/uploads\/sites\/4\/2020\/04\/Lufthansa200323_NW_Bahn_Parken_020-scaled.jpg\" alt=\"\" width=\"1024\" height=\"576\" srcset=\"https:\/\/www.jornalja.com.br\/geral\/wp-content\/uploads\/sites\/4\/2020\/04\/Lufthansa200323_NW_Bahn_Parken_020-scaled.jpg 1024w, https:\/\/www.jornalja.com.br\/geral\/wp-content\/uploads\/sites\/4\/2020\/04\/Lufthansa200323_NW_Bahn_Parken_020-450x253.jpg 450w, https:\/\/www.jornalja.com.br\/geral\/wp-content\/uploads\/sites\/4\/2020\/04\/Lufthansa200323_NW_Bahn_Parken_020-900x506.jpg 900w, https:\/\/www.jornalja.com.br\/geral\/wp-content\/uploads\/sites\/4\/2020\/04\/Lufthansa200323_NW_Bahn_Parken_020-768x432.jpg 768w, https:\/\/www.jornalja.com.br\/geral\/wp-content\/uploads\/sites\/4\/2020\/04\/Lufthansa200323_NW_Bahn_Parken_020-1536x864.jpg 1536w, https:\/\/www.jornalja.com.br\/geral\/wp-content\/uploads\/sites\/4\/2020\/04\/Lufthansa200323_NW_Bahn_Parken_020-2048x1152.jpg 2048w, https:\/\/www.jornalja.com.br\/geral\/wp-content\/uploads\/sites\/4\/2020\/04\/Lufthansa200323_NW_Bahn_Parken_020-1200x675.jpg 1200w\" sizes=\"(max-width: 1024px) 100vw, 1024px\" \/><figcaption id=\"caption-attachment-83149\" class=\"wp-caption-text\">Presidente do Conselho Diretor da Lufthansa espera socorro financeiro do governo<\/figcaption><\/figure>\n<p>Os custos fixos de todas as opera\u00e7\u00f5es da Lufthansa somam 1 milh\u00e3o de Euros por hora. \u201cN\u00e3o teremos como sobreviver sem a ajuda do Estado\u201d, alertou Carsten Spohr, presidente do conselho da empresa, em um pronunciamento aos funcion\u00e1rios. Trata-se de um pacote de socorro financeiro de 10 bilh\u00f5es de Euros a ser negociado em Bern, Viena, Berlin e Bruxelas nos pr\u00f3ximos dias. Independente do resultado, a empresa j\u00e1 anunciou que reduzir\u00e1 100 avi\u00f5es de sua frota at\u00e9 Julho. O n\u00famero de funcion\u00e1rios demitidos pode chegar a 10 mil. Parece coisa de quem quer tirar proveito da situa\u00e7\u00e3o. E esse n\u00e3o \u00e9 o \u00fanico caso.<\/p>\n<p>Mesmo tendo recebido ajuda do Estado para pagar os funcion\u00e1rios, fabricantes de autom\u00f3veis como Volkswagen, Daimler e BMW distribuir\u00e3o b\u00f4nus e dividendos aos acionistas agora em Maio, \u201cO pagamento de dividendos \u00e9 importante para manter os acionistas, e evitar a tomada do controle das empresas por concorrentes estrangeiros \u201d, defendeu Hildegard M\u00fcller, presidente da Associa\u00e7\u00e3o da Ind\u00fastria Automobil\u00edstica (VDA) da Alemanha.<\/p>\n<p>J\u00e1 o ministro das finan\u00e7as, Olaf Scholz, avisou: \u201cAs regras do programa de ajuda s\u00e3o claras, empresas que receberem auxilio financeiro estatal n\u00e3o podem distribuir dividendos, tamb\u00e9m o pagamento de b\u00f4nus aos executivos e funcion\u00e1rios tem regras estritas\u201d. O tempo dir\u00e1 quem vai vencer esse embate.<\/p>\n<figure id=\"attachment_83146\" aria-describedby=\"caption-attachment-83146\" style=\"width: 1024px\" class=\"wp-caption alignnone\"><img decoding=\"async\" data-attachment-id=\"83146\" data-permalink=\"https:\/\/www.jornalja.com.br\/geral\/primeiro-de-maio-e-incognita-em-meio-a-saida-da-crise-na-europa\/whatsapp-image-2020-04-28-at-22-17-27\/\" data-orig-file=\"https:\/\/www.jornalja.com.br\/geral\/wp-content\/uploads\/sites\/4\/2020\/04\/WhatsApp-Image-2020-04-28-at-22.17.27-scaled.jpeg\" data-orig-size=\"1024,1024\" data-comments-opened=\"1\" data-image-meta=\"{&quot;aperture&quot;:&quot;0&quot;,&quot;credit&quot;:&quot;&quot;,&quot;camera&quot;:&quot;&quot;,&quot;caption&quot;:&quot;&quot;,&quot;created_timestamp&quot;:&quot;0&quot;,&quot;copyright&quot;:&quot;&quot;,&quot;focal_length&quot;:&quot;0&quot;,&quot;iso&quot;:&quot;0&quot;,&quot;shutter_speed&quot;:&quot;0&quot;,&quot;title&quot;:&quot;&quot;,&quot;orientation&quot;:&quot;0&quot;}\" data-image-title=\"WhatsApp Image 2020-04-28 at 22.17.27\" data-image-description=\"\" data-image-caption=\"&lt;p&gt;Movimentos nas ruas e parques de Berlim&lt;\/p&gt;\n\" data-large-file=\"https:\/\/www.jornalja.com.br\/geral\/wp-content\/uploads\/sites\/4\/2020\/04\/WhatsApp-Image-2020-04-28-at-22.17.27-900x900.jpeg\" class=\"wp-image-83146 size-full\" src=\"https:\/\/www.jornalja.com.br\/geral\/wp-content\/uploads\/sites\/4\/2020\/04\/WhatsApp-Image-2020-04-28-at-22.17.27-scaled.jpeg\" alt=\"\" width=\"1024\" height=\"1024\" srcset=\"https:\/\/www.jornalja.com.br\/geral\/wp-content\/uploads\/sites\/4\/2020\/04\/WhatsApp-Image-2020-04-28-at-22.17.27-scaled.jpeg 1024w, https:\/\/www.jornalja.com.br\/geral\/wp-content\/uploads\/sites\/4\/2020\/04\/WhatsApp-Image-2020-04-28-at-22.17.27-450x450.jpeg 450w, https:\/\/www.jornalja.com.br\/geral\/wp-content\/uploads\/sites\/4\/2020\/04\/WhatsApp-Image-2020-04-28-at-22.17.27-900x900.jpeg 900w, https:\/\/www.jornalja.com.br\/geral\/wp-content\/uploads\/sites\/4\/2020\/04\/WhatsApp-Image-2020-04-28-at-22.17.27-250x250.jpeg 250w, https:\/\/www.jornalja.com.br\/geral\/wp-content\/uploads\/sites\/4\/2020\/04\/WhatsApp-Image-2020-04-28-at-22.17.27-768x768.jpeg 768w, https:\/\/www.jornalja.com.br\/geral\/wp-content\/uploads\/sites\/4\/2020\/04\/WhatsApp-Image-2020-04-28-at-22.17.27-1536x1536.jpeg 1536w, https:\/\/www.jornalja.com.br\/geral\/wp-content\/uploads\/sites\/4\/2020\/04\/WhatsApp-Image-2020-04-28-at-22.17.27-1200x1200.jpeg 1200w\" sizes=\"(max-width: 1024px) 100vw, 1024px\" \/><figcaption id=\"caption-attachment-83146\" class=\"wp-caption-text\">Movimento aumentou muito tamb\u00e9m nos parques de Berlim<\/figcaption><\/figure>\n<p>O sucesso da retomada das atividades depende agora da redu\u00e7\u00e3o do n\u00famero de novos casos da infec\u00e7\u00e3o por Covid-19. No pa\u00eds neste final de abril eles ainda somam 2.500 por dia. O n\u00famero total de mortos passou dos 6.100. \u201cPrecisamos de algumas centenas de novos casos a menos para estarmos seguros dos resultados com a reabertura\u201d, declarou Lothar Wieler, presidente do Robert-Koch Institut, respons\u00e1vel pelos dados oficiais.<\/p>\n<p>Pesquisas de opini\u00e3o apontam que os alem\u00e3es est\u00e3o muito satisfeitos com o trabalho do governo de Angela Merkel no gerenciamento da crise. Segundo o Polit Barometer, enquete encomendada pelas redes de comunica\u00e7\u00e3o p\u00fablica, ARD e ZDF, 83% a 90% dos entrevistados aprovam a forma como as autoridades cuidam da pandemia.<\/p>\n<p>\u201cAs pessoas aqui t\u00eam uma mentalidade peculiar. Elas t\u00eam tes\u00e3o de ficarem em fila, sofrer com a burocracia, est\u00e3o felizes se o governo lhes tirar as liberdades individuais em troca de seguran\u00e7a\u201d, afirma Lindomar Gomes, dono de uma loja de bicicletas em uma das regi\u00f5es mais tur\u00edsticas da capital.<\/p>\n<p>Ao contr\u00e1rio da grande maioria, Lindomar n\u00e3o fez quarentena. Trabalhou o tempo todo e garante que seu movimento aumentou 50% em rela\u00e7\u00e3o a abril do ano passado. \u201cAs pessoas tiveram mais tempo para comprarem ou arrumarem suas bicicletas\u201d, acredita o paulista de 44 anos que mora h\u00e1 17 anos em Berlin.<\/p>\n","protected":false},"excerpt":{"rendered":"<p>Mariano Senna, de Berlim \u00c0s v\u00e9speras do fim oficial do confinamento por conta da pandemia pelo Covid-19 na Europa, a chamada retomada das atividades, uma inc\u00f3gnita paira sobre o Continente. Ser\u00e3o respeitadas as regras de distanciamento e preven\u00e7\u00e3o durante o primeiro de maio? Ou melhor, como far\u00e3o os governos para evitarem que as pessoas saiam [&hellip;]<\/p>\n","protected":false},"author":4,"featured_media":83148,"comment_status":"open","ping_status":"open","sticky":false,"template":"","format":"standard","meta":{"jetpack_post_was_ever_published":false,"_jetpack_newsletter_access":"","_jetpack_dont_email_post_to_subs":false,"_jetpack_newsletter_tier_id":0,"_jetpack_memberships_contains_paywalled_content":false,"_jetpack_memberships_contains_paid_content":false,"footnotes":"","jetpack_publicize_message":"","jetpack_publicize_feature_enabled":true,"jetpack_social_post_already_shared":true,"jetpack_social_options":{"image_generator_settings":{"template":"highway","default_image_id":0,"font":"","enabled":false},"version":2}},"categories":[2],"tags":[],"class_list":["post-83142","post","type-post","status-publish","format-standard","has-post-thumbnail","hentry","category-geral"],"aioseo_notices":[],"jetpack_publicize_connections":[],"jetpack_featured_media_url":"https:\/\/www.jornalja.com.br\/geral\/wp-content\/uploads\/sites\/4\/2020\/04\/WhatsApp-Image-2020-04-28-at-22.16.15-scaled.jpeg","jetpack_shortlink":"https:\/\/wp.me\/pbKhrD-lD0","jetpack-related-posts":[{"id":82979,"url":"https:\/\/www.jornalja.com.br\/geral\/pandemia-economica-e-climatica-sao-os-outros-fronts-na-europa\/","url_meta":{"origin":83142,"position":0},"title":"Pandemia econ\u00f4mica e clim\u00e1tica s\u00e3o os outros fronts na Europa","author":"Mariano Senna","date":"24 de abril de 2020","format":false,"excerpt":"No dia em que a Uni\u00e3o Europ\u00e9ia obteve consenso sobre o \u201cpacote de resgate\u201d da economia do bloco, um total de 500 bilh\u00f5es de euros, ag\u00eancias de not\u00edcias informavam o in\u00edcio das negocia\u00e7\u00f5es entre governo e empresas a\u00e9reas. A gigante do turismo TUI recebeu 1,6 bilh\u00e3o de euros nas primeiras\u2026","rel":"","context":"Em &quot;Geral-MAT\u00c9RIA&quot;","block_context":{"text":"Geral-MAT\u00c9RIA","link":"https:\/\/www.jornalja.com.br\/geral\/category\/geral\/"},"img":{"alt_text":"","src":"https:\/\/i0.wp.com\/www.jornalja.com.br\/geral\/wp-content\/uploads\/sites\/4\/2020\/04\/Alemanha-2_MarianoSenna.jpg?resize=350%2C200&ssl=1","width":350,"height":200,"srcset":"https:\/\/i0.wp.com\/www.jornalja.com.br\/geral\/wp-content\/uploads\/sites\/4\/2020\/04\/Alemanha-2_MarianoSenna.jpg?resize=350%2C200&ssl=1 1x, https:\/\/i0.wp.com\/www.jornalja.com.br\/geral\/wp-content\/uploads\/sites\/4\/2020\/04\/Alemanha-2_MarianoSenna.jpg?resize=525%2C300&ssl=1 1.5x, https:\/\/i0.wp.com\/www.jornalja.com.br\/geral\/wp-content\/uploads\/sites\/4\/2020\/04\/Alemanha-2_MarianoSenna.jpg?resize=700%2C400&ssl=1 2x"},"classes":[]},{"id":80200,"url":"https:\/\/www.jornalja.com.br\/geral\/a-era-dos-pacotes-e-serie-especial-do-ja-sobre-a-crise-do-rio-grande-do-sul\/","url_meta":{"origin":83142,"position":1},"title":"&quot; A Era dos Pacotes&quot; \u00e9 s\u00e9rie especial do J\u00c1 sobre a crise do Rio Grande do Sul","author":"Elmar Bones","date":"13 de janeiro de 2020","format":false,"excerpt":"Neste 2020, chega-se a 35 anos do que se pode chamar \"A Era dos Pacotes\" no Rio Grande do Sul - uma sucess\u00e3o de cortes mais ou menos profundos no or\u00e7amento p\u00fablico para ajustar a despesa crescente \u00e0 receita minguante. Este ser\u00e1 o tema da s\u00e9rie de artigos e reportagens\u2026","rel":"","context":"Em &quot;Geral-MAT\u00c9RIA&quot;","block_context":{"text":"Geral-MAT\u00c9RIA","link":"https:\/\/www.jornalja.com.br\/geral\/category\/geral\/"},"img":{"alt_text":"","src":"","width":0,"height":0},"classes":[]},{"id":90360,"url":"https:\/\/www.jornalja.com.br\/geral\/geopolitica-antagonica-e-desafio-para-sucessor-de-merkel\/","url_meta":{"origin":83142,"position":2},"title":"Geopol\u00edtica antag\u00f4nica \u00e9 desafio para sucessor de Merkel","author":"Mariano Senna","date":"3 de outubro de 2021","format":false,"excerpt":"Um ditado muito comum da pol\u00edtica diz que o presente \u00e9 cego para o futuro. A rec\u00e9m encerrada elei\u00e7\u00e3o geral da Rep\u00fablica Federal da Alemanha (BRD) confirma a imprevis\u00e3o contida nessa cren\u00e7a. Ap\u00f3s 16 anos no poder, logrados em tr\u00eas reelei\u00e7\u00f5es consecutivas (2009, 2013 e 2017), a primeira-ministra, Angela Merkel,\u2026","rel":"","context":"Em &quot;Geral-MAT\u00c9RIA&quot;","block_context":{"text":"Geral-MAT\u00c9RIA","link":"https:\/\/www.jornalja.com.br\/geral\/category\/geral\/"},"img":{"alt_text":"","src":"https:\/\/i0.wp.com\/www.jornalja.com.br\/geral\/wp-content\/uploads\/sites\/4\/2021\/10\/ramstein-scaled.jpg?resize=350%2C200&ssl=1","width":350,"height":200,"srcset":"https:\/\/i0.wp.com\/www.jornalja.com.br\/geral\/wp-content\/uploads\/sites\/4\/2021\/10\/ramstein-scaled.jpg?resize=350%2C200&ssl=1 1x, https:\/\/i0.wp.com\/www.jornalja.com.br\/geral\/wp-content\/uploads\/sites\/4\/2021\/10\/ramstein-scaled.jpg?resize=525%2C300&ssl=1 1.5x, https:\/\/i0.wp.com\/www.jornalja.com.br\/geral\/wp-content\/uploads\/sites\/4\/2021\/10\/ramstein-scaled.jpg?resize=700%2C400&ssl=1 2x, https:\/\/i0.wp.com\/www.jornalja.com.br\/geral\/wp-content\/uploads\/sites\/4\/2021\/10\/ramstein-scaled.jpg?resize=1050%2C600&ssl=1 3x, https:\/\/i0.wp.com\/www.jornalja.com.br\/geral\/wp-content\/uploads\/sites\/4\/2021\/10\/ramstein-scaled.jpg?resize=1400%2C800&ssl=1 4x"},"classes":[]},{"id":83790,"url":"https:\/\/www.jornalja.com.br\/geral\/guedes-aposta-em-privatizacoes-para-financiar-reconstrucao-no-pos-coronavirus\/","url_meta":{"origin":83142,"position":3},"title":"Guedes resiste, mas coronavirus est\u00e1 contaminando seu projeto de arrocho","author":"Elmar Bones","date":"28 de maio de 2020","format":false,"excerpt":"Tema da pol\u00eamica reuni\u00e3o ministerial de 22 de abril, o Programa Pr\u00f3-Brasil est\u00e1 anunciado para outubro, mas at\u00e9 agora \u00e9 uma inc\u00f3gnita. O Programa \u00e9 coordenado pelo chefe da Casa Civil, general Braga Netto e foi concebido para enfrentar a crise econ\u00f4mica que vem na esteira do coronav\u00edrus. Na reuni\u00e3o\u2026","rel":"","context":"Em &quot;Geral-MAT\u00c9RIA&quot;","block_context":{"text":"Geral-MAT\u00c9RIA","link":"https:\/\/www.jornalja.com.br\/geral\/category\/geral\/"},"img":{"alt_text":"","src":"https:\/\/i0.wp.com\/www.jornalja.com.br\/geral\/wp-content\/uploads\/sites\/4\/2020\/05\/Paulo-Guedes-de-mascara.jpg?resize=350%2C200&ssl=1","width":350,"height":200,"srcset":"https:\/\/i0.wp.com\/www.jornalja.com.br\/geral\/wp-content\/uploads\/sites\/4\/2020\/05\/Paulo-Guedes-de-mascara.jpg?resize=350%2C200&ssl=1 1x, https:\/\/i0.wp.com\/www.jornalja.com.br\/geral\/wp-content\/uploads\/sites\/4\/2020\/05\/Paulo-Guedes-de-mascara.jpg?resize=525%2C300&ssl=1 1.5x, https:\/\/i0.wp.com\/www.jornalja.com.br\/geral\/wp-content\/uploads\/sites\/4\/2020\/05\/Paulo-Guedes-de-mascara.jpg?resize=700%2C400&ssl=1 2x"},"classes":[]},{"id":91560,"url":"https:\/\/www.jornalja.com.br\/geral\/czar-putin-amplia-o-front-no-cazaquistao\/","url_meta":{"origin":83142,"position":4},"title":"Putin amplia o front no Cazaquist\u00e3o","author":"Mariano Senna","date":"8 de janeiro de 2022","format":false,"excerpt":"A recente revolta popular no Cazaquist\u00e3o confirma a consci\u00eancia geopol\u00edtica do presidente russo, Vladimir Putin. H\u00e1 meses fustigando as fronteiras da Europa com exerc\u00edcios b\u00e9licos, ele agora teve que atender o pedido de socorro do presidente, Tokajew.\u00a0 Milhares de soldados e equipamentos militares foram deslocados para o pa\u00eds sob a\u2026","rel":"","context":"Em &quot;Geral-NOTAS&quot;","block_context":{"text":"Geral-NOTAS","link":"https:\/\/www.jornalja.com.br\/geral\/category\/geral-notas\/"},"img":{"alt_text":"","src":"https:\/\/i0.wp.com\/www.jornalja.com.br\/geral\/wp-content\/uploads\/sites\/4\/2022\/01\/kasachstan001-900x616.jpg?resize=350%2C200&ssl=1","width":350,"height":200,"srcset":"https:\/\/i0.wp.com\/www.jornalja.com.br\/geral\/wp-content\/uploads\/sites\/4\/2022\/01\/kasachstan001-900x616.jpg?resize=350%2C200&ssl=1 1x, https:\/\/i0.wp.com\/www.jornalja.com.br\/geral\/wp-content\/uploads\/sites\/4\/2022\/01\/kasachstan001-900x616.jpg?resize=525%2C300&ssl=1 1.5x, https:\/\/i0.wp.com\/www.jornalja.com.br\/geral\/wp-content\/uploads\/sites\/4\/2022\/01\/kasachstan001-900x616.jpg?resize=700%2C400&ssl=1 2x"},"classes":[]},{"id":82356,"url":"https:\/\/www.jornalja.com.br\/geral\/pronunciamento-de-bolsonaro-deixa-pais-dividido-no-momento-critico-da-epidemia\/","url_meta":{"origin":83142,"position":5},"title":"Bolsonaro semeia confus\u00e3o no momento cr\u00edtico do combate \u00e0 epidemia","author":"da Reda\u00e7\u00e3o","date":"25 de mar\u00e7o de 2020","format":false,"excerpt":"No momento em que se prev\u00ea a acelera\u00e7\u00e3o da propaga\u00e7\u00e3o da Covid 19 no Brasil, o pa\u00eds amanheceu nesta quarta-feira dividido entre a orienta\u00e7\u00e3o seguida pelos governos estaduais e as autoridades m\u00e9dicas e a posi\u00e7\u00e3o do presidente da Rep\u00fablica, expressa em pol\u00eamico pronunciamento na noite de ter\u00e7a-feira. Alinhados \u00e0s recomenda\u00e7\u00f5es\u2026","rel":"","context":"Em &quot;Geral-MAT\u00c9RIA&quot;","block_context":{"text":"Geral-MAT\u00c9RIA","link":"https:\/\/www.jornalja.com.br\/geral\/category\/geral\/"},"img":{"alt_text":"","src":"https:\/\/i0.wp.com\/www.jornalja.com.br\/geral\/wp-content\/uploads\/sites\/4\/2020\/03\/bolsonaro-24-3-2020-foro-Isac-N%C3%B3brega-PR.jpg?resize=350%2C200&ssl=1","width":350,"height":200,"srcset":"https:\/\/i0.wp.com\/www.jornalja.com.br\/geral\/wp-content\/uploads\/sites\/4\/2020\/03\/bolsonaro-24-3-2020-foro-Isac-N%C3%B3brega-PR.jpg?resize=350%2C200&ssl=1 1x, https:\/\/i0.wp.com\/www.jornalja.com.br\/geral\/wp-content\/uploads\/sites\/4\/2020\/03\/bolsonaro-24-3-2020-foro-Isac-N%C3%B3brega-PR.jpg?resize=525%2C300&ssl=1 1.5x, https:\/\/i0.wp.com\/www.jornalja.com.br\/geral\/wp-content\/uploads\/sites\/4\/2020\/03\/bolsonaro-24-3-2020-foro-Isac-N%C3%B3brega-PR.jpg?resize=700%2C400&ssl=1 2x"},"classes":[]}],"jetpack_sharing_enabled":true,"_links":{"self":[{"href":"https:\/\/www.jornalja.com.br\/geral\/wp-json\/wp\/v2\/posts\/83142","targetHints":{"allow":["GET"]}}],"collection":[{"href":"https:\/\/www.jornalja.com.br\/geral\/wp-json\/wp\/v2\/posts"}],"about":[{"href":"https:\/\/www.jornalja.com.br\/geral\/wp-json\/wp\/v2\/types\/post"}],"author":[{"embeddable":true,"href":"https:\/\/www.jornalja.com.br\/geral\/wp-json\/wp\/v2\/users\/4"}],"replies":[{"embeddable":true,"href":"https:\/\/www.jornalja.com.br\/geral\/wp-json\/wp\/v2\/comments?post=83142"}],"version-history":[{"count":3,"href":"https:\/\/www.jornalja.com.br\/geral\/wp-json\/wp\/v2\/posts\/83142\/revisions"}],"predecessor-version":[{"id":83153,"href":"https:\/\/www.jornalja.com.br\/geral\/wp-json\/wp\/v2\/posts\/83142\/revisions\/83153"}],"wp:featuredmedia":[{"embeddable":true,"href":"https:\/\/www.jornalja.com.br\/geral\/wp-json\/wp\/v2\/media\/83148"}],"wp:attachment":[{"href":"https:\/\/www.jornalja.com.br\/geral\/wp-json\/wp\/v2\/media?parent=83142"}],"wp:term":[{"taxonomy":"category","embeddable":true,"href":"https:\/\/www.jornalja.com.br\/geral\/wp-json\/wp\/v2\/categories?post=83142"},{"taxonomy":"post_tag","embeddable":true,"href":"https:\/\/www.jornalja.com.br\/geral\/wp-json\/wp\/v2\/tags?post=83142"}],"curies":[{"name":"wp","href":"https:\/\/api.w.org\/{rel}","templated":true}]}}