{"id":83180,"date":"2020-04-29T17:56:49","date_gmt":"2020-04-29T20:56:49","guid":{"rendered":"https:\/\/www.jornalja.com.br\/geral\/?p=83180"},"modified":"2020-04-29T17:57:18","modified_gmt":"2020-04-29T20:57:18","slug":"sites-que-vendiam-receitas-de-cloroquina-para-tratamento-para-covid-19-sao-tirados-do-ar-a-pedido-do-mpsc","status":"publish","type":"post","link":"https:\/\/www.jornalja.com.br\/geral\/sites-que-vendiam-receitas-de-cloroquina-para-tratamento-para-covid-19-sao-tirados-do-ar-a-pedido-do-mpsc\/","title":{"rendered":"Sites que vendiam receitas de cloroquina para tratamento para covid-19 s\u00e3o tirados do ar a pedido do MPSC"},"content":{"rendered":"<p>Cinco\u00a0sites\u00a0ligados a um m\u00e9dico com endere\u00e7o em Balne\u00e1rio Cambori\u00fa, utilizados para venda de atestados e receitas de diversas doen\u00e7as, inclusive supostos rem\u00e9dios para covid-19 &#8211; como a cloroquina, por exemplo -, foram tirados do ar ap\u00f3s pedido do Minist\u00e9rio P\u00fablico de Santa Catarina (MPSC). Os documentos eram encaminhados ao paciente mediante o simples preenchimento de um formul\u00e1rio e o pagamento da &#8220;consulta&#8221;.<\/p>\n<p>O pedido para a suspens\u00e3o dos\u00a0sites\u00a0foi feito pela 6\u00aa Promotoria de Justi\u00e7a de Balne\u00e1rio Cambori\u00fa, em a\u00e7\u00e3o penal na qual denunciou o m\u00e9dico por crime contra as rela\u00e7\u00f5es de consumo, tipificado por induzir o usu\u00e1rio a erro por via de afirma\u00e7\u00e3o falsa ou enganosa sobre a natureza, qualidade do bem ou servi\u00e7o, utilizando-se de qualquer meio, inclusive a veicula\u00e7\u00e3o ou divulga\u00e7\u00e3o publicit\u00e1ria.<\/p>\n<p>Nos\u00a0sites, o m\u00e9dico incentivava o uso combinado de cloroquina ou hidroxicloroquina com azitromicina, sem avisar que se trata de um tratamento ainda em estudo e sem conclus\u00e3o sobre poss\u00edvel periculosidade ou, ainda, sobre a necessidade de uso apenas em ambiente hospitalar. Na sequ\u00eancia, oferecia receita para o tratamento e atestado m\u00e9dico de 14 dias mediante o preenchimento de um formul\u00e1rio e o pagamento de R$ 89,00 pela consulta.<\/p>\n<p>Segundo a Promotoria de Justi\u00e7a, o m\u00e9dico encontra-se, inclusive, com a interdi\u00e7\u00e3o cautelar para o exerc\u00edcio da profiss\u00e3o em todo o territ\u00f3rio nacional, em procedimento do Conselho Regional de Medicina de Santa Catarina que apura suas atividades. Ressalta que a Vigil\u00e2ncia Sanit\u00e1ria negou alvar\u00e1 para a cl\u00ednica por ele mantida, pois nas vistorias realizadas teria encontrado apenas operadores de\u00a0telemarketing\u00a0em lugar de profissionais da \u00e1rea da sa\u00fade.<\/p>\n<p>Outra irregularidade levantada pela Promotoria de Justi\u00e7a \u00e9 a aus\u00eancia de especialistas nas \u00e1reas m\u00e9dicas para as quais oferecia os servi\u00e7os nos\u00a0sites, que passam por cardiologia, urologia, ginecologia, psiquiatria, ortopedia, gastrologia e otorrinolaringologia, entre outras. Os m\u00e9dicos apresentados como do corpo cl\u00ednico para presta\u00e7\u00e3o dos servi\u00e7os t\u00eam registro apenas para cl\u00ednica geral.<\/p>\n<p>A Promotoria de Justi\u00e7a conclui que o r\u00e9u se utilizaria de informa\u00e7\u00f5es falsas,\u00a0marketing\u00a0tendencioso e aplica\u00e7\u00e3o de pre\u00e7os incompat\u00edveis com os praticados em territ\u00f3rio nacional pelos profissionais m\u00e9dicos a fim de atrair os consumidores e lev\u00e1-los a erro na contrata\u00e7\u00e3o de servi\u00e7o essencial \u00e0 sa\u00fade.<\/p>\n<p>A pena pelo crime contra as rela\u00e7\u00f5es de consumo varia de dois a cinco anos de deten\u00e7\u00e3o, que pode ser agravada em at\u00e9 50% se for praticado em rela\u00e7\u00e3o \u00e0 presta\u00e7\u00e3o de servi\u00e7os ou ao com\u00e9rcio de bens essenciais \u00e0 vida ou \u00e0 sa\u00fade.<\/p>\n<p>(Coordenadoria de Comunica\u00e7\u00e3o Social do MPSC)<\/p>\n","protected":false},"excerpt":{"rendered":"<p>Cinco\u00a0sites\u00a0ligados a um m\u00e9dico com endere\u00e7o em Balne\u00e1rio Cambori\u00fa, utilizados para venda de atestados e receitas de diversas doen\u00e7as, inclusive supostos rem\u00e9dios para covid-19 &#8211; como a cloroquina, por exemplo -, foram tirados do ar ap\u00f3s pedido do Minist\u00e9rio P\u00fablico de Santa Catarina (MPSC). Os documentos eram encaminhados ao paciente mediante o simples preenchimento de [&hellip;]<\/p>\n","protected":false},"author":4,"featured_media":0,"comment_status":"open","ping_status":"open","sticky":false,"template":"","format":"standard","meta":{"jetpack_post_was_ever_published":false,"_jetpack_newsletter_access":"","_jetpack_dont_email_post_to_subs":false,"_jetpack_newsletter_tier_id":0,"_jetpack_memberships_contains_paywalled_content":false,"_jetpack_memberships_contains_paid_content":false,"footnotes":"","jetpack_publicize_message":"","jetpack_publicize_feature_enabled":true,"jetpack_social_post_already_shared":true,"jetpack_social_options":{"image_generator_settings":{"template":"highway","default_image_id":0,"font":"","enabled":false},"version":2}},"categories":[28],"tags":[],"class_list":["post-83180","post","type-post","status-publish","format-standard","hentry","category-geral-notas"],"aioseo_notices":[],"jetpack_publicize_connections":[],"jetpack_featured_media_url":"","jetpack_shortlink":"https:\/\/wp.me\/pbKhrD-lDC","jetpack-related-posts":[{"id":82951,"url":"https:\/\/www.jornalja.com.br\/geral\/justica-suspende-decreto-municipal-e-proibe-acesso-as-praias-de-balneario-camboriu\/","url_meta":{"origin":83180,"position":0},"title":"Justi\u00e7a suspende decreto municipal e pro\u00edbe acesso \u00e0s praias de Balne\u00e1rio Cambori\u00fa","author":"Cleber Dioni Tentardini","date":"22 de abril de 2020","format":false,"excerpt":"TJ acolhe mandado de seguran\u00e7a impetrado pelo MPSC e suspende decreto municipal que permite a frequ\u00eancia das praias de Balne\u00e1rio Camboriu Com a decis\u00e3o liminar, o acesso \u00e0s praias de Balne\u00e1rio Cambori\u00fa volta a ser proibido, em conson\u00e2ncia com os decretos estaduais que determinam as medidas de distanciamento social para\u2026","rel":"","context":"Em &quot;Geral-NOTAS&quot;","block_context":{"text":"Geral-NOTAS","link":"https:\/\/www.jornalja.com.br\/geral\/category\/geral-notas\/"},"img":{"alt_text":"","src":"","width":0,"height":0},"classes":[]},{"id":83702,"url":"https:\/\/www.jornalja.com.br\/geral\/cloroquina-causa-mais-uma-baixa-no-ministerio-da-saude-secretario-pediu-demissao\/","url_meta":{"origin":83180,"position":1},"title":"Cloroquina causa mais uma baixa no Minist\u00e9rio da Sa\u00fade: secret\u00e1rio pediu demiss\u00e3o","author":"da Reda\u00e7\u00e3o","date":"22 de maio de 2020","format":false,"excerpt":"A pol\u00eamica em torno da cloroquina causou mais uma baixa no Minist\u00e9rio da Sa\u00fade do governo Bolsonaro. Por discordar do novo protocolo para uso do medicamento no tratamento da Covid 19, o secret\u00e1rio de Ci\u00eancia, Tecnologia, Inova\u00e7\u00e3o e Insumos Estrat\u00e9gicos em Sa\u00fade do Minist\u00e9rio da Sa\u00fade, Antonio Carlos Campos de\u2026","rel":"","context":"Em &quot;Geral-NOTAS&quot;","block_context":{"text":"Geral-NOTAS","link":"https:\/\/www.jornalja.com.br\/geral\/category\/geral-notas\/"},"img":{"alt_text":"","src":"","width":0,"height":0},"classes":[]},{"id":87793,"url":"https:\/\/www.jornalja.com.br\/geral\/pacote-de-ajuda-americana-incluiu-cloroquina-a-pedido-do-governo-brasileiro\/","url_meta":{"origin":83180,"position":2},"title":"A pedido do governo brasileiro, metade da ajuda americana para combate \u00e0 covid veio em cloroquina","author":"da Reda\u00e7\u00e3o","date":"5 de maio de 2021","format":false,"excerpt":"No dia 4 de julho de 202O, o embaixador dos Estados Unidos,\u00a0 Todd Chappman, disse em entrevista \u00e0 r\u00e1dio Ga\u00facha que o lote de Hidroxicloroquina inclu\u00eddo no pacote da ajuda americana ao combate da covod 19 no Brasil, atendeu a \u201cum pedido do governo brasileiro\u201d. Segundo Chappmann, j\u00e1 tinham sido\u2026","rel":"","context":"Em &quot;Geral-MAT\u00c9RIA&quot;","block_context":{"text":"Geral-MAT\u00c9RIA","link":"https:\/\/www.jornalja.com.br\/geral\/category\/geral\/"},"img":{"alt_text":"","src":"https:\/\/i0.wp.com\/www.jornalja.com.br\/geral\/wp-content\/uploads\/sites\/4\/2021\/05\/bolsonaro-mostra-cloroquina-na-tv.jpg?resize=350%2C200&ssl=1","width":350,"height":200,"srcset":"https:\/\/i0.wp.com\/www.jornalja.com.br\/geral\/wp-content\/uploads\/sites\/4\/2021\/05\/bolsonaro-mostra-cloroquina-na-tv.jpg?resize=350%2C200&ssl=1 1x, https:\/\/i0.wp.com\/www.jornalja.com.br\/geral\/wp-content\/uploads\/sites\/4\/2021\/05\/bolsonaro-mostra-cloroquina-na-tv.jpg?resize=525%2C300&ssl=1 1.5x, https:\/\/i0.wp.com\/www.jornalja.com.br\/geral\/wp-content\/uploads\/sites\/4\/2021\/05\/bolsonaro-mostra-cloroquina-na-tv.jpg?resize=700%2C400&ssl=1 2x"},"classes":[]},{"id":83935,"url":"https:\/\/www.jornalja.com.br\/geral\/pacote-de-ajuda-dos-eua-incluiu-cloroquina-a-pedido-do-governo-brasileiro\/","url_meta":{"origin":83180,"position":3},"title":"Pacote de ajuda dos EUA incluiu cloroquina a pedido do governo brasileiro","author":"da Reda\u00e7\u00e3o","date":"3 de junho de 2020","format":false,"excerpt":"O embaixador dos Estados Unidos,\u00a0 Todd Chappman, disse em entrevista \u00e0 r\u00e1dio Ga\u00facha nesta manh\u00e3 de quarta-feira, 4, que o lote de hidroxicloroquina inclu\u00eddo no pacote da ajuda americana ao combate da codiv 19 no Brasil, atendeu a \"um pedido do governo brasileiro\". Segundo a embaixada americana, j\u00e1 foram entregues\u2026","rel":"","context":"Em &quot;Geral-MAT\u00c9RIA&quot;","block_context":{"text":"Geral-MAT\u00c9RIA","link":"https:\/\/www.jornalja.com.br\/geral\/category\/geral\/"},"img":{"alt_text":"","src":"https:\/\/i0.wp.com\/www.jornalja.com.br\/geral\/wp-content\/uploads\/sites\/4\/2020\/06\/Cloroquina-nao-tem-efeito-colateral-afirma-Bolsonaro.jpeg?resize=350%2C200&ssl=1","width":350,"height":200,"srcset":"https:\/\/i0.wp.com\/www.jornalja.com.br\/geral\/wp-content\/uploads\/sites\/4\/2020\/06\/Cloroquina-nao-tem-efeito-colateral-afirma-Bolsonaro.jpeg?resize=350%2C200&ssl=1 1x, https:\/\/i0.wp.com\/www.jornalja.com.br\/geral\/wp-content\/uploads\/sites\/4\/2020\/06\/Cloroquina-nao-tem-efeito-colateral-afirma-Bolsonaro.jpeg?resize=525%2C300&ssl=1 1.5x, https:\/\/i0.wp.com\/www.jornalja.com.br\/geral\/wp-content\/uploads\/sites\/4\/2020\/06\/Cloroquina-nao-tem-efeito-colateral-afirma-Bolsonaro.jpeg?resize=700%2C400&ssl=1 2x"},"classes":[]},{"id":88290,"url":"https:\/\/www.jornalja.com.br\/geral\/duas-operadores-de-saude-notificadas-por-forcar-uso-da-cloroquina\/","url_meta":{"origin":83180,"position":4},"title":"Duas operadoras de sa\u00fade notificadas por for\u00e7ar uso da cloroquina","author":"da Reda\u00e7\u00e3o","date":"14 de junho de 2021","format":false,"excerpt":"O Instituto de Defesa do Consumidor (Idec) notificou extrajudicialmente duas das maiores operadoras de planos de sa\u00fade do Brasil, a Hapvida e a Prevent Senior, pelo uso de cloroquina e outros medicamentos comprovadamente ineficazes contra a Covid-19. Segundo o IDEC as operadoras contrariam as recomenda\u00e7\u00f5es de \u00f3rg\u00e3os nacionais e internacionais\u2026","rel":"","context":"Em &quot;Geral-MAT\u00c9RIA&quot;","block_context":{"text":"Geral-MAT\u00c9RIA","link":"https:\/\/www.jornalja.com.br\/geral\/category\/geral\/"},"img":{"alt_text":"","src":"https:\/\/i0.wp.com\/www.jornalja.com.br\/geral\/wp-content\/uploads\/sites\/4\/2021\/05\/reuters-cloroquina-comprimidos-remedios-800-21052020081145039.jpeg?resize=350%2C200&ssl=1","width":350,"height":200,"srcset":"https:\/\/i0.wp.com\/www.jornalja.com.br\/geral\/wp-content\/uploads\/sites\/4\/2021\/05\/reuters-cloroquina-comprimidos-remedios-800-21052020081145039.jpeg?resize=350%2C200&ssl=1 1x, https:\/\/i0.wp.com\/www.jornalja.com.br\/geral\/wp-content\/uploads\/sites\/4\/2021\/05\/reuters-cloroquina-comprimidos-remedios-800-21052020081145039.jpeg?resize=525%2C300&ssl=1 1.5x, https:\/\/i0.wp.com\/www.jornalja.com.br\/geral\/wp-content\/uploads\/sites\/4\/2021\/05\/reuters-cloroquina-comprimidos-remedios-800-21052020081145039.jpeg?resize=700%2C400&ssl=1 2x"},"classes":[]},{"id":83767,"url":"https:\/\/www.jornalja.com.br\/geral\/oms-suspende-testes-mas-ministerio-da-saude-insiste-no-uso-da-cloroquina\/","url_meta":{"origin":83180,"position":5},"title":"Minist\u00e9rio da Sa\u00fade contraria OMS e mant\u00e9m orienta\u00e7\u00e3o para uso da cloroquina","author":"da Reda\u00e7\u00e3o","date":"26 de maio de 2020","format":false,"excerpt":"O Minist\u00e9rio da Sa\u00fade informou nesta segunda-feira que o governo federal vai manter as orienta\u00e7\u00f5es para o uso da cloroquina no tratamento da Covid 19, apesar a decis\u00e3o da Organiza\u00e7\u00e3o Mundial da Sa\u00fade, a OMS, que interrompeu testagens com a droga. Mayra Pinheiro, secret\u00e1ria de Gest\u00e3o do Trabalho e da\u2026","rel":"","context":"Em &quot;Geral-MAT\u00c9RIA&quot;","block_context":{"text":"Geral-MAT\u00c9RIA","link":"https:\/\/www.jornalja.com.br\/geral\/category\/geral\/"},"img":{"alt_text":"","src":"https:\/\/i0.wp.com\/www.jornalja.com.br\/geral\/wp-content\/uploads\/sites\/4\/2020\/05\/Cloroquina-nao-tem-efeito-colateral-afirma-Bolsonaro.jpeg?resize=350%2C200&ssl=1","width":350,"height":200,"srcset":"https:\/\/i0.wp.com\/www.jornalja.com.br\/geral\/wp-content\/uploads\/sites\/4\/2020\/05\/Cloroquina-nao-tem-efeito-colateral-afirma-Bolsonaro.jpeg?resize=350%2C200&ssl=1 1x, https:\/\/i0.wp.com\/www.jornalja.com.br\/geral\/wp-content\/uploads\/sites\/4\/2020\/05\/Cloroquina-nao-tem-efeito-colateral-afirma-Bolsonaro.jpeg?resize=525%2C300&ssl=1 1.5x, https:\/\/i0.wp.com\/www.jornalja.com.br\/geral\/wp-content\/uploads\/sites\/4\/2020\/05\/Cloroquina-nao-tem-efeito-colateral-afirma-Bolsonaro.jpeg?resize=700%2C400&ssl=1 2x"},"classes":[]}],"jetpack_sharing_enabled":true,"_links":{"self":[{"href":"https:\/\/www.jornalja.com.br\/geral\/wp-json\/wp\/v2\/posts\/83180","targetHints":{"allow":["GET"]}}],"collection":[{"href":"https:\/\/www.jornalja.com.br\/geral\/wp-json\/wp\/v2\/posts"}],"about":[{"href":"https:\/\/www.jornalja.com.br\/geral\/wp-json\/wp\/v2\/types\/post"}],"author":[{"embeddable":true,"href":"https:\/\/www.jornalja.com.br\/geral\/wp-json\/wp\/v2\/users\/4"}],"replies":[{"embeddable":true,"href":"https:\/\/www.jornalja.com.br\/geral\/wp-json\/wp\/v2\/comments?post=83180"}],"version-history":[{"count":2,"href":"https:\/\/www.jornalja.com.br\/geral\/wp-json\/wp\/v2\/posts\/83180\/revisions"}],"predecessor-version":[{"id":83183,"href":"https:\/\/www.jornalja.com.br\/geral\/wp-json\/wp\/v2\/posts\/83180\/revisions\/83183"}],"wp:attachment":[{"href":"https:\/\/www.jornalja.com.br\/geral\/wp-json\/wp\/v2\/media?parent=83180"}],"wp:term":[{"taxonomy":"category","embeddable":true,"href":"https:\/\/www.jornalja.com.br\/geral\/wp-json\/wp\/v2\/categories?post=83180"},{"taxonomy":"post_tag","embeddable":true,"href":"https:\/\/www.jornalja.com.br\/geral\/wp-json\/wp\/v2\/tags?post=83180"}],"curies":[{"name":"wp","href":"https:\/\/api.w.org\/{rel}","templated":true}]}}