{"id":83390,"date":"2020-05-10T17:59:11","date_gmt":"2020-05-10T20:59:11","guid":{"rendered":"https:\/\/www.jornalja.com.br\/geral\/?p=83390"},"modified":"2020-05-11T20:22:59","modified_gmt":"2020-05-11T23:22:59","slug":"inscricoes-para-o-enem-2020-comecam-na-segunda-feira","status":"publish","type":"post","link":"https:\/\/www.jornalja.com.br\/geral\/inscricoes-para-o-enem-2020-comecam-na-segunda-feira\/","title":{"rendered":"Inscri\u00e7\u00f5es para o Enem 2020 come\u00e7am na segunda-feira"},"content":{"rendered":"<p>As inscri\u00e7\u00f5es para o Exame Nacional do Ensino M\u00e9dio (Enem) 2020 come\u00e7am na pr\u00f3xima segunda-feira (11) e v\u00e3o at\u00e9 o dia 22 de maio. Elas poder\u00e3o ser feitas por meio da\u00a0<a href=\"http:\/\/enem.inep.gov.br\/\">p\u00e1gina do Enem\u00a0na internet<\/a>.<\/p>\n<p><strong>Enem digital<\/strong><\/p>\n<p>A partir deste ano o Enem ter\u00e1 duas modalidades de provas, as impressas, com aplica\u00e7\u00e3o prevista para os dias 1\u00ba e 8 de novembro, e as digitais, para os dias 22 e 29 de novembro. O participante que optar por fazer o Enem impresso n\u00e3o poder\u00e1 se inscrever na edi\u00e7\u00e3o digital e, ap\u00f3s concluir o processo, n\u00e3o poder\u00e1 alterar sua op\u00e7\u00e3o.<\/p>\n<p>A estrutura dos dois exames ser\u00e1 a mesma. Ser\u00e3o aplicadas quatro provas objetivas, constitu\u00eddas por 45 quest\u00f5es cada, e uma reda\u00e7\u00e3o em l\u00edngua portuguesa. Durante o processo de inscri\u00e7\u00e3o, o participante dever\u00e1 selecionar uma op\u00e7\u00e3o de l\u00edngua estrangeira &#8211; ingl\u00eas ou espanhol.<\/p>\n<p>Neste ano, ser\u00e1 obrigat\u00f3ria a inclus\u00e3o de uma foto atual do participante no sistema de inscri\u00e7\u00e3o, que dever\u00e1 ser utilizada para procedimento de identifica\u00e7\u00e3o no momento da prova. O valor da taxa de inscri\u00e7\u00e3o \u00e9 de R$ 85 e dever\u00e1 ser pago at\u00e9 28 de maio.<\/p>\n<p>I<strong>sen\u00e7\u00e3o de taxa<\/strong><\/p>\n<p>De acordo com o Instituto Nacional de Estudos e Pesquisas Educacionais An\u00edsio Teixeira (Inep), todos os participantes que se enquadrarem nos perfis especificados nos editais, mesmo sem o pedido formal, ter\u00e3o isen\u00e7\u00e3o da taxa. A regra vale tanto para os participantes que optarem pelo Enem impresso quanto para os que escolherem o Enem digital e se aplica, inclusive, aos isentos em 2019 que faltaram aos dois dias de prova e n\u00e3o tenham justificado aus\u00eancia.<\/p>\n<p>Portanto, no ato da inscri\u00e7\u00e3o para o Enem 2020, ter\u00e3o isen\u00e7\u00e3o de taxa os candidatos que estejam cursando a \u00faltima s\u00e9rie do ensino m\u00e9dio este ano, em qualquer modalidade de ensino, em escola da rede p\u00fablica declarada ao Censo da Educa\u00e7\u00e3o B\u00e1sica; tenham feito todo o ensino m\u00e9dio em escolas da rede p\u00fablica ou como bolsistas integrais na rede privada e tenham renda per capita familiar igual ou inferior a um sal\u00e1rio m\u00ednimo e meio; ou declarem estar em situa\u00e7\u00e3o de vulnerabilidade socioecon\u00f4mica, por serem membros de fam\u00edlia de baixa renda e que estejam inscritos no Cadastro \u00danico para Programas Sociais do Governo Federal (Cad\u00danico), que requer renda familiar per capita de at\u00e9 meio sal\u00e1rio m\u00ednimo ou renda familiar mensal de at\u00e9 tr\u00eas sal\u00e1rios m\u00ednimos.<\/p>\n<p><strong>Acessibilidade<\/strong><\/p>\n<p>A Pol\u00edtica de Acessibilidade e Inclus\u00e3o do Inep visa dar atendimento especializado aos participantes que necessitarem. Para facilitar a compreens\u00e3o no momento da inscri\u00e7\u00e3o, os atendimentos espec\u00edficos (gestantes, lactantes, idosos e estudantes em classe hospitalar) foram inclu\u00eddos na denomina\u00e7\u00e3o &#8220;especializado&#8221;. As solicita\u00e7\u00f5es para esses atendimentos tamb\u00e9m dever\u00e3o ser feitas entre 11 e 22 de maio. Os resultados ser\u00e3o divulgados em 29 de maio. Para os pedidos que forem negados, est\u00e1 prevista uma fase para apresenta\u00e7\u00e3o de recursos. O resultado final estar\u00e1 dispon\u00edvel no dia 10 de junho.<\/p>\n<p>Os pedidos de tratamento por nome social ser\u00e3o feitos entre 25 e 29 de maio, com previs\u00e3o de divulga\u00e7\u00e3o dos resultados em 5 de junho. O per\u00edodo para apresenta\u00e7\u00e3o de recursos ser\u00e1 entre 8 e 12 de junho e a disponibiliza\u00e7\u00e3o dos resultados finais em 18 de junho.<\/p>\n","protected":false},"excerpt":{"rendered":"<p>As inscri\u00e7\u00f5es para o Exame Nacional do Ensino M\u00e9dio (Enem) 2020 come\u00e7am na pr\u00f3xima segunda-feira (11) e v\u00e3o at\u00e9 o dia 22 de maio. Elas poder\u00e3o ser feitas por meio da\u00a0p\u00e1gina do Enem\u00a0na internet. Enem digital A partir deste ano o Enem ter\u00e1 duas modalidades de provas, as impressas, com aplica\u00e7\u00e3o prevista para os dias [&hellip;]<\/p>\n","protected":false},"author":4,"featured_media":0,"comment_status":"open","ping_status":"open","sticky":false,"template":"","format":"standard","meta":{"jetpack_post_was_ever_published":false,"_jetpack_newsletter_access":"","_jetpack_dont_email_post_to_subs":false,"_jetpack_newsletter_tier_id":0,"_jetpack_memberships_contains_paywalled_content":false,"_jetpack_memberships_contains_paid_content":false,"footnotes":"","jetpack_publicize_message":"","jetpack_publicize_feature_enabled":true,"jetpack_social_post_already_shared":true,"jetpack_social_options":{"image_generator_settings":{"template":"highway","default_image_id":0,"font":"","enabled":false},"version":2}},"categories":[28],"tags":[],"class_list":["post-83390","post","type-post","status-publish","format-standard","hentry","category-geral-notas"],"aioseo_notices":[],"jetpack_publicize_connections":[],"jetpack_featured_media_url":"","jetpack_shortlink":"https:\/\/wp.me\/pbKhrD-lH0","jetpack-related-posts":[{"id":88866,"url":"https:\/\/www.jornalja.com.br\/geral\/ultimo-dia-para-pagar-o-enem-que-ja-tem-mais-de-4-milhoes-de-inscritos\/","url_meta":{"origin":83390,"position":0},"title":"Ultimo dia para pagar o ENEM que j\u00e1 tem mais de 4 milh\u00f5es de inscritos","author":"da Reda\u00e7\u00e3o","date":"19 de julho de 2021","format":false,"excerpt":"Com Ag\u00eancia Brasil Encerra nesta segunda-feira (19) o prazo para pagamento, da taxa de inscri\u00e7\u00e3o no Exame Nacional do Ensino M\u00e9dio (Enem) edi\u00e7\u00e3o 2021. O valor da taxa \u00e9 de R$ 85 e deve ser paga at\u00e9 o fim do dia. \u201cO participante deve se atentar ao hor\u00e1rio estabelecido pela\u2026","rel":"","context":"Em &quot;Geral-NOTAS&quot;","block_context":{"text":"Geral-NOTAS","link":"https:\/\/www.jornalja.com.br\/geral\/category\/geral-notas\/"},"img":{"alt_text":"","src":"","width":0,"height":0},"classes":[]},{"id":97939,"url":"https:\/\/www.jornalja.com.br\/geral\/inscritos-no-enem-confira-as-datas-e-tire-suas-duvidas\/","url_meta":{"origin":83390,"position":1},"title":"Inscritos no Enem: confira as datas e tire suas d\u00favidas","author":"da Reda\u00e7\u00e3o","date":"29 de setembro de 2024","format":false,"excerpt":"Os estudantes inscritos no Exame Nacional do Ensino M\u00e9dio (Enem) 2024 v\u00e3o conhecer os seus respectivos locais de provas na P\u00e1gina do Participante (site oficial do Enem) somente depois do dia 14 de outubro. As provas ser\u00e3o realizadas nos dias 03 e 10 de novembro para mais de 5 milh\u00f5es\u2026","rel":"","context":"Em &quot;Geral-MAT\u00c9RIA&quot;","block_context":{"text":"Geral-MAT\u00c9RIA","link":"https:\/\/www.jornalja.com.br\/geral\/category\/geral\/"},"img":{"alt_text":"","src":"https:\/\/i0.wp.com\/www.jornalja.com.br\/geral\/wp-content\/uploads\/sites\/4\/2024\/09\/enem.jpg?resize=350%2C200&ssl=1","width":350,"height":200,"srcset":"https:\/\/i0.wp.com\/www.jornalja.com.br\/geral\/wp-content\/uploads\/sites\/4\/2024\/09\/enem.jpg?resize=350%2C200&ssl=1 1x, https:\/\/i0.wp.com\/www.jornalja.com.br\/geral\/wp-content\/uploads\/sites\/4\/2024\/09\/enem.jpg?resize=525%2C300&ssl=1 1.5x, https:\/\/i0.wp.com\/www.jornalja.com.br\/geral\/wp-content\/uploads\/sites\/4\/2024\/09\/enem.jpg?resize=700%2C400&ssl=1 2x"},"classes":[]},{"id":99964,"url":"https:\/\/www.jornalja.com.br\/geral\/enem-2025-nova-edicao-da-cartilha-de-redacao-ja-esta-disponivel\/","url_meta":{"origin":83390,"position":2},"title":"ENEM 2025: nova edi\u00e7\u00e3o da Cartilha de Reda\u00e7\u00e3o j\u00e1 est\u00e1 dispon\u00edvel","author":"da Reda\u00e7\u00e3o","date":"4 de outubro de 2025","format":false,"excerpt":"O Instituto Nacional de Estudos e Pesquisas Educacionais An\u00edsio Teixeira (Inep) publicou a nova edi\u00e7\u00e3o da cartilha A Reda\u00e7\u00e3o do Enem 2025 \u2013 Cartilha do Participante. A publica\u00e7\u00e3o traz informa\u00e7\u00f5es importantes, como os crit\u00e9rios de avalia\u00e7\u00e3o da prova (matriz de refer\u00eancia) e amostras comentadas de reda\u00e7\u00f5es que tiraram notas altas\u2026","rel":"","context":"Em &quot;Geral-MAT\u00c9RIA&quot;","block_context":{"text":"Geral-MAT\u00c9RIA","link":"https:\/\/www.jornalja.com.br\/geral\/category\/geral\/"},"img":{"alt_text":"","src":"https:\/\/i0.wp.com\/www.jornalja.com.br\/geral\/wp-content\/uploads\/sites\/4\/2025\/10\/enem.png?resize=350%2C200&ssl=1","width":350,"height":200,"srcset":"https:\/\/i0.wp.com\/www.jornalja.com.br\/geral\/wp-content\/uploads\/sites\/4\/2025\/10\/enem.png?resize=350%2C200&ssl=1 1x, https:\/\/i0.wp.com\/www.jornalja.com.br\/geral\/wp-content\/uploads\/sites\/4\/2025\/10\/enem.png?resize=525%2C300&ssl=1 1.5x"},"classes":[]},{"id":84532,"url":"https:\/\/www.jornalja.com.br\/geral\/enem-sera-em-17-e-24-de-janeiro-de-2021\/","url_meta":{"origin":83390,"position":3},"title":"Enem ser\u00e1 em 17 e 24 de janeiro de 2021","author":"da Reda\u00e7\u00e3o","date":"8 de julho de 2020","format":false,"excerpt":"O Exame Nacional do Ensino M\u00e9dio (Enem), que teve a aplica\u00e7\u00e3o adiada por causa da pandemia do novo coronav\u00edrus, foi remarcado para os dias 17 e 24 de janeiro, na sua vers\u00e3o impressa. A nova data para aplica\u00e7\u00e3o das provas foi divulgada hoje (08\/07). A vers\u00e3o digital do exame ser\u00e1\u2026","rel":"","context":"Em &quot;Geral-NOTAS&quot;","block_context":{"text":"Geral-NOTAS","link":"https:\/\/www.jornalja.com.br\/geral\/category\/geral-notas\/"},"img":{"alt_text":"","src":"","width":0,"height":0},"classes":[]},{"id":82703,"url":"https:\/\/www.jornalja.com.br\/geral\/passo-a-passo-como-pedir-isencao-da-taxa-de-inscricao-do-enem\/","url_meta":{"origin":83390,"position":4},"title":"Passo a passo, como pedir isen\u00e7\u00e3o da taxa de inscri\u00e7\u00e3o do Enem","author":"da Reda\u00e7\u00e3o","date":"13 de abril de 2020","format":false,"excerpt":"Em 2019, cerca de 3 milh\u00f5es de estudantes solicitaram a isen\u00e7\u00e3o da taxa de inscri\u00e7ao no Enem, que custava R$ 85. O valor para as provas de 2020 ainda n\u00e3o foi divulgado. Mas o prazo para pleitear a isen\u00e7\u00e3o neste ano est\u00e1 aberto e vai at\u00e9 o dia 17 de\u2026","rel":"","context":"Em &quot;Geral-NOTAS&quot;","block_context":{"text":"Geral-NOTAS","link":"https:\/\/www.jornalja.com.br\/geral\/category\/geral-notas\/"},"img":{"alt_text":"","src":"","width":0,"height":0},"classes":[]},{"id":100205,"url":"https:\/\/www.jornalja.com.br\/geral\/enem-2025-primeira-prova-no-domingo-teve-27-de-abstencao\/","url_meta":{"origin":83390,"position":5},"title":"Enem 2025: Primeira prova no domingo teve 27% de absten\u00e7\u00e3o","author":"da Reda\u00e7\u00e3o","date":"10 de novembro de 2025","format":false,"excerpt":"O primeiro dia de prova do Exame Nacional do Ensino M\u00e9dio (Enem) 2025 registrou 27% de absten\u00e7\u00e3o, percentual semelhante \u00e0 do ano passado (26,6%). Mais de 4,8 milh\u00f5es de candidatos estavam habilitados a participar do Enem. Segundo o minist\u00e9rio, houve 3.240 participantes eliminados por diferentes irregularidades. Foram eliminados candidatos que\u2026","rel":"","context":"Em &quot;Geral-MAT\u00c9RIA&quot;","block_context":{"text":"Geral-MAT\u00c9RIA","link":"https:\/\/www.jornalja.com.br\/geral\/category\/geral\/"},"img":{"alt_text":"","src":"https:\/\/i0.wp.com\/www.jornalja.com.br\/geral\/wp-content\/uploads\/sites\/4\/2025\/06\/enem-dos-concursos.jpg?resize=350%2C200&ssl=1","width":350,"height":200,"srcset":"https:\/\/i0.wp.com\/www.jornalja.com.br\/geral\/wp-content\/uploads\/sites\/4\/2025\/06\/enem-dos-concursos.jpg?resize=350%2C200&ssl=1 1x, https:\/\/i0.wp.com\/www.jornalja.com.br\/geral\/wp-content\/uploads\/sites\/4\/2025\/06\/enem-dos-concursos.jpg?resize=525%2C300&ssl=1 1.5x, https:\/\/i0.wp.com\/www.jornalja.com.br\/geral\/wp-content\/uploads\/sites\/4\/2025\/06\/enem-dos-concursos.jpg?resize=700%2C400&ssl=1 2x, https:\/\/i0.wp.com\/www.jornalja.com.br\/geral\/wp-content\/uploads\/sites\/4\/2025\/06\/enem-dos-concursos.jpg?resize=1050%2C600&ssl=1 3x"},"classes":[]}],"jetpack_sharing_enabled":true,"_links":{"self":[{"href":"https:\/\/www.jornalja.com.br\/geral\/wp-json\/wp\/v2\/posts\/83390","targetHints":{"allow":["GET"]}}],"collection":[{"href":"https:\/\/www.jornalja.com.br\/geral\/wp-json\/wp\/v2\/posts"}],"about":[{"href":"https:\/\/www.jornalja.com.br\/geral\/wp-json\/wp\/v2\/types\/post"}],"author":[{"embeddable":true,"href":"https:\/\/www.jornalja.com.br\/geral\/wp-json\/wp\/v2\/users\/4"}],"replies":[{"embeddable":true,"href":"https:\/\/www.jornalja.com.br\/geral\/wp-json\/wp\/v2\/comments?post=83390"}],"version-history":[{"count":1,"href":"https:\/\/www.jornalja.com.br\/geral\/wp-json\/wp\/v2\/posts\/83390\/revisions"}],"predecessor-version":[{"id":83391,"href":"https:\/\/www.jornalja.com.br\/geral\/wp-json\/wp\/v2\/posts\/83390\/revisions\/83391"}],"wp:attachment":[{"href":"https:\/\/www.jornalja.com.br\/geral\/wp-json\/wp\/v2\/media?parent=83390"}],"wp:term":[{"taxonomy":"category","embeddable":true,"href":"https:\/\/www.jornalja.com.br\/geral\/wp-json\/wp\/v2\/categories?post=83390"},{"taxonomy":"post_tag","embeddable":true,"href":"https:\/\/www.jornalja.com.br\/geral\/wp-json\/wp\/v2\/tags?post=83390"}],"curies":[{"name":"wp","href":"https:\/\/api.w.org\/{rel}","templated":true}]}}