{"id":83496,"date":"2020-05-13T07:00:27","date_gmt":"2020-05-13T10:00:27","guid":{"rendered":"https:\/\/www.jornalja.com.br\/geral\/?p=83496"},"modified":"2020-05-13T18:19:04","modified_gmt":"2020-05-13T21:19:04","slug":"mobilizacao-da-campanha-do-agasalho-ocorre-nesta-quarta-feira-no-largo-glenio-peres","status":"publish","type":"post","link":"https:\/\/www.jornalja.com.br\/geral\/mobilizacao-da-campanha-do-agasalho-ocorre-nesta-quarta-feira-no-largo-glenio-peres\/","title":{"rendered":"Mobiliza\u00e7\u00e3o da Campanha do Agasalho ocorre nesta quarta-feira, no Largo Gl\u00eanio Peres"},"content":{"rendered":"<p>A prefeitura de Porto Alegre realiza nesta quarta-feira, 13, das 11h \u00e0s 16h, na avenida Borges de Medeiros, na cal\u00e7ada do Largo Gl\u00eanio Peres, o segundo drive thru para arrecadar doa\u00e7\u00f5es para a Campanha do Agasalho.<\/p>\n<p>Em caso de chuva, o evento ser\u00e1 cancelado. A iniciativa ocorrer\u00e1\u00a0todas as quartas-feiras, no mesmo local, at\u00e9 1\u00ba de julho.<\/p>\n<p>O resultado da primeira edi\u00e7\u00e3o ultrapassou as expectativas. As doa\u00e7\u00f5es da primeira edi\u00e7\u00e3o lotaram cinco ca\u00e7ambas de camionetes.<\/p>\n<p>\u201cAl\u00e9m da solidariedade, as pessoas atenderam nosso pedido de doar roupas limpas e organizadas. Refor\u00e7amos a necessidade de pe\u00e7as infantis\u201d, diz\u00a0a primeira-dama Tain\u00e1 Vidal.<\/p>\n<p>Com o tema\u00a0Suas roupas j\u00e1 podem sair de casa para abra\u00e7ar algu\u00e9m, a campanha deste ano precisou ser reinventada em fun\u00e7\u00e3o do cen\u00e1rio atual, que exige isolamento e cuidados. Uma das principais mudan\u00e7as, \u00e9 que as roupas ficar\u00e3o em quarentena por 14 dias em local arejado e ensolarado, para depois serem triadas e embaladas.<\/p>\n<p>Ser\u00e3o beneficiadas 142 organiza\u00e7\u00f5es cadastradas na Funda\u00e7\u00e3o de Assist\u00eancia Social e Cidadania (Fasc), al\u00e9m de albergues, abrigos, Centros Pop, pessoas atendidas nos Centros de Refer\u00eancia de Assist\u00eancia Social (Cras), Centros de Refer\u00eancia Especializados de Assist\u00eancia Social (Creas), Centros Dia do Idoso (CDI) e Centros de Rela\u00e7\u00f5es Institucionais e Participativas (Crips), povos ind\u00edgenas e quilombolas.<\/p>\n<p>As doa\u00e7\u00f5es, iniciativas e pontos de coleta podem ser acompanhados pelo portal da prefeitura e no App #EUFACOPOA. A 99 vai disponibilizar voucher de desconto para corridas at\u00e9 pontos de coleta com drives thrus.<\/p>\n<p><strong>Pontos de coleta:<\/strong><\/p>\n<p>1. Pa\u00e7o Municipal &#8211; Centro Hist\u00f3rico<\/p>\n<p>2. Central de Triagem &#8211; rua M\u00facio Teixeira, 33 &#8211; Menino Deus<\/p>\n<p>3. EstaF\u00e1cil Estacionamentos<\/p>\n<p>rua Dona Laura , 320<\/p>\n<p>rua Comendador Caminha, 42<\/p>\n<p>4. Instituto de Cardiologia &#8211; avenida Princesa Isabel, 395 &#8211; Santana<\/p>\n<p>5. Rede Panvel<\/p>\n<p>avenida\u00a0 Borges de Medeiros, 589 e 595 &#8211; Centro Hist\u00f3rico<\/p>\n<p>avenida Wenceslau Escobar, 2857 &#8211; Lj 04 &#8211; Cristal<\/p>\n<p>avenida Edgar Pires de Castro, 1395 &#8211; Aberta dos Morros<\/p>\n<p>avenida Cavalhada, 2351 &#8211; Cavalhada<\/p>\n<p>rua Vinte e Quatro de Outubro, 742 &#8211; Moinhos de Vento<\/p>\n<p>rua Zeca Neto, 38 &#8211; Cristo Redentor<\/p>\n<p>rua Valpara\u00edso, 698 &#8211; Jardim Bot\u00e2nico<\/p>\n<p>rua Coronel Bordini,12 &#8211; Auxiliadora<\/p>\n<p>rua Silveiro, 1810 &#8211; Menino Deus<\/p>\n<p>Shopping Bela Vista &#8211; avenida Nil\u00f3polis, 543 &#8211; Lj 5 &#8211; Petr\u00f3polis<\/p>\n<p>Viva Open Mall &#8211; avenida Nilo Pe\u00e7anha, 3200 &#8211; Lj 48 &#8211; Ch\u00e1cara das Pedras<\/p>\n<p>6. Rede Asun de Supermercados<\/p>\n<p>avenida Cavalhada, 2985 &#8211; Cavalhada<\/p>\n<p>avenida Pl\u00ednio Brasil Milano, 1609 &#8211; Higien\u00f3polis<\/p>\n<p>avenida Francisco Trein, 687 &#8211; Cristo Redentor<\/p>\n<p>avenida Bento Gon\u00e7alves, 68 &#8211; Azenha<\/p>\n<p>estrada Jo\u00e3o Ant\u00f4nio da Silveira,1134 &#8211; Nova Restinga<\/p>\n<p>rua Jacinto Os\u00f3rio, 126 &#8211; Santana<\/p>\n<p>rua da Rep\u00fablica, 500 &#8211; Cidade Baixa<\/p>\n<p>avenida Bernardino Silveira Amorim, 1134 &#8211; Rubem Berta<\/p>\n<p>7. Mercado P\u00fablico &#8211; Largo Gl\u00eanio Peres &#8211; Centro Hist\u00f3rico<\/p>\n<p>8. Defensoria P\u00fablica do Estado &#8211; rua Sete de Setembro, 666 &#8211; Centro Hist\u00f3rico<\/p>\n<p>9. Lojas Quero Quero<\/p>\n<p>avenida Alberto Bins, 358 &#8211; Centro Hist\u00f3rico<\/p>\n<p>avenida da Azenha, 941 &#8211; Azenha<\/p>\n<p>avenida Assis Brasil, 5411 &#8211; Sarandi<\/p>\n<p>avenida Prot\u00e1sio Alves, 5525 &#8211; Petr\u00f3polis<\/p>\n<p>avenida Edgar P\u00edres de Castro, 1813 &#8211; H\u00edpica<\/p>\n<p>10. Academia Scorpyon &#8211; avenida Adda Mascarenhas de Moraes, 297 &#8211; Jardim It\u00fa Sabar\u00e1<\/p>\n<p>11. Pal\u00e1cio da Pol\u00edcia &#8211; avenida Jo\u00e3o Pessoa, 2050 &#8211; Azenha<\/p>\n<p>12. Delegacia de Pol\u00edcia de Prote\u00e7\u00e3o ao Idoso- avenida Ipiranga, 1803 &#8211; Azenha<\/p>\n<p>13. Delegacia de Pol\u00edcia Especializada no Atendimento \u00e0 Mulher &#8211; DEAM &#8211; rua Freitas de Castro, 701- Azenha<\/p>\n<p>14. Supermercado Lang &#8211; rua Prof. Carvalho de Freitas, 857- Teres\u00f3polis<\/p>\n<p>15. Supermercado SuperTr\u00eas<\/p>\n<p>avenida Teres\u00f3polis, 33980 &#8211; Teres\u00f3polis<\/p>\n<p>avenida Teres\u00f3polis, 3742 &#8211; Nonoai<\/p>\n<p>avenida Prof. Oscar Pereira, 4125 &#8211; Cascata<\/p>\n<p>&nbsp;<\/p>\n","protected":false},"excerpt":{"rendered":"<p>A prefeitura de Porto Alegre realiza nesta quarta-feira, 13, das 11h \u00e0s 16h, na avenida Borges de Medeiros, na cal\u00e7ada do Largo Gl\u00eanio Peres, o segundo drive thru para arrecadar doa\u00e7\u00f5es para a Campanha do Agasalho. Em caso de chuva, o evento ser\u00e1 cancelado. A iniciativa ocorrer\u00e1\u00a0todas as quartas-feiras, no mesmo local, at\u00e9 1\u00ba de [&hellip;]<\/p>\n","protected":false},"author":4,"featured_media":83497,"comment_status":"open","ping_status":"open","sticky":false,"template":"","format":"standard","meta":{"jetpack_post_was_ever_published":false,"_jetpack_newsletter_access":"","_jetpack_dont_email_post_to_subs":false,"_jetpack_newsletter_tier_id":0,"_jetpack_memberships_contains_paywalled_content":false,"_jetpack_memberships_contains_paid_content":false,"footnotes":"","jetpack_publicize_message":"","jetpack_publicize_feature_enabled":true,"jetpack_social_post_already_shared":true,"jetpack_social_options":{"image_generator_settings":{"template":"highway","default_image_id":0,"font":"","enabled":false},"version":2}},"categories":[2],"tags":[],"class_list":["post-83496","post","type-post","status-publish","format-standard","has-post-thumbnail","hentry","category-geral"],"aioseo_notices":[],"jetpack_publicize_connections":[],"jetpack_featured_media_url":"https:\/\/www.jornalja.com.br\/geral\/wp-content\/uploads\/sites\/4\/2020\/05\/Campanha-do-agasalho_Jefferson-Bernardes_PMPA-scaled.jpg","jetpack_shortlink":"https:\/\/wp.me\/pbKhrD-lII","jetpack-related-posts":[{"id":91892,"url":"https:\/\/www.jornalja.com.br\/geral\/confira-os-principais-eventos-da-semana-dos-250-anos-de-porto-alegre\/","url_meta":{"origin":83496,"position":0},"title":"Confira os principais eventos da semana dos 250 anos de Porto Alegre","author":"da Reda\u00e7\u00e3o","date":"20 de mar\u00e7o de 2022","format":false,"excerpt":"Inicia nesta quarta-feira, 23 de mar\u00e7o de 2022,\u00a0 a Semana dos 250 anos de Porto Alegre\". O per\u00edodo ser\u00e1 marcado por diversas atra\u00e7\u00f5es e eventos promovidos ou realizados com o apoio da prefeitura da Capital. A programa\u00e7\u00e3o completa est\u00e1 dispon\u00edvel no site\u00a0poa250anos.com.br. Veja alguns dos principais eventos Dia 23 \u2013\u2026","rel":"","context":"Em &quot;Geral-MAT\u00c9RIA&quot;","block_context":{"text":"Geral-MAT\u00c9RIA","link":"https:\/\/www.jornalja.com.br\/geral\/category\/geral\/"},"img":{"alt_text":"","src":"https:\/\/i0.wp.com\/www.jornalja.com.br\/geral\/wp-content\/uploads\/sites\/4\/2022\/03\/hipoa-baile-da-cidade-ana-rita.jpg?resize=350%2C200&ssl=1","width":350,"height":200,"srcset":"https:\/\/i0.wp.com\/www.jornalja.com.br\/geral\/wp-content\/uploads\/sites\/4\/2022\/03\/hipoa-baile-da-cidade-ana-rita.jpg?resize=350%2C200&ssl=1 1x, https:\/\/i0.wp.com\/www.jornalja.com.br\/geral\/wp-content\/uploads\/sites\/4\/2022\/03\/hipoa-baile-da-cidade-ana-rita.jpg?resize=525%2C300&ssl=1 1.5x, https:\/\/i0.wp.com\/www.jornalja.com.br\/geral\/wp-content\/uploads\/sites\/4\/2022\/03\/hipoa-baile-da-cidade-ana-rita.jpg?resize=700%2C400&ssl=1 2x"},"classes":[]},{"id":93826,"url":"https:\/\/www.jornalja.com.br\/geral\/lula-tem-seguranca-reforcada-com-drones-e-snipers-para-comicios-em-porto-alegre-curitiba-e-florianopolis\/","url_meta":{"origin":83496,"position":1},"title":"Lula tem seguran\u00e7a refor\u00e7ada com drones e snipers para com\u00edcios em Porto Alegre, Curitiba e Florian\u00f3polis","author":"da Reda\u00e7\u00e3o","date":"15 de setembro de 2022","format":false,"excerpt":"O mais refor\u00e7ado esquema de toda a campanha eleitoral ser\u00e1 adotado para garantir a seguran\u00e7a do ex-presidente, que inicia nesta sexta-feira, 16, sua viagem pelas capitais da regi\u00e3o Sul. A Pol\u00edcia Federal\u00a0 vai acionar o Comando de Opera\u00e7\u00f5es T\u00e1ticas, unidade de elite, treinada para situa\u00e7\u00f5es de alto risco. O esquema\u2026","rel":"","context":"Em &quot;Geral-NOTAS&quot;","block_context":{"text":"Geral-NOTAS","link":"https:\/\/www.jornalja.com.br\/geral\/category\/geral-notas\/"},"img":{"alt_text":"","src":"","width":0,"height":0},"classes":[]},{"id":88987,"url":"https:\/\/www.jornalja.com.br\/geral\/sete-paroquias-oferecem-mais-80-vagas-para-quem-nao-tem-onde-dormir-em-porto-alegre\/","url_meta":{"origin":83496,"position":2},"title":"Sete par\u00f3quias oferecem mais 80 vagas para quem n\u00e3o tem onde dormir em Porto Alegre","author":"da Reda\u00e7\u00e3o","date":"28 de julho de 2021","format":false,"excerpt":"Ante a previs\u00e3o de mais uma madrugada gelada, a prefeitura de Porto Alegre vai dispor de mais 80 vagas em igrejas. Na primeira noite de amplia\u00e7\u00e3o da Opera\u00e7\u00e3o Inverno para acolhimento das pessoas em situa\u00e7\u00e3o de rua, foram recebidas 102 pessoas para pernoite no Gigantinho: 97 homens e cinco mulheres.\u2026","rel":"","context":"Em &quot;Geral-MAT\u00c9RIA&quot;","block_context":{"text":"Geral-MAT\u00c9RIA","link":"https:\/\/www.jornalja.com.br\/geral\/category\/geral\/"},"img":{"alt_text":"","src":"https:\/\/i0.wp.com\/www.jornalja.com.br\/geral\/wp-content\/uploads\/sites\/4\/2021\/07\/inverno-mais-de-100-no-gigantinho.jpg?resize=350%2C200&ssl=1","width":350,"height":200,"srcset":"https:\/\/i0.wp.com\/www.jornalja.com.br\/geral\/wp-content\/uploads\/sites\/4\/2021\/07\/inverno-mais-de-100-no-gigantinho.jpg?resize=350%2C200&ssl=1 1x, https:\/\/i0.wp.com\/www.jornalja.com.br\/geral\/wp-content\/uploads\/sites\/4\/2021\/07\/inverno-mais-de-100-no-gigantinho.jpg?resize=525%2C300&ssl=1 1.5x, https:\/\/i0.wp.com\/www.jornalja.com.br\/geral\/wp-content\/uploads\/sites\/4\/2021\/07\/inverno-mais-de-100-no-gigantinho.jpg?resize=700%2C400&ssl=1 2x"},"classes":[]},{"id":82657,"url":"https:\/\/www.jornalja.com.br\/geral\/sexta-feira-santa-com-ruas-e-pracas-vazias-no-centro-da-capital\/","url_meta":{"origin":83496,"position":3},"title":"Sexta-feira Santa com ruas e pra\u00e7as vazias no centro de Porto Alegre","author":"Cleber Dioni Tentardini","date":"10 de abril de 2020","format":false,"excerpt":"Nesta Sexta-feira Santa, dia 10 de abril, as ruas, avenidas e pra\u00e7as do Centro Hist\u00f3rico de Porto Alegre permaneceram praticamente vazias. Com a epidemia de novo coronavirus, a tradicional Feira do Peixe no Largo Gl\u00eanio Peres n\u00e3o pode ser realizada. Apenas uma banca vendia pescados, mas o movimento de clientes\u2026","rel":"","context":"Em &quot;Geral-MAT\u00c9RIA&quot;","block_context":{"text":"Geral-MAT\u00c9RIA","link":"https:\/\/www.jornalja.com.br\/geral\/category\/geral\/"},"img":{"alt_text":"","src":"https:\/\/i0.wp.com\/www.jornalja.com.br\/geral\/wp-content\/uploads\/sites\/4\/2020\/04\/20200410_142604-scaled.jpg?resize=350%2C200&ssl=1","width":350,"height":200,"srcset":"https:\/\/i0.wp.com\/www.jornalja.com.br\/geral\/wp-content\/uploads\/sites\/4\/2020\/04\/20200410_142604-scaled.jpg?resize=350%2C200&ssl=1 1x, https:\/\/i0.wp.com\/www.jornalja.com.br\/geral\/wp-content\/uploads\/sites\/4\/2020\/04\/20200410_142604-scaled.jpg?resize=525%2C300&ssl=1 1.5x, https:\/\/i0.wp.com\/www.jornalja.com.br\/geral\/wp-content\/uploads\/sites\/4\/2020\/04\/20200410_142604-scaled.jpg?resize=700%2C400&ssl=1 2x"},"classes":[]},{"id":73704,"url":"https:\/\/www.jornalja.com.br\/geral\/239a-feira-do-peixe-comeca-hoje-no-arquipelago-de-poa\/","url_meta":{"origin":83496,"position":4},"title":"239\u00aa Feira do Peixe come\u00e7a hoje no Arquip\u00e9lago de POA","author":"da Reda\u00e7\u00e3o","date":"7 de abril de 2019","format":false,"excerpt":"O lan\u00e7amento do evento ser\u00e1 \u00e0s 12h, na sede da Col\u00f4nia de Pescadores Z-5, na Ilha da Pintada, integrante do bairro do Arquip\u00e9lago de Porto Alegre. A festa inclui a escolha da Rainha e do Rei das Ilhas, uma missa em homenagem aos pescadores e um concurso de pesca. Contar\u00e1,\u2026","rel":"","context":"Em &quot;Geral-MAT\u00c9RIA&quot;","block_context":{"text":"Geral-MAT\u00c9RIA","link":"https:\/\/www.jornalja.com.br\/geral\/category\/geral\/"},"img":{"alt_text":"","src":"","width":0,"height":0},"classes":[]},{"id":97850,"url":"https:\/\/www.jornalja.com.br\/geral\/obras-interditam-avenida-borges-e-bloqueiam-o-centro-para-a-campanha-eleitoral\/","url_meta":{"origin":83496,"position":5},"title":"Obras interditam avenida Borges e bloqueiam o centro para a campanha eleitoral","author":"da Reda\u00e7\u00e3o","date":"17 de setembro de 2024","format":false,"excerpt":"A elei\u00e7\u00e3o de outubro, que vai eleger prefeito e vereadores, \u00e9 a segunda sem grandes com\u00edcios no centro hist\u00f3rico de Porto Alegre. Em 2022, a Esquina Democr\u00e1tica, local das maiores manifesta\u00e7\u00f5es pol\u00edticas da cidade,\u00a0 foi interditada pelo canteiro das obras do revitaliza\u00e7\u00e3o do centro hist\u00f3rico de Porto Alegre. Pela primeira\u2026","rel":"","context":"Em &quot;Geral-MAT\u00c9RIA&quot;","block_context":{"text":"Geral-MAT\u00c9RIA","link":"https:\/\/www.jornalja.com.br\/geral\/category\/geral\/"},"img":{"alt_text":"","src":"https:\/\/i0.wp.com\/www.jornalja.com.br\/geral\/wp-content\/uploads\/sites\/4\/2024\/09\/porto-alegre-centro-interditado-scaled.jpg?resize=350%2C200&ssl=1","width":350,"height":200,"srcset":"https:\/\/i0.wp.com\/www.jornalja.com.br\/geral\/wp-content\/uploads\/sites\/4\/2024\/09\/porto-alegre-centro-interditado-scaled.jpg?resize=350%2C200&ssl=1 1x, https:\/\/i0.wp.com\/www.jornalja.com.br\/geral\/wp-content\/uploads\/sites\/4\/2024\/09\/porto-alegre-centro-interditado-scaled.jpg?resize=525%2C300&ssl=1 1.5x, https:\/\/i0.wp.com\/www.jornalja.com.br\/geral\/wp-content\/uploads\/sites\/4\/2024\/09\/porto-alegre-centro-interditado-scaled.jpg?resize=700%2C400&ssl=1 2x, https:\/\/i0.wp.com\/www.jornalja.com.br\/geral\/wp-content\/uploads\/sites\/4\/2024\/09\/porto-alegre-centro-interditado-scaled.jpg?resize=1050%2C600&ssl=1 3x, https:\/\/i0.wp.com\/www.jornalja.com.br\/geral\/wp-content\/uploads\/sites\/4\/2024\/09\/porto-alegre-centro-interditado-scaled.jpg?resize=1400%2C800&ssl=1 4x"},"classes":[]}],"jetpack_sharing_enabled":true,"_links":{"self":[{"href":"https:\/\/www.jornalja.com.br\/geral\/wp-json\/wp\/v2\/posts\/83496","targetHints":{"allow":["GET"]}}],"collection":[{"href":"https:\/\/www.jornalja.com.br\/geral\/wp-json\/wp\/v2\/posts"}],"about":[{"href":"https:\/\/www.jornalja.com.br\/geral\/wp-json\/wp\/v2\/types\/post"}],"author":[{"embeddable":true,"href":"https:\/\/www.jornalja.com.br\/geral\/wp-json\/wp\/v2\/users\/4"}],"replies":[{"embeddable":true,"href":"https:\/\/www.jornalja.com.br\/geral\/wp-json\/wp\/v2\/comments?post=83496"}],"version-history":[{"count":2,"href":"https:\/\/www.jornalja.com.br\/geral\/wp-json\/wp\/v2\/posts\/83496\/revisions"}],"predecessor-version":[{"id":83499,"href":"https:\/\/www.jornalja.com.br\/geral\/wp-json\/wp\/v2\/posts\/83496\/revisions\/83499"}],"wp:featuredmedia":[{"embeddable":true,"href":"https:\/\/www.jornalja.com.br\/geral\/wp-json\/wp\/v2\/media\/83497"}],"wp:attachment":[{"href":"https:\/\/www.jornalja.com.br\/geral\/wp-json\/wp\/v2\/media?parent=83496"}],"wp:term":[{"taxonomy":"category","embeddable":true,"href":"https:\/\/www.jornalja.com.br\/geral\/wp-json\/wp\/v2\/categories?post=83496"},{"taxonomy":"post_tag","embeddable":true,"href":"https:\/\/www.jornalja.com.br\/geral\/wp-json\/wp\/v2\/tags?post=83496"}],"curies":[{"name":"wp","href":"https:\/\/api.w.org\/{rel}","templated":true}]}}