{"id":83702,"date":"2020-05-22T07:22:59","date_gmt":"2020-05-22T10:22:59","guid":{"rendered":"https:\/\/www.jornalja.com.br\/geral\/?p=83702"},"modified":"2020-05-22T07:22:59","modified_gmt":"2020-05-22T10:22:59","slug":"cloroquina-causa-mais-uma-baixa-no-ministerio-da-saude-secretario-pediu-demissao","status":"publish","type":"post","link":"https:\/\/www.jornalja.com.br\/geral\/cloroquina-causa-mais-uma-baixa-no-ministerio-da-saude-secretario-pediu-demissao\/","title":{"rendered":"Cloroquina causa mais uma baixa no Minist\u00e9rio da Sa\u00fade: secret\u00e1rio pediu demiss\u00e3o"},"content":{"rendered":"<p>A pol\u00eamica em torno da cloroquina causou mais uma baixa no Minist\u00e9rio da Sa\u00fade do governo Bolsonaro.<\/p>\n<p>Por discordar do novo protocolo para uso do medicamento no tratamento da Covid 19, o secret\u00e1rio de Ci\u00eancia, Tecnologia, Inova\u00e7\u00e3o e Insumos Estrat\u00e9gicos em Sa\u00fade do Minist\u00e9rio da Sa\u00fade, Antonio Carlos Campos de Carvalho, pediu demiss\u00e3o.<\/p>\n<p>Sua exonera\u00e7\u00e3o, &#8220;a pedido&#8221;, foi publicada \u00a0na edi\u00e7\u00e3o da madrugada desta sexta-feira (22) do &#8220;Di\u00e1rio Oficial da Uni\u00e3o&#8221;. O decreto foi assinado pelo Ministro da Casa Civil, general Walter Souza Braga Netto.<\/p>\n<p>Carvalho ficou no cargo apenas\u00a0 18 dias e sua sa\u00edda\u00a0 foi atribu\u00edda \u00e0 discord\u00e2ncia com a posi\u00e7\u00e3o do presidente Jair Bolsonaro, que estimula o uso da cloroquina em pacientes com os primeiros sintomas da Covid 19.<\/p>\n<p>Antes, ele j\u00e1\u00a0 havia declarado \u00e0\u00a0 imprensa que era contra o novo protocolo para uso do medicamento, adotado por press\u00e3o de Bolsonaro.<\/p>\n<p>Em entrevista ao jornal &#8220;Folha de S. Paulo&#8221;, o ent\u00e3o secretario disse que deixaria o cargo por considerar precipitada a mudan\u00e7a de protocolo no uso da cloroquina.<\/p>\n<p>O setor que Carvalho chefiava \u00e9 respons\u00e1vel, segundo o site do Minist\u00e9rio da Sa\u00fade, pelo o desenvolvimento da capacidade cient\u00edfica, tecnol\u00f3gica e produtiva nacional para o fortalecimento do Sistema \u00danico de Sa\u00fade.<\/p>\n<p>Na quarta-feira (20), o Minist\u00e9rio da Sa\u00fade divulgou o protocolo que libera no SUS o uso da cloroquina e da hidroxicloroquina at\u00e9 para casos leves de Covid-19.<\/p>\n<p>N\u00e3o h\u00e1 comprova\u00e7\u00e3o cient\u00edfica de que a cloroquina \u00e9 capaz de curar a Covid-19. Estudos internacionais n\u00e3o encontraram efic\u00e1cia no rem\u00e9dio e a Sociedade Brasileira de Infectologia n\u00e3o recomenda o uso.<\/p>\n<p>O protocolo da cloroquina foi motivo de atrito entre Bolsonaro e os \u00faltimos dois ministros da Sa\u00fade, Luiz Henrique Mandetta e Nelson Teich. Em menos de um m\u00eas, os dois deixaram o governo.<\/p>\n<p>O decreto:<br \/>\nO MINISTRO DE ESTADO CHEFE DA CASA CIVIL DA PRESID\u00caNCIA DA REP\u00daBLICA, no uso de suas atribui\u00e7\u00f5es e tendo em vista o disposto no art. 4\u00ba do Decreto n\u00ba 9.794, de 14 de maio de 2019, resolve:<br \/>\nN\u00ba 254 &#8211; EXONERAR, a pedido,<br \/>\nANTONIO CARLOS CAMPOS DE CARVALHO\u00a0do cargo de Secret\u00e1rio de Ci\u00eancia, Tecnologia, Inova\u00e7\u00e3o e Insumos Estrat\u00e9gicos em Sa\u00fade do Minist\u00e9rio da Sa\u00fade, c\u00f3digo DAS 101.6, a partir de 18 de maio de 2020.<br \/>\nWALTER SOUZA BRAGA NETTO<\/p>\n","protected":false},"excerpt":{"rendered":"<p>A pol\u00eamica em torno da cloroquina causou mais uma baixa no Minist\u00e9rio da Sa\u00fade do governo Bolsonaro. Por discordar do novo protocolo para uso do medicamento no tratamento da Covid 19, o secret\u00e1rio de Ci\u00eancia, Tecnologia, Inova\u00e7\u00e3o e Insumos Estrat\u00e9gicos em Sa\u00fade do Minist\u00e9rio da Sa\u00fade, Antonio Carlos Campos de Carvalho, pediu demiss\u00e3o. Sua exonera\u00e7\u00e3o, [&hellip;]<\/p>\n","protected":false},"author":4,"featured_media":0,"comment_status":"open","ping_status":"open","sticky":false,"template":"","format":"standard","meta":{"jetpack_post_was_ever_published":false,"_jetpack_newsletter_access":"","_jetpack_dont_email_post_to_subs":false,"_jetpack_newsletter_tier_id":0,"_jetpack_memberships_contains_paywalled_content":false,"_jetpack_memberships_contains_paid_content":false,"footnotes":"","jetpack_publicize_message":"","jetpack_publicize_feature_enabled":true,"jetpack_social_post_already_shared":true,"jetpack_social_options":{"image_generator_settings":{"template":"highway","default_image_id":0,"font":"","enabled":false},"version":2}},"categories":[28],"tags":[],"class_list":["post-83702","post","type-post","status-publish","format-standard","hentry","category-geral-notas"],"aioseo_notices":[],"jetpack_publicize_connections":[],"jetpack_featured_media_url":"","jetpack_shortlink":"https:\/\/wp.me\/pbKhrD-lM2","jetpack-related-posts":[{"id":83767,"url":"https:\/\/www.jornalja.com.br\/geral\/oms-suspende-testes-mas-ministerio-da-saude-insiste-no-uso-da-cloroquina\/","url_meta":{"origin":83702,"position":0},"title":"Minist\u00e9rio da Sa\u00fade contraria OMS e mant\u00e9m orienta\u00e7\u00e3o para uso da cloroquina","author":"da Reda\u00e7\u00e3o","date":"26 de maio de 2020","format":false,"excerpt":"O Minist\u00e9rio da Sa\u00fade informou nesta segunda-feira que o governo federal vai manter as orienta\u00e7\u00f5es para o uso da cloroquina no tratamento da Covid 19, apesar a decis\u00e3o da Organiza\u00e7\u00e3o Mundial da Sa\u00fade, a OMS, que interrompeu testagens com a droga. Mayra Pinheiro, secret\u00e1ria de Gest\u00e3o do Trabalho e da\u2026","rel":"","context":"Em &quot;Geral-MAT\u00c9RIA&quot;","block_context":{"text":"Geral-MAT\u00c9RIA","link":"https:\/\/www.jornalja.com.br\/geral\/category\/geral\/"},"img":{"alt_text":"","src":"https:\/\/i0.wp.com\/www.jornalja.com.br\/geral\/wp-content\/uploads\/sites\/4\/2020\/05\/Cloroquina-nao-tem-efeito-colateral-afirma-Bolsonaro.jpeg?resize=350%2C200&ssl=1","width":350,"height":200,"srcset":"https:\/\/i0.wp.com\/www.jornalja.com.br\/geral\/wp-content\/uploads\/sites\/4\/2020\/05\/Cloroquina-nao-tem-efeito-colateral-afirma-Bolsonaro.jpeg?resize=350%2C200&ssl=1 1x, https:\/\/i0.wp.com\/www.jornalja.com.br\/geral\/wp-content\/uploads\/sites\/4\/2020\/05\/Cloroquina-nao-tem-efeito-colateral-afirma-Bolsonaro.jpeg?resize=525%2C300&ssl=1 1.5x, https:\/\/i0.wp.com\/www.jornalja.com.br\/geral\/wp-content\/uploads\/sites\/4\/2020\/05\/Cloroquina-nao-tem-efeito-colateral-afirma-Bolsonaro.jpeg?resize=700%2C400&ssl=1 2x"},"classes":[]},{"id":87793,"url":"https:\/\/www.jornalja.com.br\/geral\/pacote-de-ajuda-americana-incluiu-cloroquina-a-pedido-do-governo-brasileiro\/","url_meta":{"origin":83702,"position":1},"title":"A pedido do governo brasileiro, metade da ajuda americana para combate \u00e0 covid veio em cloroquina","author":"da Reda\u00e7\u00e3o","date":"5 de maio de 2021","format":false,"excerpt":"No dia 4 de julho de 202O, o embaixador dos Estados Unidos,\u00a0 Todd Chappman, disse em entrevista \u00e0 r\u00e1dio Ga\u00facha que o lote de Hidroxicloroquina inclu\u00eddo no pacote da ajuda americana ao combate da covod 19 no Brasil, atendeu a \u201cum pedido do governo brasileiro\u201d. Segundo Chappmann, j\u00e1 tinham sido\u2026","rel":"","context":"Em &quot;Geral-MAT\u00c9RIA&quot;","block_context":{"text":"Geral-MAT\u00c9RIA","link":"https:\/\/www.jornalja.com.br\/geral\/category\/geral\/"},"img":{"alt_text":"","src":"https:\/\/i0.wp.com\/www.jornalja.com.br\/geral\/wp-content\/uploads\/sites\/4\/2021\/05\/bolsonaro-mostra-cloroquina-na-tv.jpg?resize=350%2C200&ssl=1","width":350,"height":200,"srcset":"https:\/\/i0.wp.com\/www.jornalja.com.br\/geral\/wp-content\/uploads\/sites\/4\/2021\/05\/bolsonaro-mostra-cloroquina-na-tv.jpg?resize=350%2C200&ssl=1 1x, https:\/\/i0.wp.com\/www.jornalja.com.br\/geral\/wp-content\/uploads\/sites\/4\/2021\/05\/bolsonaro-mostra-cloroquina-na-tv.jpg?resize=525%2C300&ssl=1 1.5x, https:\/\/i0.wp.com\/www.jornalja.com.br\/geral\/wp-content\/uploads\/sites\/4\/2021\/05\/bolsonaro-mostra-cloroquina-na-tv.jpg?resize=700%2C400&ssl=1 2x"},"classes":[]},{"id":83935,"url":"https:\/\/www.jornalja.com.br\/geral\/pacote-de-ajuda-dos-eua-incluiu-cloroquina-a-pedido-do-governo-brasileiro\/","url_meta":{"origin":83702,"position":2},"title":"Pacote de ajuda dos EUA incluiu cloroquina a pedido do governo brasileiro","author":"da Reda\u00e7\u00e3o","date":"3 de junho de 2020","format":false,"excerpt":"O embaixador dos Estados Unidos,\u00a0 Todd Chappman, disse em entrevista \u00e0 r\u00e1dio Ga\u00facha nesta manh\u00e3 de quarta-feira, 4, que o lote de hidroxicloroquina inclu\u00eddo no pacote da ajuda americana ao combate da codiv 19 no Brasil, atendeu a \"um pedido do governo brasileiro\". Segundo a embaixada americana, j\u00e1 foram entregues\u2026","rel":"","context":"Em &quot;Geral-MAT\u00c9RIA&quot;","block_context":{"text":"Geral-MAT\u00c9RIA","link":"https:\/\/www.jornalja.com.br\/geral\/category\/geral\/"},"img":{"alt_text":"","src":"https:\/\/i0.wp.com\/www.jornalja.com.br\/geral\/wp-content\/uploads\/sites\/4\/2020\/06\/Cloroquina-nao-tem-efeito-colateral-afirma-Bolsonaro.jpeg?resize=350%2C200&ssl=1","width":350,"height":200,"srcset":"https:\/\/i0.wp.com\/www.jornalja.com.br\/geral\/wp-content\/uploads\/sites\/4\/2020\/06\/Cloroquina-nao-tem-efeito-colateral-afirma-Bolsonaro.jpeg?resize=350%2C200&ssl=1 1x, https:\/\/i0.wp.com\/www.jornalja.com.br\/geral\/wp-content\/uploads\/sites\/4\/2020\/06\/Cloroquina-nao-tem-efeito-colateral-afirma-Bolsonaro.jpeg?resize=525%2C300&ssl=1 1.5x, https:\/\/i0.wp.com\/www.jornalja.com.br\/geral\/wp-content\/uploads\/sites\/4\/2020\/06\/Cloroquina-nao-tem-efeito-colateral-afirma-Bolsonaro.jpeg?resize=700%2C400&ssl=1 2x"},"classes":[]},{"id":83588,"url":"https:\/\/www.jornalja.com.br\/geral\/queda-de-nelson-teich-fragiliza-ainda-mais-o-governo-bolsonaro\/","url_meta":{"origin":83702,"position":3},"title":"Queda de Nelson Teich fragiliza ainda mais o governo Bolsonaro","author":"da Reda\u00e7\u00e3o","date":"15 de maio de 2020","format":false,"excerpt":"O ministro da Sa\u00fade, Nelson Teich, n\u00e3o aguentou um m\u00eas no cargo. Um dia depois de os dados oficiais registrarem que o pa\u00eds passou dos 200 mil casos confirmados de coronav\u00edrus e registrado quase 14.000 mortes, ele pediu demiss\u00e3o. As informa\u00e7\u00f5es iniciais indicam que ele n\u00e3o aguentou as press\u00f5es do\u2026","rel":"","context":"Em &quot;Geral-MAT\u00c9RIA&quot;","block_context":{"text":"Geral-MAT\u00c9RIA","link":"https:\/\/www.jornalja.com.br\/geral\/category\/geral\/"},"img":{"alt_text":"","src":"https:\/\/i0.wp.com\/www.jornalja.com.br\/geral\/wp-content\/uploads\/sites\/4\/2020\/05\/Bolsonaro-com-Nelson-Teich.jpg?resize=350%2C200&ssl=1","width":350,"height":200,"srcset":"https:\/\/i0.wp.com\/www.jornalja.com.br\/geral\/wp-content\/uploads\/sites\/4\/2020\/05\/Bolsonaro-com-Nelson-Teich.jpg?resize=350%2C200&ssl=1 1x, https:\/\/i0.wp.com\/www.jornalja.com.br\/geral\/wp-content\/uploads\/sites\/4\/2020\/05\/Bolsonaro-com-Nelson-Teich.jpg?resize=525%2C300&ssl=1 1.5x"},"classes":[]},{"id":88290,"url":"https:\/\/www.jornalja.com.br\/geral\/duas-operadores-de-saude-notificadas-por-forcar-uso-da-cloroquina\/","url_meta":{"origin":83702,"position":4},"title":"Duas operadoras de sa\u00fade notificadas por for\u00e7ar uso da cloroquina","author":"da Reda\u00e7\u00e3o","date":"14 de junho de 2021","format":false,"excerpt":"O Instituto de Defesa do Consumidor (Idec) notificou extrajudicialmente duas das maiores operadoras de planos de sa\u00fade do Brasil, a Hapvida e a Prevent Senior, pelo uso de cloroquina e outros medicamentos comprovadamente ineficazes contra a Covid-19. Segundo o IDEC as operadoras contrariam as recomenda\u00e7\u00f5es de \u00f3rg\u00e3os nacionais e internacionais\u2026","rel":"","context":"Em &quot;Geral-MAT\u00c9RIA&quot;","block_context":{"text":"Geral-MAT\u00c9RIA","link":"https:\/\/www.jornalja.com.br\/geral\/category\/geral\/"},"img":{"alt_text":"","src":"https:\/\/i0.wp.com\/www.jornalja.com.br\/geral\/wp-content\/uploads\/sites\/4\/2021\/05\/reuters-cloroquina-comprimidos-remedios-800-21052020081145039.jpeg?resize=350%2C200&ssl=1","width":350,"height":200,"srcset":"https:\/\/i0.wp.com\/www.jornalja.com.br\/geral\/wp-content\/uploads\/sites\/4\/2021\/05\/reuters-cloroquina-comprimidos-remedios-800-21052020081145039.jpeg?resize=350%2C200&ssl=1 1x, https:\/\/i0.wp.com\/www.jornalja.com.br\/geral\/wp-content\/uploads\/sites\/4\/2021\/05\/reuters-cloroquina-comprimidos-remedios-800-21052020081145039.jpeg?resize=525%2C300&ssl=1 1.5x, https:\/\/i0.wp.com\/www.jornalja.com.br\/geral\/wp-content\/uploads\/sites\/4\/2021\/05\/reuters-cloroquina-comprimidos-remedios-800-21052020081145039.jpeg?resize=700%2C400&ssl=1 2x"},"classes":[]},{"id":83180,"url":"https:\/\/www.jornalja.com.br\/geral\/sites-que-vendiam-receitas-de-cloroquina-para-tratamento-para-covid-19-sao-tirados-do-ar-a-pedido-do-mpsc\/","url_meta":{"origin":83702,"position":5},"title":"Sites que vendiam receitas de cloroquina para tratamento para covid-19 s\u00e3o tirados do ar a pedido do MPSC","author":"da Reda\u00e7\u00e3o","date":"29 de abril de 2020","format":false,"excerpt":"Cinco\u00a0sites\u00a0ligados a um m\u00e9dico com endere\u00e7o em Balne\u00e1rio Cambori\u00fa, utilizados para venda de atestados e receitas de diversas doen\u00e7as, inclusive supostos rem\u00e9dios para covid-19 - como a cloroquina, por exemplo -, foram tirados do ar ap\u00f3s pedido do Minist\u00e9rio P\u00fablico de Santa Catarina (MPSC). Os documentos eram encaminhados ao paciente\u2026","rel":"","context":"Em &quot;Geral-NOTAS&quot;","block_context":{"text":"Geral-NOTAS","link":"https:\/\/www.jornalja.com.br\/geral\/category\/geral-notas\/"},"img":{"alt_text":"","src":"","width":0,"height":0},"classes":[]}],"jetpack_sharing_enabled":true,"_links":{"self":[{"href":"https:\/\/www.jornalja.com.br\/geral\/wp-json\/wp\/v2\/posts\/83702","targetHints":{"allow":["GET"]}}],"collection":[{"href":"https:\/\/www.jornalja.com.br\/geral\/wp-json\/wp\/v2\/posts"}],"about":[{"href":"https:\/\/www.jornalja.com.br\/geral\/wp-json\/wp\/v2\/types\/post"}],"author":[{"embeddable":true,"href":"https:\/\/www.jornalja.com.br\/geral\/wp-json\/wp\/v2\/users\/4"}],"replies":[{"embeddable":true,"href":"https:\/\/www.jornalja.com.br\/geral\/wp-json\/wp\/v2\/comments?post=83702"}],"version-history":[{"count":1,"href":"https:\/\/www.jornalja.com.br\/geral\/wp-json\/wp\/v2\/posts\/83702\/revisions"}],"predecessor-version":[{"id":83703,"href":"https:\/\/www.jornalja.com.br\/geral\/wp-json\/wp\/v2\/posts\/83702\/revisions\/83703"}],"wp:attachment":[{"href":"https:\/\/www.jornalja.com.br\/geral\/wp-json\/wp\/v2\/media?parent=83702"}],"wp:term":[{"taxonomy":"category","embeddable":true,"href":"https:\/\/www.jornalja.com.br\/geral\/wp-json\/wp\/v2\/categories?post=83702"},{"taxonomy":"post_tag","embeddable":true,"href":"https:\/\/www.jornalja.com.br\/geral\/wp-json\/wp\/v2\/tags?post=83702"}],"curies":[{"name":"wp","href":"https:\/\/api.w.org\/{rel}","templated":true}]}}