{"id":83725,"date":"2020-05-25T07:24:34","date_gmt":"2020-05-25T10:24:34","guid":{"rendered":"https:\/\/www.jornalja.com.br\/geral\/?p=83725"},"modified":"2020-05-25T07:37:57","modified_gmt":"2020-05-25T10:37:57","slug":"manifesto-assinado-por-coroneis-da-reserva-diz-que-imprensa-e-tendenciosa-e-canalha","status":"publish","type":"post","link":"https:\/\/www.jornalja.com.br\/geral\/manifesto-assinado-por-coroneis-da-reserva-diz-que-imprensa-e-tendenciosa-e-canalha\/","title":{"rendered":"Manifesto de coron\u00e9is da reserva ataca STF e diz que imprensa \u00e9 &#8220;tendenciosa e canalha&#8221;"},"content":{"rendered":"<p>Um manifesto assinado por 92 coron\u00e9is da reserva ataca duramente o Supremo Tribunal Federal\u00a0 e diz que &#8220;o notici\u00e1rio das redes de TV, jornais e r\u00e1dios (&#8220;com rar\u00edssimas exce\u00e7\u00f5es&#8221;) \u00e9 tendencioso, desonesto, mentiroso e canalha&#8221;.<\/p>\n<p>O manifesto foi divulgado no fim de semana para dar &#8220;total e irrestrita solidariedade&#8221; ao general Augusto Heleno, que na sexta-feira, em nota oficial, disse que uma poss\u00edvel apreens\u00e3o dos telefones do presidente Bolsonaro poder\u00e1 ter &#8220;consequ\u00eancias imprevis\u00edveis para a estabilidade institucional&#8221;.<\/p>\n<p>Grafando a sigla STF, com letras min\u00fasculas, o texto dos coron\u00e9is\u00a0 repudia as &#8220;sucessivas arbitrariedades, que beiram a ilegalidade e a desonestidade, praticadas por este bando de apadrinhados que foram al\u00e7ados \u00e0 condi\u00e7\u00e3o de ministros do STF, a maioria sem que tivesse sequer logrado aprova\u00e7\u00e3o em concurso de juiz de primeira inst\u00e2ncia&#8221;.<\/p>\n<p>Deputados da oposi\u00e7\u00e3o minimizaram o alcance do manifesto, dizendo que &#8220;s\u00e3o militares de pijamas, mais interessados em cargos no governo Bolsonaro&#8221;. Segundo levantamento do jornal O Estado de S\u00e3o Paulo, Bolsonaro j\u00e1 nomeou cerca de 2.500 militares para \u00f3rg\u00e3os de primeiro escal\u00e3o, incluindo nove dos 22 minist\u00e9rios.<\/p>\n<p>Leia a \u00edntegra do manifesto:<\/p>\n<p><em>SOLIDARIEDADE AO GENERAL AUGUSTO HELENO RIBEIRO PEREIRA<\/em><\/p>\n<p><em>N\u00f3s, oficiais da reserva do Ex\u00e9rcito Brasileiro, integrantes da Turma Marechal Castello Branco, formados pela &#8220;SAGRADA CASA&#8221; da Academia Militar das Agulhas Negras em 1971, e companheiros dos bancos escolares das escolas militares que, embora tenham seguido outros caminhos, compartilham os mesmos ideais, viemos a p\u00fablico externar a mais completa, total e irrestrita solidariedade ao GENERAL AUGUSTO HELENO RIBEIRO PEREIRA, Ministro-Chefe do Gabinete de Seguran\u00e7a Institucional da Presid\u00eancia da Rep\u00fablica, n\u00e3o s\u00f3 em rela\u00e7\u00e3o \u00e0 Nota \u00e0 Na\u00e7\u00e3o Brasileira, por ele expedida em 22 de maio de 2020, mas tamb\u00e9m em rela\u00e7\u00e3o a sua lideran\u00e7a, a sua irrepreens\u00edvel conduta como militar, como cidad\u00e3o e como ministro de Estado.<\/em><\/p>\n<p><em>Alto l\u00e1, &#8220;ministros&#8221; do stf!<\/em><\/p>\n<p><em>Temos acompanhado pelo notici\u00e1rio das redes sociais (porquanto, com rar\u00edssimas exce\u00e7\u00f5es, o das redes de TV, jornais e r\u00e1dios \u00e9 tendencioso, desonesto, mentiroso e canalha, como bem assevera o Exm\u00ba. Sr. presidente da Rep\u00fablica), as sucessivas arbitrariedades, que beiram a ilegalidade e a desonestidade, praticadas por este bando de apadrinhados que foram al\u00e7ados \u00e0 condi\u00e7\u00e3o de ministros do stf, a maioria sem que tivesse sequer logrado aprova\u00e7\u00e3o em concurso de juiz de primeira inst\u00e2ncia.<\/em><\/p>\n<p><em>Assistimos, calados e em respeito \u00e0 preserva\u00e7\u00e3o da paz no pa\u00eds, \u00e0 violenta arbitrariedade de busca e apreens\u00e3o, por determina\u00e7\u00e3o de conluio de dois &#8220;ministros&#8221;, cometida contra o General Paulo Chagas, colega de turma. Mas o sil\u00eancio dos bons vem incentivando a a\u00e7\u00e3o descabida dos maus, que confundem respeito e tentativa de n\u00e3o contribuir para conturbar o ambiente nacional com obedi\u00eancia cega a &#8220;autoridades&#8221; ou conformismo a seus desmandos. Aprendemos, desde cedo, que ordens absurdas e ilegais n\u00e3o devem ser cumpridas.<\/em><\/p>\n<p><em>Desnecess\u00e1rio enumerar as interfer\u00eancias descabidas, ilegais, injustas,<\/em> <em>arbitr\u00e1rias, violentas contra o Exm\u00ba Sr. Presidente da Rep\u00fablica, seus ministros e cidad\u00e3os de bem, enquanto condenados s\u00e3o soltos, computador e celular do agressor do ent\u00e3o candidato Jair Bolsonaro s\u00e3o protegidos em raz\u00e3o de uma canetada, sem fundamenta\u00e7\u00e3o jur\u00eddica, mas apenas pelo bel-prazer de um ministro qualquer.<\/em><\/p>\n<p><em>Chega!<\/em><\/p>\n<p><em>Juiz que um dia delinquiu &#8211; e\/ou delinque todos os dias com decis\u00f5es arbitr\u00e1rias e com senten\u00e7as e decis\u00f5es ao arrepio da lei &#8211; facilmente perdoa.<\/em><\/p>\n<p><em>Perdoa, apoia, p\u00f5e em liberdade e defende criminosos, mas quer mostrar poder e arrog\u00e2ncia \u00e0 custa de pessoas de bem e autoridades legitimamente constitu\u00eddas. Vemos, por esta raz\u00e3o, ladr\u00e3o, corrupto e condenado passeando pela Europa a falar mal do Brasil. Menos mal ao pa\u00eds fizeram os corruptos do mensal\u00e3o e do petrol\u00e3o, os corruptos petistas e seus asseclas que os maus ju\u00edzes que, hoje, fazem ao solapar a justi\u00e7a do pa\u00eds e se posicionar politicamente, como lacaios de seus nomeadores, sequazes vermelhos e vendilh\u00f5es impatri\u00f3ticos.<\/em><\/p>\n<p><em>O cunho indel\u00e9vel da nobreza da alma humana \u00e9 a justi\u00e7a e o sentimento de justi\u00e7a. Faltam a ministros, n\u00e3o todos, do stf, nobreza, dec\u00eancia, dignidade, honra, patriotismo e senso de justi\u00e7a. Assim, trazem ao pa\u00eds inseguran\u00e7a e instabilidade, com grave risco de crise institucional com desfecho imprevis\u00edvel, qui\u00e7\u00e1, na pior hip\u00f3tese, guerra civil. Mas os que se julgam deuses do Olimpo se acham inc\u00f3lumes e superiores a tudo e todos, a saborear lagosta e a bebericar vinhos nobres; a vaidade e o poder lhes cegam bom senso e grandeza.<\/em><\/p>\n<p><em>Estamos na reserva das fileiras de nosso Ex\u00e9rcito. Nem todos os reflexos s\u00e3o os mesmos da juventude. N\u00e3o mais temos a jovialidade de cadetes de ent\u00e3o, mas mantemos, na maturidade e na consci\u00eancia, inc\u00f3lumes o patriotismo, o sentimento do dever, o entusiasmo e o compromisso maior, assumido diante da Bandeira, de defender as Institui\u00e7\u00f5es, a honra, a lei e a ordem do Brasil com o sacrif\u00edcio da pr\u00f3pria vida. Este compromisso n\u00e3o tem prazo de validade; ad eternum.<\/em><\/p>\n<p><em>Bras\u00edlia, 23 de maio de 2020.<\/em><\/p>\n<p><em>Assinam (o nome aparece em ordem alfab\u00e9tica):<\/em><\/p>\n<p><em>Adonai de \u00c1vila Camargo Coronel de Infantaria<\/em><\/p>\n<p><em>Alvarim Pires do Couto Filho Coronel de Infantaria<\/em><\/p>\n<p><em>\u00c1lvaro Vieira Coronel Engenheiro Militar<\/em><\/p>\n<p><em>Altimelio Silva Pinheiro Homem Coronel de Infantaria.<\/em><\/p>\n<p><em>Alzelino Ferreira da Silva. Coronel Comunica\u00e7\u00f5es<\/em><\/p>\n<p><em>Amaury Faia Coronel de Infantaria<\/em><\/p>\n<p><em>Anquises Paulo Stori Paquete Coronel de Infantaria<\/em><\/p>\n<p><em>Ant\u00f4nio Carlos Gay Thom\u00e9 Coronel Engenheiro Militar<\/em><\/p>\n<p><em>Ant\u00f4nio Carlos da Silva Portela General de Brigada<\/em><\/p>\n<p><em>Ant\u00f4nio Ferreira Sobrinho Coronel de Artilharia<\/em><\/p>\n<p><em>Augusto Cesar Lob\u00e3o Moreira Promotor de Justi\u00e7a<\/em><\/p>\n<p><em>Carlos Alberto Dias Vieira Engenheiro<\/em><\/p>\n<p><em>Carlos Alberto Zanatta Coronel Engenheiro Militar<\/em><\/p>\n<p><em>Carlos Augusto da Costa Brown Coronel de Infantaria<\/em><\/p>\n<p><em>Carlos Soares Coronel Engenheiro Militar<\/em><\/p>\n<p><em>Celso Bueno da Fonseca Coronel de Cavalaria<\/em><\/p>\n<p><em>Chacur Roberto Jorge Major de Material Belico<\/em><\/p>\n<p><em>Cl\u00e1udio Eust\u00e1quio Duarte Coronel de Infantaria<\/em><\/p>\n<p><em>Dalton Domingues Coronel do Quadro de Material B\u00e9lico<\/em><\/p>\n<p><em>D\u00e9cio Machado Borba J\u00fanior Coronel Infantaria<\/em><\/p>\n<p><em>\u00c9dson Pires dos Santos Coronel de Infantaria<\/em><\/p>\n<p><em>Edu Antunes Coronel de Infantaria<\/em><\/p>\n<p><em>Eduardo de Carvalho Ferreira Coronel do Quadro de Material B\u00e9lico<\/em><\/p>\n<p><em>Eduardo Jos\u00e9 Navarro Bacellar Coronel de Comunica\u00e7\u00f5es<\/em><\/p>\n<p><em>Eliasar de Oliveira Almeida Coronel de Artilharia<\/em><\/p>\n<p><em>Emilio Wagner Kourrouski Coronel de Cavalaria<\/em><\/p>\n<p><em>\u00canio Antonio Alves dos Anjos Coronel de Comunica\u00e7\u00f5es<\/em><\/p>\n<p><em>Fernando Francisco Vieira Major de Artilharia<\/em><\/p>\n<p><em>Fernando Freire Coronel de Infantaria<\/em><\/p>\n<p><em>Francisco Jos\u00e9 da Cunha Pires Soeiro Coronel Engenheiro<\/em><\/p>\n<p><em>Fernando Ruy Ramos Santos Coronel de Intend\u00eancia<\/em><\/p>\n<p><em>Francisco de Assis Alvarez Marques Coronel de Artilharia<\/em><\/p>\n<p><em>Gabriel Cruz Pires Ribeiro Coronel de Comunica\u00e7\u00f5es<\/em><\/p>\n<p><em>Genino Jorge Cosendey Coronel de Engenharia<\/em><\/p>\n<p><em>Gilberto Machado da Rosa Coronel de Engenharia<\/em><\/p>\n<p><em>Ivanio Jorge Fialho Coronel de Intend\u00eancia<\/em><\/p>\n<p><em>Jeov\u00e1 Ferreira Rocha Coronel do Quadro de Material B\u00e9lico<\/em><\/p>\n<p><em>Johnson Bertoluci Coronel de Engenharia<\/em><\/p>\n<p><em>Jo\u00e3o Cunha Neto Coronel de Infantaria<\/em><\/p>\n<p><em>Jo\u00e3o Henrique Pereira Allemand Coronel de Comunica\u00e7\u00f5es<\/em><\/p>\n<p><em>Jo\u00e3o Vicente Barboza Coronel de Infantaria<\/em><\/p>\n<p><em>Jorge Alberto Durgante Colpo Coronel de Artilharia<\/em><\/p>\n<p><em>Jorge Cosendey Coronel de Engenharia<\/em><\/p>\n<p><em>Jos\u00e9 Benedito Figueiredo Coronel de Artilharia<\/em><\/p>\n<p><em>Jos\u00e9 Carlos Abdo Coronel de Engenharia<\/em><\/p>\n<p><em>Jos\u00e9 Eurico Andrade Neves Coronel de Cavalaria<\/em><\/p>\n<p><em>Jos\u00e9 Rossi Morelli Coronel de Engenharia<\/em><\/p>\n<p><em>Josias Dutra Moura Coronel de Intend\u00eancia<\/em><\/p>\n<p><em>Julio Joaquim da Costa Lino Dunham<\/em><\/p>\n<p><em>Juarez Ant\u00f4nio da Silva Coronel de Infantaria<\/em><\/p>\n<p><em>Lincoln Ungaretti Branco Coronel de Infantaria<\/em><\/p>\n<p><em>Luiz Ant\u00f4nio Gonzaga Coronel de Artilharia<\/em><\/p>\n<p><em>Luiz Dionisio Aramis de Mattos Vieira Coronel de Cavalaria<\/em><\/p>\n<p><em>Luiz Eduardo Rocha Paiva Gen Bda Ref<\/em><\/p>\n<p><em>Manoel Francisco Nunes Gomes Coronel de Infantaria<\/em><\/p>\n<p><em>M\u00e1rcio Visconti Coronel de Cavalaria<\/em><\/p>\n<p><em>Marco Ant\u00f4nio Cunha Coronel de Infantaria<\/em><\/p>\n<p><em>Marino Luiz da Rosa Coronel de Comunica\u00e7\u00f5es<\/em><\/p>\n<p><em>Nelson Gomes Coronel de Engenharia<\/em><\/p>\n<p><em>Moacir Klapouch Coronel de Intend\u00eancia<\/em><\/p>\n<p><em>Nilton Nunes Ramos Coronel de Infantaria<\/em><\/p>\n<p><em>Nilton Pinto Fran\u00e7a Coronel de Artilharia<\/em><\/p>\n<p><em>Norberto Lopes da Cruz Coronel de Infantaria<\/em><\/p>\n<p><em>Osiris Hernandez de Barros Coronel de Cavalaria<\/em><\/p>\n<p><em>Pascoal Bernardino Rosa Vaz Coronel de Cavalaria<\/em><\/p>\n<p><em>Paulo Cesar Alves Schutt Coronel de Infantaria<\/em><\/p>\n<p><em>Paulo C\u00e9sar Fonseca Coronel de Infantaria<\/em><\/p>\n<p><em>Paulo Goulart dos Santos Coronel de Infantaria<\/em><\/p>\n<p><em>Paulo S\u00e9rgio de Carvalho Alvarenga Coronel do Quadro de Engenheiros Militares<\/em><\/p>\n<p><em>Paulo S\u00e9rgio do Nascimento Silva Coronel de Infantaria<\/em><\/p>\n<p><em>Pedro S\u00e9rgio Chagas da Silva Coronel do Quadro de Material B\u00e9lico<\/em><\/p>\n<p><em>Pedro Paulo da Silva Coronel de Infantaria<\/em><\/p>\n<p><em>Renan Coelho Caldeira Coronel de Intend\u00eancia<\/em><\/p>\n<p><em>Renato C\u00e9sar do Nascimento Santana Coronel de Infantaria<\/em><\/p>\n<p><em>Roberto Barbosa Coronel de Infantaria<\/em><\/p>\n<p><em>Robert Henriques empres\u00e1rio<\/em><\/p>\n<p><em>Ronald Wall Barbosa de Carvalho Engenheiro e empres\u00e1rio<\/em><\/p>\n<p><em>Rubens Vieira Melo Coronel de Artilharia<\/em><\/p>\n<p><em>Rui Ant\u00f4nio Siqueira Coronel de Infantaria<\/em><\/p>\n<p><em>Sebasti\u00e3o C\u00e9lio de Aquino Almeida Coronel de Intend\u00eancia<\/em><\/p>\n<p><em>S\u00e9rgio Afonso Alves Neto Coronel de Artilharia<\/em><\/p>\n<p><em>S\u00e9rgio Ant\u00f4nio Leme Dias Advogado e professor<\/em><\/p>\n<p><em>Siloir Jos\u00e9 Soccal Coronel de Intend\u00eancia<\/em><\/p>\n<p><em>T\u00e9o Oliveira Borges Coronel de Infantaria<\/em><\/p>\n<p><em>T\u00e9rcio Azambuja Coronel de Cavalaria<\/em><\/p>\n<p><em>Tiago Augusto Mendes de Melo Coronel de Artilharia<\/em><\/p>\n<p><em>T\u00falio Cherem General de Ex\u00e9rcito<\/em><\/p>\n<p><em>Vanildo Braga Vilela Coronel de Engenharia<\/em><\/p>\n<p><em>Vicente Wilson Moura Gaeta Coronel de Intend\u00eancia<\/em><\/p>\n<p><em>Waldir Roberto Gomes Mattos Coronel de Infantaria<\/em><\/p>\n<p><em>Walter Paulo General de Brigada<\/em><\/p>\n<p><em>Willard Faria Familiar Coronel de Infantaria<\/em><\/p>\n<p><em>Zenilson Ferreira Alves Coronel de Artilharia<\/em><\/p>\n","protected":false},"excerpt":{"rendered":"<p>Um manifesto assinado por 92 coron\u00e9is da reserva ataca duramente o Supremo Tribunal Federal\u00a0 e diz que &#8220;o notici\u00e1rio das redes de TV, jornais e r\u00e1dios (&#8220;com rar\u00edssimas exce\u00e7\u00f5es&#8221;) \u00e9 tendencioso, desonesto, mentiroso e canalha&#8221;. O manifesto foi divulgado no fim de semana para dar &#8220;total e irrestrita solidariedade&#8221; ao general Augusto Heleno, que na [&hellip;]<\/p>\n","protected":false},"author":4,"featured_media":0,"comment_status":"open","ping_status":"open","sticky":false,"template":"","format":"standard","meta":{"jetpack_post_was_ever_published":false,"_jetpack_newsletter_access":"","_jetpack_dont_email_post_to_subs":false,"_jetpack_newsletter_tier_id":0,"_jetpack_memberships_contains_paywalled_content":false,"_jetpack_memberships_contains_paid_content":false,"footnotes":"","jetpack_publicize_message":"","jetpack_publicize_feature_enabled":true,"jetpack_social_post_already_shared":true,"jetpack_social_options":{"image_generator_settings":{"template":"highway","default_image_id":0,"font":"","enabled":false},"version":2}},"categories":[2],"tags":[],"class_list":["post-83725","post","type-post","status-publish","format-standard","hentry","category-geral"],"aioseo_notices":[],"jetpack_publicize_connections":[],"jetpack_featured_media_url":"","jetpack_shortlink":"https:\/\/wp.me\/pbKhrD-lMp","jetpack-related-posts":[{"id":83268,"url":"https:\/\/www.jornalja.com.br\/geral\/bolsonaro-o-golpe-em-doses-diarias\/","url_meta":{"origin":83725,"position":0},"title":"Bolsonaro: o golpe em doses di\u00e1rias","author":"Elmar Bones","date":"6 de maio de 2020","format":false,"excerpt":"Jair Bolsonaro come\u00e7ou a semana revigorado em seus prop\u00f3sitos de ampliar os limites do poder autocr\u00e1tico do presidente. Enfrentou uma tempestade com a demiss\u00e3o do ex-ministro da Justi\u00e7a, S\u00e9rgio Moro, que deixou o governo acusando-o de tentar interferir em investiga\u00e7\u00f5es da Pol\u00edcia Federal. As acusa\u00e7\u00f5es de Moro trouxeram o impeachment\u2026","rel":"","context":"Em &quot;Geral-MAT\u00c9RIA&quot;","block_context":{"text":"Geral-MAT\u00c9RIA","link":"https:\/\/www.jornalja.com.br\/geral\/category\/geral\/"},"img":{"alt_text":"","src":"https:\/\/i0.wp.com\/www.jornalja.com.br\/geral\/wp-content\/uploads\/sites\/4\/2020\/05\/Bolsonaro-da-posse-na-PF-pf.jpg?resize=350%2C200&ssl=1","width":350,"height":200,"srcset":"https:\/\/i0.wp.com\/www.jornalja.com.br\/geral\/wp-content\/uploads\/sites\/4\/2020\/05\/Bolsonaro-da-posse-na-PF-pf.jpg?resize=350%2C200&ssl=1 1x, https:\/\/i0.wp.com\/www.jornalja.com.br\/geral\/wp-content\/uploads\/sites\/4\/2020\/05\/Bolsonaro-da-posse-na-PF-pf.jpg?resize=525%2C300&ssl=1 1.5x, https:\/\/i0.wp.com\/www.jornalja.com.br\/geral\/wp-content\/uploads\/sites\/4\/2020\/05\/Bolsonaro-da-posse-na-PF-pf.jpg?resize=700%2C400&ssl=1 2x"},"classes":[]},{"id":98387,"url":"https:\/\/www.jornalja.com.br\/geral\/crimes-da-ditadura-stf-analisa-se-ocultacao-de-cadaver-se-enquadra-na-lei-da-anistia\/","url_meta":{"origin":83725,"position":1},"title":"Crimes da ditadura: STF analisa se &#8220;oculta\u00e7\u00e3o de cad\u00e1ver&#8221; se enquadra na Lei da Anistia","author":"da Reda\u00e7\u00e3o","date":"17 de fevereiro de 2025","format":false,"excerpt":"O Supremo Tribunal Federal (STF) vai analisar se a Lei da Anistia alcan\u00e7a os crimes de \"oculta\u00e7\u00e3o de cad\u00e1ver\" cometidos durante a ditadura militar e que permanecem at\u00e9 hoje sem solu\u00e7\u00e3o. A quest\u00e3o foi suscitada num Recurso Extraordin\u00e1rio com Agravo e teve repercuss\u00e3o geral reconhecida pelo Plen\u00e1rio Virtual em delibera\u00e7\u00e3o\u2026","rel":"","context":"Em &quot;Geral-MAT\u00c9RIA&quot;","block_context":{"text":"Geral-MAT\u00c9RIA","link":"https:\/\/www.jornalja.com.br\/geral\/category\/geral\/"},"img":{"alt_text":"","src":"https:\/\/i0.wp.com\/www.jornalja.com.br\/geral\/wp-content\/uploads\/sites\/4\/2025\/02\/flavio-dino-toma-posse-no-stf.png?resize=350%2C200&ssl=1","width":350,"height":200,"srcset":"https:\/\/i0.wp.com\/www.jornalja.com.br\/geral\/wp-content\/uploads\/sites\/4\/2025\/02\/flavio-dino-toma-posse-no-stf.png?resize=350%2C200&ssl=1 1x, https:\/\/i0.wp.com\/www.jornalja.com.br\/geral\/wp-content\/uploads\/sites\/4\/2025\/02\/flavio-dino-toma-posse-no-stf.png?resize=525%2C300&ssl=1 1.5x, https:\/\/i0.wp.com\/www.jornalja.com.br\/geral\/wp-content\/uploads\/sites\/4\/2025\/02\/flavio-dino-toma-posse-no-stf.png?resize=700%2C400&ssl=1 2x"},"classes":[]},{"id":100261,"url":"https:\/\/www.jornalja.com.br\/geral\/elevado-risco-de-fuga-diz-alexandre-de-moraes-ao-decretar-a-prisao-de-bolsonaro\/","url_meta":{"origin":83725,"position":2},"title":"&#8220;Elevado risco de fuga&#8221;, diz Alexandre de Moraes ao decretar a pris\u00e3o de Bolsonaro","author":"da Reda\u00e7\u00e3o","date":"22 de novembro de 2025","format":false,"excerpt":"O ex-presidente Jair Bolsonaro foi preso por volta das seis horas da manh\u00e3 deste s\u00e1bado (22). Em nota, a Pol\u00edcia Federal informou que cumpriu um mandado de pris\u00e3o preventiva expedido pelo Supremo Tribunal Federal (STF). Na sexta-feira (21) o senador Fl\u00e1vio Bolsonaro (PL) convocou, pelas redes sociais uma vig\u00edlia de\u2026","rel":"","context":"Em &quot;Geral-MAT\u00c9RIA&quot;","block_context":{"text":"Geral-MAT\u00c9RIA","link":"https:\/\/www.jornalja.com.br\/geral\/category\/geral\/"},"img":{"alt_text":"","src":"https:\/\/i0.wp.com\/www.jornalja.com.br\/geral\/wp-content\/uploads\/sites\/4\/2025\/11\/bolsonaro-preso-2.png?resize=350%2C200&ssl=1","width":350,"height":200,"srcset":"https:\/\/i0.wp.com\/www.jornalja.com.br\/geral\/wp-content\/uploads\/sites\/4\/2025\/11\/bolsonaro-preso-2.png?resize=350%2C200&ssl=1 1x, https:\/\/i0.wp.com\/www.jornalja.com.br\/geral\/wp-content\/uploads\/sites\/4\/2025\/11\/bolsonaro-preso-2.png?resize=525%2C300&ssl=1 1.5x"},"classes":[]},{"id":84096,"url":"https:\/\/www.jornalja.com.br\/geral\/depois-de-ataque-ao-stf-apoio-de-policiais-militares-a-bolsonaro-preocupa-governadores\/","url_meta":{"origin":83725,"position":3},"title":"Depois de ataque ao STF, apoio de policiais militares a Bolsonaro preocupa governadores","author":"da Reda\u00e7\u00e3o","date":"18 de junho de 2020","format":false,"excerpt":"O sinal de alerta acendeu no s\u00e1bado, quando um bombardeio simb\u00f3lico com fogos de artif\u00edcio foi lan\u00e7ado sobre a sede do Supremo Tribunal Federal, em Bras\u00edlia. No domingo, o governador\u00a0 Ibaneis Rocha (PMDB) demitiu o coronel S\u00e9rgio Ferreira de Souza, comandante em exerc\u00edcio da Pol\u00edcia Militar do Distrito Federal. Segundo\u2026","rel":"","context":"Em &quot;Geral-MAT\u00c9RIA&quot;","block_context":{"text":"Geral-MAT\u00c9RIA","link":"https:\/\/www.jornalja.com.br\/geral\/category\/geral\/"},"img":{"alt_text":"","src":"https:\/\/i0.wp.com\/www.jornalja.com.br\/geral\/wp-content\/uploads\/sites\/4\/2020\/06\/STF-fogos-de-artif%C3%ADcio.jpg?resize=350%2C200&ssl=1","width":350,"height":200,"srcset":"https:\/\/i0.wp.com\/www.jornalja.com.br\/geral\/wp-content\/uploads\/sites\/4\/2020\/06\/STF-fogos-de-artif%C3%ADcio.jpg?resize=350%2C200&ssl=1 1x, https:\/\/i0.wp.com\/www.jornalja.com.br\/geral\/wp-content\/uploads\/sites\/4\/2020\/06\/STF-fogos-de-artif%C3%ADcio.jpg?resize=525%2C300&ssl=1 1.5x, https:\/\/i0.wp.com\/www.jornalja.com.br\/geral\/wp-content\/uploads\/sites\/4\/2020\/06\/STF-fogos-de-artif%C3%ADcio.jpg?resize=700%2C400&ssl=1 2x"},"classes":[]},{"id":83403,"url":"https:\/\/www.jornalja.com.br\/geral\/gravacao-da-reuniao-de-bolsonaro-com-ministros-ja-esta-com-o-stf\/","url_meta":{"origin":83725,"position":4},"title":"Grava\u00e7\u00e3o da reuni\u00e3o de Bolsonaro com ministros j\u00e1 est\u00e1 com o STF","author":"da Reda\u00e7\u00e3o","date":"9 de maio de 2020","format":false,"excerpt":"O ministro Celso de Mello, do Supremo Tribunal Federal (STF), recebeu na sexta-feira \u00e0 noite a c\u00f3pia da grava\u00e7\u00e3o de uma reuni\u00e3o, realizada no dia 22 de abril, entre o presidente Jair Bolsonaro, o vice-presidente Hamilton Mour\u00e3o, ministros e presidentes de bancos p\u00fablicos. O registro da reuni\u00e3o foi solicitada pelo\u2026","rel":"","context":"Em &quot;Geral-MAT\u00c9RIA&quot;","block_context":{"text":"Geral-MAT\u00c9RIA","link":"https:\/\/www.jornalja.com.br\/geral\/category\/geral\/"},"img":{"alt_text":"","src":"https:\/\/i0.wp.com\/www.jornalja.com.br\/geral\/wp-content\/uploads\/sites\/4\/2020\/05\/Bolsonaro-ministro-Celso-de-Melo-com-gravaa%C3%A7%C3%A3o-no-Planalto-1-scaled.jpg?resize=350%2C200&ssl=1","width":350,"height":200,"srcset":"https:\/\/i0.wp.com\/www.jornalja.com.br\/geral\/wp-content\/uploads\/sites\/4\/2020\/05\/Bolsonaro-ministro-Celso-de-Melo-com-gravaa%C3%A7%C3%A3o-no-Planalto-1-scaled.jpg?resize=350%2C200&ssl=1 1x, https:\/\/i0.wp.com\/www.jornalja.com.br\/geral\/wp-content\/uploads\/sites\/4\/2020\/05\/Bolsonaro-ministro-Celso-de-Melo-com-gravaa%C3%A7%C3%A3o-no-Planalto-1-scaled.jpg?resize=525%2C300&ssl=1 1.5x, https:\/\/i0.wp.com\/www.jornalja.com.br\/geral\/wp-content\/uploads\/sites\/4\/2020\/05\/Bolsonaro-ministro-Celso-de-Melo-com-gravaa%C3%A7%C3%A3o-no-Planalto-1-scaled.jpg?resize=700%2C400&ssl=1 2x"},"classes":[]},{"id":82345,"url":"https:\/\/www.jornalja.com.br\/geral\/isolado-bolsonaro-faz-pronunciamento-suicida\/","url_meta":{"origin":83725,"position":5},"title":"Isolado, Bolsonaro faz pronunciamento suicida","author":"Elmar Bones","date":"24 de mar\u00e7o de 2020","format":false,"excerpt":"O pronunciamento do presidente Jair Bolsonaro na noite desta ter\u00e7a-feira, 24, beira a insanidade. Ou ele vai dar um golpe ou vai ser interditado. Bolsonaro disse que come\u00e7ou a enfrentar o novo coronav\u00edrus desde a chegada dos brasileiros que estavam de quarentena em Wuhan. Ele e o ministro da Sa\u00fade,\u2026","rel":"","context":"Em &quot;Geral-MAT\u00c9RIA&quot;","block_context":{"text":"Geral-MAT\u00c9RIA","link":"https:\/\/www.jornalja.com.br\/geral\/category\/geral\/"},"img":{"alt_text":"","src":"https:\/\/i0.wp.com\/www.jornalja.com.br\/geral\/wp-content\/uploads\/sites\/4\/2020\/03\/Bolsonaro-mascara-no-queixo-foto-PR.jpeg?resize=350%2C200&ssl=1","width":350,"height":200,"srcset":"https:\/\/i0.wp.com\/www.jornalja.com.br\/geral\/wp-content\/uploads\/sites\/4\/2020\/03\/Bolsonaro-mascara-no-queixo-foto-PR.jpeg?resize=350%2C200&ssl=1 1x, https:\/\/i0.wp.com\/www.jornalja.com.br\/geral\/wp-content\/uploads\/sites\/4\/2020\/03\/Bolsonaro-mascara-no-queixo-foto-PR.jpeg?resize=525%2C300&ssl=1 1.5x"},"classes":[]}],"jetpack_sharing_enabled":true,"_links":{"self":[{"href":"https:\/\/www.jornalja.com.br\/geral\/wp-json\/wp\/v2\/posts\/83725","targetHints":{"allow":["GET"]}}],"collection":[{"href":"https:\/\/www.jornalja.com.br\/geral\/wp-json\/wp\/v2\/posts"}],"about":[{"href":"https:\/\/www.jornalja.com.br\/geral\/wp-json\/wp\/v2\/types\/post"}],"author":[{"embeddable":true,"href":"https:\/\/www.jornalja.com.br\/geral\/wp-json\/wp\/v2\/users\/4"}],"replies":[{"embeddable":true,"href":"https:\/\/www.jornalja.com.br\/geral\/wp-json\/wp\/v2\/comments?post=83725"}],"version-history":[{"count":5,"href":"https:\/\/www.jornalja.com.br\/geral\/wp-json\/wp\/v2\/posts\/83725\/revisions"}],"predecessor-version":[{"id":83745,"href":"https:\/\/www.jornalja.com.br\/geral\/wp-json\/wp\/v2\/posts\/83725\/revisions\/83745"}],"wp:attachment":[{"href":"https:\/\/www.jornalja.com.br\/geral\/wp-json\/wp\/v2\/media?parent=83725"}],"wp:term":[{"taxonomy":"category","embeddable":true,"href":"https:\/\/www.jornalja.com.br\/geral\/wp-json\/wp\/v2\/categories?post=83725"},{"taxonomy":"post_tag","embeddable":true,"href":"https:\/\/www.jornalja.com.br\/geral\/wp-json\/wp\/v2\/tags?post=83725"}],"curies":[{"name":"wp","href":"https:\/\/api.w.org\/{rel}","templated":true}]}}