{"id":83814,"date":"2020-05-29T09:15:34","date_gmt":"2020-05-29T12:15:34","guid":{"rendered":"https:\/\/www.jornalja.com.br\/geral\/?p=83814"},"modified":"2020-05-29T11:55:47","modified_gmt":"2020-05-29T14:55:47","slug":"mourao-fake-news-e-crime-nao-liberdade-de-expressao","status":"publish","type":"post","link":"https:\/\/www.jornalja.com.br\/geral\/mourao-fake-news-e-crime-nao-liberdade-de-expressao\/","title":{"rendered":"Mour\u00e3o: &#8220;Fake news \u00e9 crime, n\u00e3o liberdade de express\u00e3o&#8221;"},"content":{"rendered":"<p>Pela primeira vez desde a posse, o vice-presidente Hamilton Mour\u00e3o deu declara\u00e7\u00f5es que contradizem o presidente Jair Bolsonaro.<\/p>\n<p>Na quinta de manh\u00e3, num discurso irado perante seus apoiadores na frente do Pal\u00e1cio do Planalto, Bolsonaro\u00a0 fez cr\u00edticas e amea\u00e7as ao Judici\u00e1rio por causa da opera\u00e7\u00e3o da Pol\u00edcia Federal que, no dia anterior, fez buscas e apreens\u00f5es na casa de diversos aliados seus, acusados de disseminarem not\u00edcias falsas pelas redes sociais.<\/p>\n<p>A opera\u00e7\u00e3o faz parte de um inqu\u00e9rito em andamento no STF e segundo Bolsonaro foi um &#8220;atentado \u00e0 liberdade de express\u00e3o, com a invas\u00e3o das resid\u00eancias de pessoas honestas&#8221;.<\/p>\n<p>\u00c0 tarde, rep\u00f3rteres questionaram Mour\u00e3o sobre o epis\u00f3dio. Sem se referir diretamente \u00e0s declara\u00e7\u00f5es do presidente, ele disse que &#8220;fake news \u00e9 crime, n\u00e3o liberdade de express\u00e3o&#8221;.<\/p>\n<p>&nbsp;<\/p>\n<p>&nbsp;<\/p>\n<p>&nbsp;<\/p>\n<div class=\"mc-article-body\">\n<article>\n<div class=\"wall protected-content\">\n<div class=\"mc-column content-entenda-o-caso\" data-block-type=\"entenda-o-caso\" data-block-id=\"22\"><\/div>\n<\/div>\n<\/article>\n<\/div>\n","protected":false},"excerpt":{"rendered":"<p>Pela primeira vez desde a posse, o vice-presidente Hamilton Mour\u00e3o deu declara\u00e7\u00f5es que contradizem o presidente Jair Bolsonaro. Na quinta de manh\u00e3, num discurso irado perante seus apoiadores na frente do Pal\u00e1cio do Planalto, Bolsonaro\u00a0 fez cr\u00edticas e amea\u00e7as ao Judici\u00e1rio por causa da opera\u00e7\u00e3o da Pol\u00edcia Federal que, no dia anterior, fez buscas e [&hellip;]<\/p>\n","protected":false},"author":4,"featured_media":0,"comment_status":"open","ping_status":"open","sticky":false,"template":"","format":"standard","meta":{"jetpack_post_was_ever_published":false,"_jetpack_newsletter_access":"","_jetpack_dont_email_post_to_subs":false,"_jetpack_newsletter_tier_id":0,"_jetpack_memberships_contains_paywalled_content":false,"_jetpack_memberships_contains_paid_content":false,"footnotes":"","jetpack_publicize_message":"","jetpack_publicize_feature_enabled":true,"jetpack_social_post_already_shared":true,"jetpack_social_options":{"image_generator_settings":{"template":"highway","default_image_id":0,"font":"","enabled":false},"version":2}},"categories":[28],"tags":[89,440,445,444],"class_list":["post-83814","post","type-post","status-publish","format-standard","hentry","category-geral-notas","tag-bolsonaro","tag-fake-news","tag-hamilton-mourao","tag-stf"],"aioseo_notices":[],"jetpack_publicize_connections":[],"jetpack_featured_media_url":"","jetpack_shortlink":"https:\/\/wp.me\/pbKhrD-lNQ","jetpack-related-posts":[{"id":100277,"url":"https:\/\/www.jornalja.com.br\/geral\/unanimidade-stf-mantem-prisao-preventiva-do-ex-presidente-jair-bolsonaro\/","url_meta":{"origin":83814,"position":0},"title":"Unanimidade:  STF mant\u00e9m pris\u00e3o preventiva do ex-presidente Jair Bolsonaro","author":"da Reda\u00e7\u00e3o","date":"24 de novembro de 2025","format":false,"excerpt":"Por unanimidade, a Primeira Turma do Supremo Tribunal Federal (STF) manteve, nesta segunda-feira (24), a decis\u00e3o do ministro Alexandre de Moraes que decretou a pris\u00e3o preventiva do ex-presidente da Rep\u00fablica Jair Bolsonaro. A medida foi analisada em sess\u00e3o extraordin\u00e1ria virtual,\u00a0 com encerramento \u00e0s 20h, mas no fim da manh\u00e3 todos\u2026","rel":"","context":"Em &quot;Geral-MAT\u00c9RIA&quot;","block_context":{"text":"Geral-MAT\u00c9RIA","link":"https:\/\/www.jornalja.com.br\/geral\/category\/geral\/"},"img":{"alt_text":"","src":"https:\/\/i0.wp.com\/www.jornalja.com.br\/geral\/wp-content\/uploads\/sites\/4\/2025\/11\/bolsonaro-stf-mantem-prisao.jpg?resize=350%2C200&ssl=1","width":350,"height":200,"srcset":"https:\/\/i0.wp.com\/www.jornalja.com.br\/geral\/wp-content\/uploads\/sites\/4\/2025\/11\/bolsonaro-stf-mantem-prisao.jpg?resize=350%2C200&ssl=1 1x, https:\/\/i0.wp.com\/www.jornalja.com.br\/geral\/wp-content\/uploads\/sites\/4\/2025\/11\/bolsonaro-stf-mantem-prisao.jpg?resize=525%2C300&ssl=1 1.5x, https:\/\/i0.wp.com\/www.jornalja.com.br\/geral\/wp-content\/uploads\/sites\/4\/2025\/11\/bolsonaro-stf-mantem-prisao.jpg?resize=700%2C400&ssl=1 2x, https:\/\/i0.wp.com\/www.jornalja.com.br\/geral\/wp-content\/uploads\/sites\/4\/2025\/11\/bolsonaro-stf-mantem-prisao.jpg?resize=1050%2C600&ssl=1 3x, https:\/\/i0.wp.com\/www.jornalja.com.br\/geral\/wp-content\/uploads\/sites\/4\/2025\/11\/bolsonaro-stf-mantem-prisao.jpg?resize=1400%2C800&ssl=1 4x"},"classes":[]},{"id":86060,"url":"https:\/\/www.jornalja.com.br\/geral\/ate-o-globo-detona-mourao-por-elogio-a-torturador\/","url_meta":{"origin":83814,"position":1},"title":"At\u00e9 o Globo detona Mour\u00e3o por elogio a torturador","author":"da Reda\u00e7\u00e3o","date":"9 de outubro de 2020","format":false,"excerpt":"A defesa que o vice-presidente Hamilton Mour\u00e3o fez do coronel Carlos Alberto Brilhante Ustra, um dos mais not\u00f3rios torturadores da ditadura, provocou rep\u00fadio at\u00e9 do jornal O Globo, que apoiou o regime militar. Horas depois que circulou a entrevista que Mour\u00e3o deu a rede alem\u00e3 Deutsche Welle, dizendo que \"Ustra\u2026","rel":"","context":"Em &quot;Geral-MAT\u00c9RIA&quot;","block_context":{"text":"Geral-MAT\u00c9RIA","link":"https:\/\/www.jornalja.com.br\/geral\/category\/geral\/"},"img":{"alt_text":"","src":"https:\/\/i0.wp.com\/www.jornalja.com.br\/geral\/wp-content\/uploads\/sites\/4\/2020\/10\/mourao-vice-presidente.jpg?resize=350%2C200&ssl=1","width":350,"height":200,"srcset":"https:\/\/i0.wp.com\/www.jornalja.com.br\/geral\/wp-content\/uploads\/sites\/4\/2020\/10\/mourao-vice-presidente.jpg?resize=350%2C200&ssl=1 1x, https:\/\/i0.wp.com\/www.jornalja.com.br\/geral\/wp-content\/uploads\/sites\/4\/2020\/10\/mourao-vice-presidente.jpg?resize=525%2C300&ssl=1 1.5x"},"classes":[]},{"id":99509,"url":"https:\/\/www.jornalja.com.br\/geral\/eleicoes-2026-stf-reune-influenciadores-para-prevenir-sobre-fake-news\/","url_meta":{"origin":83814,"position":2},"title":"Elei\u00e7\u00f5es 2026: STF re\u00fane influenciadores para prevenir sobre fake news","author":"Elmar Bones","date":"22 de agosto de 2025","format":false,"excerpt":"M\u00c1RCIA TURCATO* O Supremo Tribunal Federal (STF) demorou para reconhecer a import\u00e2ncia e o impacto que as\u00a0redes sociais\u00a0podem causar. Nas elei\u00e7\u00f5es de 2018, delegou a tarefa aos ju\u00edzes auxiliares que decidiram que a \u201catua\u00e7\u00e3o dos ju\u00edzes eleitorais deve ser realizada com a menor interfer\u00eancia e que a liberdade de express\u00e3o\u2026","rel":"","context":"Em &quot;Geral-MAT\u00c9RIA&quot;","block_context":{"text":"Geral-MAT\u00c9RIA","link":"https:\/\/www.jornalja.com.br\/geral\/category\/geral\/"},"img":{"alt_text":"","src":"https:\/\/i0.wp.com\/www.jornalja.com.br\/geral\/wp-content\/uploads\/sites\/4\/2025\/08\/stf-e-fake-news.png?resize=350%2C200&ssl=1","width":350,"height":200,"srcset":"https:\/\/i0.wp.com\/www.jornalja.com.br\/geral\/wp-content\/uploads\/sites\/4\/2025\/08\/stf-e-fake-news.png?resize=350%2C200&ssl=1 1x, https:\/\/i0.wp.com\/www.jornalja.com.br\/geral\/wp-content\/uploads\/sites\/4\/2025\/08\/stf-e-fake-news.png?resize=525%2C300&ssl=1 1.5x, https:\/\/i0.wp.com\/www.jornalja.com.br\/geral\/wp-content\/uploads\/sites\/4\/2025\/08\/stf-e-fake-news.png?resize=700%2C400&ssl=1 2x"},"classes":[]},{"id":100261,"url":"https:\/\/www.jornalja.com.br\/geral\/elevado-risco-de-fuga-diz-alexandre-de-moraes-ao-decretar-a-prisao-de-bolsonaro\/","url_meta":{"origin":83814,"position":3},"title":"&#8220;Elevado risco de fuga&#8221;, diz Alexandre de Moraes ao decretar a pris\u00e3o de Bolsonaro","author":"da Reda\u00e7\u00e3o","date":"22 de novembro de 2025","format":false,"excerpt":"O ex-presidente Jair Bolsonaro foi preso por volta das seis horas da manh\u00e3 deste s\u00e1bado (22). Em nota, a Pol\u00edcia Federal informou que cumpriu um mandado de pris\u00e3o preventiva expedido pelo Supremo Tribunal Federal (STF). Na sexta-feira (21) o senador Fl\u00e1vio Bolsonaro (PL) convocou, pelas redes sociais uma vig\u00edlia de\u2026","rel":"","context":"Em &quot;Geral-MAT\u00c9RIA&quot;","block_context":{"text":"Geral-MAT\u00c9RIA","link":"https:\/\/www.jornalja.com.br\/geral\/category\/geral\/"},"img":{"alt_text":"","src":"https:\/\/i0.wp.com\/www.jornalja.com.br\/geral\/wp-content\/uploads\/sites\/4\/2025\/11\/bolsonaro-preso-2.png?resize=350%2C200&ssl=1","width":350,"height":200,"srcset":"https:\/\/i0.wp.com\/www.jornalja.com.br\/geral\/wp-content\/uploads\/sites\/4\/2025\/11\/bolsonaro-preso-2.png?resize=350%2C200&ssl=1 1x, https:\/\/i0.wp.com\/www.jornalja.com.br\/geral\/wp-content\/uploads\/sites\/4\/2025\/11\/bolsonaro-preso-2.png?resize=525%2C300&ssl=1 1.5x"},"classes":[]},{"id":100289,"url":"https:\/\/www.jornalja.com.br\/geral\/stf-encerra-julgamento-de-bolsonaro-27-anos-e-seis-meses-de-prisao\/","url_meta":{"origin":83814,"position":4},"title":"STF encerra julgamento de Bolsonaro: 27 anos e tr\u00eas meses de pris\u00e3o","author":"da Reda\u00e7\u00e3o","date":"25 de novembro de 2025","format":false,"excerpt":"O Supremo Tribunal Federal (STF) considerou que o processo do ex-presidente Jair Bolsonaro por golpe de Estado transitou em julgado. Ou seja: n\u00e3o cabem mais recursos. A decis\u00e3o foi anunciada no in\u00edcio da tarde desta ter\u00e7a-feira, 25 de novembro Al\u00e9m de Bolsonaro,\u00a0 foi concluso tamb\u00e9m julgamento de Alexandre Ramagem (PL-RJ),\u2026","rel":"","context":"Em &quot;Geral-MAT\u00c9RIA&quot;","block_context":{"text":"Geral-MAT\u00c9RIA","link":"https:\/\/www.jornalja.com.br\/geral\/category\/geral\/"},"img":{"alt_text":"","src":"https:\/\/i0.wp.com\/www.jornalja.com.br\/geral\/wp-content\/uploads\/sites\/4\/2025\/11\/bolsonaro-preso-2.png?resize=350%2C200&ssl=1","width":350,"height":200,"srcset":"https:\/\/i0.wp.com\/www.jornalja.com.br\/geral\/wp-content\/uploads\/sites\/4\/2025\/11\/bolsonaro-preso-2.png?resize=350%2C200&ssl=1 1x, https:\/\/i0.wp.com\/www.jornalja.com.br\/geral\/wp-content\/uploads\/sites\/4\/2025\/11\/bolsonaro-preso-2.png?resize=525%2C300&ssl=1 1.5x"},"classes":[]},{"id":100233,"url":"https:\/\/www.jornalja.com.br\/geral\/100233-2\/","url_meta":{"origin":83814,"position":5},"title":"STF publica ac\u00f3rd\u00e3o do julgamento que manteve condena\u00e7\u00e3o; Bolsonaro ainda tem cinco dias para recorrer","author":"da Reda\u00e7\u00e3o","date":"17 de novembro de 2025","format":false,"excerpt":"Est\u00e1 publicado no \"Di\u00e1rio de Justi\u00e7a Eletr\u00f4nico\" desta ter\u00e7a-feira, 18,\u00a0 o ac\u00f3rd\u00e3o do julgamento em que o STF rejeitou os recursos do ex-presidente Jair Bolsonaro e mais seis r\u00e9us condenados pela tentativa de golpe de Estados. Com a publica\u00e7\u00e3o do ac\u00f3rd\u00e3o (o resultado do julgamento), correm os prazos para a\u2026","rel":"","context":"Em &quot;Geral-MAT\u00c9RIA&quot;","block_context":{"text":"Geral-MAT\u00c9RIA","link":"https:\/\/www.jornalja.com.br\/geral\/category\/geral\/"},"img":{"alt_text":"","src":"https:\/\/i0.wp.com\/www.jornalja.com.br\/geral\/wp-content\/uploads\/sites\/4\/2025\/09\/bolsonaro-julgameto.png?resize=350%2C200&ssl=1","width":350,"height":200},"classes":[]}],"jetpack_sharing_enabled":true,"_links":{"self":[{"href":"https:\/\/www.jornalja.com.br\/geral\/wp-json\/wp\/v2\/posts\/83814","targetHints":{"allow":["GET"]}}],"collection":[{"href":"https:\/\/www.jornalja.com.br\/geral\/wp-json\/wp\/v2\/posts"}],"about":[{"href":"https:\/\/www.jornalja.com.br\/geral\/wp-json\/wp\/v2\/types\/post"}],"author":[{"embeddable":true,"href":"https:\/\/www.jornalja.com.br\/geral\/wp-json\/wp\/v2\/users\/4"}],"replies":[{"embeddable":true,"href":"https:\/\/www.jornalja.com.br\/geral\/wp-json\/wp\/v2\/comments?post=83814"}],"version-history":[{"count":5,"href":"https:\/\/www.jornalja.com.br\/geral\/wp-json\/wp\/v2\/posts\/83814\/revisions"}],"predecessor-version":[{"id":83840,"href":"https:\/\/www.jornalja.com.br\/geral\/wp-json\/wp\/v2\/posts\/83814\/revisions\/83840"}],"wp:attachment":[{"href":"https:\/\/www.jornalja.com.br\/geral\/wp-json\/wp\/v2\/media?parent=83814"}],"wp:term":[{"taxonomy":"category","embeddable":true,"href":"https:\/\/www.jornalja.com.br\/geral\/wp-json\/wp\/v2\/categories?post=83814"},{"taxonomy":"post_tag","embeddable":true,"href":"https:\/\/www.jornalja.com.br\/geral\/wp-json\/wp\/v2\/tags?post=83814"}],"curies":[{"name":"wp","href":"https:\/\/api.w.org\/{rel}","templated":true}]}}