{"id":83820,"date":"2020-05-29T05:11:44","date_gmt":"2020-05-29T08:11:44","guid":{"rendered":"https:\/\/www.jornalja.com.br\/geral\/?p=83820"},"modified":"2020-05-29T11:52:42","modified_gmt":"2020-05-29T14:52:42","slug":"fake-news","status":"publish","type":"post","link":"https:\/\/www.jornalja.com.br\/geral\/fake-news\/","title":{"rendered":"STF analisa pedido de habeas para Weintraub"},"content":{"rendered":"<p>O ministro do Supremo Tribunal Federal Edson Fachin encaminhou dois pedidos para o plen\u00e1rio da Corte.<\/p>\n<p>Um \u00e9 do procurador-geral da Rep\u00fablica, Augusto Aras, para que o inqu\u00e9rito que apura a dissemina\u00e7\u00e3o de <em>fake news<\/em> e ataques aos ministros do Supremo seja suspenso at\u00e9 que o pr\u00f3prio tribunal defina limites para as investiga\u00e7\u00f5es.<\/p>\n<p>Essa manifesta\u00e7\u00e3o do PGR ocorreu nessa quarta-feira, ap\u00f3s uma opera\u00e7\u00e3o da Pol\u00edcia Federal quebrar sigilos banc\u00e1rios e cumprir 29 mandados de busca e apreens\u00e3o contra pol\u00edticos, empres\u00e1rios e blogueiros. A a\u00e7\u00e3o foi autorizada pelo ministro do Supremo Alexandre de Moraes, que \u00e9 relator do inqu\u00e9rito.<\/p>\n<p>O outro pedido foi feito pelo ministro da Justi\u00e7a, Andr\u00e9 Mendon\u00e7a. \u00c9 um <em>habeas corpus<\/em> para que o ministro da Educa\u00e7\u00e3o, Abraham Weintraub, n\u00e3o precise depor sobre uma declara\u00e7\u00e3o feita por ele na reuni\u00e3o ministerial no dia 22 de abril.<\/p>\n<p>Na grava\u00e7\u00e3o, divulgada na \u00faltima sexta-feira, Weintraub avaliou que o governo estava perdendo a luta pela liberdade e disse: \u201cPor mim, botava esses vagabundos todos na cadeia, come\u00e7ando no STF\u201d.<\/p>\n","protected":false},"excerpt":{"rendered":"<p>O ministro do Supremo Tribunal Federal Edson Fachin encaminhou dois pedidos para o plen\u00e1rio da Corte. Um \u00e9 do procurador-geral da Rep\u00fablica, Augusto Aras, para que o inqu\u00e9rito que apura a dissemina\u00e7\u00e3o de fake news e ataques aos ministros do Supremo seja suspenso at\u00e9 que o pr\u00f3prio tribunal defina limites para as investiga\u00e7\u00f5es. Essa manifesta\u00e7\u00e3o [&hellip;]<\/p>\n","protected":false},"author":5,"featured_media":0,"comment_status":"open","ping_status":"open","sticky":false,"template":"","format":"standard","meta":{"jetpack_post_was_ever_published":false,"_jetpack_newsletter_access":"","_jetpack_dont_email_post_to_subs":false,"_jetpack_newsletter_tier_id":0,"_jetpack_memberships_contains_paywalled_content":false,"_jetpack_memberships_contains_paid_content":false,"footnotes":"","jetpack_publicize_message":"","jetpack_publicize_feature_enabled":true,"jetpack_social_post_already_shared":true,"jetpack_social_options":{"image_generator_settings":{"template":"highway","default_image_id":0,"font":"","enabled":false},"version":2}},"categories":[28],"tags":[44,443,441,442,440,444],"class_list":["post-83820","post","type-post","status-publish","format-standard","hentry","category-geral-notas","tag-abraham-weintraub","tag-alexandre-de-moraes","tag-augusto-aras","tag-edson-fachin","tag-fake-news","tag-stf"],"aioseo_notices":[],"jetpack_publicize_connections":[],"jetpack_featured_media_url":"","jetpack_shortlink":"https:\/\/wp.me\/pbKhrD-lNW","jetpack-related-posts":[{"id":100261,"url":"https:\/\/www.jornalja.com.br\/geral\/elevado-risco-de-fuga-diz-alexandre-de-moraes-ao-decretar-a-prisao-de-bolsonaro\/","url_meta":{"origin":83820,"position":0},"title":"&#8220;Elevado risco de fuga&#8221;, diz Alexandre de Moraes ao decretar a pris\u00e3o de Bolsonaro","author":"da Reda\u00e7\u00e3o","date":"22 de novembro de 2025","format":false,"excerpt":"O ex-presidente Jair Bolsonaro foi preso por volta das seis horas da manh\u00e3 deste s\u00e1bado (22). Em nota, a Pol\u00edcia Federal informou que cumpriu um mandado de pris\u00e3o preventiva expedido pelo Supremo Tribunal Federal (STF). Na sexta-feira (21) o senador Fl\u00e1vio Bolsonaro (PL) convocou, pelas redes sociais uma vig\u00edlia de\u2026","rel":"","context":"Em &quot;Geral-MAT\u00c9RIA&quot;","block_context":{"text":"Geral-MAT\u00c9RIA","link":"https:\/\/www.jornalja.com.br\/geral\/category\/geral\/"},"img":{"alt_text":"","src":"https:\/\/i0.wp.com\/www.jornalja.com.br\/geral\/wp-content\/uploads\/sites\/4\/2025\/11\/bolsonaro-preso-2.png?resize=350%2C200&ssl=1","width":350,"height":200,"srcset":"https:\/\/i0.wp.com\/www.jornalja.com.br\/geral\/wp-content\/uploads\/sites\/4\/2025\/11\/bolsonaro-preso-2.png?resize=350%2C200&ssl=1 1x, https:\/\/i0.wp.com\/www.jornalja.com.br\/geral\/wp-content\/uploads\/sites\/4\/2025\/11\/bolsonaro-preso-2.png?resize=525%2C300&ssl=1 1.5x"},"classes":[]},{"id":100744,"url":"https:\/\/www.jornalja.com.br\/geral\/afastamento-de-dias-toffoli-do-caso-master-sela-a-mais-grave-crise-do-judiciario-desde-o-imperio\/","url_meta":{"origin":83820,"position":1},"title":"Afastamento de Dias Toffoli do caso Master sela a mais grave crise do judici\u00e1rio desde o Imp\u00e9rio","author":"Elmar Bones","date":"16 de fevereiro de 2026","format":false,"excerpt":"A sa\u00edda do ministro Dias Toffoli da relatoria do caso Master, que se deu ap\u00f3s a Pol\u00edcia Federal encontrar no celular de Daniel Vorcaro, dono do Master, men\u00e7\u00f5es ao ministro da Suprema Corte, culmina em uma crise sem precedentes na hist\u00f3ria do judici\u00e1rio brasileiro. H\u00e1 juristas e historiadores que consideram\u2026","rel":"","context":"Em &quot;Geral-MAT\u00c9RIA&quot;","block_context":{"text":"Geral-MAT\u00c9RIA","link":"https:\/\/www.jornalja.com.br\/geral\/category\/geral\/"},"img":{"alt_text":"","src":"https:\/\/i0.wp.com\/www.jornalja.com.br\/geral\/wp-content\/uploads\/sites\/4\/2026\/02\/0d9a7589-1-4.jpg?resize=350%2C200&ssl=1","width":350,"height":200,"srcset":"https:\/\/i0.wp.com\/www.jornalja.com.br\/geral\/wp-content\/uploads\/sites\/4\/2026\/02\/0d9a7589-1-4.jpg?resize=350%2C200&ssl=1 1x, https:\/\/i0.wp.com\/www.jornalja.com.br\/geral\/wp-content\/uploads\/sites\/4\/2026\/02\/0d9a7589-1-4.jpg?resize=525%2C300&ssl=1 1.5x, https:\/\/i0.wp.com\/www.jornalja.com.br\/geral\/wp-content\/uploads\/sites\/4\/2026\/02\/0d9a7589-1-4.jpg?resize=700%2C400&ssl=1 2x"},"classes":[]},{"id":100289,"url":"https:\/\/www.jornalja.com.br\/geral\/stf-encerra-julgamento-de-bolsonaro-27-anos-e-seis-meses-de-prisao\/","url_meta":{"origin":83820,"position":2},"title":"STF encerra julgamento de Bolsonaro: 27 anos e tr\u00eas meses de pris\u00e3o","author":"da Reda\u00e7\u00e3o","date":"25 de novembro de 2025","format":false,"excerpt":"O Supremo Tribunal Federal (STF) considerou que o processo do ex-presidente Jair Bolsonaro por golpe de Estado transitou em julgado. Ou seja: n\u00e3o cabem mais recursos. A decis\u00e3o foi anunciada no in\u00edcio da tarde desta ter\u00e7a-feira, 25 de novembro Al\u00e9m de Bolsonaro,\u00a0 foi concluso tamb\u00e9m julgamento de Alexandre Ramagem (PL-RJ),\u2026","rel":"","context":"Em &quot;Geral-MAT\u00c9RIA&quot;","block_context":{"text":"Geral-MAT\u00c9RIA","link":"https:\/\/www.jornalja.com.br\/geral\/category\/geral\/"},"img":{"alt_text":"","src":"https:\/\/i0.wp.com\/www.jornalja.com.br\/geral\/wp-content\/uploads\/sites\/4\/2025\/11\/bolsonaro-preso-2.png?resize=350%2C200&ssl=1","width":350,"height":200,"srcset":"https:\/\/i0.wp.com\/www.jornalja.com.br\/geral\/wp-content\/uploads\/sites\/4\/2025\/11\/bolsonaro-preso-2.png?resize=350%2C200&ssl=1 1x, https:\/\/i0.wp.com\/www.jornalja.com.br\/geral\/wp-content\/uploads\/sites\/4\/2025\/11\/bolsonaro-preso-2.png?resize=525%2C300&ssl=1 1.5x"},"classes":[]},{"id":84099,"url":"https:\/\/www.jornalja.com.br\/geral\/olavista-vai-substituir-weintraub-no-ministerio-da-educacao\/","url_meta":{"origin":83820,"position":3},"title":"Nada vai mudar no MEC: Weintraub ser\u00e1 substitu\u00eddo por secret\u00e1rio olavista","author":"da Reda\u00e7\u00e3o","date":"18 de junho de 2020","format":false,"excerpt":"O presidente Jair Bolsonaro vai demitir o ministro da Educa\u00e7\u00e3o, Abraham Weintraub. O atual secret\u00e1rio de Alfabetiza\u00e7\u00e3o da pasta, Carlos Nadalim, deve ser nomeado ministro interino enquanto um nome definitivo n\u00e3o \u00e9 escolhido. A informa\u00e7\u00e3o foi confirmada pelo\u00a0Congresso em Foco\u00a0com auxiliares de Bolsonaro. A decis\u00e3o deve ser publicada no Di\u00e1rio\u2026","rel":"","context":"Em &quot;Geral-MAT\u00c9RIA&quot;","block_context":{"text":"Geral-MAT\u00c9RIA","link":"https:\/\/www.jornalja.com.br\/geral\/category\/geral\/"},"img":{"alt_text":"","src":"https:\/\/i0.wp.com\/www.jornalja.com.br\/geral\/wp-content\/uploads\/sites\/4\/2020\/06\/Weintraub-Abraham-deixa-o-governo-foto-Luis-Fontes-MEC.jpg?resize=350%2C200&ssl=1","width":350,"height":200,"srcset":"https:\/\/i0.wp.com\/www.jornalja.com.br\/geral\/wp-content\/uploads\/sites\/4\/2020\/06\/Weintraub-Abraham-deixa-o-governo-foto-Luis-Fontes-MEC.jpg?resize=350%2C200&ssl=1 1x, https:\/\/i0.wp.com\/www.jornalja.com.br\/geral\/wp-content\/uploads\/sites\/4\/2020\/06\/Weintraub-Abraham-deixa-o-governo-foto-Luis-Fontes-MEC.jpg?resize=525%2C300&ssl=1 1.5x, https:\/\/i0.wp.com\/www.jornalja.com.br\/geral\/wp-content\/uploads\/sites\/4\/2020\/06\/Weintraub-Abraham-deixa-o-governo-foto-Luis-Fontes-MEC.jpg?resize=700%2C400&ssl=1 2x"},"classes":[]},{"id":100277,"url":"https:\/\/www.jornalja.com.br\/geral\/unanimidade-stf-mantem-prisao-preventiva-do-ex-presidente-jair-bolsonaro\/","url_meta":{"origin":83820,"position":4},"title":"Unanimidade:  STF mant\u00e9m pris\u00e3o preventiva do ex-presidente Jair Bolsonaro","author":"da Reda\u00e7\u00e3o","date":"24 de novembro de 2025","format":false,"excerpt":"Por unanimidade, a Primeira Turma do Supremo Tribunal Federal (STF) manteve, nesta segunda-feira (24), a decis\u00e3o do ministro Alexandre de Moraes que decretou a pris\u00e3o preventiva do ex-presidente da Rep\u00fablica Jair Bolsonaro. A medida foi analisada em sess\u00e3o extraordin\u00e1ria virtual,\u00a0 com encerramento \u00e0s 20h, mas no fim da manh\u00e3 todos\u2026","rel":"","context":"Em &quot;Geral-MAT\u00c9RIA&quot;","block_context":{"text":"Geral-MAT\u00c9RIA","link":"https:\/\/www.jornalja.com.br\/geral\/category\/geral\/"},"img":{"alt_text":"","src":"https:\/\/i0.wp.com\/www.jornalja.com.br\/geral\/wp-content\/uploads\/sites\/4\/2025\/11\/bolsonaro-stf-mantem-prisao.jpg?resize=350%2C200&ssl=1","width":350,"height":200,"srcset":"https:\/\/i0.wp.com\/www.jornalja.com.br\/geral\/wp-content\/uploads\/sites\/4\/2025\/11\/bolsonaro-stf-mantem-prisao.jpg?resize=350%2C200&ssl=1 1x, https:\/\/i0.wp.com\/www.jornalja.com.br\/geral\/wp-content\/uploads\/sites\/4\/2025\/11\/bolsonaro-stf-mantem-prisao.jpg?resize=525%2C300&ssl=1 1.5x, https:\/\/i0.wp.com\/www.jornalja.com.br\/geral\/wp-content\/uploads\/sites\/4\/2025\/11\/bolsonaro-stf-mantem-prisao.jpg?resize=700%2C400&ssl=1 2x, https:\/\/i0.wp.com\/www.jornalja.com.br\/geral\/wp-content\/uploads\/sites\/4\/2025\/11\/bolsonaro-stf-mantem-prisao.jpg?resize=1050%2C600&ssl=1 3x, https:\/\/i0.wp.com\/www.jornalja.com.br\/geral\/wp-content\/uploads\/sites\/4\/2025\/11\/bolsonaro-stf-mantem-prisao.jpg?resize=1400%2C800&ssl=1 4x"},"classes":[]},{"id":81019,"url":"https:\/\/www.jornalja.com.br\/geral\/depois-dos-ataques-de-maia-oposicao-quer-demissao-de-weintraub\/","url_meta":{"origin":83820,"position":5},"title":"Depois dos ataques de Maia, oposi\u00e7\u00e3o quer demiss\u00e3o de Weintraub","author":"da Reda\u00e7\u00e3o","date":"6 de fevereiro de 2020","format":false,"excerpt":"Cerca de vinte deputados e dois senadores de v\u00e1rios partidos de oposi\u00e7\u00e3o apresentaram nesta quarta-feira (5), no Supremo Tribunal Federal (STF), den\u00fancia em que acusam o ministro da Educa\u00e7\u00e3o, Abraham Weintraub, de crime de responsabilidade. O grupo \u00e9 liderado pelos deputados\u00a0Tabata Amaral (PDT-SP)\u00a0e\u00a0Felipe Rigoni (PSB-ES), que foram a coordenadora e\u2026","rel":"","context":"Em &quot;Geral-MAT\u00c9RIA&quot;","block_context":{"text":"Geral-MAT\u00c9RIA","link":"https:\/\/www.jornalja.com.br\/geral\/category\/geral\/"},"img":{"alt_text":"","src":"https:\/\/i0.wp.com\/www.jornalja.com.br\/geral\/wp-content\/uploads\/sites\/4\/2020\/02\/Ministro-da-Educa%C3%A7%C3%A3o-Abraham-Weintraub.jpg?resize=350%2C200&ssl=1","width":350,"height":200,"srcset":"https:\/\/i0.wp.com\/www.jornalja.com.br\/geral\/wp-content\/uploads\/sites\/4\/2020\/02\/Ministro-da-Educa%C3%A7%C3%A3o-Abraham-Weintraub.jpg?resize=350%2C200&ssl=1 1x, https:\/\/i0.wp.com\/www.jornalja.com.br\/geral\/wp-content\/uploads\/sites\/4\/2020\/02\/Ministro-da-Educa%C3%A7%C3%A3o-Abraham-Weintraub.jpg?resize=525%2C300&ssl=1 1.5x, https:\/\/i0.wp.com\/www.jornalja.com.br\/geral\/wp-content\/uploads\/sites\/4\/2020\/02\/Ministro-da-Educa%C3%A7%C3%A3o-Abraham-Weintraub.jpg?resize=700%2C400&ssl=1 2x, https:\/\/i0.wp.com\/www.jornalja.com.br\/geral\/wp-content\/uploads\/sites\/4\/2020\/02\/Ministro-da-Educa%C3%A7%C3%A3o-Abraham-Weintraub.jpg?resize=1050%2C600&ssl=1 3x"},"classes":[]}],"jetpack_sharing_enabled":true,"_links":{"self":[{"href":"https:\/\/www.jornalja.com.br\/geral\/wp-json\/wp\/v2\/posts\/83820","targetHints":{"allow":["GET"]}}],"collection":[{"href":"https:\/\/www.jornalja.com.br\/geral\/wp-json\/wp\/v2\/posts"}],"about":[{"href":"https:\/\/www.jornalja.com.br\/geral\/wp-json\/wp\/v2\/types\/post"}],"author":[{"embeddable":true,"href":"https:\/\/www.jornalja.com.br\/geral\/wp-json\/wp\/v2\/users\/5"}],"replies":[{"embeddable":true,"href":"https:\/\/www.jornalja.com.br\/geral\/wp-json\/wp\/v2\/comments?post=83820"}],"version-history":[{"count":5,"href":"https:\/\/www.jornalja.com.br\/geral\/wp-json\/wp\/v2\/posts\/83820\/revisions"}],"predecessor-version":[{"id":83838,"href":"https:\/\/www.jornalja.com.br\/geral\/wp-json\/wp\/v2\/posts\/83820\/revisions\/83838"}],"wp:attachment":[{"href":"https:\/\/www.jornalja.com.br\/geral\/wp-json\/wp\/v2\/media?parent=83820"}],"wp:term":[{"taxonomy":"category","embeddable":true,"href":"https:\/\/www.jornalja.com.br\/geral\/wp-json\/wp\/v2\/categories?post=83820"},{"taxonomy":"post_tag","embeddable":true,"href":"https:\/\/www.jornalja.com.br\/geral\/wp-json\/wp\/v2\/tags?post=83820"}],"curies":[{"name":"wp","href":"https:\/\/api.w.org\/{rel}","templated":true}]}}