{"id":83935,"date":"2020-06-03T09:15:55","date_gmt":"2020-06-03T12:15:55","guid":{"rendered":"https:\/\/www.jornalja.com.br\/geral\/?p=83935"},"modified":"2020-06-04T11:41:21","modified_gmt":"2020-06-04T14:41:21","slug":"pacote-de-ajuda-dos-eua-incluiu-cloroquina-a-pedido-do-governo-brasileiro","status":"publish","type":"post","link":"https:\/\/www.jornalja.com.br\/geral\/pacote-de-ajuda-dos-eua-incluiu-cloroquina-a-pedido-do-governo-brasileiro\/","title":{"rendered":"Pacote de ajuda dos EUA incluiu cloroquina a pedido do governo brasileiro"},"content":{"rendered":"<p>O embaixador dos Estados Unidos,\u00a0 Todd Chappman, disse em entrevista \u00e0 r\u00e1dio Ga\u00facha nesta manh\u00e3 de quarta-feira, 4, que o lote de hidroxicloroquina inclu\u00eddo no pacote da ajuda americana ao combate da codiv 19 no Brasil, atendeu a &#8220;um pedido do governo brasileiro&#8221;.<\/p>\n<p>Segundo a embaixada americana, j\u00e1 foram entregues 2 milh\u00f5es de doses do medicamento ao minist\u00e9rio da Sa\u00fade, al\u00e9m de respiradores, outros equipamentos e doa\u00e7\u00f5es para institutos de pesquisas, num total que chega a 12,5 milh\u00f5es de d\u00f3lares.<\/p>\n<p>O uso da hidroxicloroquina para tratamento da Covid-19 vem sendo questionado cada vez mais pelas autoridades m\u00e9dicas no mundo inteiro, pela falta de comprova\u00e7\u00e3o da efic\u00e1cia e pelos efeitos colaterais, que podem levar \u00e0 morte.<\/p>\n<p>Mesmo nos Estados Unidos h\u00e1 press\u00e3o da \u00e1rea m\u00e9dica para que sejam revisadas as regras que indicam o uso do medicamento em pacientes contaminados pelo novo coronavirus.<\/p>\n<p>O governo Trump, no entanto, se mant\u00e9m irredut\u00edvel na defesa da cloroquina, no que \u00e9 seguido pelo presidente Jair Bolsonaro.<\/p>\n","protected":false},"excerpt":{"rendered":"<p>O embaixador dos Estados Unidos,\u00a0 Todd Chappman, disse em entrevista \u00e0 r\u00e1dio Ga\u00facha nesta manh\u00e3 de quarta-feira, 4, que o lote de hidroxicloroquina inclu\u00eddo no pacote da ajuda americana ao combate da codiv 19 no Brasil, atendeu a &#8220;um pedido do governo brasileiro&#8221;. Segundo a embaixada americana, j\u00e1 foram entregues 2 milh\u00f5es de doses do [&hellip;]<\/p>\n","protected":false},"author":4,"featured_media":83936,"comment_status":"open","ping_status":"open","sticky":false,"template":"","format":"standard","meta":{"jetpack_post_was_ever_published":false,"_jetpack_newsletter_access":"","_jetpack_dont_email_post_to_subs":false,"_jetpack_newsletter_tier_id":0,"_jetpack_memberships_contains_paywalled_content":false,"_jetpack_memberships_contains_paid_content":false,"footnotes":"","jetpack_publicize_message":"","jetpack_publicize_feature_enabled":true,"jetpack_social_post_already_shared":true,"jetpack_social_options":{"image_generator_settings":{"template":"highway","default_image_id":0,"font":"","enabled":false},"version":2}},"categories":[2],"tags":[],"class_list":["post-83935","post","type-post","status-publish","format-standard","has-post-thumbnail","hentry","category-geral"],"aioseo_notices":[],"jetpack_publicize_connections":[],"jetpack_featured_media_url":"https:\/\/www.jornalja.com.br\/geral\/wp-content\/uploads\/sites\/4\/2020\/06\/Cloroquina-nao-tem-efeito-colateral-afirma-Bolsonaro.jpeg","jetpack_shortlink":"https:\/\/wp.me\/pbKhrD-lPN","jetpack-related-posts":[{"id":87793,"url":"https:\/\/www.jornalja.com.br\/geral\/pacote-de-ajuda-americana-incluiu-cloroquina-a-pedido-do-governo-brasileiro\/","url_meta":{"origin":83935,"position":0},"title":"A pedido do governo brasileiro, metade da ajuda americana para combate \u00e0 covid veio em cloroquina","author":"da Reda\u00e7\u00e3o","date":"5 de maio de 2021","format":false,"excerpt":"No dia 4 de julho de 202O, o embaixador dos Estados Unidos,\u00a0 Todd Chappman, disse em entrevista \u00e0 r\u00e1dio Ga\u00facha que o lote de Hidroxicloroquina inclu\u00eddo no pacote da ajuda americana ao combate da covod 19 no Brasil, atendeu a \u201cum pedido do governo brasileiro\u201d. Segundo Chappmann, j\u00e1 tinham sido\u2026","rel":"","context":"Em &quot;Geral-MAT\u00c9RIA&quot;","block_context":{"text":"Geral-MAT\u00c9RIA","link":"https:\/\/www.jornalja.com.br\/geral\/category\/geral\/"},"img":{"alt_text":"","src":"https:\/\/i0.wp.com\/www.jornalja.com.br\/geral\/wp-content\/uploads\/sites\/4\/2021\/05\/bolsonaro-mostra-cloroquina-na-tv.jpg?resize=350%2C200&ssl=1","width":350,"height":200,"srcset":"https:\/\/i0.wp.com\/www.jornalja.com.br\/geral\/wp-content\/uploads\/sites\/4\/2021\/05\/bolsonaro-mostra-cloroquina-na-tv.jpg?resize=350%2C200&ssl=1 1x, https:\/\/i0.wp.com\/www.jornalja.com.br\/geral\/wp-content\/uploads\/sites\/4\/2021\/05\/bolsonaro-mostra-cloroquina-na-tv.jpg?resize=525%2C300&ssl=1 1.5x, https:\/\/i0.wp.com\/www.jornalja.com.br\/geral\/wp-content\/uploads\/sites\/4\/2021\/05\/bolsonaro-mostra-cloroquina-na-tv.jpg?resize=700%2C400&ssl=1 2x"},"classes":[]},{"id":83901,"url":"https:\/\/www.jornalja.com.br\/geral\/movimento-que-apoia-trump-quer-abertura-imediata-para-movimentar-economia\/","url_meta":{"origin":83935,"position":1},"title":"Bilion\u00e1rios que apoiam Trump financiam campanha contra o confinamento","author":"da Reda\u00e7\u00e3o","date":"2 de junho de 2020","format":false,"excerpt":"\"Uma poderosa coaliz\u00e3o conservadora\". Assim o Guardian definiu o grupo de apoiadores do governo Trump que est\u00e1 arrecadando US $ 5 milh\u00f5es para aplicar em \"novos esfor\u00e7os publicit\u00e1rios - online, r\u00e1dio e imprensa\" - para defender a reabertura imediata das atividades econ\u00f4micas. O movimento tem apoio um grupo de m\u00e9dicos\u2026","rel":"","context":"Em &quot;Geral-MAT\u00c9RIA&quot;","block_context":{"text":"Geral-MAT\u00c9RIA","link":"https:\/\/www.jornalja.com.br\/geral\/category\/geral\/"},"img":{"alt_text":"","src":"https:\/\/i0.wp.com\/www.jornalja.com.br\/geral\/wp-content\/uploads\/sites\/4\/2020\/06\/Protestos-nos-EUA-pelo-fim-do-confinamento-scaled.jpg?resize=350%2C200&ssl=1","width":350,"height":200,"srcset":"https:\/\/i0.wp.com\/www.jornalja.com.br\/geral\/wp-content\/uploads\/sites\/4\/2020\/06\/Protestos-nos-EUA-pelo-fim-do-confinamento-scaled.jpg?resize=350%2C200&ssl=1 1x, https:\/\/i0.wp.com\/www.jornalja.com.br\/geral\/wp-content\/uploads\/sites\/4\/2020\/06\/Protestos-nos-EUA-pelo-fim-do-confinamento-scaled.jpg?resize=525%2C300&ssl=1 1.5x, https:\/\/i0.wp.com\/www.jornalja.com.br\/geral\/wp-content\/uploads\/sites\/4\/2020\/06\/Protestos-nos-EUA-pelo-fim-do-confinamento-scaled.jpg?resize=700%2C400&ssl=1 2x"},"classes":[]},{"id":100467,"url":"https:\/\/www.jornalja.com.br\/geral\/estados-unidos-sequestram-nicolas-maduro-em-desafio-explicito-a-china-comissao-chinesa-estava-na-venezuela\/","url_meta":{"origin":83935,"position":2},"title":"Estados Unidos sequestram Nicolas Maduro em desafio expl\u00edcito \u00e0 China; comiss\u00e3o chinesa estava na Venezuela","author":"da Reda\u00e7\u00e3o","date":"3 de janeiro de 2026","format":false,"excerpt":"O ataque dos Estados Unidos \u00e0 Venezuela com\u00a0 o sequestro do presidente Nicolas Mauro e sua esposa na madrugada desta s\u00e1bado (3), ocorreu poucas horas depois de uma reuni\u00e3o do presidente venezuelano com representantes oficiais do governo chin\u00eas, em Caracas. A China tem sido um parceiro importante do governo Maduro,\u2026","rel":"","context":"Em &quot;Geral-MAT\u00c9RIA&quot;","block_context":{"text":"Geral-MAT\u00c9RIA","link":"https:\/\/www.jornalja.com.br\/geral\/category\/geral\/"},"img":{"alt_text":"","src":"https:\/\/i0.wp.com\/www.jornalja.com.br\/geral\/wp-content\/uploads\/sites\/4\/2026\/01\/ataque-a-venezuela.png?resize=350%2C200&ssl=1","width":350,"height":200,"srcset":"https:\/\/i0.wp.com\/www.jornalja.com.br\/geral\/wp-content\/uploads\/sites\/4\/2026\/01\/ataque-a-venezuela.png?resize=350%2C200&ssl=1 1x, https:\/\/i0.wp.com\/www.jornalja.com.br\/geral\/wp-content\/uploads\/sites\/4\/2026\/01\/ataque-a-venezuela.png?resize=525%2C300&ssl=1 1.5x"},"classes":[]},{"id":88290,"url":"https:\/\/www.jornalja.com.br\/geral\/duas-operadores-de-saude-notificadas-por-forcar-uso-da-cloroquina\/","url_meta":{"origin":83935,"position":3},"title":"Duas operadoras de sa\u00fade notificadas por for\u00e7ar uso da cloroquina","author":"da Reda\u00e7\u00e3o","date":"14 de junho de 2021","format":false,"excerpt":"O Instituto de Defesa do Consumidor (Idec) notificou extrajudicialmente duas das maiores operadoras de planos de sa\u00fade do Brasil, a Hapvida e a Prevent Senior, pelo uso de cloroquina e outros medicamentos comprovadamente ineficazes contra a Covid-19. Segundo o IDEC as operadoras contrariam as recomenda\u00e7\u00f5es de \u00f3rg\u00e3os nacionais e internacionais\u2026","rel":"","context":"Em &quot;Geral-MAT\u00c9RIA&quot;","block_context":{"text":"Geral-MAT\u00c9RIA","link":"https:\/\/www.jornalja.com.br\/geral\/category\/geral\/"},"img":{"alt_text":"","src":"https:\/\/i0.wp.com\/www.jornalja.com.br\/geral\/wp-content\/uploads\/sites\/4\/2021\/05\/reuters-cloroquina-comprimidos-remedios-800-21052020081145039.jpeg?resize=350%2C200&ssl=1","width":350,"height":200,"srcset":"https:\/\/i0.wp.com\/www.jornalja.com.br\/geral\/wp-content\/uploads\/sites\/4\/2021\/05\/reuters-cloroquina-comprimidos-remedios-800-21052020081145039.jpeg?resize=350%2C200&ssl=1 1x, https:\/\/i0.wp.com\/www.jornalja.com.br\/geral\/wp-content\/uploads\/sites\/4\/2021\/05\/reuters-cloroquina-comprimidos-remedios-800-21052020081145039.jpeg?resize=525%2C300&ssl=1 1.5x, https:\/\/i0.wp.com\/www.jornalja.com.br\/geral\/wp-content\/uploads\/sites\/4\/2021\/05\/reuters-cloroquina-comprimidos-remedios-800-21052020081145039.jpeg?resize=700%2C400&ssl=1 2x"},"classes":[]},{"id":83874,"url":"https:\/\/www.jornalja.com.br\/geral\/ajuda-americana-foca-no-combate-a-covid-19-na-amazonia\/","url_meta":{"origin":83935,"position":4},"title":"Ajuda americana foca no combate a covid-19 na Amaz\u00f4nia","author":"da Reda\u00e7\u00e3o","date":"31 de maio de 2020","format":false,"excerpt":"Os Estados Unidos anunciaram, na sexta-feira 29, o repasse de mais US$ 6 milh\u00f5es (aproximadamente R$ 32 milh\u00f5es) para atividades emergenciais em sa\u00fade, \u00e1gua, saneamento e higiene e para mitigar os impactos da COVID-19 na sa\u00fade no Brasil. Os novos recursos do governo dos EUA totalizam, at\u00e9 o momento, mais\u2026","rel":"","context":"Em &quot;Geral-NOTAS&quot;","block_context":{"text":"Geral-NOTAS","link":"https:\/\/www.jornalja.com.br\/geral\/category\/geral-notas\/"},"img":{"alt_text":"","src":"","width":0,"height":0},"classes":[]},{"id":87891,"url":"https:\/\/www.jornalja.com.br\/geral\/ministerio-publico-de-contas-quer-investigar-compra-do-kit-covid-por-prefeituras\/","url_meta":{"origin":83935,"position":5},"title":"Minist\u00e9rio P\u00fablico de Contas quer investigar compra do &#8220;kit-Covid&#8221; por prefeituras","author":"Cleber Dioni Tentardini","date":"13 de maio de 2021","format":false,"excerpt":"Em janeiro deste ano, o prefeito de Porto Alegre Sebasti\u00e3o Melo anunciou que iria disponibilizar medicamentos \u00e0 rede municipal de sa\u00fade para tratamento precoce de pacientes com Covid-19. Estavam inclu\u00eddos 25 mil doses de hidroxicloroquina, fornecidos gratuitamente pelo Minist\u00e9rio da Sa\u00fade, al\u00e9m de azitromicina, ivermectina e vitamina A + D,\u2026","rel":"","context":"Em &quot;Geral-MAT\u00c9RIA&quot;","block_context":{"text":"Geral-MAT\u00c9RIA","link":"https:\/\/www.jornalja.com.br\/geral\/category\/geral\/"},"img":{"alt_text":"","src":"https:\/\/i0.wp.com\/www.jornalja.com.br\/geral\/wp-content\/uploads\/sites\/4\/2021\/05\/kit-covid-16122020164956586.jpeg?resize=350%2C200&ssl=1","width":350,"height":200,"srcset":"https:\/\/i0.wp.com\/www.jornalja.com.br\/geral\/wp-content\/uploads\/sites\/4\/2021\/05\/kit-covid-16122020164956586.jpeg?resize=350%2C200&ssl=1 1x, https:\/\/i0.wp.com\/www.jornalja.com.br\/geral\/wp-content\/uploads\/sites\/4\/2021\/05\/kit-covid-16122020164956586.jpeg?resize=525%2C300&ssl=1 1.5x, https:\/\/i0.wp.com\/www.jornalja.com.br\/geral\/wp-content\/uploads\/sites\/4\/2021\/05\/kit-covid-16122020164956586.jpeg?resize=700%2C400&ssl=1 2x"},"classes":[]}],"jetpack_sharing_enabled":true,"_links":{"self":[{"href":"https:\/\/www.jornalja.com.br\/geral\/wp-json\/wp\/v2\/posts\/83935","targetHints":{"allow":["GET"]}}],"collection":[{"href":"https:\/\/www.jornalja.com.br\/geral\/wp-json\/wp\/v2\/posts"}],"about":[{"href":"https:\/\/www.jornalja.com.br\/geral\/wp-json\/wp\/v2\/types\/post"}],"author":[{"embeddable":true,"href":"https:\/\/www.jornalja.com.br\/geral\/wp-json\/wp\/v2\/users\/4"}],"replies":[{"embeddable":true,"href":"https:\/\/www.jornalja.com.br\/geral\/wp-json\/wp\/v2\/comments?post=83935"}],"version-history":[{"count":3,"href":"https:\/\/www.jornalja.com.br\/geral\/wp-json\/wp\/v2\/posts\/83935\/revisions"}],"predecessor-version":[{"id":83938,"href":"https:\/\/www.jornalja.com.br\/geral\/wp-json\/wp\/v2\/posts\/83935\/revisions\/83938"}],"wp:featuredmedia":[{"embeddable":true,"href":"https:\/\/www.jornalja.com.br\/geral\/wp-json\/wp\/v2\/media\/83936"}],"wp:attachment":[{"href":"https:\/\/www.jornalja.com.br\/geral\/wp-json\/wp\/v2\/media?parent=83935"}],"wp:term":[{"taxonomy":"category","embeddable":true,"href":"https:\/\/www.jornalja.com.br\/geral\/wp-json\/wp\/v2\/categories?post=83935"},{"taxonomy":"post_tag","embeddable":true,"href":"https:\/\/www.jornalja.com.br\/geral\/wp-json\/wp\/v2\/tags?post=83935"}],"curies":[{"name":"wp","href":"https:\/\/api.w.org\/{rel}","templated":true}]}}