{"id":84041,"date":"2020-06-12T09:52:46","date_gmt":"2020-06-12T12:52:46","guid":{"rendered":"https:\/\/www.jornalja.com.br\/geral\/?p=84041"},"modified":"2020-06-12T09:53:42","modified_gmt":"2020-06-12T12:53:42","slug":"estudo-relaciona-posse-de-arma-com-altas-taxas-de-suicidios-nos-eua","status":"publish","type":"post","link":"https:\/\/www.jornalja.com.br\/geral\/estudo-relaciona-posse-de-arma-com-altas-taxas-de-suicidios-nos-eua\/","title":{"rendered":"Estudo relaciona posse de arma com altas taxas de suic\u00eddios nos EUA"},"content":{"rendered":"<p>Quem possui arma em casa tem quatro vezes mais chances de cometer suic\u00eddio.<\/p>\n<p>\u00c9 o que aponta o \u201cmaior estudo j\u00e1 feito sobre a conex\u00e3o entre suic\u00eddio e posse de armas\u201d, publicado no \u00a0The New England Journal of Medicine, assinado por tr\u00eas pesquisadores &#8211; David Studdert, Matthew Miller e Garen Wintemute*.<\/p>\n<p>Em 12 anos, eles analisaram informa\u00e7\u00f5es sobre 26 milh\u00f5es de americanos.<\/p>\n<p>A principal conclus\u00e3o \u00e9 de que h\u00e1 uma rela\u00e7\u00e3o direta entre a posse de arma e as taxas de suic\u00eddio: o n\u00famero de suic\u00eddios entre as pessoas que possuem armas \u00e9 quase quatro vezes maior do que entre aqueles que n\u00e3o tem arma.<\/p>\n<p>O estudo contraria claramente o mito muito difundido de que a pessoa que realmente quer se matar encontrar\u00e1 meios de faz\u00ea-lo, independente de ter ou n\u00e3o uma arma por perto.<\/p>\n<p>A explica\u00e7\u00e3o \u00e9 de que \u201cas tentativas de suic\u00eddio s\u00e3o muitas vezes impulsivas, motivadas por crises fugazes\u201d.<\/p>\n<p>Outro dado importante \u00e9 que a grande maioria das pessoas que tentam suic\u00eddio sobrevive.<\/p>\n<p>A segunda chance, por\u00e9m, depende muito do m\u00e9todo usado. No caso de armas de fogo, a segunda chance \u00e9 pequena.<\/p>\n<p>Entre os propriet\u00e1rios de armas de fogo as taxas de suic\u00eddio por esse meio (pela arma de fogo) \u00e9 oito vezes maior para homens e 35 vezes maior para mulheres, em compara\u00e7\u00e3o com n\u00e3o-propriet\u00e1rios do mesmo sexo.<\/p>\n<p>\u201cEsses resultados s\u00e3o consistentes com os de todos os estudos s\u00e9rios que examinaram a rela\u00e7\u00e3o entre acesso a armas e suic\u00eddio nos Estados Unidos.\u00a0Na verdade, encontramos uma conex\u00e3o mais forte do que a maioria dos outros\u201d, escreveram os pesquisadores em artigo publicado no New York Times, nesta quinta-feira, 11.<\/p>\n<p>Com base em dados referentes \u00e0 Calif\u00f3rnia, estado em que a venda de armas \u00e9 inteiramente controlada, os pesquisadores concluiram que \u201co per\u00edodo de maior risco de suic\u00eddio para os propriet\u00e1rios de armas de primeira viagem foram as primeiras semanas de posse.<\/p>\n<p>No entanto, 85% de todos os suic\u00eddios por arma entre propriet\u00e1rios ocorreram mais de um m\u00eas ap\u00f3s a compra e mais da metade ocorreu mais de um ano depois.<\/p>\n<p>\u201cTomadas em conjunto, essas descobertas sugerem que, enquanto algumas pessoas que cometem suic\u00eddio j\u00e1 compraram suas armas com a inten\u00e7\u00e3o de se matar, isso n\u00e3o \u00e9 verdade para a maioria dos que morrem dessa maneira &#8211; suas mortes refletem o risco substancial e duradouro do acesso a armas de fogo&#8221;.<\/p>\n<p>Estima-se que 40 milh\u00f5es de americanos tem armas em casa.<\/p>\n<p>Autoprote\u00e7\u00e3o \u00e9 o primeiro motivo apontado pelas pessoas que compram e mant\u00eam armas de fogo. &#8220;Apesar das hist\u00f3rias coloridas de defesa armada do lar, n\u00e3o h\u00e1 um estudo consistente demonstrando os benef\u00edcios de seguran\u00e7a da posse de armas particulares para indiv\u00edduos ou comunidades.<\/p>\n<p>&#8220;Por outro lado, as evid\u00eancias de que as armas podem ser mal utilizadas e causar s\u00e9rios danos &#8211; aos propriet\u00e1rios e familiares, incluindo crian\u00e7as &#8211; s\u00e3o substanciais e crescentes&#8221;, dizem os pesquisadores.<\/p>\n<p>.*<em>David Studdert \u00e9 professor nas faculdades de direito e medicina da Universidade de Stanford.<\/em><\/p>\n<p><em>*Matthew Miller \u00e9 professor da Northeastern University.<\/em><\/p>\n<p><em>*Garen Wintemute \u00e9 professor da Faculdade de Medicina da UC Davis.<\/em><\/p>\n","protected":false},"excerpt":{"rendered":"<p>Quem possui arma em casa tem quatro vezes mais chances de cometer suic\u00eddio. \u00c9 o que aponta o \u201cmaior estudo j\u00e1 feito sobre a conex\u00e3o entre suic\u00eddio e posse de armas\u201d, publicado no \u00a0The New England Journal of Medicine, assinado por tr\u00eas pesquisadores &#8211; David Studdert, Matthew Miller e Garen Wintemute*. Em 12 anos, eles [&hellip;]<\/p>\n","protected":false},"author":4,"featured_media":0,"comment_status":"open","ping_status":"open","sticky":false,"template":"","format":"standard","meta":{"jetpack_post_was_ever_published":false,"_jetpack_newsletter_access":"","_jetpack_dont_email_post_to_subs":false,"_jetpack_newsletter_tier_id":0,"_jetpack_memberships_contains_paywalled_content":false,"_jetpack_memberships_contains_paid_content":false,"footnotes":"","jetpack_publicize_message":"","jetpack_publicize_feature_enabled":true,"jetpack_social_post_already_shared":true,"jetpack_social_options":{"image_generator_settings":{"template":"highway","default_image_id":0,"font":"","enabled":false},"version":2}},"categories":[2],"tags":[],"class_list":["post-84041","post","type-post","status-publish","format-standard","hentry","category-geral"],"aioseo_notices":[],"jetpack_publicize_connections":[],"jetpack_featured_media_url":"","jetpack_shortlink":"https:\/\/wp.me\/pbKhrD-lRv","jetpack-related-posts":[{"id":77287,"url":"https:\/\/www.jornalja.com.br\/geral\/suicidio-causou-mais-mortes-em-policiais-do-que-confronto-com-crime\/","url_meta":{"origin":84041,"position":0},"title":"Suic\u00eddio causou mais mortes em policiais do que confronto com crime","author":"Carlos Matsubara","date":"11 de setembro de 2019","format":false,"excerpt":"A 13\u00aa edi\u00e7\u00e3o do Anu\u00e1rio Brasileiro de Seguran\u00e7a P\u00fablica registra exposi\u00e7\u00e3o \u00e0 viol\u00eancia fatal a que os policiais brasileiros est\u00e3o sujeitos. Em 2018, 343 policiais civis e militares foram assassinados, 75% dos casos ocorreram quando estavam fora de servi\u00e7o e n\u00e3o durante opera\u00e7\u00f5es de combate \u00e0 criminalidade. A viol\u00eancia a\u2026","rel":"","context":"Em &quot;Geral-MAT\u00c9RIA&quot;","block_context":{"text":"Geral-MAT\u00c9RIA","link":"https:\/\/www.jornalja.com.br\/geral\/category\/geral\/"},"img":{"alt_text":"","src":"","width":0,"height":0},"classes":[]},{"id":86858,"url":"https:\/\/www.jornalja.com.br\/geral\/registros-de-armas-aumentam-300-no-governo-bolsonaro\/","url_meta":{"origin":84041,"position":1},"title":"Registros de armas aumentam 300% no governo Bolsonaro","author":"da Reda\u00e7\u00e3o","date":"14 de dezembro de 2020","format":false,"excerpt":"Triplicaram os registros e a importa\u00e7\u00e3o de armas desde o in\u00edcio do governo Bolsonaro, em janeiro de 2019. Os dados est\u00e3o num levantamento publicado nesta segunda feira pelo site Poder 360 com base em informa\u00e7\u00f5es da Pol\u00edcia Federal. Em 2020, os registros de armas bateram o recorde na s\u00e9rie hist\u00f3rica,\u2026","rel":"","context":"Em &quot;Geral-MAT\u00c9RIA&quot;","block_context":{"text":"Geral-MAT\u00c9RIA","link":"https:\/\/www.jornalja.com.br\/geral\/category\/geral\/"},"img":{"alt_text":"","src":"https:\/\/i0.wp.com\/www.jornalja.com.br\/geral\/wp-content\/uploads\/sites\/4\/2020\/12\/bolsonaro-registro-de-armas.png?resize=350%2C200&ssl=1","width":350,"height":200,"srcset":"https:\/\/i0.wp.com\/www.jornalja.com.br\/geral\/wp-content\/uploads\/sites\/4\/2020\/12\/bolsonaro-registro-de-armas.png?resize=350%2C200&ssl=1 1x, https:\/\/i0.wp.com\/www.jornalja.com.br\/geral\/wp-content\/uploads\/sites\/4\/2020\/12\/bolsonaro-registro-de-armas.png?resize=525%2C300&ssl=1 1.5x, https:\/\/i0.wp.com\/www.jornalja.com.br\/geral\/wp-content\/uploads\/sites\/4\/2020\/12\/bolsonaro-registro-de-armas.png?resize=700%2C400&ssl=1 2x"},"classes":[]},{"id":76791,"url":"https:\/\/www.jornalja.com.br\/geral\/rs-e-um-dos-estados-onde-mais-policiais-se-matam\/","url_meta":{"origin":84041,"position":2},"title":"RS \u00e9 um dos Estados onde mais policiais se matam","author":"Carlos Matsubara","date":"28 de agosto de 2019","format":false,"excerpt":"\u00a0 Por Carlos Matsubara No Rio Grande do Sul, ocorreram 50 suic\u00eddios de brigadianos, entre 2008 e 2018. Os dados s\u00e3o da Associa\u00e7\u00e3o dos Oficiais da Brigada Militar e do Corpo de Bombeiros (ASOFBM), e foram apresentados na manh\u00e3 desta quarta-feira (28), em Porto Alegre. Na popula\u00e7\u00e3o ga\u00facha, a incid\u00eancia\u2026","rel":"","context":"Em &quot;Geral-MAT\u00c9RIA&quot;","block_context":{"text":"Geral-MAT\u00c9RIA","link":"https:\/\/www.jornalja.com.br\/geral\/category\/geral\/"},"img":{"alt_text":"","src":"","width":0,"height":0},"classes":[]},{"id":93028,"url":"https:\/\/www.jornalja.com.br\/geral\/governo-facilitou-a-posse-de-armas-mas-controle-ainda-e-falho\/","url_meta":{"origin":84041,"position":3},"title":"Governo facilitou a posse de armas mas controle ainda \u00e9 falho","author":"Elmar Bones","date":"7 de julho de 2022","format":false,"excerpt":"O Ex\u00e9rcito indicou n\u00e3o ter uma base de dados com a idade e o sexo dos ca\u00e7adores, atiradores e colecionadores de armas. A falta de informa\u00e7\u00f5es consolidadas ocorre em meio ao crescimento dos CACs no pa\u00eds, que no governo Bolsonaro saltou de 117.500 para 638.800, um crescimento de 474%,\u00a0 segundo\u2026","rel":"","context":"Em &quot;Geral-NOTAS&quot;","block_context":{"text":"Geral-NOTAS","link":"https:\/\/www.jornalja.com.br\/geral\/category\/geral-notas\/"},"img":{"alt_text":"","src":"","width":0,"height":0},"classes":[]},{"id":76933,"url":"https:\/\/www.jornalja.com.br\/geral\/setembro-amarelo-tera-foco-em-prevencao-do-suicidio-entre-os-jovens\/","url_meta":{"origin":84041,"position":4},"title":"Setembro Amarelo ter\u00e1 foco em preven\u00e7\u00e3o do suic\u00eddio entre os jovens","author":"Carlos Matsubara","date":"2 de setembro de 2019","format":false,"excerpt":"O Minist\u00e9rio da Sa\u00fade vai aproveitar setembro, m\u00eas de conscientiza\u00e7\u00e3o sobre a import\u00e2ncia da preven\u00e7\u00e3o do suic\u00eddio, para enfatizar a necessidade de aten\u00e7\u00e3o especial com o bem-estar e a sa\u00fade mental de crian\u00e7as e adolescentes. Segundo o ministro Luiz Henrique Mandetta, o foco das a\u00e7\u00f5es desenvolvidas pela pasta durante o\u2026","rel":"","context":"Em &quot;Geral-MAT\u00c9RIA&quot;","block_context":{"text":"Geral-MAT\u00c9RIA","link":"https:\/\/www.jornalja.com.br\/geral\/category\/geral\/"},"img":{"alt_text":"","src":"","width":0,"height":0},"classes":[]},{"id":87207,"url":"https:\/\/www.jornalja.com.br\/geral\/passando-a-boiada-decretos-sobre-armas-sairam-em-edicao-extra-sexta-feira-a-noite\/","url_meta":{"origin":84041,"position":5},"title":"Passando a boiada: decretos sobre armas sairam em edi\u00e7\u00e3o extra, sexta-feira \u00e0 noite","author":"da Reda\u00e7\u00e3o","date":"15 de fevereiro de 2021","format":false,"excerpt":"O presidente Jair Bolsonaro assinou quatro decretos que facilitam o uso e a compra de armas de fogo no pa\u00eds. Os atos foram publicados em edi\u00e7\u00e3o extra do \"Di\u00e1rio Oficial da Uni\u00e3o\" na noite de sexta-feira, v\u00e9spera de Carnaval. \u00c9 o expediente comum para diluir a repercuss\u00e3o de medidas pol\u00eamicas.\u2026","rel":"","context":"Em &quot;Geral-MAT\u00c9RIA&quot;","block_context":{"text":"Geral-MAT\u00c9RIA","link":"https:\/\/www.jornalja.com.br\/geral\/category\/geral\/"},"img":{"alt_text":"","src":"https:\/\/i0.wp.com\/www.jornalja.com.br\/geral\/wp-content\/uploads\/sites\/4\/2021\/02\/arma-de-fogo-arquivo-agencia-brasil.jpg?resize=350%2C200&ssl=1","width":350,"height":200,"srcset":"https:\/\/i0.wp.com\/www.jornalja.com.br\/geral\/wp-content\/uploads\/sites\/4\/2021\/02\/arma-de-fogo-arquivo-agencia-brasil.jpg?resize=350%2C200&ssl=1 1x, https:\/\/i0.wp.com\/www.jornalja.com.br\/geral\/wp-content\/uploads\/sites\/4\/2021\/02\/arma-de-fogo-arquivo-agencia-brasil.jpg?resize=525%2C300&ssl=1 1.5x, https:\/\/i0.wp.com\/www.jornalja.com.br\/geral\/wp-content\/uploads\/sites\/4\/2021\/02\/arma-de-fogo-arquivo-agencia-brasil.jpg?resize=700%2C400&ssl=1 2x, https:\/\/i0.wp.com\/www.jornalja.com.br\/geral\/wp-content\/uploads\/sites\/4\/2021\/02\/arma-de-fogo-arquivo-agencia-brasil.jpg?resize=1050%2C600&ssl=1 3x"},"classes":[]}],"jetpack_sharing_enabled":true,"_links":{"self":[{"href":"https:\/\/www.jornalja.com.br\/geral\/wp-json\/wp\/v2\/posts\/84041","targetHints":{"allow":["GET"]}}],"collection":[{"href":"https:\/\/www.jornalja.com.br\/geral\/wp-json\/wp\/v2\/posts"}],"about":[{"href":"https:\/\/www.jornalja.com.br\/geral\/wp-json\/wp\/v2\/types\/post"}],"author":[{"embeddable":true,"href":"https:\/\/www.jornalja.com.br\/geral\/wp-json\/wp\/v2\/users\/4"}],"replies":[{"embeddable":true,"href":"https:\/\/www.jornalja.com.br\/geral\/wp-json\/wp\/v2\/comments?post=84041"}],"version-history":[{"count":2,"href":"https:\/\/www.jornalja.com.br\/geral\/wp-json\/wp\/v2\/posts\/84041\/revisions"}],"predecessor-version":[{"id":84043,"href":"https:\/\/www.jornalja.com.br\/geral\/wp-json\/wp\/v2\/posts\/84041\/revisions\/84043"}],"wp:attachment":[{"href":"https:\/\/www.jornalja.com.br\/geral\/wp-json\/wp\/v2\/media?parent=84041"}],"wp:term":[{"taxonomy":"category","embeddable":true,"href":"https:\/\/www.jornalja.com.br\/geral\/wp-json\/wp\/v2\/categories?post=84041"},{"taxonomy":"post_tag","embeddable":true,"href":"https:\/\/www.jornalja.com.br\/geral\/wp-json\/wp\/v2\/tags?post=84041"}],"curies":[{"name":"wp","href":"https:\/\/api.w.org\/{rel}","templated":true}]}}