{"id":84363,"date":"2020-06-29T07:17:09","date_gmt":"2020-06-29T10:17:09","guid":{"rendered":"https:\/\/www.jornalja.com.br\/geral\/?p=84363"},"modified":"2020-06-29T07:17:09","modified_gmt":"2020-06-29T10:17:09","slug":"china-explora-o-lado-oculto-da-lua","status":"publish","type":"post","link":"https:\/\/www.jornalja.com.br\/geral\/china-explora-o-lado-oculto-da-lua\/","title":{"rendered":"China explora o lado oculto da lua"},"content":{"rendered":"<p>O ve\u00edculo explorador chin\u00eas Yutu-2, ou Coelho de Jade-2, percorreu 463 metros no lado oculto da Lua para conduzir a explora\u00e7\u00e3o cient\u00edfica do territ\u00f3rio inexplorado.<\/p>\n<p>Tanto o pousador como o ve\u00edculo explorador da sonda chinesa, Chang&#8217;e-4, terminaram seu trabalho no 19\u00ba dia lunar, e entraram em modo dormente para a noite lunar devido \u00e0 falta de energia solar, segundo o Centro para Explora\u00e7\u00e3o Lunar e Programa Espacial da Administra\u00e7\u00e3o Nacional Aeroespacial da China.<\/p>\n<p>A sonda Chang&#8217;e-4, lan\u00e7ada em 8 de dezembro de 2018, fez o primeiro pouso suave da hist\u00f3ria na Cratera de Von Karman na Bacia do Polo Sul-Aitken, no lado escuro da Lua, em 3 de janeiro de 2019.<\/p>\n<p>Como resultado do efeito de trava gravitacional, o ciclo de revolu\u00e7\u00e3o da Lua \u00e9 o mesmo que seu ciclo de rota\u00e7\u00e3o, e o mesmo lado fica sempre virado para a Terra.<\/p>\n<p>Um dia lunar \u00e9 igual a 14 dias na Terra e uma noite lunar tem a mesma dura\u00e7\u00e3o.<\/p>\n<p>Durante o 19\u00ba dia lunar, o Yutu-2 examinou uma cratera pequena a cerca de tr\u00eas metros ao sudoeste da sonda e obteve um novo lote de dados de detec\u00e7\u00e3o cient\u00edfica.<\/p>\n","protected":false},"excerpt":{"rendered":"<p>O ve\u00edculo explorador chin\u00eas Yutu-2, ou Coelho de Jade-2, percorreu 463 metros no lado oculto da Lua para conduzir a explora\u00e7\u00e3o cient\u00edfica do territ\u00f3rio inexplorado. Tanto o pousador como o ve\u00edculo explorador da sonda chinesa, Chang&#8217;e-4, terminaram seu trabalho no 19\u00ba dia lunar, e entraram em modo dormente para a noite lunar devido \u00e0 falta [&hellip;]<\/p>\n","protected":false},"author":4,"featured_media":84364,"comment_status":"open","ping_status":"open","sticky":false,"template":"","format":"standard","meta":{"jetpack_post_was_ever_published":false,"_jetpack_newsletter_access":"","_jetpack_dont_email_post_to_subs":false,"_jetpack_newsletter_tier_id":0,"_jetpack_memberships_contains_paywalled_content":false,"_jetpack_memberships_contains_paid_content":false,"footnotes":"","jetpack_publicize_message":"","jetpack_publicize_feature_enabled":true,"jetpack_social_post_already_shared":true,"jetpack_social_options":{"image_generator_settings":{"template":"highway","default_image_id":0,"font":"","enabled":false},"version":2}},"categories":[28],"tags":[],"class_list":["post-84363","post","type-post","status-publish","format-standard","has-post-thumbnail","hentry","category-geral-notas"],"aioseo_notices":[],"jetpack_publicize_connections":[],"jetpack_featured_media_url":"https:\/\/www.jornalja.com.br\/geral\/wp-content\/uploads\/sites\/4\/2020\/06\/china-explora-o-lado-oculto-da-lua.jpg","jetpack_shortlink":"https:\/\/wp.me\/pbKhrD-lWH","jetpack-related-posts":[{"id":91422,"url":"https:\/\/www.jornalja.com.br\/geral\/telescopio-de-10-bilhoes-de-dolares-sera-lancado-no-natal-para-explorar-as-origens-do-universo\/","url_meta":{"origin":84363,"position":0},"title":"Telesc\u00f3pio de 10 bilh\u00f5es de d\u00f3lares ser\u00e1 lan\u00e7ado no Natal para explorar as origens do universo","author":"da Reda\u00e7\u00e3o","date":"22 de dezembro de 2021","format":false,"excerpt":"O telesc\u00f3pio James Webb, o maior e mais potente instrumento de observa\u00e7\u00e3o j\u00e1 constru\u00eddo, ser\u00e1 lan\u00e7ado ao espa\u00e7o neste dia 25, para\u00a0 explorar as origens do Universo. A decolagem ser\u00e1 em \"uma janela de lan\u00e7amento que come\u00e7a \u00e0s 12h20min GMT,\u00a0 e durar\u00e1 32 minutos, segundo informou a Ag\u00eancia Espacial Europeia\u2026","rel":"","context":"Em &quot;Geral-MAT\u00c9RIA&quot;","block_context":{"text":"Geral-MAT\u00c9RIA","link":"https:\/\/www.jornalja.com.br\/geral\/category\/geral\/"},"img":{"alt_text":"","src":"https:\/\/i0.wp.com\/www.jornalja.com.br\/geral\/wp-content\/uploads\/sites\/4\/2021\/12\/telescopio-2.png?resize=350%2C200&ssl=1","width":350,"height":200,"srcset":"https:\/\/i0.wp.com\/www.jornalja.com.br\/geral\/wp-content\/uploads\/sites\/4\/2021\/12\/telescopio-2.png?resize=350%2C200&ssl=1 1x, https:\/\/i0.wp.com\/www.jornalja.com.br\/geral\/wp-content\/uploads\/sites\/4\/2021\/12\/telescopio-2.png?resize=525%2C300&ssl=1 1.5x, https:\/\/i0.wp.com\/www.jornalja.com.br\/geral\/wp-content\/uploads\/sites\/4\/2021\/12\/telescopio-2.png?resize=700%2C400&ssl=1 2x"},"classes":[]},{"id":80643,"url":"https:\/\/www.jornalja.com.br\/geral\/organizacao-mundial-da-saude-avalia-risco-de-pandemia-por-virus-que-ja-matou-9-na-china\/","url_meta":{"origin":84363,"position":1},"title":"Organiza\u00e7\u00e3o Mundial da Sa\u00fade avalia risco de pandemia por virus que j\u00e1 matou 9 na China","author":"da Reda\u00e7\u00e3o","date":"22 de janeiro de 2020","format":false,"excerpt":"A OMS far\u00e1 uma reuni\u00e3o de emerg\u00eancia nesta quarta-feira, 22, para avaliar os riscos de uma pandemia de pneumonia, causada por um novo tipo de coronavirus que surgiu na China e j\u00e1 causou nove mortes. Com o feriado de Ano Novo Lunar que inicia na sexta-feira 25,\u00a0 milh\u00f5es de chineses\u2026","rel":"","context":"Em &quot;Geral-MAT\u00c9RIA&quot;","block_context":{"text":"Geral-MAT\u00c9RIA","link":"https:\/\/www.jornalja.com.br\/geral\/category\/geral\/"},"img":{"alt_text":"","src":"","width":0,"height":0},"classes":[]},{"id":98895,"url":"https:\/\/www.jornalja.com.br\/geral\/china-realizara-primeira-olimpiada-de-robos-humanoides-em-agosto\/","url_meta":{"origin":84363,"position":2},"title":"China realizar\u00e1 primeira olimp\u00edada de rob\u00f4s human\u00f3ides em agosto","author":"Elmar Bones","date":"9 de maio de 2025","format":false,"excerpt":"Beijing, 8 mai (Xinhua) -- A China sediar\u00e1 a Confer\u00eancia Mundial de Rob\u00f4s 2025 e os inaugurais Jogos Mundiais de Rob\u00f4s Humanoides\u00a0 em agosto, de acordo com uma coletiva de imprensa na quarta-feira, 7\/5. A confer\u00eancia (WRC) acontecer\u00e1 de 8 a 12 de agosto, seguida pelos Jogos MUndiais (WHRC) de\u2026","rel":"","context":"Em &quot;Geral-MAT\u00c9RIA&quot;","block_context":{"text":"Geral-MAT\u00c9RIA","link":"https:\/\/www.jornalja.com.br\/geral\/category\/geral\/"},"img":{"alt_text":"","src":"https:\/\/i0.wp.com\/www.jornalja.com.br\/geral\/wp-content\/uploads\/sites\/4\/2025\/05\/china-olimpiada-da-robos.jpg?resize=350%2C200&ssl=1","width":350,"height":200,"srcset":"https:\/\/i0.wp.com\/www.jornalja.com.br\/geral\/wp-content\/uploads\/sites\/4\/2025\/05\/china-olimpiada-da-robos.jpg?resize=350%2C200&ssl=1 1x, https:\/\/i0.wp.com\/www.jornalja.com.br\/geral\/wp-content\/uploads\/sites\/4\/2025\/05\/china-olimpiada-da-robos.jpg?resize=525%2C300&ssl=1 1.5x, https:\/\/i0.wp.com\/www.jornalja.com.br\/geral\/wp-content\/uploads\/sites\/4\/2025\/05\/china-olimpiada-da-robos.jpg?resize=700%2C400&ssl=1 2x"},"classes":[]},{"id":101182,"url":"https:\/\/www.jornalja.com.br\/geral\/viaduto-restaurado-1-guarda-municipal-vigia-24-horas-para-evitar-pichacoes-antes-da-inauguracao\/","url_meta":{"origin":84363,"position":3},"title":"Viaduto restaurado (1): Guarda Municipal vigia 24 horas para evitar picha\u00e7\u00f5es antes da inaugura\u00e7\u00e3o","author":"Elmar Bones","date":"28 de abril de 2026","format":false,"excerpt":"Desde 1\u00ba de abril, est\u00e1 oficialmente conclu\u00edda a mais completa restaura\u00e7\u00e3o do Viaduto Ot\u00e1vio Rocha, uma das maiores obras vi\u00e1rias e, ao mesmo tempo, o principal monumento de Porto Alegre. Retirados os tapumes e aberto ao p\u00fablico e ao tr\u00e2nsito, o viaduto est\u00e1, desde ent\u00e3o, sob a vigil\u00e2ncia permanente da\u2026","rel":"","context":"Em &quot;Geral-MAT\u00c9RIA&quot;","block_context":{"text":"Geral-MAT\u00c9RIA","link":"https:\/\/www.jornalja.com.br\/geral\/category\/geral\/"},"img":{"alt_text":"","src":"https:\/\/i0.wp.com\/www.jornalja.com.br\/geral\/wp-content\/uploads\/sites\/4\/2026\/04\/img-20260426-160651-scaled.jpg?resize=350%2C200&ssl=1","width":350,"height":200,"srcset":"https:\/\/i0.wp.com\/www.jornalja.com.br\/geral\/wp-content\/uploads\/sites\/4\/2026\/04\/img-20260426-160651-scaled.jpg?resize=350%2C200&ssl=1 1x, https:\/\/i0.wp.com\/www.jornalja.com.br\/geral\/wp-content\/uploads\/sites\/4\/2026\/04\/img-20260426-160651-scaled.jpg?resize=525%2C300&ssl=1 1.5x, https:\/\/i0.wp.com\/www.jornalja.com.br\/geral\/wp-content\/uploads\/sites\/4\/2026\/04\/img-20260426-160651-scaled.jpg?resize=700%2C400&ssl=1 2x, https:\/\/i0.wp.com\/www.jornalja.com.br\/geral\/wp-content\/uploads\/sites\/4\/2026\/04\/img-20260426-160651-scaled.jpg?resize=1050%2C600&ssl=1 3x, https:\/\/i0.wp.com\/www.jornalja.com.br\/geral\/wp-content\/uploads\/sites\/4\/2026\/04\/img-20260426-160651-scaled.jpg?resize=1400%2C800&ssl=1 4x"},"classes":[]},{"id":100437,"url":"https:\/\/www.jornalja.com.br\/geral\/com-7-500-lojas-mcdonalds-esta-presente-em-todas-as-provincias-da-china-o-governo-comemora\/","url_meta":{"origin":84363,"position":4},"title":"Com 7.500 lojas, McDonald&#8217;s est\u00e1 presente em todas as provincias da China; o governo comunista comemora","author":"da Reda\u00e7\u00e3o","date":"23 de dezembro de 2025","format":false,"excerpt":"Da\u00a0 Ag\u00eancia Estatal da China (Xinhua) O gigante do fast-food McDonald's abriu seus primeiros restaurantes na Regi\u00e3o Aut\u00f4noma da Etnia Hui de Ningxia e na Prov\u00edncia de Qinghai, no noroeste da China, no \u00faltimo fim de semana, estendendo a presen\u00e7a da marca para todas as prov\u00edncias na parte continental da\u2026","rel":"","context":"Em &quot;Geral-MAT\u00c9RIA&quot;","block_context":{"text":"Geral-MAT\u00c9RIA","link":"https:\/\/www.jornalja.com.br\/geral\/category\/geral\/"},"img":{"alt_text":"","src":"https:\/\/i0.wp.com\/www.jornalja.com.br\/geral\/wp-content\/uploads\/sites\/4\/2025\/12\/china-mcdonalds.jpeg?resize=350%2C200&ssl=1","width":350,"height":200,"srcset":"https:\/\/i0.wp.com\/www.jornalja.com.br\/geral\/wp-content\/uploads\/sites\/4\/2025\/12\/china-mcdonalds.jpeg?resize=350%2C200&ssl=1 1x, https:\/\/i0.wp.com\/www.jornalja.com.br\/geral\/wp-content\/uploads\/sites\/4\/2025\/12\/china-mcdonalds.jpeg?resize=525%2C300&ssl=1 1.5x, https:\/\/i0.wp.com\/www.jornalja.com.br\/geral\/wp-content\/uploads\/sites\/4\/2025\/12\/china-mcdonalds.jpeg?resize=700%2C400&ssl=1 2x"},"classes":[]},{"id":100515,"url":"https:\/\/www.jornalja.com.br\/geral\/trump-brinca-de-xerife-e-manda-recado-aos-chineses\/","url_meta":{"origin":84363,"position":5},"title":"Trump brinca de xerife e manda recado aos chineses","author":"da Reda\u00e7\u00e3o","date":"6 de janeiro de 2026","format":false,"excerpt":"\"Este \u00e9 o nosso hemisf\u00e9rio\".\u00a0 A frase, sobre uma fotografia de Donald Trump com ares de xerife dur\u00e3o, foi publicada em rede social pelo Departamento de Estado dos EUA, nesta segunda-feira, dois dias depois do sequestro de Nicolas Maduro na Venezuela. \u201cEste \u00e9 o NOSSO hemisf\u00e9rio, e o presidente Trump\u2026","rel":"","context":"Em &quot;Geral-MAT\u00c9RIA&quot;","block_context":{"text":"Geral-MAT\u00c9RIA","link":"https:\/\/www.jornalja.com.br\/geral\/category\/geral\/"},"img":{"alt_text":"","src":"https:\/\/i0.wp.com\/www.jornalja.com.br\/geral\/wp-content\/uploads\/sites\/4\/2026\/01\/trump-esse-e-o-nosso-hsmisferio.png?resize=350%2C200&ssl=1","width":350,"height":200},"classes":[]}],"jetpack_sharing_enabled":true,"_links":{"self":[{"href":"https:\/\/www.jornalja.com.br\/geral\/wp-json\/wp\/v2\/posts\/84363","targetHints":{"allow":["GET"]}}],"collection":[{"href":"https:\/\/www.jornalja.com.br\/geral\/wp-json\/wp\/v2\/posts"}],"about":[{"href":"https:\/\/www.jornalja.com.br\/geral\/wp-json\/wp\/v2\/types\/post"}],"author":[{"embeddable":true,"href":"https:\/\/www.jornalja.com.br\/geral\/wp-json\/wp\/v2\/users\/4"}],"replies":[{"embeddable":true,"href":"https:\/\/www.jornalja.com.br\/geral\/wp-json\/wp\/v2\/comments?post=84363"}],"version-history":[{"count":2,"href":"https:\/\/www.jornalja.com.br\/geral\/wp-json\/wp\/v2\/posts\/84363\/revisions"}],"predecessor-version":[{"id":84376,"href":"https:\/\/www.jornalja.com.br\/geral\/wp-json\/wp\/v2\/posts\/84363\/revisions\/84376"}],"wp:featuredmedia":[{"embeddable":true,"href":"https:\/\/www.jornalja.com.br\/geral\/wp-json\/wp\/v2\/media\/84364"}],"wp:attachment":[{"href":"https:\/\/www.jornalja.com.br\/geral\/wp-json\/wp\/v2\/media?parent=84363"}],"wp:term":[{"taxonomy":"category","embeddable":true,"href":"https:\/\/www.jornalja.com.br\/geral\/wp-json\/wp\/v2\/categories?post=84363"},{"taxonomy":"post_tag","embeddable":true,"href":"https:\/\/www.jornalja.com.br\/geral\/wp-json\/wp\/v2\/tags?post=84363"}],"curies":[{"name":"wp","href":"https:\/\/api.w.org\/{rel}","templated":true}]}}