{"id":85216,"date":"2020-05-06T15:54:52","date_gmt":"2020-05-06T18:54:52","guid":{"rendered":"https:\/\/www.jornalja.com.br\/?p=81880"},"modified":"2020-08-30T14:08:13","modified_gmt":"2020-08-30T17:08:13","slug":"confira-a-transmissao-do-debate-governo-bolsonaro-crise-permanente-e-ameaca-de-autogolpe","status":"publish","type":"post","link":"https:\/\/www.jornalja.com.br\/geral\/confira-a-transmissao-do-debate-governo-bolsonaro-crise-permanente-e-ameaca-de-autogolpe\/","title":{"rendered":"Confira a transmiss\u00e3o do debate &#8220;Governo Bolsonaro: crise permanente e amea\u00e7a de autogolpe&#8221;"},"content":{"rendered":"<p><a href=\"http:\/\/youtu.be\/q3VF3c0V51E\" target=\"_blank\" rel=\"noopener noreferrer\"><span style=\"color: #f5a800;\">Confira a transmiss\u00e3o clicando aqui.<\/span><\/a><\/p>\n<p><img decoding=\"async\" class=\"size-medium wp-image-81881 alignright\" src=\"https:\/\/www.jornalja.com.br\/wp-content\/uploads\/2020\/05\/comite_cartaz_maio-350x350.jpg\" alt=\"Cartaz_comite_debate\" width=\"350\" height=\"350\" \/>A edi\u00e7\u00e3o de maio dos \u201cDebates Mensais Sobre Conjuntura Econ\u00f4mica\u201d, que ocorre a partir das 18 horas de sexta-feira, dia 8 de maio e ter\u00e1 transmiss\u00e3o pelos canais do Comit\u00ea em Defesa da Democracia e do Estado Democr\u00e1tico de Direito (Facebook e <a href=\"http:\/\/www.youtube.com\/channel\/UCy3ilSpq7_s2WpaH28dZ0XA\/videos\" target=\"_blank\" rel=\"noopener noreferrer\">Youtube<\/a>) e tamb\u00e9m pelas redes sociais da Rede Soberania, Brasil de Fato e <a href=\"https:\/\/www.jornalja.com.br\" target=\"_blank\" rel=\"noopener noreferrer\">Jornal J\u00c1 Porto Alegre<\/a>. O tema do encontro ser\u00e1 <em>Governo Bolsonaro: crise permanente e amea\u00e7a de autogolpe<\/em>, com a participa\u00e7\u00e3o dos debatedores convidados <strong>Cl\u00e1udio Couto<\/strong> e <strong>Silvia Capanema<\/strong>. Os mediadores ser\u00e3o a Soci\u00f3loga <strong>Naia Oliveira<\/strong> e o cientista pol\u00edtico<strong> Benedito Tadeu C\u00e9sar<\/strong>.<\/p>\n<p><em>Debatedores:<\/em> <strong>Cl\u00e1udio Couto<\/strong>, cientista pol\u00edtico, professor da FGV EAESP, editor do canal de YouTube e do podcast \u201cFora da Pol\u00edtica N\u00e3o h\u00e1 Salva\u00e7\u00e3o\u201d.<br \/>\n<strong>Silvia Capanema<\/strong>, historiadora, professora da Universidade Paris-13 Sorbonne Paris Nord, vereadora da cidade de Saint-Denis, presidente e co-fundadora da RED-Br (Rede Europeia pela Democracia no Brasil).<\/p>\n<p><a href=\"http:\/\/youtu.be\/q3VF3c0V51E\" target=\"_blank\" rel=\"noopener noreferrer\"><span style=\"color: #f5a800;\">Confira a transmiss\u00e3o clicando aqui.<\/span><\/a><\/p>\n","protected":false},"excerpt":{"rendered":"<p>Confira a transmiss\u00e3o clicando aqui. A edi\u00e7\u00e3o de maio dos \u201cDebates Mensais Sobre Conjuntura Econ\u00f4mica\u201d, que ocorre a partir das 18 horas de sexta-feira, dia 8 de maio e ter\u00e1 transmiss\u00e3o pelos canais do Comit\u00ea em Defesa da Democracia e do Estado Democr\u00e1tico de Direito (Facebook e Youtube) e tamb\u00e9m pelas redes sociais da Rede [&hellip;]<\/p>\n","protected":false},"author":4,"featured_media":0,"comment_status":"open","ping_status":"open","sticky":false,"template":"","format":"standard","meta":{"jetpack_post_was_ever_published":false,"_jetpack_newsletter_access":"","_jetpack_dont_email_post_to_subs":false,"_jetpack_newsletter_tier_id":0,"_jetpack_memberships_contains_paywalled_content":false,"_jetpack_memberships_contains_paid_content":false,"footnotes":"","jetpack_publicize_message":"","jetpack_publicize_feature_enabled":true,"jetpack_social_post_already_shared":true,"jetpack_social_options":{"image_generator_settings":{"template":"highway","default_image_id":0,"font":"","enabled":false},"version":2}},"categories":[28],"tags":[],"class_list":["post-85216","post","type-post","status-publish","format-standard","hentry","category-geral-notas"],"aioseo_notices":[],"jetpack_publicize_connections":[],"jetpack_featured_media_url":"","jetpack_shortlink":"https:\/\/wp.me\/pbKhrD-mas","jetpack-related-posts":[{"id":85218,"url":"https:\/\/www.jornalja.com.br\/geral\/celso-amorim-e-aldo-rebelo-participam-do-debate-sobre-a-questao-militar-no-brasil\/","url_meta":{"origin":85216,"position":0},"title":"Celso Amorim e  Aldo Rebelo participam do debate sobre a quest\u00e3o militar no Brasil","author":"da Reda\u00e7\u00e3o","date":"21 de maio de 2020","format":false,"excerpt":"Confira como foi a transmiss\u00e3o do debate clicando aqui. \"A Quest\u00e3o Militar no Brasil Hoje\" ser\u00e1 o tema de mais uma edi\u00e7\u00e3o dos Debates Mensais sobre Conjuntura Pol\u00edtica do Comit\u00ea em Defesa da Democracia e do Estado Democr\u00e1tico de Direito, evento que ser\u00e1 realizado na pr\u00f3xima sexta-feira, dia 22 de\u2026","rel":"","context":"Em &quot;Geral-NOTAS&quot;","block_context":{"text":"Geral-NOTAS","link":"https:\/\/www.jornalja.com.br\/geral\/category\/geral-notas\/"},"img":{"alt_text":"","src":"https:\/\/i0.wp.com\/www.jornalja.com.br\/wp-content\/uploads\/2020\/05\/comite_22052020-350x350.jpg?resize=350%2C200&ssl=1","width":350,"height":200},"classes":[]},{"id":100277,"url":"https:\/\/www.jornalja.com.br\/geral\/unanimidade-stf-mantem-prisao-preventiva-do-ex-presidente-jair-bolsonaro\/","url_meta":{"origin":85216,"position":1},"title":"Unanimidade:  STF mant\u00e9m pris\u00e3o preventiva do ex-presidente Jair Bolsonaro","author":"da Reda\u00e7\u00e3o","date":"24 de novembro de 2025","format":false,"excerpt":"Por unanimidade, a Primeira Turma do Supremo Tribunal Federal (STF) manteve, nesta segunda-feira (24), a decis\u00e3o do ministro Alexandre de Moraes que decretou a pris\u00e3o preventiva do ex-presidente da Rep\u00fablica Jair Bolsonaro. A medida foi analisada em sess\u00e3o extraordin\u00e1ria virtual,\u00a0 com encerramento \u00e0s 20h, mas no fim da manh\u00e3 todos\u2026","rel":"","context":"Em &quot;Geral-MAT\u00c9RIA&quot;","block_context":{"text":"Geral-MAT\u00c9RIA","link":"https:\/\/www.jornalja.com.br\/geral\/category\/geral\/"},"img":{"alt_text":"","src":"https:\/\/i0.wp.com\/www.jornalja.com.br\/geral\/wp-content\/uploads\/sites\/4\/2025\/11\/bolsonaro-stf-mantem-prisao.jpg?resize=350%2C200&ssl=1","width":350,"height":200,"srcset":"https:\/\/i0.wp.com\/www.jornalja.com.br\/geral\/wp-content\/uploads\/sites\/4\/2025\/11\/bolsonaro-stf-mantem-prisao.jpg?resize=350%2C200&ssl=1 1x, https:\/\/i0.wp.com\/www.jornalja.com.br\/geral\/wp-content\/uploads\/sites\/4\/2025\/11\/bolsonaro-stf-mantem-prisao.jpg?resize=525%2C300&ssl=1 1.5x, https:\/\/i0.wp.com\/www.jornalja.com.br\/geral\/wp-content\/uploads\/sites\/4\/2025\/11\/bolsonaro-stf-mantem-prisao.jpg?resize=700%2C400&ssl=1 2x, https:\/\/i0.wp.com\/www.jornalja.com.br\/geral\/wp-content\/uploads\/sites\/4\/2025\/11\/bolsonaro-stf-mantem-prisao.jpg?resize=1050%2C600&ssl=1 3x, https:\/\/i0.wp.com\/www.jornalja.com.br\/geral\/wp-content\/uploads\/sites\/4\/2025\/11\/bolsonaro-stf-mantem-prisao.jpg?resize=1400%2C800&ssl=1 4x"},"classes":[]},{"id":100981,"url":"https:\/\/www.jornalja.com.br\/geral\/carta-de-porto-alegre-propoe-frente-global-em-defesa-da-democracia\/","url_meta":{"origin":85216,"position":2},"title":"&#8220;Carta de Porto Alegre&#8221; prop\u00f5e frente global em defesa da democracia","author":"da Reda\u00e7\u00e3o","date":"31 de mar\u00e7o de 2026","format":false,"excerpt":"Na quinta-feira, Ol\u00edvio Dutra foi o primeiro a falar. Disse que a luta contra o fascismo \u00e9, essencialmente, uma luta contra governos que n\u00e3o colocam a vida humana como prioridade central das pol\u00edticas p\u00fablicas. \u201cA democracia deve ser social e participativa, e n\u00e3o um instrumento controlado por minorias ou pelo\u2026","rel":"","context":"Em &quot;Geral-MAT\u00c9RIA&quot;","block_context":{"text":"Geral-MAT\u00c9RIA","link":"https:\/\/www.jornalja.com.br\/geral\/category\/geral\/"},"img":{"alt_text":"","src":"https:\/\/i0.wp.com\/www.jornalja.com.br\/geral\/wp-content\/uploads\/sites\/4\/2026\/03\/systemuploadsnews36af8a82acdf9331cdd-700x460xfit-0aec1.jpg?resize=350%2C200&ssl=1","width":350,"height":200,"srcset":"https:\/\/i0.wp.com\/www.jornalja.com.br\/geral\/wp-content\/uploads\/sites\/4\/2026\/03\/systemuploadsnews36af8a82acdf9331cdd-700x460xfit-0aec1.jpg?resize=350%2C200&ssl=1 1x, https:\/\/i0.wp.com\/www.jornalja.com.br\/geral\/wp-content\/uploads\/sites\/4\/2026\/03\/systemuploadsnews36af8a82acdf9331cdd-700x460xfit-0aec1.jpg?resize=525%2C300&ssl=1 1.5x, https:\/\/i0.wp.com\/www.jornalja.com.br\/geral\/wp-content\/uploads\/sites\/4\/2026\/03\/systemuploadsnews36af8a82acdf9331cdd-700x460xfit-0aec1.jpg?resize=700%2C400&ssl=1 2x"},"classes":[]},{"id":100261,"url":"https:\/\/www.jornalja.com.br\/geral\/elevado-risco-de-fuga-diz-alexandre-de-moraes-ao-decretar-a-prisao-de-bolsonaro\/","url_meta":{"origin":85216,"position":3},"title":"&#8220;Elevado risco de fuga&#8221;, diz Alexandre de Moraes ao decretar a pris\u00e3o de Bolsonaro","author":"da Reda\u00e7\u00e3o","date":"22 de novembro de 2025","format":false,"excerpt":"O ex-presidente Jair Bolsonaro foi preso por volta das seis horas da manh\u00e3 deste s\u00e1bado (22). Em nota, a Pol\u00edcia Federal informou que cumpriu um mandado de pris\u00e3o preventiva expedido pelo Supremo Tribunal Federal (STF). Na sexta-feira (21) o senador Fl\u00e1vio Bolsonaro (PL) convocou, pelas redes sociais uma vig\u00edlia de\u2026","rel":"","context":"Em &quot;Geral-MAT\u00c9RIA&quot;","block_context":{"text":"Geral-MAT\u00c9RIA","link":"https:\/\/www.jornalja.com.br\/geral\/category\/geral\/"},"img":{"alt_text":"","src":"https:\/\/i0.wp.com\/www.jornalja.com.br\/geral\/wp-content\/uploads\/sites\/4\/2025\/11\/bolsonaro-preso-2.png?resize=350%2C200&ssl=1","width":350,"height":200,"srcset":"https:\/\/i0.wp.com\/www.jornalja.com.br\/geral\/wp-content\/uploads\/sites\/4\/2025\/11\/bolsonaro-preso-2.png?resize=350%2C200&ssl=1 1x, https:\/\/i0.wp.com\/www.jornalja.com.br\/geral\/wp-content\/uploads\/sites\/4\/2025\/11\/bolsonaro-preso-2.png?resize=525%2C300&ssl=1 1.5x"},"classes":[]},{"id":86109,"url":"https:\/\/www.jornalja.com.br\/geral\/bolsonaro-e-o-uso-politico-de-jogo-da-selecao\/","url_meta":{"origin":85216,"position":4},"title":"Bolsonaro e o uso pol\u00edtico de jogo da sele\u00e7\u00e3o","author":"da Reda\u00e7\u00e3o","date":"14 de outubro de 2020","format":false,"excerpt":"O governo Bolsonaro entrou em campo na noite dessa ter\u00e7a-feira junto com a sele\u00e7\u00e3o de futebol do Brasil. Durante a transmiss\u00e3o do jogo da equipe brasileira contra a sele\u00e7\u00e3o do Peru, v\u00e1lido pelas eliminat\u00f3rias da pr\u00f3xima Copa do Mundo, o narrador Andr\u00e9 Marques, da TV Brasil, respons\u00e1vel pela transmiss\u00e3o do\u2026","rel":"","context":"Em &quot;Geral-MAT\u00c9RIA&quot;","block_context":{"text":"Geral-MAT\u00c9RIA","link":"https:\/\/www.jornalja.com.br\/geral\/category\/geral\/"},"img":{"alt_text":"","src":"https:\/\/i0.wp.com\/www.jornalja.com.br\/geral\/wp-content\/uploads\/sites\/4\/2020\/10\/reproducao-tv-brasil.jpg?resize=350%2C200&ssl=1","width":350,"height":200,"srcset":"https:\/\/i0.wp.com\/www.jornalja.com.br\/geral\/wp-content\/uploads\/sites\/4\/2020\/10\/reproducao-tv-brasil.jpg?resize=350%2C200&ssl=1 1x, https:\/\/i0.wp.com\/www.jornalja.com.br\/geral\/wp-content\/uploads\/sites\/4\/2020\/10\/reproducao-tv-brasil.jpg?resize=525%2C300&ssl=1 1.5x, https:\/\/i0.wp.com\/www.jornalja.com.br\/geral\/wp-content\/uploads\/sites\/4\/2020\/10\/reproducao-tv-brasil.jpg?resize=700%2C400&ssl=1 2x"},"classes":[]},{"id":100289,"url":"https:\/\/www.jornalja.com.br\/geral\/stf-encerra-julgamento-de-bolsonaro-27-anos-e-seis-meses-de-prisao\/","url_meta":{"origin":85216,"position":5},"title":"STF encerra julgamento de Bolsonaro: 27 anos e tr\u00eas meses de pris\u00e3o","author":"da Reda\u00e7\u00e3o","date":"25 de novembro de 2025","format":false,"excerpt":"O Supremo Tribunal Federal (STF) considerou que o processo do ex-presidente Jair Bolsonaro por golpe de Estado transitou em julgado. Ou seja: n\u00e3o cabem mais recursos. A decis\u00e3o foi anunciada no in\u00edcio da tarde desta ter\u00e7a-feira, 25 de novembro Al\u00e9m de Bolsonaro,\u00a0 foi concluso tamb\u00e9m julgamento de Alexandre Ramagem (PL-RJ),\u2026","rel":"","context":"Em &quot;Geral-MAT\u00c9RIA&quot;","block_context":{"text":"Geral-MAT\u00c9RIA","link":"https:\/\/www.jornalja.com.br\/geral\/category\/geral\/"},"img":{"alt_text":"","src":"https:\/\/i0.wp.com\/www.jornalja.com.br\/geral\/wp-content\/uploads\/sites\/4\/2025\/11\/bolsonaro-preso-2.png?resize=350%2C200&ssl=1","width":350,"height":200,"srcset":"https:\/\/i0.wp.com\/www.jornalja.com.br\/geral\/wp-content\/uploads\/sites\/4\/2025\/11\/bolsonaro-preso-2.png?resize=350%2C200&ssl=1 1x, https:\/\/i0.wp.com\/www.jornalja.com.br\/geral\/wp-content\/uploads\/sites\/4\/2025\/11\/bolsonaro-preso-2.png?resize=525%2C300&ssl=1 1.5x"},"classes":[]}],"jetpack_sharing_enabled":true,"_links":{"self":[{"href":"https:\/\/www.jornalja.com.br\/geral\/wp-json\/wp\/v2\/posts\/85216","targetHints":{"allow":["GET"]}}],"collection":[{"href":"https:\/\/www.jornalja.com.br\/geral\/wp-json\/wp\/v2\/posts"}],"about":[{"href":"https:\/\/www.jornalja.com.br\/geral\/wp-json\/wp\/v2\/types\/post"}],"author":[{"embeddable":true,"href":"https:\/\/www.jornalja.com.br\/geral\/wp-json\/wp\/v2\/users\/4"}],"replies":[{"embeddable":true,"href":"https:\/\/www.jornalja.com.br\/geral\/wp-json\/wp\/v2\/comments?post=85216"}],"version-history":[{"count":1,"href":"https:\/\/www.jornalja.com.br\/geral\/wp-json\/wp\/v2\/posts\/85216\/revisions"}],"predecessor-version":[{"id":85221,"href":"https:\/\/www.jornalja.com.br\/geral\/wp-json\/wp\/v2\/posts\/85216\/revisions\/85221"}],"wp:attachment":[{"href":"https:\/\/www.jornalja.com.br\/geral\/wp-json\/wp\/v2\/media?parent=85216"}],"wp:term":[{"taxonomy":"category","embeddable":true,"href":"https:\/\/www.jornalja.com.br\/geral\/wp-json\/wp\/v2\/categories?post=85216"},{"taxonomy":"post_tag","embeddable":true,"href":"https:\/\/www.jornalja.com.br\/geral\/wp-json\/wp\/v2\/tags?post=85216"}],"curies":[{"name":"wp","href":"https:\/\/api.w.org\/{rel}","templated":true}]}}