{"id":86053,"date":"2020-10-09T13:38:25","date_gmt":"2020-10-09T16:38:25","guid":{"rendered":"https:\/\/www.jornalja.com.br\/geral\/?p=86053"},"modified":"2026-08-05T16:08:38","modified_gmt":"2026-08-05T19:08:38","slug":"predios-abandonados-no-centro-de-porto-alegre-podem-gerar-20-mil-moradias","status":"publish","type":"post","link":"https:\/\/www.jornalja.com.br\/geral\/predios-abandonados-no-centro-de-porto-alegre-podem-gerar-20-mil-moradias\/","title":{"rendered":"Pr\u00e9dios abandonados no centro de Porto Alegre podem gerar 20 mil moradias"},"content":{"rendered":"\n<p class=\"wp-block-paragraph\"><strong>TIAGO BALTZ<\/strong><\/p>\n\n\n<p>Falta de di\u00e1logo. falta de projetos e, principalmente, falta de vontade pol\u00edtica. Estes s\u00e3o os fatores principais que explicam a inexist\u00eancia de uma programa adequado para moradia popular em Porto Alegre.<\/p>\n<p>Um exemplo do descaso s\u00e3o os pr\u00e9dios abandonados no centro da capital ( alguns h\u00e1 mais de 30 anos) que poderiam gerar 20 mil moradias, quase metade do deficit habitacional estimado na cidade.<\/p>\n<p>\u00c9 o diagn\u00f3stico dos convidados do J\u00c1, <a href=\"https:\/\/www.youtube.com\/watch?v=9A04iyHw5Ns&amp;feature=youtu.be\">em Live realizada nesta quinta-feira, 08\/10, que discutiu as demandas da cidade<\/a>, principalmente na \u00e1rea de habita\u00e7\u00e3o.<\/p>\n<p>\u201cTemos que contribuir para superar a invisibilidade do assunto, em todos os seus aspectos\u201d, aponta Cl\u00e1udia F\u00e1varo, arquiteta e urbanista, assessora t\u00e9cnica da Cuthab na C\u00e2mara Municipal e que acompanha movimentos sociais por moradia.<\/p>\n<p>\u201cVivo na zona norte e sei do problema da falta de saneamento e da falta de moradia. Acontece que na periferia tem muito pouca presen\u00e7a do Estado. A gest\u00e3o p\u00fablica, os profissionais, est\u00e3o acostumados a trabalhar em \u00e1reas regularizadas. Mas a cidade tem regi\u00f5es, como o bairro M\u00e1rio Quintana, que tem IDH compar\u00e1veis ao Iraque&#8221;.<\/p>\n<p>Segunde ela, a prefeitura, nos \u00faltimos anos, teve a\u00e7\u00f5es como fechar a Secretaria de Planejamento e, com isso; \u201cn\u00e3o se pensa no futuro, deixou-se de investir R$ 150 milh\u00f5es em drenagens por falta de projetos, haviam recursos, n\u00e3o foi apresentado um plano\u201d.<\/p>\n<p>A prefeitura, entre a gest\u00e3o Fortunati e Marchezan, tinha um fundo do programa DrenaPoa no valor de R$ 400 milh\u00f5es. Mas os projetos atrasaram e grande parte se perdeu. Para Cl\u00e1udia, \u00e9 preciso uma valoriza\u00e7\u00e3o dos servidores e t\u00e9cnicos. \u201cE ter uma rela\u00e7\u00e3o mais pr\u00f3xima aos movimentos sociais e universidades\u201d, diz. \u201c\u00c9 um problema de d\u00e9cadas, agravado na atual gest\u00e3o. Uma falta de integra\u00e7\u00e3o entre secretarias e com a comunidade\u201d.<\/p>\n<p>Estima-se que em torno de 20 por cento da popula\u00e7\u00e3o porto-alegrense vive em \u00e1reas irregulares, em condi\u00e7\u00f5es prec\u00e1rias, sem servi\u00e7os b\u00e1sicos. Mas nem a verdadeira dimens\u00e3o do desafio \u00e9 conhecida. As estat\u00edsticas do pr\u00f3prio Departamento Municipal s\u00e3o defasadas.<\/p>\n<p>O \u201cDiagn\u00f3stico do Setor Habitacional de Porto Alegre\u201d, que se pode acessar pelo site do Departamento de Habita\u00e7\u00e3o, \u00e9 de 2009. As estimativas da prefeitura apontam um deficit habitacional entre 40 e 50 mil moradias. Na regi\u00e3o metropolitana este montante passa de 150 mil.<\/p>\n<p>A falta de entendimento entre os mecanismos da prefeitura e estruturas t\u00e9cnicas tamb\u00e9m \u00e9 apontado com um problema por Nanci Walter, engenheira ambiental, presidente rec\u00e9m eleita pelo CREA-RS: \u201cTemos dificuldade de conversar com os colegas nas secretarias, os servidores, mesmo entre n\u00f3s engenheiros. Agora, neste per\u00edodo eleitoral, a OAB est\u00e1 realizando encontros com candidatos em todo o Estado. O CREA deveria fazer isso, e ainda manter depois uma interlocu\u00e7\u00e3o maior com comunidades, \u00f3rg\u00e3os da prefeitura e conselhos municipais&#8221;.<\/p>\n<p>J\u00e1 Paulo Franqueira, integrante do F\u00f3rum das Entidades Habitacionais e de cooperativas habitacionais sem fins lucrativos de Porto Alegre, lembra que o \u00faltimo grande programa nacional, o Minha Casa Minha Vida, conseguia atender a popula\u00e7\u00e3o de menor renda. Mas esse faixa ficou praticamente de fora do novo programa federal, Casa Verde Amarela. \u201cOs mais necessitados est\u00e3o alijados do programa. E h\u00e1 ainda um desmonte nos financiamentos da CEF. A popula\u00e7\u00e3o de baixa renda n\u00e3o tem acesso ao banco, e fica sem inclus\u00e3o\u201d.<\/p>\n<p>Segundo ele, os recursos at\u00e9 existem, mas h\u00e1 uma imensa briga pol\u00edtica. \u201cO governo federal separa o dinheiro, mas falta muito vezes que a prefeitura apresente projetos ou simplesmente dizer onde pode ser constru\u00eddo. O Governo Estadual entra com infraestrutura, com \u00e1gua e luz, etc. E, nisso tudo, se h\u00e1 uma diverg\u00eancia pol\u00edtica qualquer, perde-se o \u2018bonde\u2019, e as fam\u00edlias ficam desassistidas. E sem isso, as empreiteiras migram para faixas mais chamativas, esquecem \u00e0quelas habita\u00e7\u00f5es sociais, que n\u00e3o visam lucro. N\u00e3o d\u00e1 retorno&#8221;, fala Franqueira.<\/p>\n<p>Outro problema \u00e9 a demora nos licenciamentos, segundo Franqueira, \u201cs\u00f3 na Fepam s\u00e3o em m\u00e9dia dois anos para licenciar uma cooperativa para constru\u00e7\u00e3o sem fins lucrativos&#8221;.<\/p>\n<p>Para o jornalista e cooperativista um descaso claro \u00e9 a situa\u00e7\u00e3o do centro de Porto Alegre. \u201cSomente no centro h\u00e1 mais de 20 mil unidades em pr\u00e9dios p\u00fablicos e privados abandonadas. Dados de estudos de conselho municipal de dez anos atr\u00e1s. Sabemos que esses n\u00fameros continuam no mesmo patamar. Deveriam liberar esses im\u00f3veis, reformular esses pr\u00e9dios. Entregar, por exemplo, para as cooperativas habitacionais, todo mundo ganharia,\u201d, diz Franqueira.<\/p>\n<p>Cl\u00e1udia F\u00e1varo lembra ainda que n\u00e3o foi realizado o \u00faltimo censo. O que atrasa os dados. \u201cFicamos no escuro, de quantas pessoas realmente falamos. Sem dados n\u00e3o podemos ter pol\u00edticas s\u00f3lidas\u201d.<\/p>\n<p>Franqueira lembra que o F\u00f3rum de Entidades possui 21 empreendimentos sociais no Rio Grande do Sul, com mais de 20 mil unidades. \u201cTodos est\u00e3o em andamento. O que falta \u00e9 fluxo de recursos para alimentar as obras, n\u00e3o h\u00e1 dinheiro, principalmente na faixa mais baixa, de renda bruta de at\u00e9 R$ 1800. \u00c9 uma l\u00f3gica de mercado, quem tem mais achego aos governos, consegue mais r\u00e1pido&#8221;. Franqueira diz que as cooperativas s\u00e3o preparadas, \u201cquando liberado o dinheiro, entregamos todos os empreendimentos em dia, mas falta esse alinhamento federal, estadual e municipal\u201d.<\/p>\n<p>Nanci Wagner lembra que uma coordena\u00e7\u00e3o entre \u00f3rg\u00e3os definiria mais rapidamente mecanismos de licen\u00e7as. \u201cOs estudos t\u00e9cnicos precisam ser valorizados e melhor integrados. N\u00e3o \u00e9 porque um projeto \u00e9 para pessoas pobres que tem que morar em qualquer lugar. Falta estudo e planejamento t\u00e9cnico, n\u00e3o \u00e9 simplesmente colocar as pessoas em determinado lugar\u201d.<\/p>\n<p>Engenheira ambiental, da primeira turma formada no estado h\u00e1 20 anos, ela lembra que tem um lema &#8211; \u201cLicen\u00e7a ambiental \u00e9 uma permiss\u00e3o pra poluir at\u00e9 certos par\u00e2metros. E as pessoas precisam compreender isso, \u00e9 um estudo t\u00e9cnico, que n\u00e3o pode ser negligenciado e nem apressado&#8221;.<\/p>\n<p class=\"intertit\">Regulariza\u00e7\u00e3o fundi\u00e1ria, e \u201cn\u00e3o terra para vender\u201d<\/p>\n<p>Outra problema da cidade s\u00e3o as cerca de 500 ocupa\u00e7\u00f5es irregulares e a falta de regulariza\u00e7\u00e3o fundi\u00e1ria. Para Cl\u00e1udia F\u00e1varo, a cidade \u00e9 pensada de maneira equivocada: \u201cMuitas vezes s\u00e3o os grandes empreendedores, o Sindicato das Ind\u00fastrias da Constru\u00e7\u00e3o Civil (Sinduscon) que pensa a cidade, n\u00e3o quem precisa. Um morador de rua, uma pessoa na periferia, vai precisar de local pra morar. Essas pessoas n\u00e3o conseguem abrir uma conta, entrar num banco, como vai conseguir um financiamento? Elas precisam morar em algum lugar, e acabam acontecendo invas\u00f5es. N\u00e3o porque querem invadir, porque n\u00e3o se olha e planeja a cidade com elas\u201d.<\/p>\n<p>A urbanista \u00e9 a favor de ideias como o IPTU progressivo, para desestimular propriet\u00e1rios a manter seus im\u00f3veis fechados, ou subutilizados. Ela ainda lembra que Porto Alegre tem a Lei 13.465\/2013, regulamentada pelo Decreto 9.310\/2018, e que disp\u00f5e sobre a regulariza\u00e7\u00e3o fundi\u00e1ria.<\/p>\n<p>\u201cA lei passa a r\u00e9gua e iguala os procedimentos para a regulariza\u00e7\u00e3o, mas acaba beneficiando os grandes empreendimentos e os mais ricos. S\u00e3o aqueles com recursos para bancar os estudos t\u00e9cnicos e taxas para elabora\u00e7\u00f5es de escrituras. Muitas vezes acontece \u00e9 que nichos de terras valorizadas s\u00e3o regulamentadas apenas para colocar terra no mercado, sem pensar num bem social. Acontece que a prefeitura pode vender \u00e1reas verdes pra fam\u00edlias sem lei nenhuma, diretamente. E as estruturas de esgotos, luz? Acaba que logo ali adiante essa terra vai parar na m\u00e3o de construtoras&#8221;.<\/p>\n<p>J\u00e1 Franqueira lembra que o novo programa federal, Casa Verde Amarela, at\u00e9 contempla em seus objetivos a regulariza\u00e7\u00e3o fundi\u00e1ria, mas sem crit\u00e9rios claros. \u201cA regulariza\u00e7\u00e3o depende de investimentos da prefeitura, ser\u00e1 que v\u00e3o querer? N\u00e3o est\u00e1 claro\u201d.<\/p>\n<p>&#8220;\u00c9 preciso revisar os processos, acabamos com o Conselho estadual de habita\u00e7\u00e3o. O municipal tamb\u00e9m acabou, onde vamos discutir com a popula\u00e7\u00e3o e trabalhar um or\u00e7amento p\u00fablico, com percentual m\u00ednimo para habita\u00e7\u00e3o e saneamento\u201d, diz Franqueira.<\/p>\n<p>A engenheira Nanci, conselheira municipal em Esteio, onde mora, lembra que a mobiliza\u00e7\u00e3o do conselho e entidades locais revisou o plano diretor e mudou local de constru\u00e7\u00f5es para a preserva\u00e7\u00e3o de margens do Rio dos Sinos. \u201cFoi um exemplo de mobiliza\u00e7\u00e3o conjunta da comunidade e prefeitura, pensamos juntos pra resolver uma quest\u00e3o&#8221;.<\/p>\n<p>Cl\u00e1udia concorda e fala que uma pol\u00edtica eficiente tem que envolver a prefeitura e a comunidade. \u201cE temos que ter uma participa\u00e7\u00e3o qualificada da popula\u00e7\u00e3o, nas comunidades, nas unidades do OP, em conselhos, debater com jovens e crian\u00e7as nas escolas, ampliar o conhecimento para todos. Tamb\u00e9m n\u00e3o adianta ficarmos s\u00f3 cobrando de pol\u00edticos. Temos que mostrar o que queremos e como queremos. Eles \u00e9 que precisam nos ouvir\u201d. Completa.<\/p>","protected":false},"excerpt":{"rendered":"<p>TIAGO BALTZ Falta de di\u00e1logo. falta de projetos e, principalmente, falta de vontade pol\u00edtica. Estes s\u00e3o os fatores principais que explicam a inexist\u00eancia de uma programa adequado para moradia popular em Porto Alegre. Um exemplo do descaso s\u00e3o os pr\u00e9dios abandonados no centro da capital ( alguns h\u00e1 mais de 30 anos) que poderiam gerar [&hellip;]<\/p>\n","protected":false},"author":17,"featured_media":86054,"comment_status":"open","ping_status":"open","sticky":false,"template":"","format":"standard","meta":{"_jetpack_newsletter_access":"","_jetpack_dont_email_post_to_subs":false,"_jetpack_newsletter_tier_id":0,"_jetpack_memberships_contains_paywalled_content":false,"_jetpack_feature_clip_id":0,"_jetpack_memberships_contains_paid_content":false,"footnotes":"","jetpack_publicize_message":"","jetpack_publicize_feature_enabled":true,"jetpack_social_post_already_shared":true,"jetpack_social_options":{"image_generator_settings":{"template":"highway","default_image_id":0,"font":"","enabled":false},"version":2},"jetpack_post_was_ever_published":false},"categories":[2],"tags":[],"class_list":["post-86053","post","type-post","status-publish","format-standard","has-post-thumbnail","hentry","category-geral"],"aioseo_notices":[],"aioseo_head":"\n\t\t<!-- All in One SEO 5.0.1.1 - aioseo.com -->\n\t<meta name=\"description\" content=\"TIAGO BALTZ Falta de di\u00e1logo. falta de projetos e, principalmente, falta de vontade pol\u00edtica. Estes s\u00e3o os fatores principais que explicam a inexist\u00eancia de uma programa adequado para moradia popular em Porto Alegre. Um exemplo do descaso s\u00e3o os pr\u00e9dios abandonados no centro da capital ( alguns h\u00e1 mais de 30 anos) que poderiam gerar\" \/>\n\t<meta name=\"robots\" content=\"max-image-preview:large\" \/>\n\t<meta name=\"author\" content=\"Tiago Baltz\"\/>\n\t<link rel=\"canonical\" href=\"https:\/\/www.jornalja.com.br\/geral\/predios-abandonados-no-centro-de-porto-alegre-podem-gerar-20-mil-moradias\/\" \/>\n\t<meta name=\"generator\" content=\"All in One SEO (AIOSEO) 5.0.1.1\" \/>\n\t\t<meta property=\"og:locale\" content=\"pt_BR\" \/>\n\t\t<meta property=\"og:site_name\" content=\"Geral\" \/>\n\t\t<meta property=\"og:type\" content=\"article\" \/>\n\t\t<meta property=\"og:title\" content=\"Pr\u00e9dios abandonados no centro de Porto Alegre podem gerar 20 mil moradias | Geral\" \/>\n\t\t<meta property=\"og:description\" content=\"TIAGO BALTZ Falta de di\u00e1logo. falta de projetos e, principalmente, falta de vontade pol\u00edtica. Estes s\u00e3o os fatores principais que explicam a inexist\u00eancia de uma programa adequado para moradia popular em Porto Alegre. Um exemplo do descaso s\u00e3o os pr\u00e9dios abandonados no centro da capital ( alguns h\u00e1 mais de 30 anos) que poderiam gerar\" \/>\n\t\t<meta property=\"og:url\" content=\"https:\/\/www.jornalja.com.br\/geral\/predios-abandonados-no-centro-de-porto-alegre-podem-gerar-20-mil-moradias\/\" \/>\n\t\t<meta property=\"og:image\" content=\"https:\/\/www.jornalja.com.br\/economics\/wp-content\/uploads\/sites\/11\/2026\/08\/ja-folhaderosto-facebook.jpg\" \/>\n\t\t<meta property=\"og:image:secure_url\" content=\"https:\/\/www.jornalja.com.br\/economics\/wp-content\/uploads\/sites\/11\/2026\/08\/ja-folhaderosto-facebook.jpg\" \/>\n\t\t<meta property=\"article:published_time\" content=\"2020-10-09T16:38:25+00:00\" \/>\n\t\t<meta property=\"article:modified_time\" content=\"2026-08-05T19:08:38+00:00\" \/>\n\t\t<meta name=\"twitter:card\" content=\"summary\" \/>\n\t\t<meta name=\"twitter:title\" content=\"Pr\u00e9dios abandonados no centro de Porto Alegre podem gerar 20 mil moradias | Geral\" \/>\n\t\t<meta name=\"twitter:description\" content=\"TIAGO BALTZ Falta de di\u00e1logo. falta de projetos e, principalmente, falta de vontade pol\u00edtica. Estes s\u00e3o os fatores principais que explicam a inexist\u00eancia de uma programa adequado para moradia popular em Porto Alegre. Um exemplo do descaso s\u00e3o os pr\u00e9dios abandonados no centro da capital ( alguns h\u00e1 mais de 30 anos) que poderiam gerar\" \/>\n\t\t<meta name=\"twitter:image\" content=\"https:\/\/www.jornalja.com.br\/economics\/wp-content\/uploads\/sites\/11\/2026\/08\/ja-folhaderosto-facebook.jpg\" \/>\n\t\t<script type=\"application\/ld+json\" class=\"aioseo-schema\">\n\t\t\t{\"@context\":\"https:\\\/\\\/schema.org\",\"@graph\":[{\"@type\":\"Article\",\"@id\":\"https:\\\/\\\/www.jornalja.com.br\\\/geral\\\/predios-abandonados-no-centro-de-porto-alegre-podem-gerar-20-mil-moradias\\\/#article\",\"name\":\"Pr\\u00e9dios abandonados no centro de Porto Alegre podem gerar 20 mil moradias | Geral\",\"headline\":\"Pr\\u00e9dios abandonados no centro de Porto Alegre podem gerar 20 mil moradias\",\"author\":{\"@id\":\"https:\\\/\\\/www.jornalja.com.br\\\/geral\\\/author\\\/tbaltz\\\/#author\"},\"publisher\":{\"@id\":\"https:\\\/\\\/www.jornalja.com.br\\\/geral\\\/#organization\"},\"image\":{\"@type\":\"ImageObject\",\"url\":\"https:\\\/\\\/www.jornalja.com.br\\\/geral\\\/wp-content\\\/uploads\\\/sites\\\/4\\\/2020\\\/10\\\/live-ja-sanemaento-e-habitacao.jpg\",\"width\":1280,\"height\":720,\"caption\":\"Debate mostra poss\\u00edveis caminhos ao combate do deficit habitacional e falta de saneamento em Porto Alegre. Reprodu\\u00e7\\u00e3o\"},\"datePublished\":\"2020-10-09T13:38:25-03:00\",\"dateModified\":\"2026-08-05T16:08:38-03:00\",\"inLanguage\":\"pt-BR\",\"mainEntityOfPage\":{\"@id\":\"https:\\\/\\\/www.jornalja.com.br\\\/geral\\\/predios-abandonados-no-centro-de-porto-alegre-podem-gerar-20-mil-moradias\\\/#webpage\"},\"isPartOf\":{\"@id\":\"https:\\\/\\\/www.jornalja.com.br\\\/geral\\\/predios-abandonados-no-centro-de-porto-alegre-podem-gerar-20-mil-moradias\\\/#webpage\"},\"articleSection\":\"Geral-MAT\\u00c9RIA\"},{\"@type\":\"BreadcrumbList\",\"@id\":\"https:\\\/\\\/www.jornalja.com.br\\\/geral\\\/predios-abandonados-no-centro-de-porto-alegre-podem-gerar-20-mil-moradias\\\/#breadcrumblist\",\"itemListElement\":[{\"@type\":\"ListItem\",\"@id\":\"https:\\\/\\\/www.jornalja.com.br\\\/geral#listItem\",\"position\":1,\"name\":\"Home\",\"item\":\"https:\\\/\\\/www.jornalja.com.br\\\/geral\",\"nextItem\":{\"@type\":\"ListItem\",\"@id\":\"https:\\\/\\\/www.jornalja.com.br\\\/geral\\\/category\\\/geral\\\/#listItem\",\"name\":\"Geral-MAT\\u00c9RIA\"}},{\"@type\":\"ListItem\",\"@id\":\"https:\\\/\\\/www.jornalja.com.br\\\/geral\\\/category\\\/geral\\\/#listItem\",\"position\":2,\"name\":\"Geral-MAT\\u00c9RIA\",\"item\":\"https:\\\/\\\/www.jornalja.com.br\\\/geral\\\/category\\\/geral\\\/\",\"nextItem\":{\"@type\":\"ListItem\",\"@id\":\"https:\\\/\\\/www.jornalja.com.br\\\/geral\\\/predios-abandonados-no-centro-de-porto-alegre-podem-gerar-20-mil-moradias\\\/#listItem\",\"name\":\"Pr\\u00e9dios abandonados no centro de Porto Alegre podem gerar 20 mil moradias\"},\"previousItem\":{\"@type\":\"ListItem\",\"@id\":\"https:\\\/\\\/www.jornalja.com.br\\\/geral#listItem\",\"name\":\"Home\"}},{\"@type\":\"ListItem\",\"@id\":\"https:\\\/\\\/www.jornalja.com.br\\\/geral\\\/predios-abandonados-no-centro-de-porto-alegre-podem-gerar-20-mil-moradias\\\/#listItem\",\"position\":3,\"name\":\"Pr\\u00e9dios abandonados no centro de Porto Alegre podem gerar 20 mil moradias\",\"previousItem\":{\"@type\":\"ListItem\",\"@id\":\"https:\\\/\\\/www.jornalja.com.br\\\/geral\\\/category\\\/geral\\\/#listItem\",\"name\":\"Geral-MAT\\u00c9RIA\"}}]},{\"@type\":\"Organization\",\"@id\":\"https:\\\/\\\/www.jornalja.com.br\\\/geral\\\/#organization\",\"name\":\"Geral\",\"description\":\"Jornal J\\u00c1 | Porto Alegre\",\"url\":\"https:\\\/\\\/www.jornalja.com.br\\\/geral\\\/\",\"logo\":{\"@type\":\"ImageObject\",\"url\":\"https:\\\/\\\/www.jornalja.com.br\\\/wp-content\\\/uploads\\\/cards\\\/ja35.jpg\",\"@id\":\"https:\\\/\\\/www.jornalja.com.br\\\/geral\\\/predios-abandonados-no-centro-de-porto-alegre-podem-gerar-20-mil-moradias\\\/#organizationLogo\"},\"image\":{\"@id\":\"https:\\\/\\\/www.jornalja.com.br\\\/geral\\\/predios-abandonados-no-centro-de-porto-alegre-podem-gerar-20-mil-moradias\\\/#organizationLogo\"}},{\"@type\":\"Person\",\"@id\":\"https:\\\/\\\/www.jornalja.com.br\\\/geral\\\/author\\\/tbaltz\\\/#author\",\"url\":\"https:\\\/\\\/www.jornalja.com.br\\\/geral\\\/author\\\/tbaltz\\\/\",\"name\":\"Tiago Baltz\",\"image\":{\"@type\":\"ImageObject\",\"@id\":\"https:\\\/\\\/www.jornalja.com.br\\\/geral\\\/predios-abandonados-no-centro-de-porto-alegre-podem-gerar-20-mil-moradias\\\/#authorImage\",\"url\":\"https:\\\/\\\/secure.gravatar.com\\\/avatar\\\/d5aa6f024b9c3c87386c17ae0b5c44b2a38de03be0fbfec9da27d9631c9673a1?s=96&d=mm&r=g\",\"width\":96,\"height\":96,\"caption\":\"Tiago Baltz\"}},{\"@type\":\"WebPage\",\"@id\":\"https:\\\/\\\/www.jornalja.com.br\\\/geral\\\/predios-abandonados-no-centro-de-porto-alegre-podem-gerar-20-mil-moradias\\\/#webpage\",\"url\":\"https:\\\/\\\/www.jornalja.com.br\\\/geral\\\/predios-abandonados-no-centro-de-porto-alegre-podem-gerar-20-mil-moradias\\\/\",\"name\":\"Pr\\u00e9dios abandonados no centro de Porto Alegre podem gerar 20 mil moradias | Geral\",\"description\":\"TIAGO BALTZ Falta de di\\u00e1logo. falta de projetos e, principalmente, falta de vontade pol\\u00edtica. Estes s\\u00e3o os fatores principais que explicam a inexist\\u00eancia de uma programa adequado para moradia popular em Porto Alegre. Um exemplo do descaso s\\u00e3o os pr\\u00e9dios abandonados no centro da capital ( alguns h\\u00e1 mais de 30 anos) que poderiam gerar\",\"inLanguage\":\"pt-BR\",\"isPartOf\":{\"@id\":\"https:\\\/\\\/www.jornalja.com.br\\\/geral\\\/#website\"},\"breadcrumb\":{\"@id\":\"https:\\\/\\\/www.jornalja.com.br\\\/geral\\\/predios-abandonados-no-centro-de-porto-alegre-podem-gerar-20-mil-moradias\\\/#breadcrumblist\"},\"author\":{\"@id\":\"https:\\\/\\\/www.jornalja.com.br\\\/geral\\\/author\\\/tbaltz\\\/#author\"},\"creator\":{\"@id\":\"https:\\\/\\\/www.jornalja.com.br\\\/geral\\\/author\\\/tbaltz\\\/#author\"},\"image\":{\"@type\":\"ImageObject\",\"url\":\"https:\\\/\\\/www.jornalja.com.br\\\/geral\\\/wp-content\\\/uploads\\\/sites\\\/4\\\/2020\\\/10\\\/live-ja-sanemaento-e-habitacao.jpg\",\"@id\":\"https:\\\/\\\/www.jornalja.com.br\\\/geral\\\/predios-abandonados-no-centro-de-porto-alegre-podem-gerar-20-mil-moradias\\\/#mainImage\",\"width\":1280,\"height\":720,\"caption\":\"Debate mostra poss\\u00edveis caminhos ao combate do deficit habitacional e falta de saneamento em Porto Alegre. Reprodu\\u00e7\\u00e3o\"},\"primaryImageOfPage\":{\"@id\":\"https:\\\/\\\/www.jornalja.com.br\\\/geral\\\/predios-abandonados-no-centro-de-porto-alegre-podem-gerar-20-mil-moradias\\\/#mainImage\"},\"datePublished\":\"2020-10-09T13:38:25-03:00\",\"dateModified\":\"2026-08-05T16:08:38-03:00\"},{\"@type\":\"WebSite\",\"@id\":\"https:\\\/\\\/www.jornalja.com.br\\\/geral\\\/#website\",\"url\":\"https:\\\/\\\/www.jornalja.com.br\\\/geral\\\/\",\"name\":\"Geral\",\"description\":\"Jornal J\\u00c1 | Porto Alegre\",\"inLanguage\":\"pt-BR\",\"publisher\":{\"@id\":\"https:\\\/\\\/www.jornalja.com.br\\\/geral\\\/#organization\"}}]}\n\t\t<\/script>\n\t\t<!-- All in One SEO -->\n\n","aioseo_head_json":{"title":"Pr\u00e9dios abandonados no centro de Porto Alegre podem gerar 20 mil moradias | Geral","description":"TIAGO BALTZ Falta de di\u00e1logo. falta de projetos e, principalmente, falta de vontade pol\u00edtica. Estes s\u00e3o os fatores principais que explicam a inexist\u00eancia de uma programa adequado para moradia popular em Porto Alegre. Um exemplo do descaso s\u00e3o os pr\u00e9dios abandonados no centro da capital ( alguns h\u00e1 mais de 30 anos) que poderiam gerar","canonical_url":"https:\/\/www.jornalja.com.br\/geral\/predios-abandonados-no-centro-de-porto-alegre-podem-gerar-20-mil-moradias\/","robots":"max-image-preview:large","keywords":"","webmasterTools":{"miscellaneous":""},"schema":{"@context":"https:\/\/schema.org","@graph":[{"@type":"Article","@id":"https:\/\/www.jornalja.com.br\/geral\/predios-abandonados-no-centro-de-porto-alegre-podem-gerar-20-mil-moradias\/#article","name":"Pr\u00e9dios abandonados no centro de Porto Alegre podem gerar 20 mil moradias | Geral","headline":"Pr\u00e9dios abandonados no centro de Porto Alegre podem gerar 20 mil moradias","author":{"@id":"https:\/\/www.jornalja.com.br\/geral\/author\/tbaltz\/#author"},"publisher":{"@id":"https:\/\/www.jornalja.com.br\/geral\/#organization"},"image":{"@type":"ImageObject","url":"https:\/\/www.jornalja.com.br\/geral\/wp-content\/uploads\/sites\/4\/2020\/10\/live-ja-sanemaento-e-habitacao.jpg","width":1280,"height":720,"caption":"Debate mostra poss\u00edveis caminhos ao combate do deficit habitacional e falta de saneamento em Porto Alegre. Reprodu\u00e7\u00e3o"},"datePublished":"2020-10-09T13:38:25-03:00","dateModified":"2026-08-05T16:08:38-03:00","inLanguage":"pt-BR","mainEntityOfPage":{"@id":"https:\/\/www.jornalja.com.br\/geral\/predios-abandonados-no-centro-de-porto-alegre-podem-gerar-20-mil-moradias\/#webpage"},"isPartOf":{"@id":"https:\/\/www.jornalja.com.br\/geral\/predios-abandonados-no-centro-de-porto-alegre-podem-gerar-20-mil-moradias\/#webpage"},"articleSection":"Geral-MAT\u00c9RIA"},{"@type":"BreadcrumbList","@id":"https:\/\/www.jornalja.com.br\/geral\/predios-abandonados-no-centro-de-porto-alegre-podem-gerar-20-mil-moradias\/#breadcrumblist","itemListElement":[{"@type":"ListItem","@id":"https:\/\/www.jornalja.com.br\/geral#listItem","position":1,"name":"Home","item":"https:\/\/www.jornalja.com.br\/geral","nextItem":{"@type":"ListItem","@id":"https:\/\/www.jornalja.com.br\/geral\/category\/geral\/#listItem","name":"Geral-MAT\u00c9RIA"}},{"@type":"ListItem","@id":"https:\/\/www.jornalja.com.br\/geral\/category\/geral\/#listItem","position":2,"name":"Geral-MAT\u00c9RIA","item":"https:\/\/www.jornalja.com.br\/geral\/category\/geral\/","nextItem":{"@type":"ListItem","@id":"https:\/\/www.jornalja.com.br\/geral\/predios-abandonados-no-centro-de-porto-alegre-podem-gerar-20-mil-moradias\/#listItem","name":"Pr\u00e9dios abandonados no centro de Porto Alegre podem gerar 20 mil moradias"},"previousItem":{"@type":"ListItem","@id":"https:\/\/www.jornalja.com.br\/geral#listItem","name":"Home"}},{"@type":"ListItem","@id":"https:\/\/www.jornalja.com.br\/geral\/predios-abandonados-no-centro-de-porto-alegre-podem-gerar-20-mil-moradias\/#listItem","position":3,"name":"Pr\u00e9dios abandonados no centro de Porto Alegre podem gerar 20 mil moradias","previousItem":{"@type":"ListItem","@id":"https:\/\/www.jornalja.com.br\/geral\/category\/geral\/#listItem","name":"Geral-MAT\u00c9RIA"}}]},{"@type":"Organization","@id":"https:\/\/www.jornalja.com.br\/geral\/#organization","name":"Geral","description":"Jornal J\u00c1 | Porto Alegre","url":"https:\/\/www.jornalja.com.br\/geral\/","logo":{"@type":"ImageObject","url":"https:\/\/www.jornalja.com.br\/wp-content\/uploads\/cards\/ja35.jpg","@id":"https:\/\/www.jornalja.com.br\/geral\/predios-abandonados-no-centro-de-porto-alegre-podem-gerar-20-mil-moradias\/#organizationLogo"},"image":{"@id":"https:\/\/www.jornalja.com.br\/geral\/predios-abandonados-no-centro-de-porto-alegre-podem-gerar-20-mil-moradias\/#organizationLogo"}},{"@type":"Person","@id":"https:\/\/www.jornalja.com.br\/geral\/author\/tbaltz\/#author","url":"https:\/\/www.jornalja.com.br\/geral\/author\/tbaltz\/","name":"Tiago Baltz","image":{"@type":"ImageObject","@id":"https:\/\/www.jornalja.com.br\/geral\/predios-abandonados-no-centro-de-porto-alegre-podem-gerar-20-mil-moradias\/#authorImage","url":"https:\/\/secure.gravatar.com\/avatar\/d5aa6f024b9c3c87386c17ae0b5c44b2a38de03be0fbfec9da27d9631c9673a1?s=96&d=mm&r=g","width":96,"height":96,"caption":"Tiago Baltz"}},{"@type":"WebPage","@id":"https:\/\/www.jornalja.com.br\/geral\/predios-abandonados-no-centro-de-porto-alegre-podem-gerar-20-mil-moradias\/#webpage","url":"https:\/\/www.jornalja.com.br\/geral\/predios-abandonados-no-centro-de-porto-alegre-podem-gerar-20-mil-moradias\/","name":"Pr\u00e9dios abandonados no centro de Porto Alegre podem gerar 20 mil moradias | Geral","description":"TIAGO BALTZ Falta de di\u00e1logo. falta de projetos e, principalmente, falta de vontade pol\u00edtica. Estes s\u00e3o os fatores principais que explicam a inexist\u00eancia de uma programa adequado para moradia popular em Porto Alegre. Um exemplo do descaso s\u00e3o os pr\u00e9dios abandonados no centro da capital ( alguns h\u00e1 mais de 30 anos) que poderiam gerar","inLanguage":"pt-BR","isPartOf":{"@id":"https:\/\/www.jornalja.com.br\/geral\/#website"},"breadcrumb":{"@id":"https:\/\/www.jornalja.com.br\/geral\/predios-abandonados-no-centro-de-porto-alegre-podem-gerar-20-mil-moradias\/#breadcrumblist"},"author":{"@id":"https:\/\/www.jornalja.com.br\/geral\/author\/tbaltz\/#author"},"creator":{"@id":"https:\/\/www.jornalja.com.br\/geral\/author\/tbaltz\/#author"},"image":{"@type":"ImageObject","url":"https:\/\/www.jornalja.com.br\/geral\/wp-content\/uploads\/sites\/4\/2020\/10\/live-ja-sanemaento-e-habitacao.jpg","@id":"https:\/\/www.jornalja.com.br\/geral\/predios-abandonados-no-centro-de-porto-alegre-podem-gerar-20-mil-moradias\/#mainImage","width":1280,"height":720,"caption":"Debate mostra poss\u00edveis caminhos ao combate do deficit habitacional e falta de saneamento em Porto Alegre. Reprodu\u00e7\u00e3o"},"primaryImageOfPage":{"@id":"https:\/\/www.jornalja.com.br\/geral\/predios-abandonados-no-centro-de-porto-alegre-podem-gerar-20-mil-moradias\/#mainImage"},"datePublished":"2020-10-09T13:38:25-03:00","dateModified":"2026-08-05T16:08:38-03:00"},{"@type":"WebSite","@id":"https:\/\/www.jornalja.com.br\/geral\/#website","url":"https:\/\/www.jornalja.com.br\/geral\/","name":"Geral","description":"Jornal J\u00c1 | Porto Alegre","inLanguage":"pt-BR","publisher":{"@id":"https:\/\/www.jornalja.com.br\/geral\/#organization"}}]},"og:locale":"pt_BR","og:site_name":"Geral","og:type":"article","og:title":"Pr\u00e9dios abandonados no centro de Porto Alegre podem gerar 20 mil moradias | Geral","og:description":"TIAGO BALTZ Falta de di\u00e1logo. falta de projetos e, principalmente, falta de vontade pol\u00edtica. Estes s\u00e3o os fatores principais que explicam a inexist\u00eancia de uma programa adequado para moradia popular em Porto Alegre. Um exemplo do descaso s\u00e3o os pr\u00e9dios abandonados no centro da capital ( alguns h\u00e1 mais de 30 anos) que poderiam gerar","og:url":"https:\/\/www.jornalja.com.br\/geral\/predios-abandonados-no-centro-de-porto-alegre-podem-gerar-20-mil-moradias\/","og:image":"https:\/\/www.jornalja.com.br\/economics\/wp-content\/uploads\/sites\/11\/2026\/08\/ja-folhaderosto-facebook.jpg","og:image:secure_url":"https:\/\/www.jornalja.com.br\/economics\/wp-content\/uploads\/sites\/11\/2026\/08\/ja-folhaderosto-facebook.jpg","article:published_time":"2020-10-09T16:38:25+00:00","article:modified_time":"2026-08-05T19:08:38+00:00","twitter:card":"summary","twitter:title":"Pr\u00e9dios abandonados no centro de Porto Alegre podem gerar 20 mil moradias | Geral","twitter:description":"TIAGO BALTZ Falta de di\u00e1logo. falta de projetos e, principalmente, falta de vontade pol\u00edtica. Estes s\u00e3o os fatores principais que explicam a inexist\u00eancia de uma programa adequado para moradia popular em Porto Alegre. Um exemplo do descaso s\u00e3o os pr\u00e9dios abandonados no centro da capital ( alguns h\u00e1 mais de 30 anos) que poderiam gerar","twitter:image":"https:\/\/www.jornalja.com.br\/economics\/wp-content\/uploads\/sites\/11\/2026\/08\/ja-folhaderosto-facebook.jpg"},"aioseo_meta_data":{"post_id":"86053","title":null,"description":null,"keywords":null,"keyphrases":{"focus":{"keyphrase":"","score":0,"analysis":{"keyphraseInTitle":{"score":0,"maxScore":9,"error":1}}},"additional":[]},"primary_term":null,"canonical_url":null,"og_title":null,"og_description":null,"og_object_type":"article","og_image_type":"default","og_image_url":null,"og_image_width":null,"og_image_height":null,"og_image_custom_url":null,"og_image_custom_fields":null,"og_video":"","og_custom_url":null,"og_article_section":null,"og_article_tags":null,"twitter_use_og":false,"twitter_card":"summary","twitter_image_type":"default","twitter_image_url":null,"twitter_image_custom_url":null,"twitter_image_custom_fields":null,"twitter_title":null,"twitter_description":null,"schema":{"blockGraphs":[],"customGraphs":[],"default":{"data":{"Article":[],"Course":[],"Dataset":[],"FAQPage":[],"Movie":[],"Person":[],"Product":[],"ProductReview":[],"Car":[],"Recipe":[],"Service":[],"SoftwareApplication":[],"WebPage":[]},"graphName":"Article","isEnabled":true},"graphs":[]},"schema_type":"default","schema_type_options":"{\"article\":{\"articleType\":\"BlogPosting\"},\"course\":{\"name\":\"\",\"description\":\"\",\"provider\":\"\"},\"faq\":{\"pages\":[]},\"product\":{\"reviews\":[]},\"recipe\":{\"ingredients\":[],\"instructions\":[],\"keywords\":[]},\"software\":{\"reviews\":[],\"operatingSystems\":[]},\"webPage\":{\"webPageType\":\"WebPage\"}}","pillar_content":false,"robots_default":true,"robots_noindex":false,"robots_noarchive":false,"robots_nosnippet":false,"robots_nofollow":false,"robots_noimageindex":false,"robots_noodp":false,"robots_notranslate":false,"robots_max_snippet":"-1","robots_max_videopreview":"-1","robots_max_imagepreview":"large","priority":null,"frequency":"default","location":null,"local_seo":{"businessInfo":{"name":"","urls":{"website":"","aboutPage":"","contactPage":""},"address":{"line1":"","line2":"","zip":"","city":"","state":"","country":""},"contact":{"email":"","phone":"","fax":""},"ids":{"vatID":"","taxID":"","chamberID":""},"payment":{"priceIndication":"","currenciesAccepted":"","methodsAccepted":""},"areaServed":""},"openingHours":{"show":false,"closedLabel":"","open24h":false,"open24hLabel":"","open247":false,"use24hFormat":false,"twoSets":false,"timezone":"","hours":[]}},"breadcrumb_settings":null,"limit_modified_date":false,"ai":{"faqs":[],"keyPoints":[],"schemas":[],"titles":[],"descriptions":[],"socialPosts":{"email":{"subject":"","preview":"","content":""},"linkedin":[],"twitter":[],"facebook":[],"instagram":[]}},"created":"2020-12-20 20:05:24","updated":"2026-08-05 19:08:38","seo_analyzer_scan_date":null,"focus_keyword":null,"additional_keywords":null,"truseo_locale":null},"aioseo_breadcrumb":"<div class=\"aioseo-breadcrumbs\"><span class=\"aioseo-breadcrumb\">\n\t\t\t<a href=\"https:\/\/www.jornalja.com.br\/geral\" title=\"Home\">Home<\/a>\n\t\t<\/span><span class=\"aioseo-breadcrumb-separator\">&raquo;<\/span><span class=\"aioseo-breadcrumb\">\n\t\t\t<a href=\"https:\/\/www.jornalja.com.br\/geral\/category\/geral\/\" title=\"Geral-MAT\u00c9RIA\">Geral-MAT\u00c9RIA<\/a>\n\t\t<\/span><span class=\"aioseo-breadcrumb-separator\">&raquo;<\/span><span class=\"aioseo-breadcrumb\">\n\t\t\tPr\u00e9dios abandonados no centro de Porto Alegre podem gerar 20 mil moradias\n\t\t<\/span><\/div>","aioseo_breadcrumb_json":[{"label":"Home","link":"https:\/\/www.jornalja.com.br\/geral"},{"label":"Geral-MAT\u00c9RIA","link":"https:\/\/www.jornalja.com.br\/geral\/category\/geral\/"},{"label":"Pr\u00e9dios abandonados no centro de Porto Alegre podem gerar 20 mil moradias","link":"https:\/\/www.jornalja.com.br\/geral\/predios-abandonados-no-centro-de-porto-alegre-podem-gerar-20-mil-moradias\/"}],"jetpack_publicize_connections":[],"jetpack_shortlink":"https:\/\/wp.me\/pbKhrD-mnX","jetpack-related-posts":[{"id":101611,"url":"https:\/\/www.jornalja.com.br\/geral\/prefeitura-cria-cadastro-para-identificar-imoveis-abandonados-em-porto-alegre-estudos-estimam-mais-de-100-mil\/","url_meta":{"origin":86053,"position":0},"title":"Prefeitura cria cadastro para identificar im\u00f3veis abandonados em Porto Alegre: estudos estimam mais de 100 mil","author":"da Reda\u00e7\u00e3o","date":"10 de julho de 2026","format":false,"excerpt":"Um decreto publicado no Di\u00e1rio Oficial nesta quinta-feira, 9\/7 regulamentou a Lei n\u00ba 14.515\/2026, que institui o Cadastro Municipal de Im\u00f3veis Abandonados em Porto Alegre. O decreto, assinado pelo prefeito Sebasti\u00e3o Melo, estabelece os procedimentos para identifica\u00e7\u00e3o, fiscaliza\u00e7\u00e3o e interven\u00e7\u00e3o em im\u00f3veis com ind\u00edcios de abandono e descumprimento da fun\u00e7\u00e3o\u2026","rel":"","context":"Em &quot;Geral-MAT\u00c9RIA&quot;","block_context":{"text":"Geral-MAT\u00c9RIA","link":"https:\/\/www.jornalja.com.br\/geral\/category\/geral\/"},"img":{"alt_text":"","src":"https:\/\/i0.wp.com\/www.jornalja.com.br\/geral\/wp-content\/uploads\/sites\/4\/2023\/09\/20230908-0018-imoveis-tombados-rua-da-igreja-poa-ramiro-sanchez-mg-0198.jpg?resize=350%2C200&ssl=1","width":350,"height":200,"srcset":"https:\/\/i0.wp.com\/www.jornalja.com.br\/geral\/wp-content\/uploads\/sites\/4\/2023\/09\/20230908-0018-imoveis-tombados-rua-da-igreja-poa-ramiro-sanchez-mg-0198.jpg?resize=350%2C200&ssl=1 1x, https:\/\/i0.wp.com\/www.jornalja.com.br\/geral\/wp-content\/uploads\/sites\/4\/2023\/09\/20230908-0018-imoveis-tombados-rua-da-igreja-poa-ramiro-sanchez-mg-0198.jpg?resize=525%2C300&ssl=1 1.5x, https:\/\/i0.wp.com\/www.jornalja.com.br\/geral\/wp-content\/uploads\/sites\/4\/2023\/09\/20230908-0018-imoveis-tombados-rua-da-igreja-poa-ramiro-sanchez-mg-0198.jpg?resize=700%2C400&ssl=1 2x, https:\/\/i0.wp.com\/www.jornalja.com.br\/geral\/wp-content\/uploads\/sites\/4\/2023\/09\/20230908-0018-imoveis-tombados-rua-da-igreja-poa-ramiro-sanchez-mg-0198.jpg?resize=1050%2C600&ssl=1 3x, https:\/\/i0.wp.com\/www.jornalja.com.br\/geral\/wp-content\/uploads\/sites\/4\/2023\/09\/20230908-0018-imoveis-tombados-rua-da-igreja-poa-ramiro-sanchez-mg-0198.jpg?resize=1400%2C800&ssl=1 4x"},"classes":[]},{"id":101624,"url":"https:\/\/www.jornalja.com.br\/geral\/melo-sanciona-plano-diretor-que-permite-predios-mais-altos-e-menos-espaco-entre-eles\/","url_meta":{"origin":86053,"position":1},"title":"Pr\u00e9dios mais altos, menos espa\u00e7os e recuos: essa \u00e9 a l\u00f3gica do Plano Diretor sancionado por Sebasti\u00e3o Melo","author":"da Reda\u00e7\u00e3o","date":"14 de julho de 2026","format":false,"excerpt":"O prefeito Sebasti\u00e3o Melo (MDB) sancionou, nesta ter\u00e7a-feira (14), as leis que instituem o novo Plano Diretor e a Lei de Uso e Ocupa\u00e7\u00e3o do Solo de Porto Alegre, concluindo o pol\u00eamico processo de revis\u00e3o do marco urban\u00edstico da Capital. Os textos foram publicados no Di\u00e1rio Oficial de Porto Alegre\u2026","rel":"","context":"Em &quot;Geral-MAT\u00c9RIA&quot;","block_context":{"text":"Geral-MAT\u00c9RIA","link":"https:\/\/www.jornalja.com.br\/geral\/category\/geral\/"},"img":{"alt_text":"","src":"https:\/\/i0.wp.com\/www.jornalja.com.br\/geral\/wp-content\/uploads\/sites\/4\/2026\/07\/plano-diretor-melo-sanciona.jpeg?resize=350%2C200&ssl=1","width":350,"height":200,"srcset":"https:\/\/i0.wp.com\/www.jornalja.com.br\/geral\/wp-content\/uploads\/sites\/4\/2026\/07\/plano-diretor-melo-sanciona.jpeg?resize=350%2C200&ssl=1 1x, https:\/\/i0.wp.com\/www.jornalja.com.br\/geral\/wp-content\/uploads\/sites\/4\/2026\/07\/plano-diretor-melo-sanciona.jpeg?resize=525%2C300&ssl=1 1.5x, https:\/\/i0.wp.com\/www.jornalja.com.br\/geral\/wp-content\/uploads\/sites\/4\/2026\/07\/plano-diretor-melo-sanciona.jpeg?resize=700%2C400&ssl=1 2x"},"classes":[]},{"id":101090,"url":"https:\/\/www.jornalja.com.br\/geral\/camara-de-porto-alegre-anuncia-votacao-de-plano-diretor-para-o-dia-23-de-abril\/","url_meta":{"origin":86053,"position":2},"title":"C\u00e2mara de Porto Alegre anuncia vota\u00e7\u00e3o de Plano Diretor para o dia 23 de abril","author":"da Reda\u00e7\u00e3o","date":"16 de abril de 2026","format":false,"excerpt":"A C\u00e2mara Municipal de Porto Alegre definiu que a vota\u00e7\u00e3o final do Plano Diretor Urbano Sustent\u00e1vel (PDUS) ocorrer\u00e1 no pr\u00f3ximo dia 23 de abril. O encerramento da an\u00e1lise das emendas est\u00e1 previsto para a sess\u00e3o do dia 22, conforme acordo firmado entre l\u00edderes da base governista e da oposi\u00e7\u00e3o, antecipando\u2026","rel":"","context":"Em &quot;Geral-MAT\u00c9RIA&quot;","block_context":{"text":"Geral-MAT\u00c9RIA","link":"https:\/\/www.jornalja.com.br\/geral\/category\/geral\/"},"img":{"alt_text":"","src":"https:\/\/i0.wp.com\/www.jornalja.com.br\/geral\/wp-content\/uploads\/sites\/4\/2026\/04\/ede-5907-foto-ederson-nunescmpa.jpg?resize=350%2C200&ssl=1","width":350,"height":200,"srcset":"https:\/\/i0.wp.com\/www.jornalja.com.br\/geral\/wp-content\/uploads\/sites\/4\/2026\/04\/ede-5907-foto-ederson-nunescmpa.jpg?resize=350%2C200&ssl=1 1x, https:\/\/i0.wp.com\/www.jornalja.com.br\/geral\/wp-content\/uploads\/sites\/4\/2026\/04\/ede-5907-foto-ederson-nunescmpa.jpg?resize=525%2C300&ssl=1 1.5x, https:\/\/i0.wp.com\/www.jornalja.com.br\/geral\/wp-content\/uploads\/sites\/4\/2026\/04\/ede-5907-foto-ederson-nunescmpa.jpg?resize=700%2C400&ssl=1 2x, https:\/\/i0.wp.com\/www.jornalja.com.br\/geral\/wp-content\/uploads\/sites\/4\/2026\/04\/ede-5907-foto-ederson-nunescmpa.jpg?resize=1050%2C600&ssl=1 3x, https:\/\/i0.wp.com\/www.jornalja.com.br\/geral\/wp-content\/uploads\/sites\/4\/2026\/04\/ede-5907-foto-ederson-nunescmpa.jpg?resize=1400%2C800&ssl=1 4x"},"classes":[]},{"id":86035,"url":"https:\/\/www.jornalja.com.br\/geral\/eleicoes-2020-habitacao-popular-tem-pouco-espaco-no-programa-dos-candidatos\/","url_meta":{"origin":86053,"position":3},"title":"ELEI\u00c7\u00d5ES 2020: Habita\u00e7\u00e3o popular tem pouco espa\u00e7o no programa dos candidatos","author":"Tiago Baltz","date":"8 de outubro de 2020","format":false,"excerpt":"Tiago Baltz Um dos problemas mais vis\u00edveis de Porto Alegre, as moradias irregulares na periferia da cidade, pouco aparece nos programas dos candidatos que disputam a prefeitura municipal nesta elei\u00e7\u00e3o. Desde 1940, o munic\u00edpio tem \u00f3rg\u00e3o espec\u00edfico para tratar da habita\u00e7\u00e3o popular. Mas, como de todas as grandes cidades brasileiras,\u2026","rel":"","context":"Em &quot;Geral-ELEI\u00c7\u00d5ES2020&quot;","block_context":{"text":"Geral-ELEI\u00c7\u00d5ES2020","link":"https:\/\/www.jornalja.com.br\/geral\/category\/eleicoes2020\/"},"img":{"alt_text":"","src":"https:\/\/i0.wp.com\/www.jornalja.com.br\/geral\/wp-content\/uploads\/sites\/4\/2020\/10\/imagem197729.jpg?resize=350%2C200&ssl=1","width":350,"height":200,"srcset":"https:\/\/i0.wp.com\/www.jornalja.com.br\/geral\/wp-content\/uploads\/sites\/4\/2020\/10\/imagem197729.jpg?resize=350%2C200&ssl=1 1x, https:\/\/i0.wp.com\/www.jornalja.com.br\/geral\/wp-content\/uploads\/sites\/4\/2020\/10\/imagem197729.jpg?resize=525%2C300&ssl=1 1.5x, https:\/\/i0.wp.com\/www.jornalja.com.br\/geral\/wp-content\/uploads\/sites\/4\/2020\/10\/imagem197729.jpg?resize=700%2C400&ssl=1 2x, https:\/\/i0.wp.com\/www.jornalja.com.br\/geral\/wp-content\/uploads\/sites\/4\/2020\/10\/imagem197729.jpg?resize=1050%2C600&ssl=1 3x, https:\/\/i0.wp.com\/www.jornalja.com.br\/geral\/wp-content\/uploads\/sites\/4\/2020\/10\/imagem197729.jpg?resize=1400%2C800&ssl=1 4x"},"classes":[]},{"id":101083,"url":"https:\/\/www.jornalja.com.br\/geral\/porto-alegre-tem-85-mil-pessoas-em-204-areas-de-risco-aponta-levantamento\/","url_meta":{"origin":86053,"position":4},"title":"Porto Alegre tem 8,5 mil pessoas em 204 \u00e1reas de risco, aponta levantamento","author":"da Reda\u00e7\u00e3o","date":"10 de abril de 2026","format":false,"excerpt":"Cerca de 8,5 mil pessoas vivem em \u00e1reas de risco em Porto Alegre, distribu\u00eddas em 204 setores considerados priorit\u00e1rios, segundo dados do Plano Municipal de Redu\u00e7\u00e3o de Riscos (PMRR), apresentado nesta sexta-feira (10), em audi\u00eancia p\u00fablica na Cinemateca Capit\u00f3lio, no Centro Hist\u00f3rico da capital ga\u00facha. O estudo identifica 8.591 moradores\u2026","rel":"","context":"Em &quot;Geral-MAT\u00c9RIA&quot;","block_context":{"text":"Geral-MAT\u00c9RIA","link":"https:\/\/www.jornalja.com.br\/geral\/category\/geral\/"},"img":{"alt_text":"","src":"https:\/\/i0.wp.com\/www.jornalja.com.br\/geral\/wp-content\/uploads\/sites\/4\/2026\/04\/270223-vinny-vanoni-003-1.jpg?resize=350%2C200&ssl=1","width":350,"height":200,"srcset":"https:\/\/i0.wp.com\/www.jornalja.com.br\/geral\/wp-content\/uploads\/sites\/4\/2026\/04\/270223-vinny-vanoni-003-1.jpg?resize=350%2C200&ssl=1 1x, https:\/\/i0.wp.com\/www.jornalja.com.br\/geral\/wp-content\/uploads\/sites\/4\/2026\/04\/270223-vinny-vanoni-003-1.jpg?resize=525%2C300&ssl=1 1.5x, https:\/\/i0.wp.com\/www.jornalja.com.br\/geral\/wp-content\/uploads\/sites\/4\/2026\/04\/270223-vinny-vanoni-003-1.jpg?resize=700%2C400&ssl=1 2x"},"classes":[]},{"id":101438,"url":"https:\/\/www.jornalja.com.br\/geral\/voltada-para-a-fabrica-de-25-bilhoes-barra-do-ribeiro-vive-dias-de-incerteza\/","url_meta":{"origin":86053,"position":5},"title":"Voltada para a f\u00e1brica de 25 bilh\u00f5es, Barra do Ribeiro vive dias de incerteza","author":"Tiago Baltz","date":"1 de junho de 2026","format":false,"excerpt":"Numa caminhada pelo centro de Barra do Ribeiro \u00e9 poss\u00edvel andar dois quarteir\u00f5es, quinta-feira \u00e0s duas da tarde, sem encontrar uma s\u00f3 pessoa. Mas as apar\u00eancias enganam na pacata cidade de 12 mil habitantes, de casas baixas e ruas silenciosas, defronte a Porto Alegre, na outra margem do Gua\u00edba. Basta\u2026","rel":"","context":"Em &quot;Geral-MAT\u00c9RIA&quot;","block_context":{"text":"Geral-MAT\u00c9RIA","link":"https:\/\/www.jornalja.com.br\/geral\/category\/geral\/"},"img":{"alt_text":"Por Ramiro Sanchez\/@outroangulofoto","src":"https:\/\/i0.wp.com\/www.jornalja.com.br\/geral\/wp-content\/uploads\/sites\/4\/2026\/05\/img-7472.jpeg?resize=350%2C200&ssl=1","width":350,"height":200,"srcset":"https:\/\/i0.wp.com\/www.jornalja.com.br\/geral\/wp-content\/uploads\/sites\/4\/2026\/05\/img-7472.jpeg?resize=350%2C200&ssl=1 1x, https:\/\/i0.wp.com\/www.jornalja.com.br\/geral\/wp-content\/uploads\/sites\/4\/2026\/05\/img-7472.jpeg?resize=525%2C300&ssl=1 1.5x, https:\/\/i0.wp.com\/www.jornalja.com.br\/geral\/wp-content\/uploads\/sites\/4\/2026\/05\/img-7472.jpeg?resize=700%2C400&ssl=1 2x, https:\/\/i0.wp.com\/www.jornalja.com.br\/geral\/wp-content\/uploads\/sites\/4\/2026\/05\/img-7472.jpeg?resize=1050%2C600&ssl=1 3x"},"classes":[]}],"jetpack_sharing_enabled":true,"jetpack_featured_media_url":"https:\/\/www.jornalja.com.br\/geral\/wp-content\/uploads\/sites\/4\/2020\/10\/live-ja-sanemaento-e-habitacao.jpg","_links":{"self":[{"href":"https:\/\/www.jornalja.com.br\/geral\/wp-json\/wp\/v2\/posts\/86053","targetHints":{"allow":["GET"]}}],"collection":[{"href":"https:\/\/www.jornalja.com.br\/geral\/wp-json\/wp\/v2\/posts"}],"about":[{"href":"https:\/\/www.jornalja.com.br\/geral\/wp-json\/wp\/v2\/types\/post"}],"author":[{"embeddable":true,"href":"https:\/\/www.jornalja.com.br\/geral\/wp-json\/wp\/v2\/users\/17"}],"replies":[{"embeddable":true,"href":"https:\/\/www.jornalja.com.br\/geral\/wp-json\/wp\/v2\/comments?post=86053"}],"version-history":[{"count":5,"href":"https:\/\/www.jornalja.com.br\/geral\/wp-json\/wp\/v2\/posts\/86053\/revisions"}],"predecessor-version":[{"id":101733,"href":"https:\/\/www.jornalja.com.br\/geral\/wp-json\/wp\/v2\/posts\/86053\/revisions\/101733"}],"wp:featuredmedia":[{"embeddable":true,"href":"https:\/\/www.jornalja.com.br\/geral\/wp-json\/wp\/v2\/media\/86054"}],"wp:attachment":[{"href":"https:\/\/www.jornalja.com.br\/geral\/wp-json\/wp\/v2\/media?parent=86053"}],"wp:term":[{"taxonomy":"category","embeddable":true,"href":"https:\/\/www.jornalja.com.br\/geral\/wp-json\/wp\/v2\/categories?post=86053"},{"taxonomy":"post_tag","embeddable":true,"href":"https:\/\/www.jornalja.com.br\/geral\/wp-json\/wp\/v2\/tags?post=86053"}],"curies":[{"name":"wp","href":"https:\/\/api.w.org\/{rel}","templated":true}]}}